{"id":100764,"date":"2017-12-18T15:19:38","date_gmt":"2017-12-18T13:19:38","guid":{"rendered":"http:\/\/www.anteprima24.it\/?p=100764"},"modified":"2017-12-18T15:19:38","modified_gmt":"2017-12-18T13:19:38","slug":"avellino-novellino-7","status":"publish","type":"post","link":"https:\/\/www.anteprima24.it\/archivio\/avellino\/avellino-novellino-7\/","title":{"rendered":"Avellino, alla ripresa Novellino fa la conta degli assenti: nel mirino c&#8217;\u00e8 lo Spezia"},"content":{"rendered":"<span class=\"span-reading-time rt-reading-time\" style=\"display: block;\"><span class=\"rt-label rt-prefix\">Tempo di lettura: <\/span> <span class=\"rt-time\"> 2<\/span> <span class=\"rt-label rt-postfix\">minuti<\/span><\/span><p style=\"text-align: justify\">Avellino &#8211; E&#8217; iniziata una settimana davvero delicata per l&#8217;<strong>Avellino<\/strong>. Gli uomini di <strong>Walter Novellino<\/strong>, dopo le 24 ore di riposo post <strong>Ascoli<\/strong>, si sono messi in marcia verso la prossima sfida. All&#8217;orizzonte c&#8217;\u00e8 il contro in trasferta cono lo <strong>Spezia<\/strong>. Il tecnico di Montemarano dovr\u00e0 essere bravo a tenere alta la concentrazione dei suoi anche in virt\u00f9 della sentenza inerente all&#8217;inchiesta <strong>Money Gate<\/strong> che dovrebbe arrivare in settimana.<\/p>\n<p style=\"text-align: justify\">Il trainer irpino dovr\u00e0 fare di necessit\u00e0 virt\u00f9 anche al &#8220;Picco&#8221;. In difesa difficilmente rientreranno in gruppo <strong>Pierre Ngawa<\/strong> e <strong>Marco Migliorini<\/strong>, che oggi hanno svolto seduta differenziata. In pi\u00f9 bisogna considerare la squalifica di <strong>Emanuele Suagher<\/strong>, che ne avr\u00e0 ancora per altri due turni salvo accoglimento del ricorso presentato dal club irpino. In Liguria non ci sar\u00e0 nemmeno <strong>Lorenzo Laverone<\/strong> dopo l&#8217;incidente nel finale di gara di sabato pomeriggio.<\/p>\n<p style=\"text-align: justify\">Novellino potrebbe proporre contro lo Spezia c&#8217;\u00e8 sicuramente <strong>Simone Pecorini<\/strong>, che pu\u00f2 essere schierato da terzino ma anche nel ruolo di terzo di difesa nel probabile ritorno al 3-5-2. In avanti, il trainer di Montemarano, potrebbe confermare <strong>Luigi Castaldo<\/strong> al fianco di <strong>Matteo Ardemagni<\/strong> (ex di turno, <em>ndr<\/em>). Ha svolto lavoro ridotto<strong> Raul Asencio<\/strong> per via di un leggero risentimento flessore coscia sinistra. La preparazione continuer\u00e0 domani pomeriggio, rigorosamente a porte chiuse.<\/p>\n","protected":false},"excerpt":{"rendered":"<p>Avellino &#8211; E&#8217; iniziata una settimana davvero delicata per l&#8217;Avellino. Gli uomini di Walter Novellino, dopo le 24 ore di riposo post Ascoli, si sono messi in marcia verso la prossima sfida. All&#8217;orizzonte c&#8217;\u00e8 il contro in trasferta cono lo Spezia. Il tecnico di Montemarano dovr\u00e0 essere bravo a tenere alta la concentrazione dei suoi [&hellip;]<\/p>\n","protected":false},"author":24,"featured_media":48311,"comment_status":"open","ping_status":"open","sticky":false,"template":"","format":"standard","meta":{"_monsterinsights_skip_tracking":false,"_monsterinsights_sitenote_active":false,"_monsterinsights_sitenote_note":"","_monsterinsights_sitenote_category":0,"ngg_post_thumbnail":0,"footnotes":""},"categories":[4,271,1200,1455,1384,275],"tags":[285,897,10587,16446,7526],"class_list":{"0":"post-100764","1":"post","2":"type-post","3":"status-publish","4":"format-standard","5":"has-post-thumbnail","7":"category-avellino","8":"category-regione","9":"category-serie-b","10":"category-serie-d-sport-avellino","11":"category-sport-avellino","12":"category-sport","13":"tag-avellino","14":"tag-avellino-calcio","15":"tag-lorenzo-laverone","16":"tag-spezia-avellino","17":"tag-walter-novellino"},"yoast_head":"<!-- This site is optimized with the Yoast SEO plugin v26.8 - https:\/\/yoast.com\/product\/yoast-seo-wordpress\/ -->\n<title>Avellino, alla ripresa Novellino fa la conta degli assenti: nel mirino c&#039;\u00e8 lo Spezia<\/title>\n<meta name=\"description\" content=\"Gli uomini di Walter Novellino si sono messi in marcia verso la prossima sfida. All&#039;orizzonte c&#039;\u00e8 il contro in trasferta cono lo Spezia.\" \/>\n<meta name=\"robots\" content=\"index, follow, max-snippet:-1, max-image-preview:large, max-video-preview:-1\" \/>\n<link rel=\"canonical\" href=\"https:\/\/www.anteprima24.it\/archivio\/avellino\/avellino-novellino-7\/\" \/>\n<meta property=\"og:locale\" content=\"it_IT\" \/>\n<meta property=\"og:type\" content=\"article\" \/>\n<meta property=\"og:title\" content=\"Avellino, alla ripresa Novellino fa la conta degli assenti: nel mirino c&#039;\u00e8 lo Spezia\" \/>\n<meta property=\"og:description\" content=\"Gli uomini di Walter Novellino si sono messi in marcia verso la prossima sfida. All&#039;orizzonte c&#039;\u00e8 il contro in trasferta cono lo Spezia.\" \/>\n<meta property=\"og:url\" content=\"https:\/\/www.anteprima24.it\/archivio\/avellino\/avellino-novellino-7\/\" \/>\n<meta property=\"og:site_name\" content=\"Anteprima24.it\" \/>\n<meta property=\"article:published_time\" content=\"2017-12-18T13:19:38+00:00\" \/>\n<meta property=\"og:image\" content=\"https:\/\/www.anteprima24.it\/archivio\/wp-content\/uploads\/2017\/09\/Novellino.jpg\" \/>\n\t<meta property=\"og:image:width\" content=\"720\" \/>\n\t<meta property=\"og:image:height\" content=\"480\" \/>\n\t<meta property=\"og:image:type\" content=\"image\/jpeg\" \/>\n<meta name=\"author\" content=\"Antonio Tedeschi\" \/>\n<meta name=\"twitter:card\" content=\"summary_large_image\" \/>\n<meta name=\"twitter:label1\" content=\"Scritto da\" \/>\n\t<meta name=\"twitter:data1\" content=\"Antonio Tedeschi\" \/>\n\t<meta name=\"twitter:label2\" content=\"Tempo di lettura stimato\" \/>\n\t<meta name=\"twitter:data2\" content=\"1 minuto\" \/>\n<script type=\"application\/ld+json\" class=\"yoast-schema-graph\">{\"@context\":\"https:\/\/schema.org\",\"@graph\":[{\"@type\":\"Article\",\"@id\":\"https:\/\/www.anteprima24.it\/archivio\/avellino\/avellino-novellino-7\/#article\",\"isPartOf\":{\"@id\":\"https:\/\/www.anteprima24.it\/archivio\/avellino\/avellino-novellino-7\/\"},\"author\":{\"name\":\"Antonio Tedeschi\",\"@id\":\"https:\/\/www.anteprima24.it\/archivio\/#\/schema\/person\/30fcc8a4138521844ae98ad9d137afdf\"},\"headline\":\"Avellino, alla ripresa Novellino fa la conta degli assenti: nel mirino c&#8217;\u00e8 lo Spezia\",\"datePublished\":\"2017-12-18T13:19:38+00:00\",\"mainEntityOfPage\":{\"@id\":\"https:\/\/www.anteprima24.it\/archivio\/avellino\/avellino-novellino-7\/\"},\"wordCount\":229,\"commentCount\":0,\"image\":{\"@id\":\"https:\/\/www.anteprima24.it\/archivio\/avellino\/avellino-novellino-7\/#primaryimage\"},\"thumbnailUrl\":\"https:\/\/www.anteprima24.it\/archivio\/wp-content\/uploads\/2017\/09\/Novellino.jpg\",\"keywords\":[\"Avellino\",\"Avellino Calcio\",\"Lorenzo Laverone\",\"Spezia-Avellino\",\"Walter Novellino\"],\"articleSection\":[\"Avellino\",\"Regione\",\"Serie B Regione\",\"Serie C Avellino\",\"Sport Avellino\",\"Sport Regione\"],\"inLanguage\":\"it-IT\",\"potentialAction\":[{\"@type\":\"CommentAction\",\"name\":\"Comment\",\"target\":[\"https:\/\/www.anteprima24.it\/archivio\/avellino\/avellino-novellino-7\/#respond\"]}]},{\"@type\":\"WebPage\",\"@id\":\"https:\/\/www.anteprima24.it\/archivio\/avellino\/avellino-novellino-7\/\",\"url\":\"https:\/\/www.anteprima24.it\/archivio\/avellino\/avellino-novellino-7\/\",\"name\":\"Avellino, alla ripresa Novellino fa la conta degli assenti: nel mirino c'\u00e8 lo Spezia\",\"isPartOf\":{\"@id\":\"https:\/\/www.anteprima24.it\/archivio\/#website\"},\"primaryImageOfPage\":{\"@id\":\"https:\/\/www.anteprima24.it\/archivio\/avellino\/avellino-novellino-7\/#primaryimage\"},\"image\":{\"@id\":\"https:\/\/www.anteprima24.it\/archivio\/avellino\/avellino-novellino-7\/#primaryimage\"},\"thumbnailUrl\":\"https:\/\/www.anteprima24.it\/archivio\/wp-content\/uploads\/2017\/09\/Novellino.jpg\",\"datePublished\":\"2017-12-18T13:19:38+00:00\",\"author\":{\"@id\":\"https:\/\/www.anteprima24.it\/archivio\/#\/schema\/person\/30fcc8a4138521844ae98ad9d137afdf\"},\"description\":\"Gli uomini di Walter Novellino si sono messi in marcia verso la prossima sfida. All'orizzonte c'\u00e8 il contro in trasferta cono lo Spezia.\",\"breadcrumb\":{\"@id\":\"https:\/\/www.anteprima24.it\/archivio\/avellino\/avellino-novellino-7\/#breadcrumb\"},\"inLanguage\":\"it-IT\",\"potentialAction\":[{\"@type\":\"ReadAction\",\"target\":[\"https:\/\/www.anteprima24.it\/archivio\/avellino\/avellino-novellino-7\/\"]}]},{\"@type\":\"ImageObject\",\"inLanguage\":\"it-IT\",\"@id\":\"https:\/\/www.anteprima24.it\/archivio\/avellino\/avellino-novellino-7\/#primaryimage\",\"url\":\"https:\/\/www.anteprima24.it\/archivio\/wp-content\/uploads\/2017\/09\/Novellino.jpg\",\"contentUrl\":\"https:\/\/www.anteprima24.it\/archivio\/wp-content\/uploads\/2017\/09\/Novellino.jpg\",\"width\":720,\"height\":480},{\"@type\":\"BreadcrumbList\",\"@id\":\"https:\/\/www.anteprima24.it\/archivio\/avellino\/avellino-novellino-7\/#breadcrumb\",\"itemListElement\":[{\"@type\":\"ListItem\",\"position\":1,\"name\":\"Home\",\"item\":\"https:\/\/www.anteprima24.it\/archivio\/\"},{\"@type\":\"ListItem\",\"position\":2,\"name\":\"Avellino, alla ripresa Novellino fa la conta degli assenti: nel mirino c&#8217;\u00e8 lo Spezia\"}]},{\"@type\":\"WebSite\",\"@id\":\"https:\/\/www.anteprima24.it\/archivio\/#website\",\"url\":\"https:\/\/www.anteprima24.it\/archivio\/\",\"name\":\"Anteprima24.it\",\"description\":\"\",\"potentialAction\":[{\"@type\":\"SearchAction\",\"target\":{\"@type\":\"EntryPoint\",\"urlTemplate\":\"https:\/\/www.anteprima24.it\/archivio\/?s={search_term_string}\"},\"query-input\":{\"@type\":\"PropertyValueSpecification\",\"valueRequired\":true,\"valueName\":\"search_term_string\"}}],\"inLanguage\":\"it-IT\"},{\"@type\":\"Person\",\"@id\":\"https:\/\/www.anteprima24.it\/archivio\/#\/schema\/person\/30fcc8a4138521844ae98ad9d137afdf\",\"name\":\"Antonio Tedeschi\",\"image\":{\"@type\":\"ImageObject\",\"inLanguage\":\"it-IT\",\"@id\":\"https:\/\/www.anteprima24.it\/archivio\/#\/schema\/person\/image\/\",\"url\":\"https:\/\/secure.gravatar.com\/avatar\/45372818180df7341e181ce77faeeb16e07236ab151a43b41f99b910f3582b12?s=96&d=mm&r=g\",\"contentUrl\":\"https:\/\/secure.gravatar.com\/avatar\/45372818180df7341e181ce77faeeb16e07236ab151a43b41f99b910f3582b12?s=96&d=mm&r=g\",\"caption\":\"Antonio Tedeschi\"},\"url\":\"https:\/\/www.anteprima24.it\/archivio\/author\/antoniotedeschi\/\"}]}<\/script>\n<!-- \/ Yoast SEO plugin. -->","yoast_head_json":{"title":"Avellino, alla ripresa Novellino fa la conta degli assenti: nel mirino c'\u00e8 lo Spezia","description":"Gli uomini di Walter Novellino si sono messi in marcia verso la prossima sfida. All'orizzonte c'\u00e8 il contro in trasferta cono lo Spezia.","robots":{"index":"index","follow":"follow","max-snippet":"max-snippet:-1","max-image-preview":"max-image-preview:large","max-video-preview":"max-video-preview:-1"},"canonical":"https:\/\/www.anteprima24.it\/archivio\/avellino\/avellino-novellino-7\/","og_locale":"it_IT","og_type":"article","og_title":"Avellino, alla ripresa Novellino fa la conta degli assenti: nel mirino c'\u00e8 lo Spezia","og_description":"Gli uomini di Walter Novellino si sono messi in marcia verso la prossima sfida. All'orizzonte c'\u00e8 il contro in trasferta cono lo Spezia.","og_url":"https:\/\/www.anteprima24.it\/archivio\/avellino\/avellino-novellino-7\/","og_site_name":"Anteprima24.it","article_published_time":"2017-12-18T13:19:38+00:00","og_image":[{"width":720,"height":480,"url":"https:\/\/www.anteprima24.it\/archivio\/wp-content\/uploads\/2017\/09\/Novellino.jpg","type":"image\/jpeg"}],"author":"Antonio Tedeschi","twitter_card":"summary_large_image","twitter_misc":{"Scritto da":"Antonio Tedeschi","Tempo di lettura stimato":"1 minuto"},"schema":{"@context":"https:\/\/schema.org","@graph":[{"@type":"Article","@id":"https:\/\/www.anteprima24.it\/archivio\/avellino\/avellino-novellino-7\/#article","isPartOf":{"@id":"https:\/\/www.anteprima24.it\/archivio\/avellino\/avellino-novellino-7\/"},"author":{"name":"Antonio Tedeschi","@id":"https:\/\/www.anteprima24.it\/archivio\/#\/schema\/person\/30fcc8a4138521844ae98ad9d137afdf"},"headline":"Avellino, alla ripresa Novellino fa la conta degli assenti: nel mirino c&#8217;\u00e8 lo Spezia","datePublished":"2017-12-18T13:19:38+00:00","mainEntityOfPage":{"@id":"https:\/\/www.anteprima24.it\/archivio\/avellino\/avellino-novellino-7\/"},"wordCount":229,"commentCount":0,"image":{"@id":"https:\/\/www.anteprima24.it\/archivio\/avellino\/avellino-novellino-7\/#primaryimage"},"thumbnailUrl":"https:\/\/www.anteprima24.it\/archivio\/wp-content\/uploads\/2017\/09\/Novellino.jpg","keywords":["Avellino","Avellino Calcio","Lorenzo Laverone","Spezia-Avellino","Walter Novellino"],"articleSection":["Avellino","Regione","Serie B Regione","Serie C Avellino","Sport Avellino","Sport Regione"],"inLanguage":"it-IT","potentialAction":[{"@type":"CommentAction","name":"Comment","target":["https:\/\/www.anteprima24.it\/archivio\/avellino\/avellino-novellino-7\/#respond"]}]},{"@type":"WebPage","@id":"https:\/\/www.anteprima24.it\/archivio\/avellino\/avellino-novellino-7\/","url":"https:\/\/www.anteprima24.it\/archivio\/avellino\/avellino-novellino-7\/","name":"Avellino, alla ripresa Novellino fa la conta degli assenti: nel mirino c'\u00e8 lo Spezia","isPartOf":{"@id":"https:\/\/www.anteprima24.it\/archivio\/#website"},"primaryImageOfPage":{"@id":"https:\/\/www.anteprima24.it\/archivio\/avellino\/avellino-novellino-7\/#primaryimage"},"image":{"@id":"https:\/\/www.anteprima24.it\/archivio\/avellino\/avellino-novellino-7\/#primaryimage"},"thumbnailUrl":"https:\/\/www.anteprima24.it\/archivio\/wp-content\/uploads\/2017\/09\/Novellino.jpg","datePublished":"2017-12-18T13:19:38+00:00","author":{"@id":"https:\/\/www.anteprima24.it\/archivio\/#\/schema\/person\/30fcc8a4138521844ae98ad9d137afdf"},"description":"Gli uomini di Walter Novellino si sono messi in marcia verso la prossima sfida. All'orizzonte c'\u00e8 il contro in trasferta cono lo Spezia.","breadcrumb":{"@id":"https:\/\/www.anteprima24.it\/archivio\/avellino\/avellino-novellino-7\/#breadcrumb"},"inLanguage":"it-IT","potentialAction":[{"@type":"ReadAction","target":["https:\/\/www.anteprima24.it\/archivio\/avellino\/avellino-novellino-7\/"]}]},{"@type":"ImageObject","inLanguage":"it-IT","@id":"https:\/\/www.anteprima24.it\/archivio\/avellino\/avellino-novellino-7\/#primaryimage","url":"https:\/\/www.anteprima24.it\/archivio\/wp-content\/uploads\/2017\/09\/Novellino.jpg","contentUrl":"https:\/\/www.anteprima24.it\/archivio\/wp-content\/uploads\/2017\/09\/Novellino.jpg","width":720,"height":480},{"@type":"BreadcrumbList","@id":"https:\/\/www.anteprima24.it\/archivio\/avellino\/avellino-novellino-7\/#breadcrumb","itemListElement":[{"@type":"ListItem","position":1,"name":"Home","item":"https:\/\/www.anteprima24.it\/archivio\/"},{"@type":"ListItem","position":2,"name":"Avellino, alla ripresa Novellino fa la conta degli assenti: nel mirino c&#8217;\u00e8 lo Spezia"}]},{"@type":"WebSite","@id":"https:\/\/www.anteprima24.it\/archivio\/#website","url":"https:\/\/www.anteprima24.it\/archivio\/","name":"Anteprima24.it","description":"","potentialAction":[{"@type":"SearchAction","target":{"@type":"EntryPoint","urlTemplate":"https:\/\/www.anteprima24.it\/archivio\/?s={search_term_string}"},"query-input":{"@type":"PropertyValueSpecification","valueRequired":true,"valueName":"search_term_string"}}],"inLanguage":"it-IT"},{"@type":"Person","@id":"https:\/\/www.anteprima24.it\/archivio\/#\/schema\/person\/30fcc8a4138521844ae98ad9d137afdf","name":"Antonio Tedeschi","image":{"@type":"ImageObject","inLanguage":"it-IT","@id":"https:\/\/www.anteprima24.it\/archivio\/#\/schema\/person\/image\/","url":"https:\/\/secure.gravatar.com\/avatar\/45372818180df7341e181ce77faeeb16e07236ab151a43b41f99b910f3582b12?s=96&d=mm&r=g","contentUrl":"https:\/\/secure.gravatar.com\/avatar\/45372818180df7341e181ce77faeeb16e07236ab151a43b41f99b910f3582b12?s=96&d=mm&r=g","caption":"Antonio Tedeschi"},"url":"https:\/\/www.anteprima24.it\/archivio\/author\/antoniotedeschi\/"}]}},"_links":{"self":[{"href":"https:\/\/www.anteprima24.it\/archivio\/wp-json\/wp\/v2\/posts\/100764","targetHints":{"allow":["GET"]}}],"collection":[{"href":"https:\/\/www.anteprima24.it\/archivio\/wp-json\/wp\/v2\/posts"}],"about":[{"href":"https:\/\/www.anteprima24.it\/archivio\/wp-json\/wp\/v2\/types\/post"}],"author":[{"embeddable":true,"href":"https:\/\/www.anteprima24.it\/archivio\/wp-json\/wp\/v2\/users\/24"}],"replies":[{"embeddable":true,"href":"https:\/\/www.anteprima24.it\/archivio\/wp-json\/wp\/v2\/comments?post=100764"}],"version-history":[{"count":0,"href":"https:\/\/www.anteprima24.it\/archivio\/wp-json\/wp\/v2\/posts\/100764\/revisions"}],"wp:featuredmedia":[{"embeddable":true,"href":"https:\/\/www.anteprima24.it\/archivio\/wp-json\/wp\/v2\/media\/48311"}],"wp:attachment":[{"href":"https:\/\/www.anteprima24.it\/archivio\/wp-json\/wp\/v2\/media?parent=100764"}],"wp:term":[{"taxonomy":"category","embeddable":true,"href":"https:\/\/www.anteprima24.it\/archivio\/wp-json\/wp\/v2\/categories?post=100764"},{"taxonomy":"post_tag","embeddable":true,"href":"https:\/\/www.anteprima24.it\/archivio\/wp-json\/wp\/v2\/tags?post=100764"}],"curies":[{"name":"wp","href":"https:\/\/api.w.org\/{rel}","templated":true}]}}