{"id":101425,"date":"2017-12-20T12:51:53","date_gmt":"2017-12-20T10:51:53","guid":{"rendered":"http:\/\/www.anteprima24.it\/?p=101425"},"modified":"2017-12-20T12:51:53","modified_gmt":"2017-12-20T10:51:53","slug":"spezia-avellino","status":"publish","type":"post","link":"https:\/\/www.anteprima24.it\/archivio\/regione\/spezia-avellino\/","title":{"rendered":"Spezia-Avellino, i convocati: Novellino in piena emergenza per la sfida del Picco"},"content":{"rendered":"<span class=\"span-reading-time rt-reading-time\" style=\"display: block;\"><span class=\"rt-label rt-prefix\">Tempo di lettura: <\/span> <span class=\"rt-time\"> &lt; 1<\/span> <span class=\"rt-label rt-postfix\">minuto<\/span><\/span><p style=\"text-align: justify\">Avellino &#8211; Emergenza senza fine in casa <strong>Avellino<\/strong>. Il tecnico dei lupi, <a href=\"http:\/\/www.anteprima24.it\/avellino\/avellino-novellino-classifica\/\"><strong>Walter Novellino<\/strong><\/a>, dovr\u00e0 rinunciare anche a<strong> Nicola Falasco<\/strong>. L&#8217;esterno sinistro scuola Roma \u00e8 costretto a rimanere in Irpinia per una sindrome febbrile. L&#8217;ex Cesena e Pistoiese \u00e8 l&#8217;ultimo di una lunga lista. Ieri \u00e8 toccato a <strong>Raul Asencio<\/strong> <a href=\"http:\/\/www.anteprima24.it\/avellino\/avellino-ferullo\/\">(leggi qui)<\/a>, che dovrebbe rientrare nel mese di gennaio. Tra le novit\u00e0, in divenire, c&#8217;\u00e8 il rientro di <strong>Davide Gavazzi<\/strong>. Il mediano di Sondrio dovrebbe rientrare ad inizio gennaio 2018 dopo un lungo calvario. Novellino, in compenso, potr\u00e0 contare sul rientro in gruppo di <strong>Marco Migliorini<\/strong>.<\/p>\n<p><strong>Ecco la lista dei 19 convocati di Novellino per la trasferta di Spezia:<\/strong><\/p>\n<p><strong>Portieri:<\/strong>\u00a0Iuliano, Lezzerini, Radu.<\/p>\n<p><strong>Difensori:\u00a0<\/strong>Gliha, Kresic, Marchizza, Migliorini, Pecorini, Rizzato.<\/p>\n<p><strong>Centrocampisti:\u00a0<\/strong>D\u2019Angelo, Di Tacchio, Evangelista, Molina, Moretti, Paghera.<\/p>\n<p><strong>Attaccanti:\u00a0<\/strong>Ardemagni, Bidaoui, Camar\u00e0, Castaldo.<\/p>\n","protected":false},"excerpt":{"rendered":"<p>Avellino &#8211; Emergenza senza fine in casa Avellino. Il tecnico dei lupi, Walter Novellino, dovr\u00e0 rinunciare anche a Nicola Falasco. L&#8217;esterno sinistro scuola Roma \u00e8 costretto a rimanere in Irpinia per una sindrome febbrile. L&#8217;ex Cesena e Pistoiese \u00e8 l&#8217;ultimo di una lunga lista. Ieri \u00e8 toccato a Raul Asencio (leggi qui), che dovrebbe rientrare [&hellip;]<\/p>\n","protected":false},"author":24,"featured_media":33289,"comment_status":"open","ping_status":"open","sticky":false,"template":"","format":"standard","meta":{"_monsterinsights_skip_tracking":false,"_monsterinsights_sitenote_active":false,"_monsterinsights_sitenote_note":"","_monsterinsights_sitenote_category":0,"ngg_post_thumbnail":0,"footnotes":""},"categories":[4,271,1200,1455,1384,275],"tags":[285,16532,8106,660,1479,15045,16446,7526],"class_list":{"0":"post-101425","1":"post","2":"type-post","3":"status-publish","4":"format-standard","5":"has-post-thumbnail","7":"category-avellino","8":"category-regione","9":"category-serie-b","10":"category-serie-d-sport-avellino","11":"category-sport-avellino","12":"category-sport","13":"tag-avellino","14":"tag-avellino-calcio-convocati","15":"tag-comune-di-avellino","16":"tag-convocati","17":"tag-la-spezia","18":"tag-nicola-falasco","19":"tag-spezia-avellino","20":"tag-walter-novellino"},"yoast_head":"<!-- This site is optimized with the Yoast SEO plugin v26.8 - https:\/\/yoast.com\/product\/yoast-seo-wordpress\/ -->\n<title>Spezia-Avellino, i convocati: Novellino in piena emergenza per la sfida del Picco<\/title>\n<meta name=\"description\" content=\"Emergenza senza fine in casa Avellino. Il tecnico dei lupi, Walter Novellino, dovr\u00e0 rinunciare anche a Nicola Falasco, a causa della febbre.\" \/>\n<meta name=\"robots\" content=\"index, follow, max-snippet:-1, max-image-preview:large, max-video-preview:-1\" \/>\n<link rel=\"canonical\" href=\"https:\/\/www.anteprima24.it\/archivio\/regione\/spezia-avellino\/\" \/>\n<meta property=\"og:locale\" content=\"it_IT\" \/>\n<meta property=\"og:type\" content=\"article\" \/>\n<meta property=\"og:title\" content=\"Spezia-Avellino, i convocati: Novellino in piena emergenza per la sfida del Picco\" \/>\n<meta property=\"og:description\" content=\"Emergenza senza fine in casa Avellino. Il tecnico dei lupi, Walter Novellino, dovr\u00e0 rinunciare anche a Nicola Falasco, a causa della febbre.\" \/>\n<meta property=\"og:url\" content=\"https:\/\/www.anteprima24.it\/archivio\/regione\/spezia-avellino\/\" \/>\n<meta property=\"og:site_name\" content=\"Anteprima24.it\" \/>\n<meta property=\"article:published_time\" content=\"2017-12-20T10:51:53+00:00\" \/>\n<meta property=\"og:image\" content=\"https:\/\/www.anteprima24.it\/archivio\/wp-content\/uploads\/2017\/08\/MG_9421_societa.jpg\" \/>\n\t<meta property=\"og:image:width\" content=\"1200\" \/>\n\t<meta property=\"og:image:height\" content=\"800\" \/>\n\t<meta property=\"og:image:type\" content=\"image\/jpeg\" \/>\n<meta name=\"author\" content=\"Antonio Tedeschi\" \/>\n<meta name=\"twitter:card\" content=\"summary_large_image\" \/>\n<meta name=\"twitter:label1\" content=\"Scritto da\" \/>\n\t<meta name=\"twitter:data1\" content=\"Antonio Tedeschi\" \/>\n\t<meta name=\"twitter:label2\" content=\"Tempo di lettura stimato\" \/>\n\t<meta name=\"twitter:data2\" content=\"1 minuto\" \/>\n<script type=\"application\/ld+json\" class=\"yoast-schema-graph\">{\"@context\":\"https:\/\/schema.org\",\"@graph\":[{\"@type\":\"Article\",\"@id\":\"https:\/\/www.anteprima24.it\/archivio\/regione\/spezia-avellino\/#article\",\"isPartOf\":{\"@id\":\"https:\/\/www.anteprima24.it\/archivio\/regione\/spezia-avellino\/\"},\"author\":{\"name\":\"Antonio Tedeschi\",\"@id\":\"https:\/\/www.anteprima24.it\/archivio\/#\/schema\/person\/30fcc8a4138521844ae98ad9d137afdf\"},\"headline\":\"Spezia-Avellino, i convocati: Novellino in piena emergenza per la sfida del Picco\",\"datePublished\":\"2017-12-20T10:51:53+00:00\",\"mainEntityOfPage\":{\"@id\":\"https:\/\/www.anteprima24.it\/archivio\/regione\/spezia-avellino\/\"},\"wordCount\":144,\"commentCount\":0,\"image\":{\"@id\":\"https:\/\/www.anteprima24.it\/archivio\/regione\/spezia-avellino\/#primaryimage\"},\"thumbnailUrl\":\"https:\/\/www.anteprima24.it\/archivio\/wp-content\/uploads\/2017\/08\/MG_9421_societa.jpg\",\"keywords\":[\"Avellino\",\"Avellino Calcio Convocati\",\"comune di avellino\",\"Convocati\",\"la spezia\",\"Nicola Falasco\",\"Spezia-Avellino\",\"Walter Novellino\"],\"articleSection\":[\"Avellino\",\"Regione\",\"Serie B Regione\",\"Serie C Avellino\",\"Sport Avellino\",\"Sport Regione\"],\"inLanguage\":\"it-IT\",\"potentialAction\":[{\"@type\":\"CommentAction\",\"name\":\"Comment\",\"target\":[\"https:\/\/www.anteprima24.it\/archivio\/regione\/spezia-avellino\/#respond\"]}]},{\"@type\":\"WebPage\",\"@id\":\"https:\/\/www.anteprima24.it\/archivio\/regione\/spezia-avellino\/\",\"url\":\"https:\/\/www.anteprima24.it\/archivio\/regione\/spezia-avellino\/\",\"name\":\"Spezia-Avellino, i convocati: Novellino in piena emergenza per la sfida del Picco\",\"isPartOf\":{\"@id\":\"https:\/\/www.anteprima24.it\/archivio\/#website\"},\"primaryImageOfPage\":{\"@id\":\"https:\/\/www.anteprima24.it\/archivio\/regione\/spezia-avellino\/#primaryimage\"},\"image\":{\"@id\":\"https:\/\/www.anteprima24.it\/archivio\/regione\/spezia-avellino\/#primaryimage\"},\"thumbnailUrl\":\"https:\/\/www.anteprima24.it\/archivio\/wp-content\/uploads\/2017\/08\/MG_9421_societa.jpg\",\"datePublished\":\"2017-12-20T10:51:53+00:00\",\"author\":{\"@id\":\"https:\/\/www.anteprima24.it\/archivio\/#\/schema\/person\/30fcc8a4138521844ae98ad9d137afdf\"},\"description\":\"Emergenza senza fine in casa Avellino. Il tecnico dei lupi, Walter Novellino, dovr\u00e0 rinunciare anche a Nicola Falasco, a causa della febbre.\",\"breadcrumb\":{\"@id\":\"https:\/\/www.anteprima24.it\/archivio\/regione\/spezia-avellino\/#breadcrumb\"},\"inLanguage\":\"it-IT\",\"potentialAction\":[{\"@type\":\"ReadAction\",\"target\":[\"https:\/\/www.anteprima24.it\/archivio\/regione\/spezia-avellino\/\"]}]},{\"@type\":\"ImageObject\",\"inLanguage\":\"it-IT\",\"@id\":\"https:\/\/www.anteprima24.it\/archivio\/regione\/spezia-avellino\/#primaryimage\",\"url\":\"https:\/\/www.anteprima24.it\/archivio\/wp-content\/uploads\/2017\/08\/MG_9421_societa.jpg\",\"contentUrl\":\"https:\/\/www.anteprima24.it\/archivio\/wp-content\/uploads\/2017\/08\/MG_9421_societa.jpg\",\"width\":1200,\"height\":800},{\"@type\":\"BreadcrumbList\",\"@id\":\"https:\/\/www.anteprima24.it\/archivio\/regione\/spezia-avellino\/#breadcrumb\",\"itemListElement\":[{\"@type\":\"ListItem\",\"position\":1,\"name\":\"Home\",\"item\":\"https:\/\/www.anteprima24.it\/archivio\/\"},{\"@type\":\"ListItem\",\"position\":2,\"name\":\"Spezia-Avellino, i convocati: Novellino in piena emergenza per la sfida del Picco\"}]},{\"@type\":\"WebSite\",\"@id\":\"https:\/\/www.anteprima24.it\/archivio\/#website\",\"url\":\"https:\/\/www.anteprima24.it\/archivio\/\",\"name\":\"Anteprima24.it\",\"description\":\"\",\"potentialAction\":[{\"@type\":\"SearchAction\",\"target\":{\"@type\":\"EntryPoint\",\"urlTemplate\":\"https:\/\/www.anteprima24.it\/archivio\/?s={search_term_string}\"},\"query-input\":{\"@type\":\"PropertyValueSpecification\",\"valueRequired\":true,\"valueName\":\"search_term_string\"}}],\"inLanguage\":\"it-IT\"},{\"@type\":\"Person\",\"@id\":\"https:\/\/www.anteprima24.it\/archivio\/#\/schema\/person\/30fcc8a4138521844ae98ad9d137afdf\",\"name\":\"Antonio Tedeschi\",\"image\":{\"@type\":\"ImageObject\",\"inLanguage\":\"it-IT\",\"@id\":\"https:\/\/www.anteprima24.it\/archivio\/#\/schema\/person\/image\/\",\"url\":\"https:\/\/secure.gravatar.com\/avatar\/45372818180df7341e181ce77faeeb16e07236ab151a43b41f99b910f3582b12?s=96&d=mm&r=g\",\"contentUrl\":\"https:\/\/secure.gravatar.com\/avatar\/45372818180df7341e181ce77faeeb16e07236ab151a43b41f99b910f3582b12?s=96&d=mm&r=g\",\"caption\":\"Antonio Tedeschi\"},\"url\":\"https:\/\/www.anteprima24.it\/archivio\/author\/antoniotedeschi\/\"}]}<\/script>\n<!-- \/ Yoast SEO plugin. -->","yoast_head_json":{"title":"Spezia-Avellino, i convocati: Novellino in piena emergenza per la sfida del Picco","description":"Emergenza senza fine in casa Avellino. Il tecnico dei lupi, Walter Novellino, dovr\u00e0 rinunciare anche a Nicola Falasco, a causa della febbre.","robots":{"index":"index","follow":"follow","max-snippet":"max-snippet:-1","max-image-preview":"max-image-preview:large","max-video-preview":"max-video-preview:-1"},"canonical":"https:\/\/www.anteprima24.it\/archivio\/regione\/spezia-avellino\/","og_locale":"it_IT","og_type":"article","og_title":"Spezia-Avellino, i convocati: Novellino in piena emergenza per la sfida del Picco","og_description":"Emergenza senza fine in casa Avellino. Il tecnico dei lupi, Walter Novellino, dovr\u00e0 rinunciare anche a Nicola Falasco, a causa della febbre.","og_url":"https:\/\/www.anteprima24.it\/archivio\/regione\/spezia-avellino\/","og_site_name":"Anteprima24.it","article_published_time":"2017-12-20T10:51:53+00:00","og_image":[{"width":1200,"height":800,"url":"https:\/\/www.anteprima24.it\/archivio\/wp-content\/uploads\/2017\/08\/MG_9421_societa.jpg","type":"image\/jpeg"}],"author":"Antonio Tedeschi","twitter_card":"summary_large_image","twitter_misc":{"Scritto da":"Antonio Tedeschi","Tempo di lettura stimato":"1 minuto"},"schema":{"@context":"https:\/\/schema.org","@graph":[{"@type":"Article","@id":"https:\/\/www.anteprima24.it\/archivio\/regione\/spezia-avellino\/#article","isPartOf":{"@id":"https:\/\/www.anteprima24.it\/archivio\/regione\/spezia-avellino\/"},"author":{"name":"Antonio Tedeschi","@id":"https:\/\/www.anteprima24.it\/archivio\/#\/schema\/person\/30fcc8a4138521844ae98ad9d137afdf"},"headline":"Spezia-Avellino, i convocati: Novellino in piena emergenza per la sfida del Picco","datePublished":"2017-12-20T10:51:53+00:00","mainEntityOfPage":{"@id":"https:\/\/www.anteprima24.it\/archivio\/regione\/spezia-avellino\/"},"wordCount":144,"commentCount":0,"image":{"@id":"https:\/\/www.anteprima24.it\/archivio\/regione\/spezia-avellino\/#primaryimage"},"thumbnailUrl":"https:\/\/www.anteprima24.it\/archivio\/wp-content\/uploads\/2017\/08\/MG_9421_societa.jpg","keywords":["Avellino","Avellino Calcio Convocati","comune di avellino","Convocati","la spezia","Nicola Falasco","Spezia-Avellino","Walter Novellino"],"articleSection":["Avellino","Regione","Serie B Regione","Serie C Avellino","Sport Avellino","Sport Regione"],"inLanguage":"it-IT","potentialAction":[{"@type":"CommentAction","name":"Comment","target":["https:\/\/www.anteprima24.it\/archivio\/regione\/spezia-avellino\/#respond"]}]},{"@type":"WebPage","@id":"https:\/\/www.anteprima24.it\/archivio\/regione\/spezia-avellino\/","url":"https:\/\/www.anteprima24.it\/archivio\/regione\/spezia-avellino\/","name":"Spezia-Avellino, i convocati: Novellino in piena emergenza per la sfida del Picco","isPartOf":{"@id":"https:\/\/www.anteprima24.it\/archivio\/#website"},"primaryImageOfPage":{"@id":"https:\/\/www.anteprima24.it\/archivio\/regione\/spezia-avellino\/#primaryimage"},"image":{"@id":"https:\/\/www.anteprima24.it\/archivio\/regione\/spezia-avellino\/#primaryimage"},"thumbnailUrl":"https:\/\/www.anteprima24.it\/archivio\/wp-content\/uploads\/2017\/08\/MG_9421_societa.jpg","datePublished":"2017-12-20T10:51:53+00:00","author":{"@id":"https:\/\/www.anteprima24.it\/archivio\/#\/schema\/person\/30fcc8a4138521844ae98ad9d137afdf"},"description":"Emergenza senza fine in casa Avellino. Il tecnico dei lupi, Walter Novellino, dovr\u00e0 rinunciare anche a Nicola Falasco, a causa della febbre.","breadcrumb":{"@id":"https:\/\/www.anteprima24.it\/archivio\/regione\/spezia-avellino\/#breadcrumb"},"inLanguage":"it-IT","potentialAction":[{"@type":"ReadAction","target":["https:\/\/www.anteprima24.it\/archivio\/regione\/spezia-avellino\/"]}]},{"@type":"ImageObject","inLanguage":"it-IT","@id":"https:\/\/www.anteprima24.it\/archivio\/regione\/spezia-avellino\/#primaryimage","url":"https:\/\/www.anteprima24.it\/archivio\/wp-content\/uploads\/2017\/08\/MG_9421_societa.jpg","contentUrl":"https:\/\/www.anteprima24.it\/archivio\/wp-content\/uploads\/2017\/08\/MG_9421_societa.jpg","width":1200,"height":800},{"@type":"BreadcrumbList","@id":"https:\/\/www.anteprima24.it\/archivio\/regione\/spezia-avellino\/#breadcrumb","itemListElement":[{"@type":"ListItem","position":1,"name":"Home","item":"https:\/\/www.anteprima24.it\/archivio\/"},{"@type":"ListItem","position":2,"name":"Spezia-Avellino, i convocati: Novellino in piena emergenza per la sfida del Picco"}]},{"@type":"WebSite","@id":"https:\/\/www.anteprima24.it\/archivio\/#website","url":"https:\/\/www.anteprima24.it\/archivio\/","name":"Anteprima24.it","description":"","potentialAction":[{"@type":"SearchAction","target":{"@type":"EntryPoint","urlTemplate":"https:\/\/www.anteprima24.it\/archivio\/?s={search_term_string}"},"query-input":{"@type":"PropertyValueSpecification","valueRequired":true,"valueName":"search_term_string"}}],"inLanguage":"it-IT"},{"@type":"Person","@id":"https:\/\/www.anteprima24.it\/archivio\/#\/schema\/person\/30fcc8a4138521844ae98ad9d137afdf","name":"Antonio Tedeschi","image":{"@type":"ImageObject","inLanguage":"it-IT","@id":"https:\/\/www.anteprima24.it\/archivio\/#\/schema\/person\/image\/","url":"https:\/\/secure.gravatar.com\/avatar\/45372818180df7341e181ce77faeeb16e07236ab151a43b41f99b910f3582b12?s=96&d=mm&r=g","contentUrl":"https:\/\/secure.gravatar.com\/avatar\/45372818180df7341e181ce77faeeb16e07236ab151a43b41f99b910f3582b12?s=96&d=mm&r=g","caption":"Antonio Tedeschi"},"url":"https:\/\/www.anteprima24.it\/archivio\/author\/antoniotedeschi\/"}]}},"_links":{"self":[{"href":"https:\/\/www.anteprima24.it\/archivio\/wp-json\/wp\/v2\/posts\/101425","targetHints":{"allow":["GET"]}}],"collection":[{"href":"https:\/\/www.anteprima24.it\/archivio\/wp-json\/wp\/v2\/posts"}],"about":[{"href":"https:\/\/www.anteprima24.it\/archivio\/wp-json\/wp\/v2\/types\/post"}],"author":[{"embeddable":true,"href":"https:\/\/www.anteprima24.it\/archivio\/wp-json\/wp\/v2\/users\/24"}],"replies":[{"embeddable":true,"href":"https:\/\/www.anteprima24.it\/archivio\/wp-json\/wp\/v2\/comments?post=101425"}],"version-history":[{"count":0,"href":"https:\/\/www.anteprima24.it\/archivio\/wp-json\/wp\/v2\/posts\/101425\/revisions"}],"wp:featuredmedia":[{"embeddable":true,"href":"https:\/\/www.anteprima24.it\/archivio\/wp-json\/wp\/v2\/media\/33289"}],"wp:attachment":[{"href":"https:\/\/www.anteprima24.it\/archivio\/wp-json\/wp\/v2\/media?parent=101425"}],"wp:term":[{"taxonomy":"category","embeddable":true,"href":"https:\/\/www.anteprima24.it\/archivio\/wp-json\/wp\/v2\/categories?post=101425"},{"taxonomy":"post_tag","embeddable":true,"href":"https:\/\/www.anteprima24.it\/archivio\/wp-json\/wp\/v2\/tags?post=101425"}],"curies":[{"name":"wp","href":"https:\/\/api.w.org\/{rel}","templated":true}]}}