{"id":10149,"date":"2017-06-17T20:47:43","date_gmt":"2017-06-17T18:47:43","guid":{"rendered":"http:\/\/www.anteprima24.it\/?p=10149"},"modified":"2017-06-17T20:47:43","modified_gmt":"2017-06-17T18:47:43","slug":"quarantacinque-nuovi-alloggi-picarelli-festa-amministrazione-foti-smemorata","status":"publish","type":"post","link":"https:\/\/www.anteprima24.it\/archivio\/avellino\/quarantacinque-nuovi-alloggi-picarelli-festa-amministrazione-foti-smemorata\/","title":{"rendered":"Quarantacinque nuovi alloggi a Picarelli, Festa: Amministrazione Foti smemorata"},"content":{"rendered":"<span class=\"span-reading-time rt-reading-time\" style=\"display: block;\"><span class=\"rt-label rt-prefix\">Tempo di lettura: <\/span> <span class=\"rt-time\"> 2<\/span> <span class=\"rt-label rt-postfix\">minuti<\/span><\/span><p>Avellino &#8211; Almeno sulla carta ci sono i 45 alloggi previsti dal programma di edilizia residenziale sociale \u201cSocial Housing Picarelli\u201d per la rinascita del quartiere periferico dimenticato da troppo tempo. Le abitazioni saranno realizzate con criteri assolutamente moderni e saranno una risposta concreata alle esigenze di 160 abitanti. Un percorso avviato gi\u00e0 dalla passata amministrazione ma che, secondo l\u2019attuale assessore ai Fondi Europei Arturo Iannaccone, ha bisogno di sforzi notevoli da parte del Comune. Non ci sta il consigliere di maggioranza in quota Pd Gianluca Festa che ricorda benissimo la vicenda del Social Housing essendo presente allora in consiglio comunale in qualit\u00e0 di vice sindaco.<\/p>\n<p>\u201cPurtroppo questa amministrazione Foti \u00e8 un poco smemorata e dimentica di dire che queste iniziative sono state il frutto della precedente amministrazione. Giustamente quando si fanno cose buone si tende a privatizzarne l utilit\u00e0. Invece con sincerit\u00e0 ed oggettivit\u00e0 si poteva ricordare di chi fosse il merito. L\u2019importante, comunque, \u00e8 il bene della citt\u00e0 &#8211; spiega il consigliere Gianluca Festa &#8211; proprio per questo motivo credo che sia una ottima iniziativa. Quando la pensammo puntammo all\u2019idea di realizzare tre progetti diversi ma integrati tra di loro. Infatti l\u2019intervento contempla l\u2019abbattimento e la ricostruzione di alloggi comunali post terremoto, poi l il riferimento ad un PUA per nuove costruzioni private ed infine l\u2019Housing. Insomma immaginammo un\u2019azione congiunta per cominciare ad integrare la zona di Picarelli.\u201d<\/p>\n<p>Il piano prevede la costruzione di tre isole residenziali all\u2019interno del rione periferico tramite un modello pubblico \u2013 privato. L\u2019importo dell\u2019intervento \u00e8 di circa 8 milioni di euro e riguarder\u00e0 anche l\u2019apertura di botteghe artigiane, locali commerciali, centri storici, orti urbani, parcheggi, aree verdi attrezzate e luoghi ricreative. I tempi di realizzazione? Il Comune dovr\u00e0 provvedere a fare un bando a cui i privati dovranno partecipare. Chi si aggiudicher\u00e0 la gara potr\u00e0 accedere al finanziamento pubblico e poi investire di tasca propria.<\/p>\n","protected":false},"excerpt":{"rendered":"<p>Avellino &#8211; Almeno sulla carta ci sono i 45 alloggi previsti dal programma di edilizia residenziale sociale \u201cSocial Housing Picarelli\u201d per la rinascita del quartiere periferico dimenticato da troppo tempo. Le abitazioni saranno realizzate con criteri assolutamente moderni e saranno una risposta concreata alle esigenze di 160 abitanti. Un percorso avviato gi\u00e0 dalla passata amministrazione [&hellip;]<\/p>\n","protected":false},"author":25,"featured_media":10150,"comment_status":"open","ping_status":"open","sticky":false,"template":"","format":"standard","meta":{"_monsterinsights_skip_tracking":false,"_monsterinsights_sitenote_active":false,"_monsterinsights_sitenote_note":"","_monsterinsights_sitenote_category":0,"ngg_post_thumbnail":0,"footnotes":""},"categories":[1380,4,1381,788],"tags":[285,2510],"class_list":{"0":"post-10149","1":"post","2":"type-post","3":"status-publish","4":"format-standard","5":"has-post-thumbnail","7":"category-attualita-avellino","8":"category-avellino","9":"category-politica-avellino","10":"category-primo-piano-avellino","11":"tag-avellino","12":"tag-housing-sociale"},"yoast_head":"<!-- This site is optimized with the Yoast SEO plugin v26.8 - https:\/\/yoast.com\/product\/yoast-seo-wordpress\/ -->\n<title>Quarantacinque nuovi alloggi a Picarelli, Festa: Amministrazione Foti smemorata - Anteprima24.it<\/title>\n<meta name=\"robots\" content=\"index, follow, max-snippet:-1, max-image-preview:large, max-video-preview:-1\" \/>\n<link rel=\"canonical\" href=\"https:\/\/www.anteprima24.it\/archivio\/avellino\/quarantacinque-nuovi-alloggi-picarelli-festa-amministrazione-foti-smemorata\/\" \/>\n<meta property=\"og:locale\" content=\"it_IT\" \/>\n<meta property=\"og:type\" content=\"article\" \/>\n<meta property=\"og:title\" content=\"Quarantacinque nuovi alloggi a Picarelli, Festa: Amministrazione Foti smemorata - Anteprima24.it\" \/>\n<meta property=\"og:description\" content=\"Avellino &#8211; Almeno sulla carta ci sono i 45 alloggi previsti dal programma di edilizia residenziale sociale \u201cSocial Housing Picarelli\u201d per la rinascita del quartiere periferico dimenticato da troppo tempo. Le abitazioni saranno realizzate con criteri assolutamente moderni e saranno una risposta concreata alle esigenze di 160 abitanti. Un percorso avviato gi\u00e0 dalla passata amministrazione [&hellip;]\" \/>\n<meta property=\"og:url\" content=\"https:\/\/www.anteprima24.it\/archivio\/avellino\/quarantacinque-nuovi-alloggi-picarelli-festa-amministrazione-foti-smemorata\/\" \/>\n<meta property=\"og:site_name\" content=\"Anteprima24.it\" \/>\n<meta property=\"article:published_time\" content=\"2017-06-17T18:47:43+00:00\" \/>\n<meta property=\"og:image\" content=\"https:\/\/www.anteprima24.it\/archivio\/wp-content\/uploads\/2017\/06\/housing-sociale-bologna-progetto-casa-senzatetto.jpg\" \/>\n\t<meta property=\"og:image:width\" content=\"2122\" \/>\n\t<meta property=\"og:image:height\" content=\"1415\" \/>\n\t<meta property=\"og:image:type\" content=\"image\/jpeg\" \/>\n<meta name=\"author\" content=\"Paola Ricciarelli\" \/>\n<meta name=\"twitter:card\" content=\"summary_large_image\" \/>\n<meta name=\"twitter:label1\" content=\"Scritto da\" \/>\n\t<meta name=\"twitter:data1\" content=\"Paola Ricciarelli\" \/>\n\t<meta name=\"twitter:label2\" content=\"Tempo di lettura stimato\" \/>\n\t<meta name=\"twitter:data2\" content=\"2 minuti\" \/>\n<script type=\"application\/ld+json\" class=\"yoast-schema-graph\">{\"@context\":\"https:\/\/schema.org\",\"@graph\":[{\"@type\":\"Article\",\"@id\":\"https:\/\/www.anteprima24.it\/archivio\/avellino\/quarantacinque-nuovi-alloggi-picarelli-festa-amministrazione-foti-smemorata\/#article\",\"isPartOf\":{\"@id\":\"https:\/\/www.anteprima24.it\/archivio\/avellino\/quarantacinque-nuovi-alloggi-picarelli-festa-amministrazione-foti-smemorata\/\"},\"author\":{\"name\":\"Paola Ricciarelli\",\"@id\":\"https:\/\/www.anteprima24.it\/archivio\/#\/schema\/person\/6bef30886cb2d9a0960471ab12d3c4ae\"},\"headline\":\"Quarantacinque nuovi alloggi a Picarelli, Festa: Amministrazione Foti smemorata\",\"datePublished\":\"2017-06-17T18:47:43+00:00\",\"mainEntityOfPage\":{\"@id\":\"https:\/\/www.anteprima24.it\/archivio\/avellino\/quarantacinque-nuovi-alloggi-picarelli-festa-amministrazione-foti-smemorata\/\"},\"wordCount\":324,\"commentCount\":0,\"image\":{\"@id\":\"https:\/\/www.anteprima24.it\/archivio\/avellino\/quarantacinque-nuovi-alloggi-picarelli-festa-amministrazione-foti-smemorata\/#primaryimage\"},\"thumbnailUrl\":\"https:\/\/www.anteprima24.it\/archivio\/wp-content\/uploads\/2017\/06\/housing-sociale-bologna-progetto-casa-senzatetto.jpg\",\"keywords\":[\"Avellino\",\"housing sociale\"],\"articleSection\":[\"Attualit\u00e0 Avellino\",\"Avellino\",\"Politica Avellino\",\"Primo Piano Avellino\"],\"inLanguage\":\"it-IT\",\"potentialAction\":[{\"@type\":\"CommentAction\",\"name\":\"Comment\",\"target\":[\"https:\/\/www.anteprima24.it\/archivio\/avellino\/quarantacinque-nuovi-alloggi-picarelli-festa-amministrazione-foti-smemorata\/#respond\"]}]},{\"@type\":\"WebPage\",\"@id\":\"https:\/\/www.anteprima24.it\/archivio\/avellino\/quarantacinque-nuovi-alloggi-picarelli-festa-amministrazione-foti-smemorata\/\",\"url\":\"https:\/\/www.anteprima24.it\/archivio\/avellino\/quarantacinque-nuovi-alloggi-picarelli-festa-amministrazione-foti-smemorata\/\",\"name\":\"Quarantacinque nuovi alloggi a Picarelli, Festa: Amministrazione Foti smemorata - Anteprima24.it\",\"isPartOf\":{\"@id\":\"https:\/\/www.anteprima24.it\/archivio\/#website\"},\"primaryImageOfPage\":{\"@id\":\"https:\/\/www.anteprima24.it\/archivio\/avellino\/quarantacinque-nuovi-alloggi-picarelli-festa-amministrazione-foti-smemorata\/#primaryimage\"},\"image\":{\"@id\":\"https:\/\/www.anteprima24.it\/archivio\/avellino\/quarantacinque-nuovi-alloggi-picarelli-festa-amministrazione-foti-smemorata\/#primaryimage\"},\"thumbnailUrl\":\"https:\/\/www.anteprima24.it\/archivio\/wp-content\/uploads\/2017\/06\/housing-sociale-bologna-progetto-casa-senzatetto.jpg\",\"datePublished\":\"2017-06-17T18:47:43+00:00\",\"author\":{\"@id\":\"https:\/\/www.anteprima24.it\/archivio\/#\/schema\/person\/6bef30886cb2d9a0960471ab12d3c4ae\"},\"breadcrumb\":{\"@id\":\"https:\/\/www.anteprima24.it\/archivio\/avellino\/quarantacinque-nuovi-alloggi-picarelli-festa-amministrazione-foti-smemorata\/#breadcrumb\"},\"inLanguage\":\"it-IT\",\"potentialAction\":[{\"@type\":\"ReadAction\",\"target\":[\"https:\/\/www.anteprima24.it\/archivio\/avellino\/quarantacinque-nuovi-alloggi-picarelli-festa-amministrazione-foti-smemorata\/\"]}]},{\"@type\":\"ImageObject\",\"inLanguage\":\"it-IT\",\"@id\":\"https:\/\/www.anteprima24.it\/archivio\/avellino\/quarantacinque-nuovi-alloggi-picarelli-festa-amministrazione-foti-smemorata\/#primaryimage\",\"url\":\"https:\/\/www.anteprima24.it\/archivio\/wp-content\/uploads\/2017\/06\/housing-sociale-bologna-progetto-casa-senzatetto.jpg\",\"contentUrl\":\"https:\/\/www.anteprima24.it\/archivio\/wp-content\/uploads\/2017\/06\/housing-sociale-bologna-progetto-casa-senzatetto.jpg\",\"width\":2122,\"height\":1415,\"caption\":\"Ecology house in hands\"},{\"@type\":\"BreadcrumbList\",\"@id\":\"https:\/\/www.anteprima24.it\/archivio\/avellino\/quarantacinque-nuovi-alloggi-picarelli-festa-amministrazione-foti-smemorata\/#breadcrumb\",\"itemListElement\":[{\"@type\":\"ListItem\",\"position\":1,\"name\":\"Home\",\"item\":\"https:\/\/www.anteprima24.it\/archivio\/\"},{\"@type\":\"ListItem\",\"position\":2,\"name\":\"Quarantacinque nuovi alloggi a Picarelli, Festa: Amministrazione Foti smemorata\"}]},{\"@type\":\"WebSite\",\"@id\":\"https:\/\/www.anteprima24.it\/archivio\/#website\",\"url\":\"https:\/\/www.anteprima24.it\/archivio\/\",\"name\":\"Anteprima24.it\",\"description\":\"\",\"potentialAction\":[{\"@type\":\"SearchAction\",\"target\":{\"@type\":\"EntryPoint\",\"urlTemplate\":\"https:\/\/www.anteprima24.it\/archivio\/?s={search_term_string}\"},\"query-input\":{\"@type\":\"PropertyValueSpecification\",\"valueRequired\":true,\"valueName\":\"search_term_string\"}}],\"inLanguage\":\"it-IT\"},{\"@type\":\"Person\",\"@id\":\"https:\/\/www.anteprima24.it\/archivio\/#\/schema\/person\/6bef30886cb2d9a0960471ab12d3c4ae\",\"name\":\"Paola Ricciarelli\",\"image\":{\"@type\":\"ImageObject\",\"inLanguage\":\"it-IT\",\"@id\":\"https:\/\/www.anteprima24.it\/archivio\/#\/schema\/person\/image\/\",\"url\":\"https:\/\/secure.gravatar.com\/avatar\/cffb04e317029dc9edb33c1475497c3a84618c115d9e14d513cc204dae1bad2f?s=96&d=mm&r=g\",\"contentUrl\":\"https:\/\/secure.gravatar.com\/avatar\/cffb04e317029dc9edb33c1475497c3a84618c115d9e14d513cc204dae1bad2f?s=96&d=mm&r=g\",\"caption\":\"Paola Ricciarelli\"},\"url\":\"https:\/\/www.anteprima24.it\/archivio\/author\/paola-ricciarelli\/\"}]}<\/script>\n<!-- \/ Yoast SEO plugin. -->","yoast_head_json":{"title":"Quarantacinque nuovi alloggi a Picarelli, Festa: Amministrazione Foti smemorata - Anteprima24.it","robots":{"index":"index","follow":"follow","max-snippet":"max-snippet:-1","max-image-preview":"max-image-preview:large","max-video-preview":"max-video-preview:-1"},"canonical":"https:\/\/www.anteprima24.it\/archivio\/avellino\/quarantacinque-nuovi-alloggi-picarelli-festa-amministrazione-foti-smemorata\/","og_locale":"it_IT","og_type":"article","og_title":"Quarantacinque nuovi alloggi a Picarelli, Festa: Amministrazione Foti smemorata - Anteprima24.it","og_description":"Avellino &#8211; Almeno sulla carta ci sono i 45 alloggi previsti dal programma di edilizia residenziale sociale \u201cSocial Housing Picarelli\u201d per la rinascita del quartiere periferico dimenticato da troppo tempo. Le abitazioni saranno realizzate con criteri assolutamente moderni e saranno una risposta concreata alle esigenze di 160 abitanti. Un percorso avviato gi\u00e0 dalla passata amministrazione [&hellip;]","og_url":"https:\/\/www.anteprima24.it\/archivio\/avellino\/quarantacinque-nuovi-alloggi-picarelli-festa-amministrazione-foti-smemorata\/","og_site_name":"Anteprima24.it","article_published_time":"2017-06-17T18:47:43+00:00","og_image":[{"width":2122,"height":1415,"url":"https:\/\/www.anteprima24.it\/archivio\/wp-content\/uploads\/2017\/06\/housing-sociale-bologna-progetto-casa-senzatetto.jpg","type":"image\/jpeg"}],"author":"Paola Ricciarelli","twitter_card":"summary_large_image","twitter_misc":{"Scritto da":"Paola Ricciarelli","Tempo di lettura stimato":"2 minuti"},"schema":{"@context":"https:\/\/schema.org","@graph":[{"@type":"Article","@id":"https:\/\/www.anteprima24.it\/archivio\/avellino\/quarantacinque-nuovi-alloggi-picarelli-festa-amministrazione-foti-smemorata\/#article","isPartOf":{"@id":"https:\/\/www.anteprima24.it\/archivio\/avellino\/quarantacinque-nuovi-alloggi-picarelli-festa-amministrazione-foti-smemorata\/"},"author":{"name":"Paola Ricciarelli","@id":"https:\/\/www.anteprima24.it\/archivio\/#\/schema\/person\/6bef30886cb2d9a0960471ab12d3c4ae"},"headline":"Quarantacinque nuovi alloggi a Picarelli, Festa: Amministrazione Foti smemorata","datePublished":"2017-06-17T18:47:43+00:00","mainEntityOfPage":{"@id":"https:\/\/www.anteprima24.it\/archivio\/avellino\/quarantacinque-nuovi-alloggi-picarelli-festa-amministrazione-foti-smemorata\/"},"wordCount":324,"commentCount":0,"image":{"@id":"https:\/\/www.anteprima24.it\/archivio\/avellino\/quarantacinque-nuovi-alloggi-picarelli-festa-amministrazione-foti-smemorata\/#primaryimage"},"thumbnailUrl":"https:\/\/www.anteprima24.it\/archivio\/wp-content\/uploads\/2017\/06\/housing-sociale-bologna-progetto-casa-senzatetto.jpg","keywords":["Avellino","housing sociale"],"articleSection":["Attualit\u00e0 Avellino","Avellino","Politica Avellino","Primo Piano Avellino"],"inLanguage":"it-IT","potentialAction":[{"@type":"CommentAction","name":"Comment","target":["https:\/\/www.anteprima24.it\/archivio\/avellino\/quarantacinque-nuovi-alloggi-picarelli-festa-amministrazione-foti-smemorata\/#respond"]}]},{"@type":"WebPage","@id":"https:\/\/www.anteprima24.it\/archivio\/avellino\/quarantacinque-nuovi-alloggi-picarelli-festa-amministrazione-foti-smemorata\/","url":"https:\/\/www.anteprima24.it\/archivio\/avellino\/quarantacinque-nuovi-alloggi-picarelli-festa-amministrazione-foti-smemorata\/","name":"Quarantacinque nuovi alloggi a Picarelli, Festa: Amministrazione Foti smemorata - Anteprima24.it","isPartOf":{"@id":"https:\/\/www.anteprima24.it\/archivio\/#website"},"primaryImageOfPage":{"@id":"https:\/\/www.anteprima24.it\/archivio\/avellino\/quarantacinque-nuovi-alloggi-picarelli-festa-amministrazione-foti-smemorata\/#primaryimage"},"image":{"@id":"https:\/\/www.anteprima24.it\/archivio\/avellino\/quarantacinque-nuovi-alloggi-picarelli-festa-amministrazione-foti-smemorata\/#primaryimage"},"thumbnailUrl":"https:\/\/www.anteprima24.it\/archivio\/wp-content\/uploads\/2017\/06\/housing-sociale-bologna-progetto-casa-senzatetto.jpg","datePublished":"2017-06-17T18:47:43+00:00","author":{"@id":"https:\/\/www.anteprima24.it\/archivio\/#\/schema\/person\/6bef30886cb2d9a0960471ab12d3c4ae"},"breadcrumb":{"@id":"https:\/\/www.anteprima24.it\/archivio\/avellino\/quarantacinque-nuovi-alloggi-picarelli-festa-amministrazione-foti-smemorata\/#breadcrumb"},"inLanguage":"it-IT","potentialAction":[{"@type":"ReadAction","target":["https:\/\/www.anteprima24.it\/archivio\/avellino\/quarantacinque-nuovi-alloggi-picarelli-festa-amministrazione-foti-smemorata\/"]}]},{"@type":"ImageObject","inLanguage":"it-IT","@id":"https:\/\/www.anteprima24.it\/archivio\/avellino\/quarantacinque-nuovi-alloggi-picarelli-festa-amministrazione-foti-smemorata\/#primaryimage","url":"https:\/\/www.anteprima24.it\/archivio\/wp-content\/uploads\/2017\/06\/housing-sociale-bologna-progetto-casa-senzatetto.jpg","contentUrl":"https:\/\/www.anteprima24.it\/archivio\/wp-content\/uploads\/2017\/06\/housing-sociale-bologna-progetto-casa-senzatetto.jpg","width":2122,"height":1415,"caption":"Ecology house in hands"},{"@type":"BreadcrumbList","@id":"https:\/\/www.anteprima24.it\/archivio\/avellino\/quarantacinque-nuovi-alloggi-picarelli-festa-amministrazione-foti-smemorata\/#breadcrumb","itemListElement":[{"@type":"ListItem","position":1,"name":"Home","item":"https:\/\/www.anteprima24.it\/archivio\/"},{"@type":"ListItem","position":2,"name":"Quarantacinque nuovi alloggi a Picarelli, Festa: Amministrazione Foti smemorata"}]},{"@type":"WebSite","@id":"https:\/\/www.anteprima24.it\/archivio\/#website","url":"https:\/\/www.anteprima24.it\/archivio\/","name":"Anteprima24.it","description":"","potentialAction":[{"@type":"SearchAction","target":{"@type":"EntryPoint","urlTemplate":"https:\/\/www.anteprima24.it\/archivio\/?s={search_term_string}"},"query-input":{"@type":"PropertyValueSpecification","valueRequired":true,"valueName":"search_term_string"}}],"inLanguage":"it-IT"},{"@type":"Person","@id":"https:\/\/www.anteprima24.it\/archivio\/#\/schema\/person\/6bef30886cb2d9a0960471ab12d3c4ae","name":"Paola Ricciarelli","image":{"@type":"ImageObject","inLanguage":"it-IT","@id":"https:\/\/www.anteprima24.it\/archivio\/#\/schema\/person\/image\/","url":"https:\/\/secure.gravatar.com\/avatar\/cffb04e317029dc9edb33c1475497c3a84618c115d9e14d513cc204dae1bad2f?s=96&d=mm&r=g","contentUrl":"https:\/\/secure.gravatar.com\/avatar\/cffb04e317029dc9edb33c1475497c3a84618c115d9e14d513cc204dae1bad2f?s=96&d=mm&r=g","caption":"Paola Ricciarelli"},"url":"https:\/\/www.anteprima24.it\/archivio\/author\/paola-ricciarelli\/"}]}},"_links":{"self":[{"href":"https:\/\/www.anteprima24.it\/archivio\/wp-json\/wp\/v2\/posts\/10149","targetHints":{"allow":["GET"]}}],"collection":[{"href":"https:\/\/www.anteprima24.it\/archivio\/wp-json\/wp\/v2\/posts"}],"about":[{"href":"https:\/\/www.anteprima24.it\/archivio\/wp-json\/wp\/v2\/types\/post"}],"author":[{"embeddable":true,"href":"https:\/\/www.anteprima24.it\/archivio\/wp-json\/wp\/v2\/users\/25"}],"replies":[{"embeddable":true,"href":"https:\/\/www.anteprima24.it\/archivio\/wp-json\/wp\/v2\/comments?post=10149"}],"version-history":[{"count":0,"href":"https:\/\/www.anteprima24.it\/archivio\/wp-json\/wp\/v2\/posts\/10149\/revisions"}],"wp:featuredmedia":[{"embeddable":true,"href":"https:\/\/www.anteprima24.it\/archivio\/wp-json\/wp\/v2\/media\/10150"}],"wp:attachment":[{"href":"https:\/\/www.anteprima24.it\/archivio\/wp-json\/wp\/v2\/media?parent=10149"}],"wp:term":[{"taxonomy":"category","embeddable":true,"href":"https:\/\/www.anteprima24.it\/archivio\/wp-json\/wp\/v2\/categories?post=10149"},{"taxonomy":"post_tag","embeddable":true,"href":"https:\/\/www.anteprima24.it\/archivio\/wp-json\/wp\/v2\/tags?post=10149"}],"curies":[{"name":"wp","href":"https:\/\/api.w.org\/{rel}","templated":true}]}}