{"id":103028,"date":"2017-12-22T00:10:10","date_gmt":"2017-12-21T22:10:10","guid":{"rendered":"http:\/\/www.anteprima24.it\/?p=103028"},"modified":"2017-12-22T00:12:48","modified_gmt":"2017-12-21T22:12:48","slug":"avellino-novellino-8","status":"publish","type":"post","link":"https:\/\/www.anteprima24.it\/archivio\/avellino\/avellino-novellino-8\/","title":{"rendered":"Avellino, Novellino mastica amaro: &#8220;Non si pu\u00f2 prendere un gol del genere&#8221;"},"content":{"rendered":"<span class=\"span-reading-time rt-reading-time\" style=\"display: block;\"><span class=\"rt-label rt-prefix\">Tempo di lettura: <\/span> <span class=\"rt-time\"> &lt; 1<\/span> <span class=\"rt-label rt-postfix\">minuto<\/span><\/span><p style=\"text-align: justify\">La Spezia &#8211; &#8220;<em>Siamo partiti, ma poi il gol ci ha tagliato le gambe. Lo Spezia si \u00e8 chiuso bene, ma ora ci vuole qualcosa in pi\u00f9<\/em>&#8220;. Cos\u00ec <strong>Walter Novellino<\/strong> al termine della sfida del Picco <a href=\"http:\/\/www.anteprima24.it\/regione\/avellino-spezia\/\"><strong>(leggi qui)<\/strong><\/a> persa dai biancoverdi: &#8220;<em>Non riusciamo a vincere<\/em> &#8211; continua &#8211; <em>I ragazzi hanno dato tutto, ma bisogna tenere considerare anche le molteplici assenze. Al di l\u00e0 delle scelte \u00e8 stata preparata bene, tutto il gol ha condizionato tutto, \u00e8 chiaro che sul gol potevamo fare qualcosina in pi\u00f9. Bisogna rifletterci, non si pu\u00f2 prendere un gol cos\u00ec. Abbiamo cercato di dare maggior ampiezza con il 3-5-2 e con l&#8217;ingresso delle due punte, ma non siamo riusciti nell&#8217;impresa&#8221;.<\/em><\/p>\n<p style=\"text-align: justify\"><em>&#8220;Di solito queste partite le portiamo a casa\u00a0<\/em>&#8211; continua Novellino &#8211;\u00a0<em>In questo momento manca quella qualit\u00e0 in pi\u00f9 per trovare un p\u00f2 di libert\u00e0 mentale. Si pu\u00f2 prendere gol, ma si pu\u00f2 anche ribaltare la gara. Lo Spezia si \u00e8 chiuso bene, abbiamo fatto un passo indietro rispetto alla partita contro l&#8217;Ascoli&#8221;.<\/em><\/p>\n","protected":false},"excerpt":{"rendered":"<p>La Spezia &#8211; &#8220;Siamo partiti, ma poi il gol ci ha tagliato le gambe. Lo Spezia si \u00e8 chiuso bene, ma ora ci vuole qualcosa in pi\u00f9&#8220;. Cos\u00ec Walter Novellino al termine della sfida del Picco (leggi qui) persa dai biancoverdi: &#8220;Non riusciamo a vincere &#8211; continua &#8211; I ragazzi hanno dato tutto, ma bisogna [&hellip;]<\/p>\n","protected":false},"author":24,"featured_media":48311,"comment_status":"open","ping_status":"open","sticky":false,"template":"","format":"standard","meta":{"_monsterinsights_skip_tracking":false,"_monsterinsights_sitenote_active":false,"_monsterinsights_sitenote_note":"","_monsterinsights_sitenote_category":0,"ngg_post_thumbnail":0,"footnotes":""},"categories":[4,271,1200,1455,1384,275],"tags":[7246,285,897,16641,16446,7526],"class_list":{"0":"post-103028","1":"post","2":"type-post","3":"status-publish","4":"format-standard","5":"has-post-thumbnail","7":"category-avellino","8":"category-regione","9":"category-serie-b","10":"category-serie-d-sport-avellino","11":"category-sport-avellino","12":"category-sport","13":"tag-ardemagni","14":"tag-avellino","15":"tag-avellino-calcio","16":"tag-marilungo","17":"tag-spezia-avellino","18":"tag-walter-novellino"},"yoast_head":"<!-- This site is optimized with the Yoast SEO plugin v26.8 - https:\/\/yoast.com\/product\/yoast-seo-wordpress\/ -->\n<title>Avellino, Novellino mastica amaro: &quot;Non si pu\u00f2 prendere un gol del genere&quot;<\/title>\n<meta name=\"description\" content=\"&quot;Siamo partiti, ma poi il gol ci ha tagliato le gambe. Lo Spezia si \u00e8 chiuso bene, ma ora ci vuole qualcosa in pi\u00f9&quot;. Cos\u00ec Walter Novellino.\" \/>\n<meta name=\"robots\" content=\"index, follow, max-snippet:-1, max-image-preview:large, max-video-preview:-1\" \/>\n<link rel=\"canonical\" href=\"https:\/\/www.anteprima24.it\/archivio\/avellino\/avellino-novellino-8\/\" \/>\n<meta property=\"og:locale\" content=\"it_IT\" \/>\n<meta property=\"og:type\" content=\"article\" \/>\n<meta property=\"og:title\" content=\"Avellino, Novellino mastica amaro: &quot;Non si pu\u00f2 prendere un gol del genere&quot;\" \/>\n<meta property=\"og:description\" content=\"&quot;Siamo partiti, ma poi il gol ci ha tagliato le gambe. Lo Spezia si \u00e8 chiuso bene, ma ora ci vuole qualcosa in pi\u00f9&quot;. Cos\u00ec Walter Novellino.\" \/>\n<meta property=\"og:url\" content=\"https:\/\/www.anteprima24.it\/archivio\/avellino\/avellino-novellino-8\/\" \/>\n<meta property=\"og:site_name\" content=\"Anteprima24.it\" \/>\n<meta property=\"article:published_time\" content=\"2017-12-21T22:10:10+00:00\" \/>\n<meta property=\"article:modified_time\" content=\"2017-12-21T22:12:48+00:00\" \/>\n<meta property=\"og:image\" content=\"https:\/\/www.anteprima24.it\/archivio\/wp-content\/uploads\/2017\/09\/Novellino.jpg\" \/>\n\t<meta property=\"og:image:width\" content=\"720\" \/>\n\t<meta property=\"og:image:height\" content=\"480\" \/>\n\t<meta property=\"og:image:type\" content=\"image\/jpeg\" \/>\n<meta name=\"author\" content=\"Antonio Tedeschi\" \/>\n<meta name=\"twitter:card\" content=\"summary_large_image\" \/>\n<meta name=\"twitter:label1\" content=\"Scritto da\" \/>\n\t<meta name=\"twitter:data1\" content=\"Antonio Tedeschi\" \/>\n\t<meta name=\"twitter:label2\" content=\"Tempo di lettura stimato\" \/>\n\t<meta name=\"twitter:data2\" content=\"1 minuto\" \/>\n<script type=\"application\/ld+json\" class=\"yoast-schema-graph\">{\"@context\":\"https:\/\/schema.org\",\"@graph\":[{\"@type\":\"Article\",\"@id\":\"https:\/\/www.anteprima24.it\/archivio\/avellino\/avellino-novellino-8\/#article\",\"isPartOf\":{\"@id\":\"https:\/\/www.anteprima24.it\/archivio\/avellino\/avellino-novellino-8\/\"},\"author\":{\"name\":\"Antonio Tedeschi\",\"@id\":\"https:\/\/www.anteprima24.it\/archivio\/#\/schema\/person\/30fcc8a4138521844ae98ad9d137afdf\"},\"headline\":\"Avellino, Novellino mastica amaro: &#8220;Non si pu\u00f2 prendere un gol del genere&#8221;\",\"datePublished\":\"2017-12-21T22:10:10+00:00\",\"dateModified\":\"2017-12-21T22:12:48+00:00\",\"mainEntityOfPage\":{\"@id\":\"https:\/\/www.anteprima24.it\/archivio\/avellino\/avellino-novellino-8\/\"},\"wordCount\":181,\"commentCount\":0,\"image\":{\"@id\":\"https:\/\/www.anteprima24.it\/archivio\/avellino\/avellino-novellino-8\/#primaryimage\"},\"thumbnailUrl\":\"https:\/\/www.anteprima24.it\/archivio\/wp-content\/uploads\/2017\/09\/Novellino.jpg\",\"keywords\":[\"Ardemagni\",\"Avellino\",\"Avellino Calcio\",\"Marilungo\",\"Spezia-Avellino\",\"Walter Novellino\"],\"articleSection\":[\"Avellino\",\"Regione\",\"Serie B Regione\",\"Serie C Avellino\",\"Sport Avellino\",\"Sport Regione\"],\"inLanguage\":\"it-IT\",\"potentialAction\":[{\"@type\":\"CommentAction\",\"name\":\"Comment\",\"target\":[\"https:\/\/www.anteprima24.it\/archivio\/avellino\/avellino-novellino-8\/#respond\"]}]},{\"@type\":\"WebPage\",\"@id\":\"https:\/\/www.anteprima24.it\/archivio\/avellino\/avellino-novellino-8\/\",\"url\":\"https:\/\/www.anteprima24.it\/archivio\/avellino\/avellino-novellino-8\/\",\"name\":\"Avellino, Novellino mastica amaro: \\\"Non si pu\u00f2 prendere un gol del genere\\\"\",\"isPartOf\":{\"@id\":\"https:\/\/www.anteprima24.it\/archivio\/#website\"},\"primaryImageOfPage\":{\"@id\":\"https:\/\/www.anteprima24.it\/archivio\/avellino\/avellino-novellino-8\/#primaryimage\"},\"image\":{\"@id\":\"https:\/\/www.anteprima24.it\/archivio\/avellino\/avellino-novellino-8\/#primaryimage\"},\"thumbnailUrl\":\"https:\/\/www.anteprima24.it\/archivio\/wp-content\/uploads\/2017\/09\/Novellino.jpg\",\"datePublished\":\"2017-12-21T22:10:10+00:00\",\"dateModified\":\"2017-12-21T22:12:48+00:00\",\"author\":{\"@id\":\"https:\/\/www.anteprima24.it\/archivio\/#\/schema\/person\/30fcc8a4138521844ae98ad9d137afdf\"},\"description\":\"\\\"Siamo partiti, ma poi il gol ci ha tagliato le gambe. Lo Spezia si \u00e8 chiuso bene, ma ora ci vuole qualcosa in pi\u00f9\\\". Cos\u00ec Walter Novellino.\",\"breadcrumb\":{\"@id\":\"https:\/\/www.anteprima24.it\/archivio\/avellino\/avellino-novellino-8\/#breadcrumb\"},\"inLanguage\":\"it-IT\",\"potentialAction\":[{\"@type\":\"ReadAction\",\"target\":[\"https:\/\/www.anteprima24.it\/archivio\/avellino\/avellino-novellino-8\/\"]}]},{\"@type\":\"ImageObject\",\"inLanguage\":\"it-IT\",\"@id\":\"https:\/\/www.anteprima24.it\/archivio\/avellino\/avellino-novellino-8\/#primaryimage\",\"url\":\"https:\/\/www.anteprima24.it\/archivio\/wp-content\/uploads\/2017\/09\/Novellino.jpg\",\"contentUrl\":\"https:\/\/www.anteprima24.it\/archivio\/wp-content\/uploads\/2017\/09\/Novellino.jpg\",\"width\":720,\"height\":480},{\"@type\":\"BreadcrumbList\",\"@id\":\"https:\/\/www.anteprima24.it\/archivio\/avellino\/avellino-novellino-8\/#breadcrumb\",\"itemListElement\":[{\"@type\":\"ListItem\",\"position\":1,\"name\":\"Home\",\"item\":\"https:\/\/www.anteprima24.it\/archivio\/\"},{\"@type\":\"ListItem\",\"position\":2,\"name\":\"Avellino, Novellino mastica amaro: &#8220;Non si pu\u00f2 prendere un gol del genere&#8221;\"}]},{\"@type\":\"WebSite\",\"@id\":\"https:\/\/www.anteprima24.it\/archivio\/#website\",\"url\":\"https:\/\/www.anteprima24.it\/archivio\/\",\"name\":\"Anteprima24.it\",\"description\":\"\",\"potentialAction\":[{\"@type\":\"SearchAction\",\"target\":{\"@type\":\"EntryPoint\",\"urlTemplate\":\"https:\/\/www.anteprima24.it\/archivio\/?s={search_term_string}\"},\"query-input\":{\"@type\":\"PropertyValueSpecification\",\"valueRequired\":true,\"valueName\":\"search_term_string\"}}],\"inLanguage\":\"it-IT\"},{\"@type\":\"Person\",\"@id\":\"https:\/\/www.anteprima24.it\/archivio\/#\/schema\/person\/30fcc8a4138521844ae98ad9d137afdf\",\"name\":\"Antonio Tedeschi\",\"image\":{\"@type\":\"ImageObject\",\"inLanguage\":\"it-IT\",\"@id\":\"https:\/\/www.anteprima24.it\/archivio\/#\/schema\/person\/image\/\",\"url\":\"https:\/\/secure.gravatar.com\/avatar\/45372818180df7341e181ce77faeeb16e07236ab151a43b41f99b910f3582b12?s=96&d=mm&r=g\",\"contentUrl\":\"https:\/\/secure.gravatar.com\/avatar\/45372818180df7341e181ce77faeeb16e07236ab151a43b41f99b910f3582b12?s=96&d=mm&r=g\",\"caption\":\"Antonio Tedeschi\"},\"url\":\"https:\/\/www.anteprima24.it\/archivio\/author\/antoniotedeschi\/\"}]}<\/script>\n<!-- \/ Yoast SEO plugin. -->","yoast_head_json":{"title":"Avellino, Novellino mastica amaro: \"Non si pu\u00f2 prendere un gol del genere\"","description":"\"Siamo partiti, ma poi il gol ci ha tagliato le gambe. Lo Spezia si \u00e8 chiuso bene, ma ora ci vuole qualcosa in pi\u00f9\". Cos\u00ec Walter Novellino.","robots":{"index":"index","follow":"follow","max-snippet":"max-snippet:-1","max-image-preview":"max-image-preview:large","max-video-preview":"max-video-preview:-1"},"canonical":"https:\/\/www.anteprima24.it\/archivio\/avellino\/avellino-novellino-8\/","og_locale":"it_IT","og_type":"article","og_title":"Avellino, Novellino mastica amaro: \"Non si pu\u00f2 prendere un gol del genere\"","og_description":"\"Siamo partiti, ma poi il gol ci ha tagliato le gambe. Lo Spezia si \u00e8 chiuso bene, ma ora ci vuole qualcosa in pi\u00f9\". Cos\u00ec Walter Novellino.","og_url":"https:\/\/www.anteprima24.it\/archivio\/avellino\/avellino-novellino-8\/","og_site_name":"Anteprima24.it","article_published_time":"2017-12-21T22:10:10+00:00","article_modified_time":"2017-12-21T22:12:48+00:00","og_image":[{"width":720,"height":480,"url":"https:\/\/www.anteprima24.it\/archivio\/wp-content\/uploads\/2017\/09\/Novellino.jpg","type":"image\/jpeg"}],"author":"Antonio Tedeschi","twitter_card":"summary_large_image","twitter_misc":{"Scritto da":"Antonio Tedeschi","Tempo di lettura stimato":"1 minuto"},"schema":{"@context":"https:\/\/schema.org","@graph":[{"@type":"Article","@id":"https:\/\/www.anteprima24.it\/archivio\/avellino\/avellino-novellino-8\/#article","isPartOf":{"@id":"https:\/\/www.anteprima24.it\/archivio\/avellino\/avellino-novellino-8\/"},"author":{"name":"Antonio Tedeschi","@id":"https:\/\/www.anteprima24.it\/archivio\/#\/schema\/person\/30fcc8a4138521844ae98ad9d137afdf"},"headline":"Avellino, Novellino mastica amaro: &#8220;Non si pu\u00f2 prendere un gol del genere&#8221;","datePublished":"2017-12-21T22:10:10+00:00","dateModified":"2017-12-21T22:12:48+00:00","mainEntityOfPage":{"@id":"https:\/\/www.anteprima24.it\/archivio\/avellino\/avellino-novellino-8\/"},"wordCount":181,"commentCount":0,"image":{"@id":"https:\/\/www.anteprima24.it\/archivio\/avellino\/avellino-novellino-8\/#primaryimage"},"thumbnailUrl":"https:\/\/www.anteprima24.it\/archivio\/wp-content\/uploads\/2017\/09\/Novellino.jpg","keywords":["Ardemagni","Avellino","Avellino Calcio","Marilungo","Spezia-Avellino","Walter Novellino"],"articleSection":["Avellino","Regione","Serie B Regione","Serie C Avellino","Sport Avellino","Sport Regione"],"inLanguage":"it-IT","potentialAction":[{"@type":"CommentAction","name":"Comment","target":["https:\/\/www.anteprima24.it\/archivio\/avellino\/avellino-novellino-8\/#respond"]}]},{"@type":"WebPage","@id":"https:\/\/www.anteprima24.it\/archivio\/avellino\/avellino-novellino-8\/","url":"https:\/\/www.anteprima24.it\/archivio\/avellino\/avellino-novellino-8\/","name":"Avellino, Novellino mastica amaro: \"Non si pu\u00f2 prendere un gol del genere\"","isPartOf":{"@id":"https:\/\/www.anteprima24.it\/archivio\/#website"},"primaryImageOfPage":{"@id":"https:\/\/www.anteprima24.it\/archivio\/avellino\/avellino-novellino-8\/#primaryimage"},"image":{"@id":"https:\/\/www.anteprima24.it\/archivio\/avellino\/avellino-novellino-8\/#primaryimage"},"thumbnailUrl":"https:\/\/www.anteprima24.it\/archivio\/wp-content\/uploads\/2017\/09\/Novellino.jpg","datePublished":"2017-12-21T22:10:10+00:00","dateModified":"2017-12-21T22:12:48+00:00","author":{"@id":"https:\/\/www.anteprima24.it\/archivio\/#\/schema\/person\/30fcc8a4138521844ae98ad9d137afdf"},"description":"\"Siamo partiti, ma poi il gol ci ha tagliato le gambe. Lo Spezia si \u00e8 chiuso bene, ma ora ci vuole qualcosa in pi\u00f9\". Cos\u00ec Walter Novellino.","breadcrumb":{"@id":"https:\/\/www.anteprima24.it\/archivio\/avellino\/avellino-novellino-8\/#breadcrumb"},"inLanguage":"it-IT","potentialAction":[{"@type":"ReadAction","target":["https:\/\/www.anteprima24.it\/archivio\/avellino\/avellino-novellino-8\/"]}]},{"@type":"ImageObject","inLanguage":"it-IT","@id":"https:\/\/www.anteprima24.it\/archivio\/avellino\/avellino-novellino-8\/#primaryimage","url":"https:\/\/www.anteprima24.it\/archivio\/wp-content\/uploads\/2017\/09\/Novellino.jpg","contentUrl":"https:\/\/www.anteprima24.it\/archivio\/wp-content\/uploads\/2017\/09\/Novellino.jpg","width":720,"height":480},{"@type":"BreadcrumbList","@id":"https:\/\/www.anteprima24.it\/archivio\/avellino\/avellino-novellino-8\/#breadcrumb","itemListElement":[{"@type":"ListItem","position":1,"name":"Home","item":"https:\/\/www.anteprima24.it\/archivio\/"},{"@type":"ListItem","position":2,"name":"Avellino, Novellino mastica amaro: &#8220;Non si pu\u00f2 prendere un gol del genere&#8221;"}]},{"@type":"WebSite","@id":"https:\/\/www.anteprima24.it\/archivio\/#website","url":"https:\/\/www.anteprima24.it\/archivio\/","name":"Anteprima24.it","description":"","potentialAction":[{"@type":"SearchAction","target":{"@type":"EntryPoint","urlTemplate":"https:\/\/www.anteprima24.it\/archivio\/?s={search_term_string}"},"query-input":{"@type":"PropertyValueSpecification","valueRequired":true,"valueName":"search_term_string"}}],"inLanguage":"it-IT"},{"@type":"Person","@id":"https:\/\/www.anteprima24.it\/archivio\/#\/schema\/person\/30fcc8a4138521844ae98ad9d137afdf","name":"Antonio Tedeschi","image":{"@type":"ImageObject","inLanguage":"it-IT","@id":"https:\/\/www.anteprima24.it\/archivio\/#\/schema\/person\/image\/","url":"https:\/\/secure.gravatar.com\/avatar\/45372818180df7341e181ce77faeeb16e07236ab151a43b41f99b910f3582b12?s=96&d=mm&r=g","contentUrl":"https:\/\/secure.gravatar.com\/avatar\/45372818180df7341e181ce77faeeb16e07236ab151a43b41f99b910f3582b12?s=96&d=mm&r=g","caption":"Antonio Tedeschi"},"url":"https:\/\/www.anteprima24.it\/archivio\/author\/antoniotedeschi\/"}]}},"_links":{"self":[{"href":"https:\/\/www.anteprima24.it\/archivio\/wp-json\/wp\/v2\/posts\/103028","targetHints":{"allow":["GET"]}}],"collection":[{"href":"https:\/\/www.anteprima24.it\/archivio\/wp-json\/wp\/v2\/posts"}],"about":[{"href":"https:\/\/www.anteprima24.it\/archivio\/wp-json\/wp\/v2\/types\/post"}],"author":[{"embeddable":true,"href":"https:\/\/www.anteprima24.it\/archivio\/wp-json\/wp\/v2\/users\/24"}],"replies":[{"embeddable":true,"href":"https:\/\/www.anteprima24.it\/archivio\/wp-json\/wp\/v2\/comments?post=103028"}],"version-history":[{"count":0,"href":"https:\/\/www.anteprima24.it\/archivio\/wp-json\/wp\/v2\/posts\/103028\/revisions"}],"wp:featuredmedia":[{"embeddable":true,"href":"https:\/\/www.anteprima24.it\/archivio\/wp-json\/wp\/v2\/media\/48311"}],"wp:attachment":[{"href":"https:\/\/www.anteprima24.it\/archivio\/wp-json\/wp\/v2\/media?parent=103028"}],"wp:term":[{"taxonomy":"category","embeddable":true,"href":"https:\/\/www.anteprima24.it\/archivio\/wp-json\/wp\/v2\/categories?post=103028"},{"taxonomy":"post_tag","embeddable":true,"href":"https:\/\/www.anteprima24.it\/archivio\/wp-json\/wp\/v2\/tags?post=103028"}],"curies":[{"name":"wp","href":"https:\/\/api.w.org\/{rel}","templated":true}]}}