{"id":103281,"date":"2017-12-22T19:15:16","date_gmt":"2017-12-22T17:15:16","guid":{"rendered":"http:\/\/www.anteprima24.it\/?p=103281"},"modified":"2017-12-22T19:15:16","modified_gmt":"2017-12-22T17:15:16","slug":"avellino-taccone-2","status":"publish","type":"post","link":"https:\/\/www.anteprima24.it\/archivio\/avellino\/avellino-taccone-2\/","title":{"rendered":"Avellino, Taccone: &#8220;Ferullo via dalla societ\u00e0 per preservare la sua incolumit\u00e0&#8221;"},"content":{"rendered":"<span class=\"span-reading-time rt-reading-time\" style=\"display: block;\"><span class=\"rt-label rt-prefix\">Tempo di lettura: <\/span> <span class=\"rt-time\"> 2<\/span> <span class=\"rt-label rt-postfix\">minuti<\/span><\/span><p style=\"text-align: justify\">Avellino &#8211; &#8220;<em>E&#8217; una pagina triste per la citt\u00e0 di Avellino<\/em>&#8221; cos\u00ec <strong>Walter Taccone<\/strong> al margine della presentazione del &#8220;II Trofeo Terre d\u2019Irpinia\u201d, manifestazione sportiva, promossa dalla Vis Montorese, che si disputer\u00e0 il 3, 4 e 5 gennaio 2018 allo Stadio \u201cPartenio-Lombardi\u201d. Il massimo esponente del club irpino ha detto arrivederci al socio di minoranza (15%, <em>ndr<\/em>.) <strong>Angelo Ferullo<\/strong>.<\/p>\n<p style=\"text-align: justify\">&#8220;<em>Ho dovuto rinunciare ad un socio soltanto perch\u00e9 a qualcuno non era simpatico<\/em> &#8211; continua il presidente Taccone &#8211;\u00a0<em>Gli ho chiesto di farsi da parte per salvare la sua incolumit\u00e0. E&#8217; stato minacciato pi\u00f9 volte, di certo questo non fa lustro alla nostra citt\u00e0. E&#8217; davvero una brutta pagina per tutta Avellino. Nonostante ci\u00f2 rester\u00e0 ad Avellino visto che stiamo facendo affari extracalcio&#8221;.<\/em><\/p>\n<p style=\"text-align: justify\">Taccone continua parlando della societ\u00e0: &#8220;<em>La mia idea resta tale non cedo il 100% del club\u00a0<\/em>&#8211; ammette il patron dei lupi &#8211;<em> Gubitosa?\u00a0<strong>Michele non aveva una proposta accettabile<\/strong>, vera, pro forma. Voleva comprare la societ\u00e0, diceva che non vale niente e poi chiedeva fideiussioni\u00a0e tante altre cose. Di soldi non ne abbiamo visti, non \u00e8 mai arrivata l&#8217;offerta di Gubitosa. Gli ho proposto il 90% aveva accettato, ma successivamente voleva l&#8217;intero pacchetto delle quote. E&#8217; una trattativa tramontata\u00a0del tutto&#8221;.<\/em><\/p>\n<p style=\"text-align: justify\">E sul processo <strong>Money Gate<\/strong>, Taccone, schiuma rabbia dopo la richiesta d&#8217;appello:<em> &#8220;E&#8217; la classifica sceneggiata italiana &#8211; <\/em>continua<em> &#8211;\u00a0<\/em><em>In questo momento qualcuno vuole salvaguardare la faccia, ma dopo tutto ci\u00f2 Taccone sapr\u00e0 cosa fare. Attendiamo&#8221;.<\/em><\/p>\n<p style=\"text-align: justify\">Taccone chiude con un pensiero sulle vicende calcistiche: &#8220;<em>Per me \u00e8 un fallimento, in questo momento stiamo lottando contro tutto e tutti. <strong>Nonostante i grandi sacrifici non vengono ripagato come vorrei<\/strong>. Parler\u00f2 alla squadra perch\u00e9 voglio uscire da questa situazione molto antipatica. Passati questi giorni di festa voglio che i ragazzi riprendano a giocare.\u00a0Ora non ci sono pi\u00f9 scuse, la partita con la Salernitana non si pu\u00f2 pi\u00f9 tirare in ballo, il pericolo retrocessione non c\u2019\u00e8 pi\u00f9. Novellino? Non \u00e8 in discussione, ma ora basta sono arrabbiato&#8221;.<\/em><\/p>\n","protected":false},"excerpt":{"rendered":"<p>Avellino &#8211; &#8220;E&#8217; una pagina triste per la citt\u00e0 di Avellino&#8221; cos\u00ec Walter Taccone al margine della presentazione del &#8220;II Trofeo Terre d\u2019Irpinia\u201d, manifestazione sportiva, promossa dalla Vis Montorese, che si disputer\u00e0 il 3, 4 e 5 gennaio 2018 allo Stadio \u201cPartenio-Lombardi\u201d. Il massimo esponente del club irpino ha detto arrivederci al socio di minoranza [&hellip;]<\/p>\n","protected":false},"author":24,"featured_media":103284,"comment_status":"open","ping_status":"open","sticky":false,"template":"","format":"standard","meta":{"_monsterinsights_skip_tracking":false,"_monsterinsights_sitenote_active":false,"_monsterinsights_sitenote_note":"","_monsterinsights_sitenote_category":0,"ngg_post_thumbnail":0,"footnotes":""},"categories":[4,788,271,1200,1455,1384,275],"tags":[13493,285,897,8106,7526,10066],"class_list":{"0":"post-103281","1":"post","2":"type-post","3":"status-publish","4":"format-standard","5":"has-post-thumbnail","7":"category-avellino","8":"category-primo-piano-avellino","9":"category-regione","10":"category-serie-b","11":"category-serie-d-sport-avellino","12":"category-sport-avellino","13":"category-sport","14":"tag-angelo-ferullo","15":"tag-avellino","16":"tag-avellino-calcio","17":"tag-comune-di-avellino","18":"tag-walter-novellino","19":"tag-walter-taccone"},"yoast_head":"<!-- This site is optimized with the Yoast SEO plugin v26.8 - https:\/\/yoast.com\/product\/yoast-seo-wordpress\/ -->\n<title>Avellino, Taccone: &quot;Ferullo via dalla societ\u00e0 per preservare la sua incolumit\u00e0&quot;<\/title>\n<meta name=\"description\" content=\"Il massimo esponente del club irpino ha detto arrivederci al socio di minoranza (15%, ndr.) Angelo Ferullo, che ha lasciato il club quest&#039;oggi.\" \/>\n<meta name=\"robots\" content=\"index, follow, max-snippet:-1, max-image-preview:large, max-video-preview:-1\" \/>\n<link rel=\"canonical\" href=\"https:\/\/www.anteprima24.it\/archivio\/avellino\/avellino-taccone-2\/\" \/>\n<meta property=\"og:locale\" content=\"it_IT\" \/>\n<meta property=\"og:type\" content=\"article\" \/>\n<meta property=\"og:title\" content=\"Avellino, Taccone: &quot;Ferullo via dalla societ\u00e0 per preservare la sua incolumit\u00e0&quot;\" \/>\n<meta property=\"og:description\" content=\"Il massimo esponente del club irpino ha detto arrivederci al socio di minoranza (15%, ndr.) Angelo Ferullo, che ha lasciato il club quest&#039;oggi.\" \/>\n<meta property=\"og:url\" content=\"https:\/\/www.anteprima24.it\/archivio\/avellino\/avellino-taccone-2\/\" \/>\n<meta property=\"og:site_name\" content=\"Anteprima24.it\" \/>\n<meta property=\"article:published_time\" content=\"2017-12-22T17:15:16+00:00\" \/>\n<meta property=\"og:image\" content=\"https:\/\/www.anteprima24.it\/archivio\/wp-content\/uploads\/2017\/12\/25991331_10214769344931302_156454340_o.jpg\" \/>\n\t<meta property=\"og:image:width\" content=\"2048\" \/>\n\t<meta property=\"og:image:height\" content=\"1477\" \/>\n\t<meta property=\"og:image:type\" content=\"image\/jpeg\" \/>\n<meta name=\"author\" content=\"Antonio Tedeschi\" \/>\n<meta name=\"twitter:card\" content=\"summary_large_image\" \/>\n<meta name=\"twitter:label1\" content=\"Scritto da\" \/>\n\t<meta name=\"twitter:data1\" content=\"Antonio Tedeschi\" \/>\n\t<meta name=\"twitter:label2\" content=\"Tempo di lettura stimato\" \/>\n\t<meta name=\"twitter:data2\" content=\"2 minuti\" \/>\n<script type=\"application\/ld+json\" class=\"yoast-schema-graph\">{\"@context\":\"https:\/\/schema.org\",\"@graph\":[{\"@type\":\"Article\",\"@id\":\"https:\/\/www.anteprima24.it\/archivio\/avellino\/avellino-taccone-2\/#article\",\"isPartOf\":{\"@id\":\"https:\/\/www.anteprima24.it\/archivio\/avellino\/avellino-taccone-2\/\"},\"author\":{\"name\":\"Antonio Tedeschi\",\"@id\":\"https:\/\/www.anteprima24.it\/archivio\/#\/schema\/person\/30fcc8a4138521844ae98ad9d137afdf\"},\"headline\":\"Avellino, Taccone: &#8220;Ferullo via dalla societ\u00e0 per preservare la sua incolumit\u00e0&#8221;\",\"datePublished\":\"2017-12-22T17:15:16+00:00\",\"mainEntityOfPage\":{\"@id\":\"https:\/\/www.anteprima24.it\/archivio\/avellino\/avellino-taccone-2\/\"},\"wordCount\":336,\"commentCount\":0,\"image\":{\"@id\":\"https:\/\/www.anteprima24.it\/archivio\/avellino\/avellino-taccone-2\/#primaryimage\"},\"thumbnailUrl\":\"https:\/\/www.anteprima24.it\/archivio\/wp-content\/uploads\/2017\/12\/25991331_10214769344931302_156454340_o.jpg\",\"keywords\":[\"Angelo Ferullo\",\"Avellino\",\"Avellino Calcio\",\"comune di avellino\",\"Walter Novellino\",\"Walter Taccone\"],\"articleSection\":[\"Avellino\",\"Primo Piano Avellino\",\"Regione\",\"Serie B Regione\",\"Serie C Avellino\",\"Sport Avellino\",\"Sport Regione\"],\"inLanguage\":\"it-IT\",\"potentialAction\":[{\"@type\":\"CommentAction\",\"name\":\"Comment\",\"target\":[\"https:\/\/www.anteprima24.it\/archivio\/avellino\/avellino-taccone-2\/#respond\"]}]},{\"@type\":\"WebPage\",\"@id\":\"https:\/\/www.anteprima24.it\/archivio\/avellino\/avellino-taccone-2\/\",\"url\":\"https:\/\/www.anteprima24.it\/archivio\/avellino\/avellino-taccone-2\/\",\"name\":\"Avellino, Taccone: \\\"Ferullo via dalla societ\u00e0 per preservare la sua incolumit\u00e0\\\"\",\"isPartOf\":{\"@id\":\"https:\/\/www.anteprima24.it\/archivio\/#website\"},\"primaryImageOfPage\":{\"@id\":\"https:\/\/www.anteprima24.it\/archivio\/avellino\/avellino-taccone-2\/#primaryimage\"},\"image\":{\"@id\":\"https:\/\/www.anteprima24.it\/archivio\/avellino\/avellino-taccone-2\/#primaryimage\"},\"thumbnailUrl\":\"https:\/\/www.anteprima24.it\/archivio\/wp-content\/uploads\/2017\/12\/25991331_10214769344931302_156454340_o.jpg\",\"datePublished\":\"2017-12-22T17:15:16+00:00\",\"author\":{\"@id\":\"https:\/\/www.anteprima24.it\/archivio\/#\/schema\/person\/30fcc8a4138521844ae98ad9d137afdf\"},\"description\":\"Il massimo esponente del club irpino ha detto arrivederci al socio di minoranza (15%, ndr.) Angelo Ferullo, che ha lasciato il club quest'oggi.\",\"breadcrumb\":{\"@id\":\"https:\/\/www.anteprima24.it\/archivio\/avellino\/avellino-taccone-2\/#breadcrumb\"},\"inLanguage\":\"it-IT\",\"potentialAction\":[{\"@type\":\"ReadAction\",\"target\":[\"https:\/\/www.anteprima24.it\/archivio\/avellino\/avellino-taccone-2\/\"]}]},{\"@type\":\"ImageObject\",\"inLanguage\":\"it-IT\",\"@id\":\"https:\/\/www.anteprima24.it\/archivio\/avellino\/avellino-taccone-2\/#primaryimage\",\"url\":\"https:\/\/www.anteprima24.it\/archivio\/wp-content\/uploads\/2017\/12\/25991331_10214769344931302_156454340_o.jpg\",\"contentUrl\":\"https:\/\/www.anteprima24.it\/archivio\/wp-content\/uploads\/2017\/12\/25991331_10214769344931302_156454340_o.jpg\",\"width\":2048,\"height\":1477},{\"@type\":\"BreadcrumbList\",\"@id\":\"https:\/\/www.anteprima24.it\/archivio\/avellino\/avellino-taccone-2\/#breadcrumb\",\"itemListElement\":[{\"@type\":\"ListItem\",\"position\":1,\"name\":\"Home\",\"item\":\"https:\/\/www.anteprima24.it\/archivio\/\"},{\"@type\":\"ListItem\",\"position\":2,\"name\":\"Avellino, Taccone: &#8220;Ferullo via dalla societ\u00e0 per preservare la sua incolumit\u00e0&#8221;\"}]},{\"@type\":\"WebSite\",\"@id\":\"https:\/\/www.anteprima24.it\/archivio\/#website\",\"url\":\"https:\/\/www.anteprima24.it\/archivio\/\",\"name\":\"Anteprima24.it\",\"description\":\"\",\"potentialAction\":[{\"@type\":\"SearchAction\",\"target\":{\"@type\":\"EntryPoint\",\"urlTemplate\":\"https:\/\/www.anteprima24.it\/archivio\/?s={search_term_string}\"},\"query-input\":{\"@type\":\"PropertyValueSpecification\",\"valueRequired\":true,\"valueName\":\"search_term_string\"}}],\"inLanguage\":\"it-IT\"},{\"@type\":\"Person\",\"@id\":\"https:\/\/www.anteprima24.it\/archivio\/#\/schema\/person\/30fcc8a4138521844ae98ad9d137afdf\",\"name\":\"Antonio Tedeschi\",\"image\":{\"@type\":\"ImageObject\",\"inLanguage\":\"it-IT\",\"@id\":\"https:\/\/www.anteprima24.it\/archivio\/#\/schema\/person\/image\/\",\"url\":\"https:\/\/secure.gravatar.com\/avatar\/45372818180df7341e181ce77faeeb16e07236ab151a43b41f99b910f3582b12?s=96&d=mm&r=g\",\"contentUrl\":\"https:\/\/secure.gravatar.com\/avatar\/45372818180df7341e181ce77faeeb16e07236ab151a43b41f99b910f3582b12?s=96&d=mm&r=g\",\"caption\":\"Antonio Tedeschi\"},\"url\":\"https:\/\/www.anteprima24.it\/archivio\/author\/antoniotedeschi\/\"}]}<\/script>\n<!-- \/ Yoast SEO plugin. -->","yoast_head_json":{"title":"Avellino, Taccone: \"Ferullo via dalla societ\u00e0 per preservare la sua incolumit\u00e0\"","description":"Il massimo esponente del club irpino ha detto arrivederci al socio di minoranza (15%, ndr.) Angelo Ferullo, che ha lasciato il club quest'oggi.","robots":{"index":"index","follow":"follow","max-snippet":"max-snippet:-1","max-image-preview":"max-image-preview:large","max-video-preview":"max-video-preview:-1"},"canonical":"https:\/\/www.anteprima24.it\/archivio\/avellino\/avellino-taccone-2\/","og_locale":"it_IT","og_type":"article","og_title":"Avellino, Taccone: \"Ferullo via dalla societ\u00e0 per preservare la sua incolumit\u00e0\"","og_description":"Il massimo esponente del club irpino ha detto arrivederci al socio di minoranza (15%, ndr.) Angelo Ferullo, che ha lasciato il club quest'oggi.","og_url":"https:\/\/www.anteprima24.it\/archivio\/avellino\/avellino-taccone-2\/","og_site_name":"Anteprima24.it","article_published_time":"2017-12-22T17:15:16+00:00","og_image":[{"width":2048,"height":1477,"url":"https:\/\/www.anteprima24.it\/archivio\/wp-content\/uploads\/2017\/12\/25991331_10214769344931302_156454340_o.jpg","type":"image\/jpeg"}],"author":"Antonio Tedeschi","twitter_card":"summary_large_image","twitter_misc":{"Scritto da":"Antonio Tedeschi","Tempo di lettura stimato":"2 minuti"},"schema":{"@context":"https:\/\/schema.org","@graph":[{"@type":"Article","@id":"https:\/\/www.anteprima24.it\/archivio\/avellino\/avellino-taccone-2\/#article","isPartOf":{"@id":"https:\/\/www.anteprima24.it\/archivio\/avellino\/avellino-taccone-2\/"},"author":{"name":"Antonio Tedeschi","@id":"https:\/\/www.anteprima24.it\/archivio\/#\/schema\/person\/30fcc8a4138521844ae98ad9d137afdf"},"headline":"Avellino, Taccone: &#8220;Ferullo via dalla societ\u00e0 per preservare la sua incolumit\u00e0&#8221;","datePublished":"2017-12-22T17:15:16+00:00","mainEntityOfPage":{"@id":"https:\/\/www.anteprima24.it\/archivio\/avellino\/avellino-taccone-2\/"},"wordCount":336,"commentCount":0,"image":{"@id":"https:\/\/www.anteprima24.it\/archivio\/avellino\/avellino-taccone-2\/#primaryimage"},"thumbnailUrl":"https:\/\/www.anteprima24.it\/archivio\/wp-content\/uploads\/2017\/12\/25991331_10214769344931302_156454340_o.jpg","keywords":["Angelo Ferullo","Avellino","Avellino Calcio","comune di avellino","Walter Novellino","Walter Taccone"],"articleSection":["Avellino","Primo Piano Avellino","Regione","Serie B Regione","Serie C Avellino","Sport Avellino","Sport Regione"],"inLanguage":"it-IT","potentialAction":[{"@type":"CommentAction","name":"Comment","target":["https:\/\/www.anteprima24.it\/archivio\/avellino\/avellino-taccone-2\/#respond"]}]},{"@type":"WebPage","@id":"https:\/\/www.anteprima24.it\/archivio\/avellino\/avellino-taccone-2\/","url":"https:\/\/www.anteprima24.it\/archivio\/avellino\/avellino-taccone-2\/","name":"Avellino, Taccone: \"Ferullo via dalla societ\u00e0 per preservare la sua incolumit\u00e0\"","isPartOf":{"@id":"https:\/\/www.anteprima24.it\/archivio\/#website"},"primaryImageOfPage":{"@id":"https:\/\/www.anteprima24.it\/archivio\/avellino\/avellino-taccone-2\/#primaryimage"},"image":{"@id":"https:\/\/www.anteprima24.it\/archivio\/avellino\/avellino-taccone-2\/#primaryimage"},"thumbnailUrl":"https:\/\/www.anteprima24.it\/archivio\/wp-content\/uploads\/2017\/12\/25991331_10214769344931302_156454340_o.jpg","datePublished":"2017-12-22T17:15:16+00:00","author":{"@id":"https:\/\/www.anteprima24.it\/archivio\/#\/schema\/person\/30fcc8a4138521844ae98ad9d137afdf"},"description":"Il massimo esponente del club irpino ha detto arrivederci al socio di minoranza (15%, ndr.) Angelo Ferullo, che ha lasciato il club quest'oggi.","breadcrumb":{"@id":"https:\/\/www.anteprima24.it\/archivio\/avellino\/avellino-taccone-2\/#breadcrumb"},"inLanguage":"it-IT","potentialAction":[{"@type":"ReadAction","target":["https:\/\/www.anteprima24.it\/archivio\/avellino\/avellino-taccone-2\/"]}]},{"@type":"ImageObject","inLanguage":"it-IT","@id":"https:\/\/www.anteprima24.it\/archivio\/avellino\/avellino-taccone-2\/#primaryimage","url":"https:\/\/www.anteprima24.it\/archivio\/wp-content\/uploads\/2017\/12\/25991331_10214769344931302_156454340_o.jpg","contentUrl":"https:\/\/www.anteprima24.it\/archivio\/wp-content\/uploads\/2017\/12\/25991331_10214769344931302_156454340_o.jpg","width":2048,"height":1477},{"@type":"BreadcrumbList","@id":"https:\/\/www.anteprima24.it\/archivio\/avellino\/avellino-taccone-2\/#breadcrumb","itemListElement":[{"@type":"ListItem","position":1,"name":"Home","item":"https:\/\/www.anteprima24.it\/archivio\/"},{"@type":"ListItem","position":2,"name":"Avellino, Taccone: &#8220;Ferullo via dalla societ\u00e0 per preservare la sua incolumit\u00e0&#8221;"}]},{"@type":"WebSite","@id":"https:\/\/www.anteprima24.it\/archivio\/#website","url":"https:\/\/www.anteprima24.it\/archivio\/","name":"Anteprima24.it","description":"","potentialAction":[{"@type":"SearchAction","target":{"@type":"EntryPoint","urlTemplate":"https:\/\/www.anteprima24.it\/archivio\/?s={search_term_string}"},"query-input":{"@type":"PropertyValueSpecification","valueRequired":true,"valueName":"search_term_string"}}],"inLanguage":"it-IT"},{"@type":"Person","@id":"https:\/\/www.anteprima24.it\/archivio\/#\/schema\/person\/30fcc8a4138521844ae98ad9d137afdf","name":"Antonio Tedeschi","image":{"@type":"ImageObject","inLanguage":"it-IT","@id":"https:\/\/www.anteprima24.it\/archivio\/#\/schema\/person\/image\/","url":"https:\/\/secure.gravatar.com\/avatar\/45372818180df7341e181ce77faeeb16e07236ab151a43b41f99b910f3582b12?s=96&d=mm&r=g","contentUrl":"https:\/\/secure.gravatar.com\/avatar\/45372818180df7341e181ce77faeeb16e07236ab151a43b41f99b910f3582b12?s=96&d=mm&r=g","caption":"Antonio Tedeschi"},"url":"https:\/\/www.anteprima24.it\/archivio\/author\/antoniotedeschi\/"}]}},"_links":{"self":[{"href":"https:\/\/www.anteprima24.it\/archivio\/wp-json\/wp\/v2\/posts\/103281","targetHints":{"allow":["GET"]}}],"collection":[{"href":"https:\/\/www.anteprima24.it\/archivio\/wp-json\/wp\/v2\/posts"}],"about":[{"href":"https:\/\/www.anteprima24.it\/archivio\/wp-json\/wp\/v2\/types\/post"}],"author":[{"embeddable":true,"href":"https:\/\/www.anteprima24.it\/archivio\/wp-json\/wp\/v2\/users\/24"}],"replies":[{"embeddable":true,"href":"https:\/\/www.anteprima24.it\/archivio\/wp-json\/wp\/v2\/comments?post=103281"}],"version-history":[{"count":0,"href":"https:\/\/www.anteprima24.it\/archivio\/wp-json\/wp\/v2\/posts\/103281\/revisions"}],"wp:featuredmedia":[{"embeddable":true,"href":"https:\/\/www.anteprima24.it\/archivio\/wp-json\/wp\/v2\/media\/103284"}],"wp:attachment":[{"href":"https:\/\/www.anteprima24.it\/archivio\/wp-json\/wp\/v2\/media?parent=103281"}],"wp:term":[{"taxonomy":"category","embeddable":true,"href":"https:\/\/www.anteprima24.it\/archivio\/wp-json\/wp\/v2\/categories?post=103281"},{"taxonomy":"post_tag","embeddable":true,"href":"https:\/\/www.anteprima24.it\/archivio\/wp-json\/wp\/v2\/tags?post=103281"}],"curies":[{"name":"wp","href":"https:\/\/api.w.org\/{rel}","templated":true}]}}