{"id":104040,"date":"2017-12-27T21:28:58","date_gmt":"2017-12-27T19:28:58","guid":{"rendered":"http:\/\/www.anteprima24.it\/?p=104040"},"modified":"2017-12-27T21:30:28","modified_gmt":"2017-12-27T19:30:28","slug":"avellino-luigi","status":"publish","type":"post","link":"https:\/\/www.anteprima24.it\/archivio\/caserta\/avellino-luigi\/","title":{"rendered":"Avellino, il piccolo Luigi in coma: il gesto di solidariet\u00e0 della societ\u00e0 irpina"},"content":{"rendered":"<span class=\"span-reading-time rt-reading-time\" style=\"display: block;\"><span class=\"rt-label rt-prefix\">Tempo di lettura: <\/span> <span class=\"rt-time\"> &lt; 1<\/span> <span class=\"rt-label rt-postfix\">minuto<\/span><\/span><p style=\"text-align: justify\">Avellino &#8211;\u00a0Luigi \u00e8 in coma farmacologico <a href=\"http:\/\/www.anteprima24.it\/caserta\/ragazzo-ferito-proiettile-vagante-ancora-coma-caserta\/\">(leggi qui)<\/a>, ricoverato in gravi condizioni presso il reparto di rianimazione dell\u2019ospedale Sant\u2019Anna e San Sebastiano di Caserta. La sera della vigilia di Natale era in strada con alcuni amici, sul corso principale di Parete, piccola comunit\u00e0 casertana, quando \u00e8 stato raggiunto alla testa da un proiettile. Un dramma per la famiglia, per gli amici e per quanti vogliono bene al 14enne il quale nei <strong>prossimi giorni avrebbe firmato un accordo<\/strong> con l\u2019<strong>U.S. Avellino<\/strong><span class=\"text_exposed_show\">\u00a0per aggregarsi alla formazione <strong>Under 15<\/strong> allenata dal tecnico <strong>Bevilacqua<\/strong>, anch\u2019egli tra la rappresentanza biancoverde che ha voluto essere vicina alla famiglia in questi tragici momenti.<\/span><\/p>\n<p style=\"text-align: justify\">Domani sera, prima della gara Avellino-Ternana, il presidente <strong>Walter Taccone<\/strong>, insieme con il capitano dell\u2019Avellino, consegner\u00e0 la maglia da destinare a Luigi nelle mani del sindaco di Parete, <strong>Luigi Pellegrino<\/strong>, e di Massimo Nugnes, presidente della Frocalcio San Luciano Accademy, di cui fa parte proprio il giovanissimo calciatore, per il quale in tanti pregano, nella speranza che possa uscire dal coma farmacologico e riprendersi. Per riprendersi la vita.<\/p>\n<div class=\"text_exposed_show\"><\/div>\n","protected":false},"excerpt":{"rendered":"<p>Avellino &#8211;\u00a0Luigi \u00e8 in coma farmacologico (leggi qui), ricoverato in gravi condizioni presso il reparto di rianimazione dell\u2019ospedale Sant\u2019Anna e San Sebastiano di Caserta. La sera della vigilia di Natale era in strada con alcuni amici, sul corso principale di Parete, piccola comunit\u00e0 casertana, quando \u00e8 stato raggiunto alla testa da un proiettile. Un dramma [&hellip;]<\/p>\n","protected":false},"author":24,"featured_media":104043,"comment_status":"open","ping_status":"open","sticky":false,"template":"","format":"standard","meta":{"_monsterinsights_skip_tracking":false,"_monsterinsights_sitenote_active":false,"_monsterinsights_sitenote_note":"","_monsterinsights_sitenote_category":0,"ngg_post_thumbnail":0,"footnotes":""},"categories":[4,3,1388,273,271,7548,275,1402],"tags":[285,664,16750,10066],"class_list":{"0":"post-104040","1":"post","2":"type-post","3":"status-publish","4":"format-standard","5":"has-post-thumbnail","7":"category-avellino","8":"category-caserta","9":"category-cronaca-caserta","10":"category-storie-cronaca","11":"category-regione","12":"category-serie-b-sport-salerno","13":"category-sport","14":"category-sport-salerno","15":"tag-avellino","16":"tag-aversa","17":"tag-luigi","18":"tag-walter-taccone"},"yoast_head":"<!-- This site is optimized with the Yoast SEO plugin v26.8 - https:\/\/yoast.com\/product\/yoast-seo-wordpress\/ -->\n<title>Avellino, il piccolo Luigi in coma: il gesto di solidariet\u00e0 della societ\u00e0 irpina<\/title>\n<meta name=\"description\" content=\"Luigi \u00e8 in coma farmacologico ricoverato in gravi condizioni presso il reparto di rianimazione dell\u2019ospedale Sant\u2019Anna e San Sebastiano di Caserta.\" \/>\n<meta name=\"robots\" content=\"index, follow, max-snippet:-1, max-image-preview:large, max-video-preview:-1\" \/>\n<link rel=\"canonical\" href=\"https:\/\/www.anteprima24.it\/archivio\/caserta\/avellino-luigi\/\" \/>\n<meta property=\"og:locale\" content=\"it_IT\" \/>\n<meta property=\"og:type\" content=\"article\" \/>\n<meta property=\"og:title\" content=\"Avellino, il piccolo Luigi in coma: il gesto di solidariet\u00e0 della societ\u00e0 irpina\" \/>\n<meta property=\"og:description\" content=\"Luigi \u00e8 in coma farmacologico ricoverato in gravi condizioni presso il reparto di rianimazione dell\u2019ospedale Sant\u2019Anna e San Sebastiano di Caserta.\" \/>\n<meta property=\"og:url\" content=\"https:\/\/www.anteprima24.it\/archivio\/caserta\/avellino-luigi\/\" \/>\n<meta property=\"og:site_name\" content=\"Anteprima24.it\" \/>\n<meta property=\"article:published_time\" content=\"2017-12-27T19:28:58+00:00\" \/>\n<meta property=\"article:modified_time\" content=\"2017-12-27T19:30:28+00:00\" \/>\n<meta property=\"og:image\" content=\"https:\/\/www.anteprima24.it\/archivio\/wp-content\/uploads\/2017\/12\/14341833_10208952640485647_1329238833_n.jpg\" \/>\n\t<meta property=\"og:image:width\" content=\"960\" \/>\n\t<meta property=\"og:image:height\" content=\"640\" \/>\n\t<meta property=\"og:image:type\" content=\"image\/jpeg\" \/>\n<meta name=\"author\" content=\"Antonio Tedeschi\" \/>\n<meta name=\"twitter:card\" content=\"summary_large_image\" \/>\n<meta name=\"twitter:label1\" content=\"Scritto da\" \/>\n\t<meta name=\"twitter:data1\" content=\"Antonio Tedeschi\" \/>\n\t<meta name=\"twitter:label2\" content=\"Tempo di lettura stimato\" \/>\n\t<meta name=\"twitter:data2\" content=\"1 minuto\" \/>\n<script type=\"application\/ld+json\" class=\"yoast-schema-graph\">{\"@context\":\"https:\/\/schema.org\",\"@graph\":[{\"@type\":\"Article\",\"@id\":\"https:\/\/www.anteprima24.it\/archivio\/caserta\/avellino-luigi\/#article\",\"isPartOf\":{\"@id\":\"https:\/\/www.anteprima24.it\/archivio\/caserta\/avellino-luigi\/\"},\"author\":{\"name\":\"Antonio Tedeschi\",\"@id\":\"https:\/\/www.anteprima24.it\/archivio\/#\/schema\/person\/30fcc8a4138521844ae98ad9d137afdf\"},\"headline\":\"Avellino, il piccolo Luigi in coma: il gesto di solidariet\u00e0 della societ\u00e0 irpina\",\"datePublished\":\"2017-12-27T19:28:58+00:00\",\"dateModified\":\"2017-12-27T19:30:28+00:00\",\"mainEntityOfPage\":{\"@id\":\"https:\/\/www.anteprima24.it\/archivio\/caserta\/avellino-luigi\/\"},\"wordCount\":191,\"commentCount\":0,\"image\":{\"@id\":\"https:\/\/www.anteprima24.it\/archivio\/caserta\/avellino-luigi\/#primaryimage\"},\"thumbnailUrl\":\"https:\/\/www.anteprima24.it\/archivio\/wp-content\/uploads\/2017\/12\/14341833_10208952640485647_1329238833_n.jpg\",\"keywords\":[\"Avellino\",\"aversa\",\"Luigi\",\"Walter Taccone\"],\"articleSection\":[\"Avellino\",\"Caserta\",\"Cronaca Caserta\",\"Cronaca Regione\",\"Regione\",\"Serie A Salerno\",\"Sport Regione\",\"Sport Salerno\"],\"inLanguage\":\"it-IT\",\"potentialAction\":[{\"@type\":\"CommentAction\",\"name\":\"Comment\",\"target\":[\"https:\/\/www.anteprima24.it\/archivio\/caserta\/avellino-luigi\/#respond\"]}]},{\"@type\":\"WebPage\",\"@id\":\"https:\/\/www.anteprima24.it\/archivio\/caserta\/avellino-luigi\/\",\"url\":\"https:\/\/www.anteprima24.it\/archivio\/caserta\/avellino-luigi\/\",\"name\":\"Avellino, il piccolo Luigi in coma: il gesto di solidariet\u00e0 della societ\u00e0 irpina\",\"isPartOf\":{\"@id\":\"https:\/\/www.anteprima24.it\/archivio\/#website\"},\"primaryImageOfPage\":{\"@id\":\"https:\/\/www.anteprima24.it\/archivio\/caserta\/avellino-luigi\/#primaryimage\"},\"image\":{\"@id\":\"https:\/\/www.anteprima24.it\/archivio\/caserta\/avellino-luigi\/#primaryimage\"},\"thumbnailUrl\":\"https:\/\/www.anteprima24.it\/archivio\/wp-content\/uploads\/2017\/12\/14341833_10208952640485647_1329238833_n.jpg\",\"datePublished\":\"2017-12-27T19:28:58+00:00\",\"dateModified\":\"2017-12-27T19:30:28+00:00\",\"author\":{\"@id\":\"https:\/\/www.anteprima24.it\/archivio\/#\/schema\/person\/30fcc8a4138521844ae98ad9d137afdf\"},\"description\":\"Luigi \u00e8 in coma farmacologico ricoverato in gravi condizioni presso il reparto di rianimazione dell\u2019ospedale Sant\u2019Anna e San Sebastiano di Caserta.\",\"breadcrumb\":{\"@id\":\"https:\/\/www.anteprima24.it\/archivio\/caserta\/avellino-luigi\/#breadcrumb\"},\"inLanguage\":\"it-IT\",\"potentialAction\":[{\"@type\":\"ReadAction\",\"target\":[\"https:\/\/www.anteprima24.it\/archivio\/caserta\/avellino-luigi\/\"]}]},{\"@type\":\"ImageObject\",\"inLanguage\":\"it-IT\",\"@id\":\"https:\/\/www.anteprima24.it\/archivio\/caserta\/avellino-luigi\/#primaryimage\",\"url\":\"https:\/\/www.anteprima24.it\/archivio\/wp-content\/uploads\/2017\/12\/14341833_10208952640485647_1329238833_n.jpg\",\"contentUrl\":\"https:\/\/www.anteprima24.it\/archivio\/wp-content\/uploads\/2017\/12\/14341833_10208952640485647_1329238833_n.jpg\",\"width\":960,\"height\":640},{\"@type\":\"BreadcrumbList\",\"@id\":\"https:\/\/www.anteprima24.it\/archivio\/caserta\/avellino-luigi\/#breadcrumb\",\"itemListElement\":[{\"@type\":\"ListItem\",\"position\":1,\"name\":\"Home\",\"item\":\"https:\/\/www.anteprima24.it\/archivio\/\"},{\"@type\":\"ListItem\",\"position\":2,\"name\":\"Avellino, il piccolo Luigi in coma: il gesto di solidariet\u00e0 della societ\u00e0 irpina\"}]},{\"@type\":\"WebSite\",\"@id\":\"https:\/\/www.anteprima24.it\/archivio\/#website\",\"url\":\"https:\/\/www.anteprima24.it\/archivio\/\",\"name\":\"Anteprima24.it\",\"description\":\"\",\"potentialAction\":[{\"@type\":\"SearchAction\",\"target\":{\"@type\":\"EntryPoint\",\"urlTemplate\":\"https:\/\/www.anteprima24.it\/archivio\/?s={search_term_string}\"},\"query-input\":{\"@type\":\"PropertyValueSpecification\",\"valueRequired\":true,\"valueName\":\"search_term_string\"}}],\"inLanguage\":\"it-IT\"},{\"@type\":\"Person\",\"@id\":\"https:\/\/www.anteprima24.it\/archivio\/#\/schema\/person\/30fcc8a4138521844ae98ad9d137afdf\",\"name\":\"Antonio Tedeschi\",\"image\":{\"@type\":\"ImageObject\",\"inLanguage\":\"it-IT\",\"@id\":\"https:\/\/www.anteprima24.it\/archivio\/#\/schema\/person\/image\/\",\"url\":\"https:\/\/secure.gravatar.com\/avatar\/45372818180df7341e181ce77faeeb16e07236ab151a43b41f99b910f3582b12?s=96&d=mm&r=g\",\"contentUrl\":\"https:\/\/secure.gravatar.com\/avatar\/45372818180df7341e181ce77faeeb16e07236ab151a43b41f99b910f3582b12?s=96&d=mm&r=g\",\"caption\":\"Antonio Tedeschi\"},\"url\":\"https:\/\/www.anteprima24.it\/archivio\/author\/antoniotedeschi\/\"}]}<\/script>\n<!-- \/ Yoast SEO plugin. -->","yoast_head_json":{"title":"Avellino, il piccolo Luigi in coma: il gesto di solidariet\u00e0 della societ\u00e0 irpina","description":"Luigi \u00e8 in coma farmacologico ricoverato in gravi condizioni presso il reparto di rianimazione dell\u2019ospedale Sant\u2019Anna e San Sebastiano di Caserta.","robots":{"index":"index","follow":"follow","max-snippet":"max-snippet:-1","max-image-preview":"max-image-preview:large","max-video-preview":"max-video-preview:-1"},"canonical":"https:\/\/www.anteprima24.it\/archivio\/caserta\/avellino-luigi\/","og_locale":"it_IT","og_type":"article","og_title":"Avellino, il piccolo Luigi in coma: il gesto di solidariet\u00e0 della societ\u00e0 irpina","og_description":"Luigi \u00e8 in coma farmacologico ricoverato in gravi condizioni presso il reparto di rianimazione dell\u2019ospedale Sant\u2019Anna e San Sebastiano di Caserta.","og_url":"https:\/\/www.anteprima24.it\/archivio\/caserta\/avellino-luigi\/","og_site_name":"Anteprima24.it","article_published_time":"2017-12-27T19:28:58+00:00","article_modified_time":"2017-12-27T19:30:28+00:00","og_image":[{"width":960,"height":640,"url":"https:\/\/www.anteprima24.it\/archivio\/wp-content\/uploads\/2017\/12\/14341833_10208952640485647_1329238833_n.jpg","type":"image\/jpeg"}],"author":"Antonio Tedeschi","twitter_card":"summary_large_image","twitter_misc":{"Scritto da":"Antonio Tedeschi","Tempo di lettura stimato":"1 minuto"},"schema":{"@context":"https:\/\/schema.org","@graph":[{"@type":"Article","@id":"https:\/\/www.anteprima24.it\/archivio\/caserta\/avellino-luigi\/#article","isPartOf":{"@id":"https:\/\/www.anteprima24.it\/archivio\/caserta\/avellino-luigi\/"},"author":{"name":"Antonio Tedeschi","@id":"https:\/\/www.anteprima24.it\/archivio\/#\/schema\/person\/30fcc8a4138521844ae98ad9d137afdf"},"headline":"Avellino, il piccolo Luigi in coma: il gesto di solidariet\u00e0 della societ\u00e0 irpina","datePublished":"2017-12-27T19:28:58+00:00","dateModified":"2017-12-27T19:30:28+00:00","mainEntityOfPage":{"@id":"https:\/\/www.anteprima24.it\/archivio\/caserta\/avellino-luigi\/"},"wordCount":191,"commentCount":0,"image":{"@id":"https:\/\/www.anteprima24.it\/archivio\/caserta\/avellino-luigi\/#primaryimage"},"thumbnailUrl":"https:\/\/www.anteprima24.it\/archivio\/wp-content\/uploads\/2017\/12\/14341833_10208952640485647_1329238833_n.jpg","keywords":["Avellino","aversa","Luigi","Walter Taccone"],"articleSection":["Avellino","Caserta","Cronaca Caserta","Cronaca Regione","Regione","Serie A Salerno","Sport Regione","Sport Salerno"],"inLanguage":"it-IT","potentialAction":[{"@type":"CommentAction","name":"Comment","target":["https:\/\/www.anteprima24.it\/archivio\/caserta\/avellino-luigi\/#respond"]}]},{"@type":"WebPage","@id":"https:\/\/www.anteprima24.it\/archivio\/caserta\/avellino-luigi\/","url":"https:\/\/www.anteprima24.it\/archivio\/caserta\/avellino-luigi\/","name":"Avellino, il piccolo Luigi in coma: il gesto di solidariet\u00e0 della societ\u00e0 irpina","isPartOf":{"@id":"https:\/\/www.anteprima24.it\/archivio\/#website"},"primaryImageOfPage":{"@id":"https:\/\/www.anteprima24.it\/archivio\/caserta\/avellino-luigi\/#primaryimage"},"image":{"@id":"https:\/\/www.anteprima24.it\/archivio\/caserta\/avellino-luigi\/#primaryimage"},"thumbnailUrl":"https:\/\/www.anteprima24.it\/archivio\/wp-content\/uploads\/2017\/12\/14341833_10208952640485647_1329238833_n.jpg","datePublished":"2017-12-27T19:28:58+00:00","dateModified":"2017-12-27T19:30:28+00:00","author":{"@id":"https:\/\/www.anteprima24.it\/archivio\/#\/schema\/person\/30fcc8a4138521844ae98ad9d137afdf"},"description":"Luigi \u00e8 in coma farmacologico ricoverato in gravi condizioni presso il reparto di rianimazione dell\u2019ospedale Sant\u2019Anna e San Sebastiano di Caserta.","breadcrumb":{"@id":"https:\/\/www.anteprima24.it\/archivio\/caserta\/avellino-luigi\/#breadcrumb"},"inLanguage":"it-IT","potentialAction":[{"@type":"ReadAction","target":["https:\/\/www.anteprima24.it\/archivio\/caserta\/avellino-luigi\/"]}]},{"@type":"ImageObject","inLanguage":"it-IT","@id":"https:\/\/www.anteprima24.it\/archivio\/caserta\/avellino-luigi\/#primaryimage","url":"https:\/\/www.anteprima24.it\/archivio\/wp-content\/uploads\/2017\/12\/14341833_10208952640485647_1329238833_n.jpg","contentUrl":"https:\/\/www.anteprima24.it\/archivio\/wp-content\/uploads\/2017\/12\/14341833_10208952640485647_1329238833_n.jpg","width":960,"height":640},{"@type":"BreadcrumbList","@id":"https:\/\/www.anteprima24.it\/archivio\/caserta\/avellino-luigi\/#breadcrumb","itemListElement":[{"@type":"ListItem","position":1,"name":"Home","item":"https:\/\/www.anteprima24.it\/archivio\/"},{"@type":"ListItem","position":2,"name":"Avellino, il piccolo Luigi in coma: il gesto di solidariet\u00e0 della societ\u00e0 irpina"}]},{"@type":"WebSite","@id":"https:\/\/www.anteprima24.it\/archivio\/#website","url":"https:\/\/www.anteprima24.it\/archivio\/","name":"Anteprima24.it","description":"","potentialAction":[{"@type":"SearchAction","target":{"@type":"EntryPoint","urlTemplate":"https:\/\/www.anteprima24.it\/archivio\/?s={search_term_string}"},"query-input":{"@type":"PropertyValueSpecification","valueRequired":true,"valueName":"search_term_string"}}],"inLanguage":"it-IT"},{"@type":"Person","@id":"https:\/\/www.anteprima24.it\/archivio\/#\/schema\/person\/30fcc8a4138521844ae98ad9d137afdf","name":"Antonio Tedeschi","image":{"@type":"ImageObject","inLanguage":"it-IT","@id":"https:\/\/www.anteprima24.it\/archivio\/#\/schema\/person\/image\/","url":"https:\/\/secure.gravatar.com\/avatar\/45372818180df7341e181ce77faeeb16e07236ab151a43b41f99b910f3582b12?s=96&d=mm&r=g","contentUrl":"https:\/\/secure.gravatar.com\/avatar\/45372818180df7341e181ce77faeeb16e07236ab151a43b41f99b910f3582b12?s=96&d=mm&r=g","caption":"Antonio Tedeschi"},"url":"https:\/\/www.anteprima24.it\/archivio\/author\/antoniotedeschi\/"}]}},"_links":{"self":[{"href":"https:\/\/www.anteprima24.it\/archivio\/wp-json\/wp\/v2\/posts\/104040","targetHints":{"allow":["GET"]}}],"collection":[{"href":"https:\/\/www.anteprima24.it\/archivio\/wp-json\/wp\/v2\/posts"}],"about":[{"href":"https:\/\/www.anteprima24.it\/archivio\/wp-json\/wp\/v2\/types\/post"}],"author":[{"embeddable":true,"href":"https:\/\/www.anteprima24.it\/archivio\/wp-json\/wp\/v2\/users\/24"}],"replies":[{"embeddable":true,"href":"https:\/\/www.anteprima24.it\/archivio\/wp-json\/wp\/v2\/comments?post=104040"}],"version-history":[{"count":0,"href":"https:\/\/www.anteprima24.it\/archivio\/wp-json\/wp\/v2\/posts\/104040\/revisions"}],"wp:featuredmedia":[{"embeddable":true,"href":"https:\/\/www.anteprima24.it\/archivio\/wp-json\/wp\/v2\/media\/104043"}],"wp:attachment":[{"href":"https:\/\/www.anteprima24.it\/archivio\/wp-json\/wp\/v2\/media?parent=104040"}],"wp:term":[{"taxonomy":"category","embeddable":true,"href":"https:\/\/www.anteprima24.it\/archivio\/wp-json\/wp\/v2\/categories?post=104040"},{"taxonomy":"post_tag","embeddable":true,"href":"https:\/\/www.anteprima24.it\/archivio\/wp-json\/wp\/v2\/tags?post=104040"}],"curies":[{"name":"wp","href":"https:\/\/api.w.org\/{rel}","templated":true}]}}