{"id":104288,"date":"2017-12-29T00:38:08","date_gmt":"2017-12-28T22:38:08","guid":{"rendered":"http:\/\/www.anteprima24.it\/?p=104288"},"modified":"2017-12-29T00:38:08","modified_gmt":"2017-12-28T22:38:08","slug":"avellino-novellino-10","status":"publish","type":"post","link":"https:\/\/www.anteprima24.it\/archivio\/avellino\/avellino-novellino-10\/","title":{"rendered":"Avellino, Novellino \u00e8 entusiasta: &#8220;Ho ancora voglia di puntare in alto&#8221;"},"content":{"rendered":"<span class=\"span-reading-time rt-reading-time\" style=\"display: block;\"><span class=\"rt-label rt-prefix\">Tempo di lettura: <\/span> <span class=\"rt-time\"> &lt; 1<\/span> <span class=\"rt-label rt-postfix\">minuto<\/span><\/span><p style=\"text-align: justify\">Avellino &#8211;<em> &#8220;Abbiamo giocato una buona gara, l&#8217;Avellino ha vinto una partita importante. Ora puntiamo al recupero dei giocatori infortunati&#8221;.\u00a0<\/em>E&#8217; questa l&#8217;analisi a caldo di <strong>Walter Novellino<\/strong> a margine della vittoria ottenuta contro la <strong>Ternana<\/strong>.\u00a0<em>&#8220;Il gol del vantaggio ci ha aiutato a sbloccarci mentalmente, ora dobbiamo tornare a dire la nostra, soprattutto ritrovando la strada persa dopo la sconfitta nel derby contro la Salernitana&#8221;. &#8220;Il rientro di Rizzato \u00e8 fondamentale per noi, speriamo di recuperarlo al meglio. Il mercato? Non sottovalutiamo il rientro effettivo in gruppo di Gavazzi, poi del resto la societ\u00e0 far\u00e0 le sue valutazioni. Delle volte, per\u00f2, bisogna saper vendere che acquistare&#8221;. &#8220;Alla mia squadra concedo un bel 6.5, ora bisogna lavorare al meglio per la tornata di ritorno. Il panettone \u00e8 stato amarissimo, ma lo spumante \u00e8 dolce, rigiocherei volentieri il derby se potessi mi sarei schierato a cinque in difesa&#8221;.<\/em><\/p>\n","protected":false},"excerpt":{"rendered":"<p>Avellino &#8211; &#8220;Abbiamo giocato una buona gara, l&#8217;Avellino ha vinto una partita importante. Ora puntiamo al recupero dei giocatori infortunati&#8221;.\u00a0E&#8217; questa l&#8217;analisi a caldo di Walter Novellino a margine della vittoria ottenuta contro la Ternana.\u00a0&#8220;Il gol del vantaggio ci ha aiutato a sbloccarci mentalmente, ora dobbiamo tornare a dire la nostra, soprattutto ritrovando la strada [&hellip;]<\/p>\n","protected":false},"author":24,"featured_media":104285,"comment_status":"open","ping_status":"open","sticky":false,"template":"","format":"standard","meta":{"_monsterinsights_skip_tracking":false,"_monsterinsights_sitenote_active":false,"_monsterinsights_sitenote_note":"","_monsterinsights_sitenote_category":0,"ngg_post_thumbnail":0,"footnotes":""},"categories":[4,271,1200,1455,1384],"tags":[285,897,16745,7526],"class_list":{"0":"post-104288","1":"post","2":"type-post","3":"status-publish","4":"format-standard","5":"has-post-thumbnail","7":"category-avellino","8":"category-regione","9":"category-serie-b","10":"category-serie-d-sport-avellino","11":"category-sport-avellino","12":"tag-avellino","13":"tag-avellino-calcio","14":"tag-avellino-ternana","15":"tag-walter-novellino"},"yoast_head":"<!-- This site is optimized with the Yoast SEO plugin v26.8 - https:\/\/yoast.com\/product\/yoast-seo-wordpress\/ -->\n<title>Avellino, Novellino \u00e8 entusiasta: &quot;Ho ancora voglia di puntare in alto&quot;<\/title>\n<meta name=\"description\" content=\"&quot;Ora puntiamo al recupero dei giocatori infortunati&quot;.\u00a0E&#039; questa l&#039;analisi a caldo di Walter Novellino a margine della vittoria ottenuta contro la Ternana.\" \/>\n<meta name=\"robots\" content=\"index, follow, max-snippet:-1, max-image-preview:large, max-video-preview:-1\" \/>\n<link rel=\"canonical\" href=\"https:\/\/www.anteprima24.it\/archivio\/avellino\/avellino-novellino-10\/\" \/>\n<meta property=\"og:locale\" content=\"it_IT\" \/>\n<meta property=\"og:type\" content=\"article\" \/>\n<meta property=\"og:title\" content=\"Avellino, Novellino \u00e8 entusiasta: &quot;Ho ancora voglia di puntare in alto&quot;\" \/>\n<meta property=\"og:description\" content=\"&quot;Ora puntiamo al recupero dei giocatori infortunati&quot;.\u00a0E&#039; questa l&#039;analisi a caldo di Walter Novellino a margine della vittoria ottenuta contro la Ternana.\" \/>\n<meta property=\"og:url\" content=\"https:\/\/www.anteprima24.it\/archivio\/avellino\/avellino-novellino-10\/\" \/>\n<meta property=\"og:site_name\" content=\"Anteprima24.it\" \/>\n<meta property=\"article:published_time\" content=\"2017-12-28T22:38:08+00:00\" \/>\n<meta property=\"og:image\" content=\"https:\/\/www.anteprima24.it\/archivio\/wp-content\/uploads\/2017\/12\/22448660_1996327573913629_2398043830953815911_n.jpg\" \/>\n\t<meta property=\"og:image:width\" content=\"720\" \/>\n\t<meta property=\"og:image:height\" content=\"396\" \/>\n\t<meta property=\"og:image:type\" content=\"image\/jpeg\" \/>\n<meta name=\"author\" content=\"Antonio Tedeschi\" \/>\n<meta name=\"twitter:card\" content=\"summary_large_image\" \/>\n<meta name=\"twitter:label1\" content=\"Scritto da\" \/>\n\t<meta name=\"twitter:data1\" content=\"Antonio Tedeschi\" \/>\n\t<meta name=\"twitter:label2\" content=\"Tempo di lettura stimato\" \/>\n\t<meta name=\"twitter:data2\" content=\"1 minuto\" \/>\n<script type=\"application\/ld+json\" class=\"yoast-schema-graph\">{\"@context\":\"https:\/\/schema.org\",\"@graph\":[{\"@type\":\"Article\",\"@id\":\"https:\/\/www.anteprima24.it\/archivio\/avellino\/avellino-novellino-10\/#article\",\"isPartOf\":{\"@id\":\"https:\/\/www.anteprima24.it\/archivio\/avellino\/avellino-novellino-10\/\"},\"author\":{\"name\":\"Antonio Tedeschi\",\"@id\":\"https:\/\/www.anteprima24.it\/archivio\/#\/schema\/person\/30fcc8a4138521844ae98ad9d137afdf\"},\"headline\":\"Avellino, Novellino \u00e8 entusiasta: &#8220;Ho ancora voglia di puntare in alto&#8221;\",\"datePublished\":\"2017-12-28T22:38:08+00:00\",\"mainEntityOfPage\":{\"@id\":\"https:\/\/www.anteprima24.it\/archivio\/avellino\/avellino-novellino-10\/\"},\"wordCount\":155,\"commentCount\":0,\"image\":{\"@id\":\"https:\/\/www.anteprima24.it\/archivio\/avellino\/avellino-novellino-10\/#primaryimage\"},\"thumbnailUrl\":\"https:\/\/www.anteprima24.it\/archivio\/wp-content\/uploads\/2017\/12\/22448660_1996327573913629_2398043830953815911_n.jpg\",\"keywords\":[\"Avellino\",\"Avellino Calcio\",\"Avellino-Ternana\",\"Walter Novellino\"],\"articleSection\":[\"Avellino\",\"Regione\",\"Serie B Regione\",\"Serie C Avellino\",\"Sport Avellino\"],\"inLanguage\":\"it-IT\",\"potentialAction\":[{\"@type\":\"CommentAction\",\"name\":\"Comment\",\"target\":[\"https:\/\/www.anteprima24.it\/archivio\/avellino\/avellino-novellino-10\/#respond\"]}]},{\"@type\":\"WebPage\",\"@id\":\"https:\/\/www.anteprima24.it\/archivio\/avellino\/avellino-novellino-10\/\",\"url\":\"https:\/\/www.anteprima24.it\/archivio\/avellino\/avellino-novellino-10\/\",\"name\":\"Avellino, Novellino \u00e8 entusiasta: \\\"Ho ancora voglia di puntare in alto\\\"\",\"isPartOf\":{\"@id\":\"https:\/\/www.anteprima24.it\/archivio\/#website\"},\"primaryImageOfPage\":{\"@id\":\"https:\/\/www.anteprima24.it\/archivio\/avellino\/avellino-novellino-10\/#primaryimage\"},\"image\":{\"@id\":\"https:\/\/www.anteprima24.it\/archivio\/avellino\/avellino-novellino-10\/#primaryimage\"},\"thumbnailUrl\":\"https:\/\/www.anteprima24.it\/archivio\/wp-content\/uploads\/2017\/12\/22448660_1996327573913629_2398043830953815911_n.jpg\",\"datePublished\":\"2017-12-28T22:38:08+00:00\",\"author\":{\"@id\":\"https:\/\/www.anteprima24.it\/archivio\/#\/schema\/person\/30fcc8a4138521844ae98ad9d137afdf\"},\"description\":\"\\\"Ora puntiamo al recupero dei giocatori infortunati\\\".\u00a0E' questa l'analisi a caldo di Walter Novellino a margine della vittoria ottenuta contro la Ternana.\",\"breadcrumb\":{\"@id\":\"https:\/\/www.anteprima24.it\/archivio\/avellino\/avellino-novellino-10\/#breadcrumb\"},\"inLanguage\":\"it-IT\",\"potentialAction\":[{\"@type\":\"ReadAction\",\"target\":[\"https:\/\/www.anteprima24.it\/archivio\/avellino\/avellino-novellino-10\/\"]}]},{\"@type\":\"ImageObject\",\"inLanguage\":\"it-IT\",\"@id\":\"https:\/\/www.anteprima24.it\/archivio\/avellino\/avellino-novellino-10\/#primaryimage\",\"url\":\"https:\/\/www.anteprima24.it\/archivio\/wp-content\/uploads\/2017\/12\/22448660_1996327573913629_2398043830953815911_n.jpg\",\"contentUrl\":\"https:\/\/www.anteprima24.it\/archivio\/wp-content\/uploads\/2017\/12\/22448660_1996327573913629_2398043830953815911_n.jpg\",\"width\":720,\"height\":396},{\"@type\":\"BreadcrumbList\",\"@id\":\"https:\/\/www.anteprima24.it\/archivio\/avellino\/avellino-novellino-10\/#breadcrumb\",\"itemListElement\":[{\"@type\":\"ListItem\",\"position\":1,\"name\":\"Home\",\"item\":\"https:\/\/www.anteprima24.it\/archivio\/\"},{\"@type\":\"ListItem\",\"position\":2,\"name\":\"Avellino, Novellino \u00e8 entusiasta: &#8220;Ho ancora voglia di puntare in alto&#8221;\"}]},{\"@type\":\"WebSite\",\"@id\":\"https:\/\/www.anteprima24.it\/archivio\/#website\",\"url\":\"https:\/\/www.anteprima24.it\/archivio\/\",\"name\":\"Anteprima24.it\",\"description\":\"\",\"potentialAction\":[{\"@type\":\"SearchAction\",\"target\":{\"@type\":\"EntryPoint\",\"urlTemplate\":\"https:\/\/www.anteprima24.it\/archivio\/?s={search_term_string}\"},\"query-input\":{\"@type\":\"PropertyValueSpecification\",\"valueRequired\":true,\"valueName\":\"search_term_string\"}}],\"inLanguage\":\"it-IT\"},{\"@type\":\"Person\",\"@id\":\"https:\/\/www.anteprima24.it\/archivio\/#\/schema\/person\/30fcc8a4138521844ae98ad9d137afdf\",\"name\":\"Antonio Tedeschi\",\"image\":{\"@type\":\"ImageObject\",\"inLanguage\":\"it-IT\",\"@id\":\"https:\/\/www.anteprima24.it\/archivio\/#\/schema\/person\/image\/\",\"url\":\"https:\/\/secure.gravatar.com\/avatar\/45372818180df7341e181ce77faeeb16e07236ab151a43b41f99b910f3582b12?s=96&d=mm&r=g\",\"contentUrl\":\"https:\/\/secure.gravatar.com\/avatar\/45372818180df7341e181ce77faeeb16e07236ab151a43b41f99b910f3582b12?s=96&d=mm&r=g\",\"caption\":\"Antonio Tedeschi\"},\"url\":\"https:\/\/www.anteprima24.it\/archivio\/author\/antoniotedeschi\/\"}]}<\/script>\n<!-- \/ Yoast SEO plugin. -->","yoast_head_json":{"title":"Avellino, Novellino \u00e8 entusiasta: \"Ho ancora voglia di puntare in alto\"","description":"\"Ora puntiamo al recupero dei giocatori infortunati\".\u00a0E' questa l'analisi a caldo di Walter Novellino a margine della vittoria ottenuta contro la Ternana.","robots":{"index":"index","follow":"follow","max-snippet":"max-snippet:-1","max-image-preview":"max-image-preview:large","max-video-preview":"max-video-preview:-1"},"canonical":"https:\/\/www.anteprima24.it\/archivio\/avellino\/avellino-novellino-10\/","og_locale":"it_IT","og_type":"article","og_title":"Avellino, Novellino \u00e8 entusiasta: \"Ho ancora voglia di puntare in alto\"","og_description":"\"Ora puntiamo al recupero dei giocatori infortunati\".\u00a0E' questa l'analisi a caldo di Walter Novellino a margine della vittoria ottenuta contro la Ternana.","og_url":"https:\/\/www.anteprima24.it\/archivio\/avellino\/avellino-novellino-10\/","og_site_name":"Anteprima24.it","article_published_time":"2017-12-28T22:38:08+00:00","og_image":[{"width":720,"height":396,"url":"https:\/\/www.anteprima24.it\/archivio\/wp-content\/uploads\/2017\/12\/22448660_1996327573913629_2398043830953815911_n.jpg","type":"image\/jpeg"}],"author":"Antonio Tedeschi","twitter_card":"summary_large_image","twitter_misc":{"Scritto da":"Antonio Tedeschi","Tempo di lettura stimato":"1 minuto"},"schema":{"@context":"https:\/\/schema.org","@graph":[{"@type":"Article","@id":"https:\/\/www.anteprima24.it\/archivio\/avellino\/avellino-novellino-10\/#article","isPartOf":{"@id":"https:\/\/www.anteprima24.it\/archivio\/avellino\/avellino-novellino-10\/"},"author":{"name":"Antonio Tedeschi","@id":"https:\/\/www.anteprima24.it\/archivio\/#\/schema\/person\/30fcc8a4138521844ae98ad9d137afdf"},"headline":"Avellino, Novellino \u00e8 entusiasta: &#8220;Ho ancora voglia di puntare in alto&#8221;","datePublished":"2017-12-28T22:38:08+00:00","mainEntityOfPage":{"@id":"https:\/\/www.anteprima24.it\/archivio\/avellino\/avellino-novellino-10\/"},"wordCount":155,"commentCount":0,"image":{"@id":"https:\/\/www.anteprima24.it\/archivio\/avellino\/avellino-novellino-10\/#primaryimage"},"thumbnailUrl":"https:\/\/www.anteprima24.it\/archivio\/wp-content\/uploads\/2017\/12\/22448660_1996327573913629_2398043830953815911_n.jpg","keywords":["Avellino","Avellino Calcio","Avellino-Ternana","Walter Novellino"],"articleSection":["Avellino","Regione","Serie B Regione","Serie C Avellino","Sport Avellino"],"inLanguage":"it-IT","potentialAction":[{"@type":"CommentAction","name":"Comment","target":["https:\/\/www.anteprima24.it\/archivio\/avellino\/avellino-novellino-10\/#respond"]}]},{"@type":"WebPage","@id":"https:\/\/www.anteprima24.it\/archivio\/avellino\/avellino-novellino-10\/","url":"https:\/\/www.anteprima24.it\/archivio\/avellino\/avellino-novellino-10\/","name":"Avellino, Novellino \u00e8 entusiasta: \"Ho ancora voglia di puntare in alto\"","isPartOf":{"@id":"https:\/\/www.anteprima24.it\/archivio\/#website"},"primaryImageOfPage":{"@id":"https:\/\/www.anteprima24.it\/archivio\/avellino\/avellino-novellino-10\/#primaryimage"},"image":{"@id":"https:\/\/www.anteprima24.it\/archivio\/avellino\/avellino-novellino-10\/#primaryimage"},"thumbnailUrl":"https:\/\/www.anteprima24.it\/archivio\/wp-content\/uploads\/2017\/12\/22448660_1996327573913629_2398043830953815911_n.jpg","datePublished":"2017-12-28T22:38:08+00:00","author":{"@id":"https:\/\/www.anteprima24.it\/archivio\/#\/schema\/person\/30fcc8a4138521844ae98ad9d137afdf"},"description":"\"Ora puntiamo al recupero dei giocatori infortunati\".\u00a0E' questa l'analisi a caldo di Walter Novellino a margine della vittoria ottenuta contro la Ternana.","breadcrumb":{"@id":"https:\/\/www.anteprima24.it\/archivio\/avellino\/avellino-novellino-10\/#breadcrumb"},"inLanguage":"it-IT","potentialAction":[{"@type":"ReadAction","target":["https:\/\/www.anteprima24.it\/archivio\/avellino\/avellino-novellino-10\/"]}]},{"@type":"ImageObject","inLanguage":"it-IT","@id":"https:\/\/www.anteprima24.it\/archivio\/avellino\/avellino-novellino-10\/#primaryimage","url":"https:\/\/www.anteprima24.it\/archivio\/wp-content\/uploads\/2017\/12\/22448660_1996327573913629_2398043830953815911_n.jpg","contentUrl":"https:\/\/www.anteprima24.it\/archivio\/wp-content\/uploads\/2017\/12\/22448660_1996327573913629_2398043830953815911_n.jpg","width":720,"height":396},{"@type":"BreadcrumbList","@id":"https:\/\/www.anteprima24.it\/archivio\/avellino\/avellino-novellino-10\/#breadcrumb","itemListElement":[{"@type":"ListItem","position":1,"name":"Home","item":"https:\/\/www.anteprima24.it\/archivio\/"},{"@type":"ListItem","position":2,"name":"Avellino, Novellino \u00e8 entusiasta: &#8220;Ho ancora voglia di puntare in alto&#8221;"}]},{"@type":"WebSite","@id":"https:\/\/www.anteprima24.it\/archivio\/#website","url":"https:\/\/www.anteprima24.it\/archivio\/","name":"Anteprima24.it","description":"","potentialAction":[{"@type":"SearchAction","target":{"@type":"EntryPoint","urlTemplate":"https:\/\/www.anteprima24.it\/archivio\/?s={search_term_string}"},"query-input":{"@type":"PropertyValueSpecification","valueRequired":true,"valueName":"search_term_string"}}],"inLanguage":"it-IT"},{"@type":"Person","@id":"https:\/\/www.anteprima24.it\/archivio\/#\/schema\/person\/30fcc8a4138521844ae98ad9d137afdf","name":"Antonio Tedeschi","image":{"@type":"ImageObject","inLanguage":"it-IT","@id":"https:\/\/www.anteprima24.it\/archivio\/#\/schema\/person\/image\/","url":"https:\/\/secure.gravatar.com\/avatar\/45372818180df7341e181ce77faeeb16e07236ab151a43b41f99b910f3582b12?s=96&d=mm&r=g","contentUrl":"https:\/\/secure.gravatar.com\/avatar\/45372818180df7341e181ce77faeeb16e07236ab151a43b41f99b910f3582b12?s=96&d=mm&r=g","caption":"Antonio Tedeschi"},"url":"https:\/\/www.anteprima24.it\/archivio\/author\/antoniotedeschi\/"}]}},"_links":{"self":[{"href":"https:\/\/www.anteprima24.it\/archivio\/wp-json\/wp\/v2\/posts\/104288","targetHints":{"allow":["GET"]}}],"collection":[{"href":"https:\/\/www.anteprima24.it\/archivio\/wp-json\/wp\/v2\/posts"}],"about":[{"href":"https:\/\/www.anteprima24.it\/archivio\/wp-json\/wp\/v2\/types\/post"}],"author":[{"embeddable":true,"href":"https:\/\/www.anteprima24.it\/archivio\/wp-json\/wp\/v2\/users\/24"}],"replies":[{"embeddable":true,"href":"https:\/\/www.anteprima24.it\/archivio\/wp-json\/wp\/v2\/comments?post=104288"}],"version-history":[{"count":0,"href":"https:\/\/www.anteprima24.it\/archivio\/wp-json\/wp\/v2\/posts\/104288\/revisions"}],"wp:featuredmedia":[{"embeddable":true,"href":"https:\/\/www.anteprima24.it\/archivio\/wp-json\/wp\/v2\/media\/104285"}],"wp:attachment":[{"href":"https:\/\/www.anteprima24.it\/archivio\/wp-json\/wp\/v2\/media?parent=104288"}],"wp:term":[{"taxonomy":"category","embeddable":true,"href":"https:\/\/www.anteprima24.it\/archivio\/wp-json\/wp\/v2\/categories?post=104288"},{"taxonomy":"post_tag","embeddable":true,"href":"https:\/\/www.anteprima24.it\/archivio\/wp-json\/wp\/v2\/tags?post=104288"}],"curies":[{"name":"wp","href":"https:\/\/api.w.org\/{rel}","templated":true}]}}