{"id":104391,"date":"2017-12-29T13:49:17","date_gmt":"2017-12-29T11:49:17","guid":{"rendered":"http:\/\/www.anteprima24.it\/?p=104391"},"modified":"2017-12-29T13:49:17","modified_gmt":"2017-12-29T11:49:17","slug":"avellino-mercato","status":"publish","type":"post","link":"https:\/\/www.anteprima24.it\/archivio\/avellino\/avellino-mercato\/","title":{"rendered":"Avellino, il mercato \u00e8 alle porte: il punto della situazione sulle trattative"},"content":{"rendered":"<span class=\"span-reading-time rt-reading-time\" style=\"display: block;\"><span class=\"rt-label rt-prefix\">Tempo di lettura: <\/span> <span class=\"rt-time\"> 2<\/span> <span class=\"rt-label rt-postfix\">minuti<\/span><\/span><p style=\"text-align: justify\">Avellino &#8211; Il girone d&#8217;andata dell&#8217;<strong>Avellino<\/strong> si \u00e8 chiuso con una bella vittoria contro la <strong>Ternana<\/strong>. La truppa di<strong> Walter Novellino<\/strong> torner\u00e0 ad allenarsi il prossimo 8 gennaio. Ma la palla ora passa al calciomercato in procinto di aprire i battenti. Il club biancoverde da giorni draga il mercato per regalare rinforzi in vista della tornata di ritorno. Sicuramente il rientro al 100% di <strong>Davide Gavazzi<\/strong> sar\u00e0 un valore aggiunto. Restano da monitorare le condizioni dell&#8217;ex Ternana ieri sera in panchina. &#8220;Non sottovaluterei il rientro di Davide&#8221; ha dichiarato Novellino al termine della gara.<\/p>\n<p style=\"text-align: justify\">Il direttore sportivo <strong>Vincenzo De Vito<\/strong> in piena sinergia con il tecnico e il presidente <strong>Walter Taccone<\/strong> hanno gi\u00e0 in mente i rinforzi per gennaio. Il reparto che sar\u00e0 maggiormente attenzionato sar\u00e0 il centrocampo. Assodate le partenze di <strong>Fabrizio Paghera<\/strong> (nel mirino di Salernitana, Ascoli e Brescia) e <strong>Federico Moretti\u00a0<\/strong>(arrivato in Irpinia solo lo scorso gennaio, <em>ndr<\/em>.), l&#8217;Avellino, valuta con attenzione i profili di <strong>Daniele Altobelli<\/strong> della Pro Vercelli e <strong>Filippo Melegoni<\/strong> dell&#8217;Atalanta.<\/p>\n<p style=\"text-align: justify\">Attesi rinforzi anche per quanto concerne il reparto offensivo. <strong>Filippo Falco<\/strong>, attualmente al Perugia, \u00e8 un sogno nel cassetto. Ma ad oggi non \u00e8 mai stato contattato dal sodalizio biancoverde. Tra i profili vagliati c&#8217;\u00e8 <strong>Mattia Mustacchio<\/strong>, anche lui in forza agli umbri e <strong>Ces\u00e0r Falletti<\/strong> del Bologna. In avanti il sogno si chiama <strong>Andrey Galabinov<\/strong>, ex bomber dei lupi ora al Genoa. Difficilmente il bulgaro per\u00f2 scender\u00e0 di categoria, ma i colpi di scena sono dietro l&#8217;angolo. L&#8217;altro nome caldo per l&#8217;attacco \u00e8 <strong>George Puscas<\/strong>, oggi in forza al Benevento, ma in uscita. A sponsorizzare il bomber rumeno sarebbe l&#8217;estremo difensore dei lupi\u00a0<strong>Inout Radu<\/strong>.<\/p>\n","protected":false},"excerpt":{"rendered":"<p>Avellino &#8211; Il girone d&#8217;andata dell&#8217;Avellino si \u00e8 chiuso con una bella vittoria contro la Ternana. La truppa di Walter Novellino torner\u00e0 ad allenarsi il prossimo 8 gennaio. Ma la palla ora passa al calciomercato in procinto di aprire i battenti. Il club biancoverde da giorni draga il mercato per regalare rinforzi in vista della [&hellip;]<\/p>\n","protected":false},"author":24,"featured_media":58547,"comment_status":"open","ping_status":"open","sticky":false,"template":"","format":"standard","meta":{"_monsterinsights_skip_tracking":false,"_monsterinsights_sitenote_active":false,"_monsterinsights_sitenote_note":"","_monsterinsights_sitenote_category":0,"ngg_post_thumbnail":0,"footnotes":""},"categories":[4,271,1200,1455,1384,275],"tags":[285,897,483,16833,16831,16832,16830,10066],"class_list":{"0":"post-104391","1":"post","2":"type-post","3":"status-publish","4":"format-standard","5":"has-post-thumbnail","7":"category-avellino","8":"category-regione","9":"category-serie-b","10":"category-serie-d-sport-avellino","11":"category-sport-avellino","12":"category-sport","13":"tag-avellino","14":"tag-avellino-calcio","15":"tag-calciomercato","16":"tag-daniele-altobelli","17":"tag-filippo-falco","18":"tag-george-puscas","19":"tag-vincenzo-de-vito","20":"tag-walter-taccone"},"yoast_head":"<!-- This site is optimized with the Yoast SEO plugin v26.8 - https:\/\/yoast.com\/product\/yoast-seo-wordpress\/ -->\n<title>Avellino, il mercato \u00e8 alle porte: il punto della situazione sulle trattative<\/title>\n<meta name=\"description\" content=\"La truppa di Walter Novellino torner\u00e0 ad allenarsi il prossimo 8 gennaio. Ma la palla ora passa al calciomercato in procinto di aprire i battenti.\" \/>\n<meta name=\"robots\" content=\"index, follow, max-snippet:-1, max-image-preview:large, max-video-preview:-1\" \/>\n<link rel=\"canonical\" href=\"https:\/\/www.anteprima24.it\/archivio\/avellino\/avellino-mercato\/\" \/>\n<meta property=\"og:locale\" content=\"it_IT\" \/>\n<meta property=\"og:type\" content=\"article\" \/>\n<meta property=\"og:title\" content=\"Avellino, il mercato \u00e8 alle porte: il punto della situazione sulle trattative\" \/>\n<meta property=\"og:description\" content=\"La truppa di Walter Novellino torner\u00e0 ad allenarsi il prossimo 8 gennaio. Ma la palla ora passa al calciomercato in procinto di aprire i battenti.\" \/>\n<meta property=\"og:url\" content=\"https:\/\/www.anteprima24.it\/archivio\/avellino\/avellino-mercato\/\" \/>\n<meta property=\"og:site_name\" content=\"Anteprima24.it\" \/>\n<meta property=\"article:published_time\" content=\"2017-12-29T11:49:17+00:00\" \/>\n<meta property=\"og:image\" content=\"https:\/\/www.anteprima24.it\/archivio\/wp-content\/uploads\/2017\/10\/Puscas.jpg\" \/>\n\t<meta property=\"og:image:width\" content=\"831\" \/>\n\t<meta property=\"og:image:height\" content=\"600\" \/>\n\t<meta property=\"og:image:type\" content=\"image\/jpeg\" \/>\n<meta name=\"author\" content=\"Antonio Tedeschi\" \/>\n<meta name=\"twitter:card\" content=\"summary_large_image\" \/>\n<meta name=\"twitter:label1\" content=\"Scritto da\" \/>\n\t<meta name=\"twitter:data1\" content=\"Antonio Tedeschi\" \/>\n\t<meta name=\"twitter:label2\" content=\"Tempo di lettura stimato\" \/>\n\t<meta name=\"twitter:data2\" content=\"1 minuto\" \/>\n<script type=\"application\/ld+json\" class=\"yoast-schema-graph\">{\"@context\":\"https:\/\/schema.org\",\"@graph\":[{\"@type\":\"Article\",\"@id\":\"https:\/\/www.anteprima24.it\/archivio\/avellino\/avellino-mercato\/#article\",\"isPartOf\":{\"@id\":\"https:\/\/www.anteprima24.it\/archivio\/avellino\/avellino-mercato\/\"},\"author\":{\"name\":\"Antonio Tedeschi\",\"@id\":\"https:\/\/www.anteprima24.it\/archivio\/#\/schema\/person\/30fcc8a4138521844ae98ad9d137afdf\"},\"headline\":\"Avellino, il mercato \u00e8 alle porte: il punto della situazione sulle trattative\",\"datePublished\":\"2017-12-29T11:49:17+00:00\",\"mainEntityOfPage\":{\"@id\":\"https:\/\/www.anteprima24.it\/archivio\/avellino\/avellino-mercato\/\"},\"wordCount\":289,\"commentCount\":0,\"image\":{\"@id\":\"https:\/\/www.anteprima24.it\/archivio\/avellino\/avellino-mercato\/#primaryimage\"},\"thumbnailUrl\":\"https:\/\/www.anteprima24.it\/archivio\/wp-content\/uploads\/2017\/10\/Puscas.jpg\",\"keywords\":[\"Avellino\",\"Avellino Calcio\",\"Calciomercato\",\"Daniele Altobelli\",\"Filippo Falco\",\"George Puscas\",\"Vincenzo De Vito\",\"Walter Taccone\"],\"articleSection\":[\"Avellino\",\"Regione\",\"Serie B Regione\",\"Serie C Avellino\",\"Sport Avellino\",\"Sport Regione\"],\"inLanguage\":\"it-IT\",\"potentialAction\":[{\"@type\":\"CommentAction\",\"name\":\"Comment\",\"target\":[\"https:\/\/www.anteprima24.it\/archivio\/avellino\/avellino-mercato\/#respond\"]}]},{\"@type\":\"WebPage\",\"@id\":\"https:\/\/www.anteprima24.it\/archivio\/avellino\/avellino-mercato\/\",\"url\":\"https:\/\/www.anteprima24.it\/archivio\/avellino\/avellino-mercato\/\",\"name\":\"Avellino, il mercato \u00e8 alle porte: il punto della situazione sulle trattative\",\"isPartOf\":{\"@id\":\"https:\/\/www.anteprima24.it\/archivio\/#website\"},\"primaryImageOfPage\":{\"@id\":\"https:\/\/www.anteprima24.it\/archivio\/avellino\/avellino-mercato\/#primaryimage\"},\"image\":{\"@id\":\"https:\/\/www.anteprima24.it\/archivio\/avellino\/avellino-mercato\/#primaryimage\"},\"thumbnailUrl\":\"https:\/\/www.anteprima24.it\/archivio\/wp-content\/uploads\/2017\/10\/Puscas.jpg\",\"datePublished\":\"2017-12-29T11:49:17+00:00\",\"author\":{\"@id\":\"https:\/\/www.anteprima24.it\/archivio\/#\/schema\/person\/30fcc8a4138521844ae98ad9d137afdf\"},\"description\":\"La truppa di Walter Novellino torner\u00e0 ad allenarsi il prossimo 8 gennaio. Ma la palla ora passa al calciomercato in procinto di aprire i battenti.\",\"breadcrumb\":{\"@id\":\"https:\/\/www.anteprima24.it\/archivio\/avellino\/avellino-mercato\/#breadcrumb\"},\"inLanguage\":\"it-IT\",\"potentialAction\":[{\"@type\":\"ReadAction\",\"target\":[\"https:\/\/www.anteprima24.it\/archivio\/avellino\/avellino-mercato\/\"]}]},{\"@type\":\"ImageObject\",\"inLanguage\":\"it-IT\",\"@id\":\"https:\/\/www.anteprima24.it\/archivio\/avellino\/avellino-mercato\/#primaryimage\",\"url\":\"https:\/\/www.anteprima24.it\/archivio\/wp-content\/uploads\/2017\/10\/Puscas.jpg\",\"contentUrl\":\"https:\/\/www.anteprima24.it\/archivio\/wp-content\/uploads\/2017\/10\/Puscas.jpg\",\"width\":831,\"height\":600,\"caption\":\"Crotone's Marcus Rohden (L) and Benevento's George Puscas in action during the Italian Serie A soccer match FC Crotone vs Benevento Calcio at Ezio Scida stadium in Crotone, Italy, 24 September 2017. ANSA\/ALBANO ANGILLETTA\"},{\"@type\":\"BreadcrumbList\",\"@id\":\"https:\/\/www.anteprima24.it\/archivio\/avellino\/avellino-mercato\/#breadcrumb\",\"itemListElement\":[{\"@type\":\"ListItem\",\"position\":1,\"name\":\"Home\",\"item\":\"https:\/\/www.anteprima24.it\/archivio\/\"},{\"@type\":\"ListItem\",\"position\":2,\"name\":\"Avellino, il mercato \u00e8 alle porte: il punto della situazione sulle trattative\"}]},{\"@type\":\"WebSite\",\"@id\":\"https:\/\/www.anteprima24.it\/archivio\/#website\",\"url\":\"https:\/\/www.anteprima24.it\/archivio\/\",\"name\":\"Anteprima24.it\",\"description\":\"\",\"potentialAction\":[{\"@type\":\"SearchAction\",\"target\":{\"@type\":\"EntryPoint\",\"urlTemplate\":\"https:\/\/www.anteprima24.it\/archivio\/?s={search_term_string}\"},\"query-input\":{\"@type\":\"PropertyValueSpecification\",\"valueRequired\":true,\"valueName\":\"search_term_string\"}}],\"inLanguage\":\"it-IT\"},{\"@type\":\"Person\",\"@id\":\"https:\/\/www.anteprima24.it\/archivio\/#\/schema\/person\/30fcc8a4138521844ae98ad9d137afdf\",\"name\":\"Antonio Tedeschi\",\"image\":{\"@type\":\"ImageObject\",\"inLanguage\":\"it-IT\",\"@id\":\"https:\/\/www.anteprima24.it\/archivio\/#\/schema\/person\/image\/\",\"url\":\"https:\/\/secure.gravatar.com\/avatar\/45372818180df7341e181ce77faeeb16e07236ab151a43b41f99b910f3582b12?s=96&d=mm&r=g\",\"contentUrl\":\"https:\/\/secure.gravatar.com\/avatar\/45372818180df7341e181ce77faeeb16e07236ab151a43b41f99b910f3582b12?s=96&d=mm&r=g\",\"caption\":\"Antonio Tedeschi\"},\"url\":\"https:\/\/www.anteprima24.it\/archivio\/author\/antoniotedeschi\/\"}]}<\/script>\n<!-- \/ Yoast SEO plugin. -->","yoast_head_json":{"title":"Avellino, il mercato \u00e8 alle porte: il punto della situazione sulle trattative","description":"La truppa di Walter Novellino torner\u00e0 ad allenarsi il prossimo 8 gennaio. Ma la palla ora passa al calciomercato in procinto di aprire i battenti.","robots":{"index":"index","follow":"follow","max-snippet":"max-snippet:-1","max-image-preview":"max-image-preview:large","max-video-preview":"max-video-preview:-1"},"canonical":"https:\/\/www.anteprima24.it\/archivio\/avellino\/avellino-mercato\/","og_locale":"it_IT","og_type":"article","og_title":"Avellino, il mercato \u00e8 alle porte: il punto della situazione sulle trattative","og_description":"La truppa di Walter Novellino torner\u00e0 ad allenarsi il prossimo 8 gennaio. Ma la palla ora passa al calciomercato in procinto di aprire i battenti.","og_url":"https:\/\/www.anteprima24.it\/archivio\/avellino\/avellino-mercato\/","og_site_name":"Anteprima24.it","article_published_time":"2017-12-29T11:49:17+00:00","og_image":[{"width":831,"height":600,"url":"https:\/\/www.anteprima24.it\/archivio\/wp-content\/uploads\/2017\/10\/Puscas.jpg","type":"image\/jpeg"}],"author":"Antonio Tedeschi","twitter_card":"summary_large_image","twitter_misc":{"Scritto da":"Antonio Tedeschi","Tempo di lettura stimato":"1 minuto"},"schema":{"@context":"https:\/\/schema.org","@graph":[{"@type":"Article","@id":"https:\/\/www.anteprima24.it\/archivio\/avellino\/avellino-mercato\/#article","isPartOf":{"@id":"https:\/\/www.anteprima24.it\/archivio\/avellino\/avellino-mercato\/"},"author":{"name":"Antonio Tedeschi","@id":"https:\/\/www.anteprima24.it\/archivio\/#\/schema\/person\/30fcc8a4138521844ae98ad9d137afdf"},"headline":"Avellino, il mercato \u00e8 alle porte: il punto della situazione sulle trattative","datePublished":"2017-12-29T11:49:17+00:00","mainEntityOfPage":{"@id":"https:\/\/www.anteprima24.it\/archivio\/avellino\/avellino-mercato\/"},"wordCount":289,"commentCount":0,"image":{"@id":"https:\/\/www.anteprima24.it\/archivio\/avellino\/avellino-mercato\/#primaryimage"},"thumbnailUrl":"https:\/\/www.anteprima24.it\/archivio\/wp-content\/uploads\/2017\/10\/Puscas.jpg","keywords":["Avellino","Avellino Calcio","Calciomercato","Daniele Altobelli","Filippo Falco","George Puscas","Vincenzo De Vito","Walter Taccone"],"articleSection":["Avellino","Regione","Serie B Regione","Serie C Avellino","Sport Avellino","Sport Regione"],"inLanguage":"it-IT","potentialAction":[{"@type":"CommentAction","name":"Comment","target":["https:\/\/www.anteprima24.it\/archivio\/avellino\/avellino-mercato\/#respond"]}]},{"@type":"WebPage","@id":"https:\/\/www.anteprima24.it\/archivio\/avellino\/avellino-mercato\/","url":"https:\/\/www.anteprima24.it\/archivio\/avellino\/avellino-mercato\/","name":"Avellino, il mercato \u00e8 alle porte: il punto della situazione sulle trattative","isPartOf":{"@id":"https:\/\/www.anteprima24.it\/archivio\/#website"},"primaryImageOfPage":{"@id":"https:\/\/www.anteprima24.it\/archivio\/avellino\/avellino-mercato\/#primaryimage"},"image":{"@id":"https:\/\/www.anteprima24.it\/archivio\/avellino\/avellino-mercato\/#primaryimage"},"thumbnailUrl":"https:\/\/www.anteprima24.it\/archivio\/wp-content\/uploads\/2017\/10\/Puscas.jpg","datePublished":"2017-12-29T11:49:17+00:00","author":{"@id":"https:\/\/www.anteprima24.it\/archivio\/#\/schema\/person\/30fcc8a4138521844ae98ad9d137afdf"},"description":"La truppa di Walter Novellino torner\u00e0 ad allenarsi il prossimo 8 gennaio. Ma la palla ora passa al calciomercato in procinto di aprire i battenti.","breadcrumb":{"@id":"https:\/\/www.anteprima24.it\/archivio\/avellino\/avellino-mercato\/#breadcrumb"},"inLanguage":"it-IT","potentialAction":[{"@type":"ReadAction","target":["https:\/\/www.anteprima24.it\/archivio\/avellino\/avellino-mercato\/"]}]},{"@type":"ImageObject","inLanguage":"it-IT","@id":"https:\/\/www.anteprima24.it\/archivio\/avellino\/avellino-mercato\/#primaryimage","url":"https:\/\/www.anteprima24.it\/archivio\/wp-content\/uploads\/2017\/10\/Puscas.jpg","contentUrl":"https:\/\/www.anteprima24.it\/archivio\/wp-content\/uploads\/2017\/10\/Puscas.jpg","width":831,"height":600,"caption":"Crotone's Marcus Rohden (L) and Benevento's George Puscas in action during the Italian Serie A soccer match FC Crotone vs Benevento Calcio at Ezio Scida stadium in Crotone, Italy, 24 September 2017. ANSA\/ALBANO ANGILLETTA"},{"@type":"BreadcrumbList","@id":"https:\/\/www.anteprima24.it\/archivio\/avellino\/avellino-mercato\/#breadcrumb","itemListElement":[{"@type":"ListItem","position":1,"name":"Home","item":"https:\/\/www.anteprima24.it\/archivio\/"},{"@type":"ListItem","position":2,"name":"Avellino, il mercato \u00e8 alle porte: il punto della situazione sulle trattative"}]},{"@type":"WebSite","@id":"https:\/\/www.anteprima24.it\/archivio\/#website","url":"https:\/\/www.anteprima24.it\/archivio\/","name":"Anteprima24.it","description":"","potentialAction":[{"@type":"SearchAction","target":{"@type":"EntryPoint","urlTemplate":"https:\/\/www.anteprima24.it\/archivio\/?s={search_term_string}"},"query-input":{"@type":"PropertyValueSpecification","valueRequired":true,"valueName":"search_term_string"}}],"inLanguage":"it-IT"},{"@type":"Person","@id":"https:\/\/www.anteprima24.it\/archivio\/#\/schema\/person\/30fcc8a4138521844ae98ad9d137afdf","name":"Antonio Tedeschi","image":{"@type":"ImageObject","inLanguage":"it-IT","@id":"https:\/\/www.anteprima24.it\/archivio\/#\/schema\/person\/image\/","url":"https:\/\/secure.gravatar.com\/avatar\/45372818180df7341e181ce77faeeb16e07236ab151a43b41f99b910f3582b12?s=96&d=mm&r=g","contentUrl":"https:\/\/secure.gravatar.com\/avatar\/45372818180df7341e181ce77faeeb16e07236ab151a43b41f99b910f3582b12?s=96&d=mm&r=g","caption":"Antonio Tedeschi"},"url":"https:\/\/www.anteprima24.it\/archivio\/author\/antoniotedeschi\/"}]}},"_links":{"self":[{"href":"https:\/\/www.anteprima24.it\/archivio\/wp-json\/wp\/v2\/posts\/104391","targetHints":{"allow":["GET"]}}],"collection":[{"href":"https:\/\/www.anteprima24.it\/archivio\/wp-json\/wp\/v2\/posts"}],"about":[{"href":"https:\/\/www.anteprima24.it\/archivio\/wp-json\/wp\/v2\/types\/post"}],"author":[{"embeddable":true,"href":"https:\/\/www.anteprima24.it\/archivio\/wp-json\/wp\/v2\/users\/24"}],"replies":[{"embeddable":true,"href":"https:\/\/www.anteprima24.it\/archivio\/wp-json\/wp\/v2\/comments?post=104391"}],"version-history":[{"count":0,"href":"https:\/\/www.anteprima24.it\/archivio\/wp-json\/wp\/v2\/posts\/104391\/revisions"}],"wp:featuredmedia":[{"embeddable":true,"href":"https:\/\/www.anteprima24.it\/archivio\/wp-json\/wp\/v2\/media\/58547"}],"wp:attachment":[{"href":"https:\/\/www.anteprima24.it\/archivio\/wp-json\/wp\/v2\/media?parent=104391"}],"wp:term":[{"taxonomy":"category","embeddable":true,"href":"https:\/\/www.anteprima24.it\/archivio\/wp-json\/wp\/v2\/categories?post=104391"},{"taxonomy":"post_tag","embeddable":true,"href":"https:\/\/www.anteprima24.it\/archivio\/wp-json\/wp\/v2\/tags?post=104391"}],"curies":[{"name":"wp","href":"https:\/\/api.w.org\/{rel}","templated":true}]}}