{"id":105196,"date":"2018-01-02T12:38:15","date_gmt":"2018-01-02T10:38:15","guid":{"rendered":"http:\/\/www.anteprima24.it\/?p=105196"},"modified":"2018-01-02T12:38:15","modified_gmt":"2018-01-02T10:38:15","slug":"avellino-mercato-2","status":"publish","type":"post","link":"https:\/\/www.anteprima24.it\/archivio\/avellino\/avellino-mercato-2\/","title":{"rendered":"Avellino, al via le grandi manovre di mercato, ma c&#8217;\u00e8 una grana da risolvere"},"content":{"rendered":"<span class=\"span-reading-time rt-reading-time\" style=\"display: block;\"><span class=\"rt-label rt-prefix\">Tempo di lettura: <\/span> <span class=\"rt-time\"> &lt; 1<\/span> <span class=\"rt-label rt-postfix\">minuto<\/span><\/span><p style=\"text-align: justify\">Avellino &#8211; La\u00a0sfera riprender\u00e0\u00a0vertiginosamente a rotolare sul rettangolo verde solo a met\u00e0 gennaio. Da domani si alzer\u00e0 il sipario sul grande tendone del calciomercato. Alla grande giostra prender\u00e0 parte anche l&#8217;<strong>Avellino<\/strong> a caccia di rinforzi per <strong>Walter Novellino<\/strong>. Il primo della lista sembra essere stato individuato. Si tratta di\u00a0<strong>Emanuele Ndoj<\/strong>. Classe &#8217;96 in forza al <strong>Brescia<\/strong>, ma di propriet\u00e0 della <strong>Roma<\/strong>. L&#8217;altro nome su taccuino del diesse <strong>Vincenzo De Vito<\/strong> \u00e8 <strong>Simone Palombi<\/strong> di propriet\u00e0 della <strong>Lazio<\/strong>. Discorso gi\u00e0 avviato con il club biancoceleste del presidente <strong>Claudio Lotito<\/strong>.<\/p>\n<p style=\"text-align: justify\">Nelle prossime settimane sono attesi riscontri inerenti alle condizioni di <strong>Leonardo Morosini<\/strong>, da qui si capir\u00e0 se bisogner\u00e0 intervenire oppure no in avanti. L&#8217;Avellino, per\u00f2, prima di piazzare colpi ha intenzione anche di cedere. In lista di sbarco c&#8217;\u00e8<strong> Idrissa Camar\u00e0<\/strong> finito nel mirino della Casertana. <strong>Fabrizio Paghera<\/strong> verso la Salernitana, ma ci sono due grane da risolvere. <strong>Federico Moretti<\/strong> e<strong> Emanuele Suagher<\/strong>. L&#8217;ex Latina non rientra pi\u00f9 nei piani di Novellino, ma non ha pretendi. La rescissione consensuale sarebbe un nuovo &#8220;bagno di sangue&#8221; per il club biancoverde. Il secondo, invece, \u00e8 attenzionato da <strong>Virtus Entella<\/strong> e <strong>Carpi<\/strong> ma non vuole lasciare l&#8217;Avellino.<\/p>\n","protected":false},"excerpt":{"rendered":"<p>Avellino &#8211; La\u00a0sfera riprender\u00e0\u00a0vertiginosamente a rotolare sul rettangolo verde solo a met\u00e0 gennaio. Da domani si alzer\u00e0 il sipario sul grande tendone del calciomercato. Alla grande giostra prender\u00e0 parte anche l&#8217;Avellino a caccia di rinforzi per Walter Novellino. Il primo della lista sembra essere stato individuato. Si tratta di\u00a0Emanuele Ndoj. Classe &#8217;96 in forza al [&hellip;]<\/p>\n","protected":false},"author":24,"featured_media":105198,"comment_status":"open","ping_status":"open","sticky":false,"template":"","format":"standard","meta":{"_monsterinsights_skip_tracking":false,"_monsterinsights_sitenote_active":false,"_monsterinsights_sitenote_note":"","_monsterinsights_sitenote_category":0,"ngg_post_thumbnail":0,"footnotes":""},"categories":[4,271,1200,1455,1384,275],"tags":[285,897,483,16937,8106,2035,3811,16934,16936,16935,903,7526],"class_list":{"0":"post-105196","1":"post","2":"type-post","3":"status-publish","4":"format-standard","5":"has-post-thumbnail","7":"category-avellino","8":"category-regione","9":"category-serie-b","10":"category-serie-d-sport-avellino","11":"category-sport-avellino","12":"category-sport","13":"tag-avellino","14":"tag-avellino-calcio","15":"tag-calciomercato","16":"tag-camara","17":"tag-comune-di-avellino","18":"tag-mercato","19":"tag-moretti","20":"tag-ndoj","21":"tag-paghera","22":"tag-palombi","23":"tag-taccone","24":"tag-walter-novellino"},"yoast_head":"<!-- This site is optimized with the Yoast SEO plugin v26.8 - https:\/\/yoast.com\/product\/yoast-seo-wordpress\/ -->\n<title>Avellino, al via le grandi manovre di mercato, ma c&#039;\u00e8 una grana da risolvere<\/title>\n<meta name=\"description\" content=\"La\u00a0sfera riprender\u00e0\u00a0vertiginosamente a rotolare sul rettangolo verde solo a met\u00e0 gennaio. Ma c&#039;\u00e8 la grana da risolvere per quanto concerne le uscite.\" \/>\n<meta name=\"robots\" content=\"index, follow, max-snippet:-1, max-image-preview:large, max-video-preview:-1\" \/>\n<link rel=\"canonical\" href=\"https:\/\/www.anteprima24.it\/archivio\/avellino\/avellino-mercato-2\/\" \/>\n<meta property=\"og:locale\" content=\"it_IT\" \/>\n<meta property=\"og:type\" content=\"article\" \/>\n<meta property=\"og:title\" content=\"Avellino, al via le grandi manovre di mercato, ma c&#039;\u00e8 una grana da risolvere\" \/>\n<meta property=\"og:description\" content=\"La\u00a0sfera riprender\u00e0\u00a0vertiginosamente a rotolare sul rettangolo verde solo a met\u00e0 gennaio. Ma c&#039;\u00e8 la grana da risolvere per quanto concerne le uscite.\" \/>\n<meta property=\"og:url\" content=\"https:\/\/www.anteprima24.it\/archivio\/avellino\/avellino-mercato-2\/\" \/>\n<meta property=\"og:site_name\" content=\"Anteprima24.it\" \/>\n<meta property=\"article:published_time\" content=\"2018-01-02T10:38:15+00:00\" \/>\n<meta property=\"og:image\" content=\"https:\/\/www.anteprima24.it\/archivio\/wp-content\/uploads\/2018\/01\/maxresdefault.jpg\" \/>\n\t<meta property=\"og:image:width\" content=\"1280\" \/>\n\t<meta property=\"og:image:height\" content=\"720\" \/>\n\t<meta property=\"og:image:type\" content=\"image\/jpeg\" \/>\n<meta name=\"author\" content=\"Antonio Tedeschi\" \/>\n<meta name=\"twitter:card\" content=\"summary_large_image\" \/>\n<meta name=\"twitter:label1\" content=\"Scritto da\" \/>\n\t<meta name=\"twitter:data1\" content=\"Antonio Tedeschi\" \/>\n\t<meta name=\"twitter:label2\" content=\"Tempo di lettura stimato\" \/>\n\t<meta name=\"twitter:data2\" content=\"1 minuto\" \/>\n<script type=\"application\/ld+json\" class=\"yoast-schema-graph\">{\"@context\":\"https:\/\/schema.org\",\"@graph\":[{\"@type\":\"Article\",\"@id\":\"https:\/\/www.anteprima24.it\/archivio\/avellino\/avellino-mercato-2\/#article\",\"isPartOf\":{\"@id\":\"https:\/\/www.anteprima24.it\/archivio\/avellino\/avellino-mercato-2\/\"},\"author\":{\"name\":\"Antonio Tedeschi\",\"@id\":\"https:\/\/www.anteprima24.it\/archivio\/#\/schema\/person\/30fcc8a4138521844ae98ad9d137afdf\"},\"headline\":\"Avellino, al via le grandi manovre di mercato, ma c&#8217;\u00e8 una grana da risolvere\",\"datePublished\":\"2018-01-02T10:38:15+00:00\",\"mainEntityOfPage\":{\"@id\":\"https:\/\/www.anteprima24.it\/archivio\/avellino\/avellino-mercato-2\/\"},\"wordCount\":211,\"commentCount\":0,\"image\":{\"@id\":\"https:\/\/www.anteprima24.it\/archivio\/avellino\/avellino-mercato-2\/#primaryimage\"},\"thumbnailUrl\":\"https:\/\/www.anteprima24.it\/archivio\/wp-content\/uploads\/2018\/01\/maxresdefault.jpg\",\"keywords\":[\"Avellino\",\"Avellino Calcio\",\"Calciomercato\",\"Camar\u00e0\",\"comune di avellino\",\"mercato\",\"Moretti\",\"Ndoj\",\"Paghera\",\"Palombi\",\"Taccone\",\"Walter Novellino\"],\"articleSection\":[\"Avellino\",\"Regione\",\"Serie B Regione\",\"Serie C Avellino\",\"Sport Avellino\",\"Sport Regione\"],\"inLanguage\":\"it-IT\",\"potentialAction\":[{\"@type\":\"CommentAction\",\"name\":\"Comment\",\"target\":[\"https:\/\/www.anteprima24.it\/archivio\/avellino\/avellino-mercato-2\/#respond\"]}]},{\"@type\":\"WebPage\",\"@id\":\"https:\/\/www.anteprima24.it\/archivio\/avellino\/avellino-mercato-2\/\",\"url\":\"https:\/\/www.anteprima24.it\/archivio\/avellino\/avellino-mercato-2\/\",\"name\":\"Avellino, al via le grandi manovre di mercato, ma c'\u00e8 una grana da risolvere\",\"isPartOf\":{\"@id\":\"https:\/\/www.anteprima24.it\/archivio\/#website\"},\"primaryImageOfPage\":{\"@id\":\"https:\/\/www.anteprima24.it\/archivio\/avellino\/avellino-mercato-2\/#primaryimage\"},\"image\":{\"@id\":\"https:\/\/www.anteprima24.it\/archivio\/avellino\/avellino-mercato-2\/#primaryimage\"},\"thumbnailUrl\":\"https:\/\/www.anteprima24.it\/archivio\/wp-content\/uploads\/2018\/01\/maxresdefault.jpg\",\"datePublished\":\"2018-01-02T10:38:15+00:00\",\"author\":{\"@id\":\"https:\/\/www.anteprima24.it\/archivio\/#\/schema\/person\/30fcc8a4138521844ae98ad9d137afdf\"},\"description\":\"La\u00a0sfera riprender\u00e0\u00a0vertiginosamente a rotolare sul rettangolo verde solo a met\u00e0 gennaio. Ma c'\u00e8 la grana da risolvere per quanto concerne le uscite.\",\"breadcrumb\":{\"@id\":\"https:\/\/www.anteprima24.it\/archivio\/avellino\/avellino-mercato-2\/#breadcrumb\"},\"inLanguage\":\"it-IT\",\"potentialAction\":[{\"@type\":\"ReadAction\",\"target\":[\"https:\/\/www.anteprima24.it\/archivio\/avellino\/avellino-mercato-2\/\"]}]},{\"@type\":\"ImageObject\",\"inLanguage\":\"it-IT\",\"@id\":\"https:\/\/www.anteprima24.it\/archivio\/avellino\/avellino-mercato-2\/#primaryimage\",\"url\":\"https:\/\/www.anteprima24.it\/archivio\/wp-content\/uploads\/2018\/01\/maxresdefault.jpg\",\"contentUrl\":\"https:\/\/www.anteprima24.it\/archivio\/wp-content\/uploads\/2018\/01\/maxresdefault.jpg\",\"width\":1280,\"height\":720},{\"@type\":\"BreadcrumbList\",\"@id\":\"https:\/\/www.anteprima24.it\/archivio\/avellino\/avellino-mercato-2\/#breadcrumb\",\"itemListElement\":[{\"@type\":\"ListItem\",\"position\":1,\"name\":\"Home\",\"item\":\"https:\/\/www.anteprima24.it\/archivio\/\"},{\"@type\":\"ListItem\",\"position\":2,\"name\":\"Avellino, al via le grandi manovre di mercato, ma c&#8217;\u00e8 una grana da risolvere\"}]},{\"@type\":\"WebSite\",\"@id\":\"https:\/\/www.anteprima24.it\/archivio\/#website\",\"url\":\"https:\/\/www.anteprima24.it\/archivio\/\",\"name\":\"Anteprima24.it\",\"description\":\"\",\"potentialAction\":[{\"@type\":\"SearchAction\",\"target\":{\"@type\":\"EntryPoint\",\"urlTemplate\":\"https:\/\/www.anteprima24.it\/archivio\/?s={search_term_string}\"},\"query-input\":{\"@type\":\"PropertyValueSpecification\",\"valueRequired\":true,\"valueName\":\"search_term_string\"}}],\"inLanguage\":\"it-IT\"},{\"@type\":\"Person\",\"@id\":\"https:\/\/www.anteprima24.it\/archivio\/#\/schema\/person\/30fcc8a4138521844ae98ad9d137afdf\",\"name\":\"Antonio Tedeschi\",\"image\":{\"@type\":\"ImageObject\",\"inLanguage\":\"it-IT\",\"@id\":\"https:\/\/www.anteprima24.it\/archivio\/#\/schema\/person\/image\/\",\"url\":\"https:\/\/secure.gravatar.com\/avatar\/45372818180df7341e181ce77faeeb16e07236ab151a43b41f99b910f3582b12?s=96&d=mm&r=g\",\"contentUrl\":\"https:\/\/secure.gravatar.com\/avatar\/45372818180df7341e181ce77faeeb16e07236ab151a43b41f99b910f3582b12?s=96&d=mm&r=g\",\"caption\":\"Antonio Tedeschi\"},\"url\":\"https:\/\/www.anteprima24.it\/archivio\/author\/antoniotedeschi\/\"}]}<\/script>\n<!-- \/ Yoast SEO plugin. -->","yoast_head_json":{"title":"Avellino, al via le grandi manovre di mercato, ma c'\u00e8 una grana da risolvere","description":"La\u00a0sfera riprender\u00e0\u00a0vertiginosamente a rotolare sul rettangolo verde solo a met\u00e0 gennaio. Ma c'\u00e8 la grana da risolvere per quanto concerne le uscite.","robots":{"index":"index","follow":"follow","max-snippet":"max-snippet:-1","max-image-preview":"max-image-preview:large","max-video-preview":"max-video-preview:-1"},"canonical":"https:\/\/www.anteprima24.it\/archivio\/avellino\/avellino-mercato-2\/","og_locale":"it_IT","og_type":"article","og_title":"Avellino, al via le grandi manovre di mercato, ma c'\u00e8 una grana da risolvere","og_description":"La\u00a0sfera riprender\u00e0\u00a0vertiginosamente a rotolare sul rettangolo verde solo a met\u00e0 gennaio. Ma c'\u00e8 la grana da risolvere per quanto concerne le uscite.","og_url":"https:\/\/www.anteprima24.it\/archivio\/avellino\/avellino-mercato-2\/","og_site_name":"Anteprima24.it","article_published_time":"2018-01-02T10:38:15+00:00","og_image":[{"width":1280,"height":720,"url":"https:\/\/www.anteprima24.it\/archivio\/wp-content\/uploads\/2018\/01\/maxresdefault.jpg","type":"image\/jpeg"}],"author":"Antonio Tedeschi","twitter_card":"summary_large_image","twitter_misc":{"Scritto da":"Antonio Tedeschi","Tempo di lettura stimato":"1 minuto"},"schema":{"@context":"https:\/\/schema.org","@graph":[{"@type":"Article","@id":"https:\/\/www.anteprima24.it\/archivio\/avellino\/avellino-mercato-2\/#article","isPartOf":{"@id":"https:\/\/www.anteprima24.it\/archivio\/avellino\/avellino-mercato-2\/"},"author":{"name":"Antonio Tedeschi","@id":"https:\/\/www.anteprima24.it\/archivio\/#\/schema\/person\/30fcc8a4138521844ae98ad9d137afdf"},"headline":"Avellino, al via le grandi manovre di mercato, ma c&#8217;\u00e8 una grana da risolvere","datePublished":"2018-01-02T10:38:15+00:00","mainEntityOfPage":{"@id":"https:\/\/www.anteprima24.it\/archivio\/avellino\/avellino-mercato-2\/"},"wordCount":211,"commentCount":0,"image":{"@id":"https:\/\/www.anteprima24.it\/archivio\/avellino\/avellino-mercato-2\/#primaryimage"},"thumbnailUrl":"https:\/\/www.anteprima24.it\/archivio\/wp-content\/uploads\/2018\/01\/maxresdefault.jpg","keywords":["Avellino","Avellino Calcio","Calciomercato","Camar\u00e0","comune di avellino","mercato","Moretti","Ndoj","Paghera","Palombi","Taccone","Walter Novellino"],"articleSection":["Avellino","Regione","Serie B Regione","Serie C Avellino","Sport Avellino","Sport Regione"],"inLanguage":"it-IT","potentialAction":[{"@type":"CommentAction","name":"Comment","target":["https:\/\/www.anteprima24.it\/archivio\/avellino\/avellino-mercato-2\/#respond"]}]},{"@type":"WebPage","@id":"https:\/\/www.anteprima24.it\/archivio\/avellino\/avellino-mercato-2\/","url":"https:\/\/www.anteprima24.it\/archivio\/avellino\/avellino-mercato-2\/","name":"Avellino, al via le grandi manovre di mercato, ma c'\u00e8 una grana da risolvere","isPartOf":{"@id":"https:\/\/www.anteprima24.it\/archivio\/#website"},"primaryImageOfPage":{"@id":"https:\/\/www.anteprima24.it\/archivio\/avellino\/avellino-mercato-2\/#primaryimage"},"image":{"@id":"https:\/\/www.anteprima24.it\/archivio\/avellino\/avellino-mercato-2\/#primaryimage"},"thumbnailUrl":"https:\/\/www.anteprima24.it\/archivio\/wp-content\/uploads\/2018\/01\/maxresdefault.jpg","datePublished":"2018-01-02T10:38:15+00:00","author":{"@id":"https:\/\/www.anteprima24.it\/archivio\/#\/schema\/person\/30fcc8a4138521844ae98ad9d137afdf"},"description":"La\u00a0sfera riprender\u00e0\u00a0vertiginosamente a rotolare sul rettangolo verde solo a met\u00e0 gennaio. Ma c'\u00e8 la grana da risolvere per quanto concerne le uscite.","breadcrumb":{"@id":"https:\/\/www.anteprima24.it\/archivio\/avellino\/avellino-mercato-2\/#breadcrumb"},"inLanguage":"it-IT","potentialAction":[{"@type":"ReadAction","target":["https:\/\/www.anteprima24.it\/archivio\/avellino\/avellino-mercato-2\/"]}]},{"@type":"ImageObject","inLanguage":"it-IT","@id":"https:\/\/www.anteprima24.it\/archivio\/avellino\/avellino-mercato-2\/#primaryimage","url":"https:\/\/www.anteprima24.it\/archivio\/wp-content\/uploads\/2018\/01\/maxresdefault.jpg","contentUrl":"https:\/\/www.anteprima24.it\/archivio\/wp-content\/uploads\/2018\/01\/maxresdefault.jpg","width":1280,"height":720},{"@type":"BreadcrumbList","@id":"https:\/\/www.anteprima24.it\/archivio\/avellino\/avellino-mercato-2\/#breadcrumb","itemListElement":[{"@type":"ListItem","position":1,"name":"Home","item":"https:\/\/www.anteprima24.it\/archivio\/"},{"@type":"ListItem","position":2,"name":"Avellino, al via le grandi manovre di mercato, ma c&#8217;\u00e8 una grana da risolvere"}]},{"@type":"WebSite","@id":"https:\/\/www.anteprima24.it\/archivio\/#website","url":"https:\/\/www.anteprima24.it\/archivio\/","name":"Anteprima24.it","description":"","potentialAction":[{"@type":"SearchAction","target":{"@type":"EntryPoint","urlTemplate":"https:\/\/www.anteprima24.it\/archivio\/?s={search_term_string}"},"query-input":{"@type":"PropertyValueSpecification","valueRequired":true,"valueName":"search_term_string"}}],"inLanguage":"it-IT"},{"@type":"Person","@id":"https:\/\/www.anteprima24.it\/archivio\/#\/schema\/person\/30fcc8a4138521844ae98ad9d137afdf","name":"Antonio Tedeschi","image":{"@type":"ImageObject","inLanguage":"it-IT","@id":"https:\/\/www.anteprima24.it\/archivio\/#\/schema\/person\/image\/","url":"https:\/\/secure.gravatar.com\/avatar\/45372818180df7341e181ce77faeeb16e07236ab151a43b41f99b910f3582b12?s=96&d=mm&r=g","contentUrl":"https:\/\/secure.gravatar.com\/avatar\/45372818180df7341e181ce77faeeb16e07236ab151a43b41f99b910f3582b12?s=96&d=mm&r=g","caption":"Antonio Tedeschi"},"url":"https:\/\/www.anteprima24.it\/archivio\/author\/antoniotedeschi\/"}]}},"_links":{"self":[{"href":"https:\/\/www.anteprima24.it\/archivio\/wp-json\/wp\/v2\/posts\/105196","targetHints":{"allow":["GET"]}}],"collection":[{"href":"https:\/\/www.anteprima24.it\/archivio\/wp-json\/wp\/v2\/posts"}],"about":[{"href":"https:\/\/www.anteprima24.it\/archivio\/wp-json\/wp\/v2\/types\/post"}],"author":[{"embeddable":true,"href":"https:\/\/www.anteprima24.it\/archivio\/wp-json\/wp\/v2\/users\/24"}],"replies":[{"embeddable":true,"href":"https:\/\/www.anteprima24.it\/archivio\/wp-json\/wp\/v2\/comments?post=105196"}],"version-history":[{"count":0,"href":"https:\/\/www.anteprima24.it\/archivio\/wp-json\/wp\/v2\/posts\/105196\/revisions"}],"wp:featuredmedia":[{"embeddable":true,"href":"https:\/\/www.anteprima24.it\/archivio\/wp-json\/wp\/v2\/media\/105198"}],"wp:attachment":[{"href":"https:\/\/www.anteprima24.it\/archivio\/wp-json\/wp\/v2\/media?parent=105196"}],"wp:term":[{"taxonomy":"category","embeddable":true,"href":"https:\/\/www.anteprima24.it\/archivio\/wp-json\/wp\/v2\/categories?post=105196"},{"taxonomy":"post_tag","embeddable":true,"href":"https:\/\/www.anteprima24.it\/archivio\/wp-json\/wp\/v2\/tags?post=105196"}],"curies":[{"name":"wp","href":"https:\/\/api.w.org\/{rel}","templated":true}]}}