{"id":105620,"date":"2018-01-03T19:49:21","date_gmt":"2018-01-03T17:49:21","guid":{"rendered":"http:\/\/www.anteprima24.it\/?p=105620"},"modified":"2018-01-03T19:49:21","modified_gmt":"2018-01-03T17:49:21","slug":"avellino-cabezas-2","status":"publish","type":"post","link":"https:\/\/www.anteprima24.it\/archivio\/regione\/avellino-cabezas-2\/","title":{"rendered":"Calciomercato Avellino, Cabezas verso l&#8217;Irpinia: la conferma arriva dalla Grecia"},"content":{"rendered":"<span class=\"span-reading-time rt-reading-time\" style=\"display: block;\"><span class=\"rt-label rt-prefix\">Tempo di lettura: <\/span> <span class=\"rt-time\"> &lt; 1<\/span> <span class=\"rt-label rt-postfix\">minuto<\/span><\/span><p style=\"text-align: justify\">Avellino &#8211;\u00a0<strong>Bryan Cabezas<\/strong> \u00e8 virtualmente un calciatore dell&#8217;Avellino. La conferma arriva dai portali greci. &#8220;<em>Ecuadorian international winger Bryan Cabezas will finally leave Panathinaikos during January of 2018, in order to return to the Italian championship&#8221;<\/em><\/p>\n<p style=\"text-align: justify\">(L&#8217;ala della nazionale ecuadoriana Bryan Cabezas lascer\u00e0 definitivamente il Panathinaikos nel gennaio 2018, per tornare al campionato italiano) scrive il sito\u00a0<em>sportlike.com<\/em>. Cabezas dunque potrebbe essere a di mister <strong>Walter Novellino<\/strong> gi\u00e0 alla ripresa degli allenamenti prevista per il prossimo 8 gennaio al Partenio-Lombardi.\u00a0Cabezas chiude la sua avventura in Grecia con all&#8217;attivo 14 presenze tra campionato,\u00a0Kypello Ellados e qualificazione in Europa League (condite da due gol).<\/p>\n<div class=\"body\"><\/div>\n","protected":false},"excerpt":{"rendered":"<p>Avellino &#8211;\u00a0Bryan Cabezas \u00e8 virtualmente un calciatore dell&#8217;Avellino. La conferma arriva dai portali greci. &#8220;Ecuadorian international winger Bryan Cabezas will finally leave Panathinaikos during January of 2018, in order to return to the Italian championship&#8221; (L&#8217;ala della nazionale ecuadoriana Bryan Cabezas lascer\u00e0 definitivamente il Panathinaikos nel gennaio 2018, per tornare al campionato italiano) scrive il [&hellip;]<\/p>\n","protected":false},"author":24,"featured_media":105621,"comment_status":"open","ping_status":"open","sticky":false,"template":"","format":"standard","meta":{"_monsterinsights_skip_tracking":false,"_monsterinsights_sitenote_active":false,"_monsterinsights_sitenote_note":"","_monsterinsights_sitenote_category":0,"ngg_post_thumbnail":0,"footnotes":""},"categories":[4,271,1200,1455,1384,275],"tags":[309,16964,483,3749],"class_list":{"0":"post-105620","1":"post","2":"type-post","3":"status-publish","4":"format-standard","5":"has-post-thumbnail","7":"category-avellino","8":"category-regione","9":"category-serie-b","10":"category-serie-d-sport-avellino","11":"category-sport-avellino","12":"category-sport","13":"tag-atalanta","14":"tag-cabezas","15":"tag-calciomercato","16":"tag-grecia"},"yoast_head":"<!-- This site is optimized with the Yoast SEO plugin v26.8 - https:\/\/yoast.com\/product\/yoast-seo-wordpress\/ -->\n<title>Calciomercato Avellino, Cabezas verso l&#039;Irpinia: la conferma arriva dalla Grecia<\/title>\n<meta name=\"description\" content=\"Bryan Cabezas \u00e8 virtualmente un calciatore dell&#039;Avellino. La conferma arriva dai portali greci. L&#039;Atalanta aveva gi\u00e0 dato il suo placet nei giorni scorsi, alla ripresa potrebbe gi\u00e0 essere a disposizione di Walter Novellino.\" \/>\n<meta name=\"robots\" content=\"index, follow, max-snippet:-1, max-image-preview:large, max-video-preview:-1\" \/>\n<link rel=\"canonical\" href=\"https:\/\/www.anteprima24.it\/archivio\/regione\/avellino-cabezas-2\/\" \/>\n<meta property=\"og:locale\" content=\"it_IT\" \/>\n<meta property=\"og:type\" content=\"article\" \/>\n<meta property=\"og:title\" content=\"Calciomercato Avellino, Cabezas verso l&#039;Irpinia: la conferma arriva dalla Grecia\" \/>\n<meta property=\"og:description\" content=\"Bryan Cabezas \u00e8 virtualmente un calciatore dell&#039;Avellino. La conferma arriva dai portali greci. L&#039;Atalanta aveva gi\u00e0 dato il suo placet nei giorni scorsi, alla ripresa potrebbe gi\u00e0 essere a disposizione di Walter Novellino.\" \/>\n<meta property=\"og:url\" content=\"https:\/\/www.anteprima24.it\/archivio\/regione\/avellino-cabezas-2\/\" \/>\n<meta property=\"og:site_name\" content=\"Anteprima24.it\" \/>\n<meta property=\"article:published_time\" content=\"2018-01-03T17:49:21+00:00\" \/>\n<meta property=\"og:image\" content=\"https:\/\/www.anteprima24.it\/archivio\/wp-content\/uploads\/2018\/01\/cabezas.jpg\" \/>\n\t<meta property=\"og:image:width\" content=\"1050\" \/>\n\t<meta property=\"og:image:height\" content=\"585\" \/>\n\t<meta property=\"og:image:type\" content=\"image\/jpeg\" \/>\n<meta name=\"author\" content=\"Antonio Tedeschi\" \/>\n<meta name=\"twitter:card\" content=\"summary_large_image\" \/>\n<meta name=\"twitter:label1\" content=\"Scritto da\" \/>\n\t<meta name=\"twitter:data1\" content=\"Antonio Tedeschi\" \/>\n\t<meta name=\"twitter:label2\" content=\"Tempo di lettura stimato\" \/>\n\t<meta name=\"twitter:data2\" content=\"1 minuto\" \/>\n<script type=\"application\/ld+json\" class=\"yoast-schema-graph\">{\"@context\":\"https:\/\/schema.org\",\"@graph\":[{\"@type\":\"Article\",\"@id\":\"https:\/\/www.anteprima24.it\/archivio\/regione\/avellino-cabezas-2\/#article\",\"isPartOf\":{\"@id\":\"https:\/\/www.anteprima24.it\/archivio\/regione\/avellino-cabezas-2\/\"},\"author\":{\"name\":\"Antonio Tedeschi\",\"@id\":\"https:\/\/www.anteprima24.it\/archivio\/#\/schema\/person\/30fcc8a4138521844ae98ad9d137afdf\"},\"headline\":\"Calciomercato Avellino, Cabezas verso l&#8217;Irpinia: la conferma arriva dalla Grecia\",\"datePublished\":\"2018-01-03T17:49:21+00:00\",\"mainEntityOfPage\":{\"@id\":\"https:\/\/www.anteprima24.it\/archivio\/regione\/avellino-cabezas-2\/\"},\"wordCount\":114,\"commentCount\":0,\"image\":{\"@id\":\"https:\/\/www.anteprima24.it\/archivio\/regione\/avellino-cabezas-2\/#primaryimage\"},\"thumbnailUrl\":\"https:\/\/www.anteprima24.it\/archivio\/wp-content\/uploads\/2018\/01\/cabezas.jpg\",\"keywords\":[\"Atalanta\",\"Cabezas\",\"Calciomercato\",\"Grecia\"],\"articleSection\":[\"Avellino\",\"Regione\",\"Serie B Regione\",\"Serie C Avellino\",\"Sport Avellino\",\"Sport Regione\"],\"inLanguage\":\"it-IT\",\"potentialAction\":[{\"@type\":\"CommentAction\",\"name\":\"Comment\",\"target\":[\"https:\/\/www.anteprima24.it\/archivio\/regione\/avellino-cabezas-2\/#respond\"]}]},{\"@type\":\"WebPage\",\"@id\":\"https:\/\/www.anteprima24.it\/archivio\/regione\/avellino-cabezas-2\/\",\"url\":\"https:\/\/www.anteprima24.it\/archivio\/regione\/avellino-cabezas-2\/\",\"name\":\"Calciomercato Avellino, Cabezas verso l'Irpinia: la conferma arriva dalla Grecia\",\"isPartOf\":{\"@id\":\"https:\/\/www.anteprima24.it\/archivio\/#website\"},\"primaryImageOfPage\":{\"@id\":\"https:\/\/www.anteprima24.it\/archivio\/regione\/avellino-cabezas-2\/#primaryimage\"},\"image\":{\"@id\":\"https:\/\/www.anteprima24.it\/archivio\/regione\/avellino-cabezas-2\/#primaryimage\"},\"thumbnailUrl\":\"https:\/\/www.anteprima24.it\/archivio\/wp-content\/uploads\/2018\/01\/cabezas.jpg\",\"datePublished\":\"2018-01-03T17:49:21+00:00\",\"author\":{\"@id\":\"https:\/\/www.anteprima24.it\/archivio\/#\/schema\/person\/30fcc8a4138521844ae98ad9d137afdf\"},\"description\":\"Bryan Cabezas \u00e8 virtualmente un calciatore dell'Avellino. La conferma arriva dai portali greci. L'Atalanta aveva gi\u00e0 dato il suo placet nei giorni scorsi, alla ripresa potrebbe gi\u00e0 essere a disposizione di Walter Novellino.\",\"breadcrumb\":{\"@id\":\"https:\/\/www.anteprima24.it\/archivio\/regione\/avellino-cabezas-2\/#breadcrumb\"},\"inLanguage\":\"it-IT\",\"potentialAction\":[{\"@type\":\"ReadAction\",\"target\":[\"https:\/\/www.anteprima24.it\/archivio\/regione\/avellino-cabezas-2\/\"]}]},{\"@type\":\"ImageObject\",\"inLanguage\":\"it-IT\",\"@id\":\"https:\/\/www.anteprima24.it\/archivio\/regione\/avellino-cabezas-2\/#primaryimage\",\"url\":\"https:\/\/www.anteprima24.it\/archivio\/wp-content\/uploads\/2018\/01\/cabezas.jpg\",\"contentUrl\":\"https:\/\/www.anteprima24.it\/archivio\/wp-content\/uploads\/2018\/01\/cabezas.jpg\",\"width\":1050,\"height\":585},{\"@type\":\"BreadcrumbList\",\"@id\":\"https:\/\/www.anteprima24.it\/archivio\/regione\/avellino-cabezas-2\/#breadcrumb\",\"itemListElement\":[{\"@type\":\"ListItem\",\"position\":1,\"name\":\"Home\",\"item\":\"https:\/\/www.anteprima24.it\/archivio\/\"},{\"@type\":\"ListItem\",\"position\":2,\"name\":\"Calciomercato Avellino, Cabezas verso l&#8217;Irpinia: la conferma arriva dalla Grecia\"}]},{\"@type\":\"WebSite\",\"@id\":\"https:\/\/www.anteprima24.it\/archivio\/#website\",\"url\":\"https:\/\/www.anteprima24.it\/archivio\/\",\"name\":\"Anteprima24.it\",\"description\":\"\",\"potentialAction\":[{\"@type\":\"SearchAction\",\"target\":{\"@type\":\"EntryPoint\",\"urlTemplate\":\"https:\/\/www.anteprima24.it\/archivio\/?s={search_term_string}\"},\"query-input\":{\"@type\":\"PropertyValueSpecification\",\"valueRequired\":true,\"valueName\":\"search_term_string\"}}],\"inLanguage\":\"it-IT\"},{\"@type\":\"Person\",\"@id\":\"https:\/\/www.anteprima24.it\/archivio\/#\/schema\/person\/30fcc8a4138521844ae98ad9d137afdf\",\"name\":\"Antonio Tedeschi\",\"image\":{\"@type\":\"ImageObject\",\"inLanguage\":\"it-IT\",\"@id\":\"https:\/\/www.anteprima24.it\/archivio\/#\/schema\/person\/image\/\",\"url\":\"https:\/\/secure.gravatar.com\/avatar\/45372818180df7341e181ce77faeeb16e07236ab151a43b41f99b910f3582b12?s=96&d=mm&r=g\",\"contentUrl\":\"https:\/\/secure.gravatar.com\/avatar\/45372818180df7341e181ce77faeeb16e07236ab151a43b41f99b910f3582b12?s=96&d=mm&r=g\",\"caption\":\"Antonio Tedeschi\"},\"url\":\"https:\/\/www.anteprima24.it\/archivio\/author\/antoniotedeschi\/\"}]}<\/script>\n<!-- \/ Yoast SEO plugin. -->","yoast_head_json":{"title":"Calciomercato Avellino, Cabezas verso l'Irpinia: la conferma arriva dalla Grecia","description":"Bryan Cabezas \u00e8 virtualmente un calciatore dell'Avellino. La conferma arriva dai portali greci. L'Atalanta aveva gi\u00e0 dato il suo placet nei giorni scorsi, alla ripresa potrebbe gi\u00e0 essere a disposizione di Walter Novellino.","robots":{"index":"index","follow":"follow","max-snippet":"max-snippet:-1","max-image-preview":"max-image-preview:large","max-video-preview":"max-video-preview:-1"},"canonical":"https:\/\/www.anteprima24.it\/archivio\/regione\/avellino-cabezas-2\/","og_locale":"it_IT","og_type":"article","og_title":"Calciomercato Avellino, Cabezas verso l'Irpinia: la conferma arriva dalla Grecia","og_description":"Bryan Cabezas \u00e8 virtualmente un calciatore dell'Avellino. La conferma arriva dai portali greci. L'Atalanta aveva gi\u00e0 dato il suo placet nei giorni scorsi, alla ripresa potrebbe gi\u00e0 essere a disposizione di Walter Novellino.","og_url":"https:\/\/www.anteprima24.it\/archivio\/regione\/avellino-cabezas-2\/","og_site_name":"Anteprima24.it","article_published_time":"2018-01-03T17:49:21+00:00","og_image":[{"width":1050,"height":585,"url":"https:\/\/www.anteprima24.it\/archivio\/wp-content\/uploads\/2018\/01\/cabezas.jpg","type":"image\/jpeg"}],"author":"Antonio Tedeschi","twitter_card":"summary_large_image","twitter_misc":{"Scritto da":"Antonio Tedeschi","Tempo di lettura stimato":"1 minuto"},"schema":{"@context":"https:\/\/schema.org","@graph":[{"@type":"Article","@id":"https:\/\/www.anteprima24.it\/archivio\/regione\/avellino-cabezas-2\/#article","isPartOf":{"@id":"https:\/\/www.anteprima24.it\/archivio\/regione\/avellino-cabezas-2\/"},"author":{"name":"Antonio Tedeschi","@id":"https:\/\/www.anteprima24.it\/archivio\/#\/schema\/person\/30fcc8a4138521844ae98ad9d137afdf"},"headline":"Calciomercato Avellino, Cabezas verso l&#8217;Irpinia: la conferma arriva dalla Grecia","datePublished":"2018-01-03T17:49:21+00:00","mainEntityOfPage":{"@id":"https:\/\/www.anteprima24.it\/archivio\/regione\/avellino-cabezas-2\/"},"wordCount":114,"commentCount":0,"image":{"@id":"https:\/\/www.anteprima24.it\/archivio\/regione\/avellino-cabezas-2\/#primaryimage"},"thumbnailUrl":"https:\/\/www.anteprima24.it\/archivio\/wp-content\/uploads\/2018\/01\/cabezas.jpg","keywords":["Atalanta","Cabezas","Calciomercato","Grecia"],"articleSection":["Avellino","Regione","Serie B Regione","Serie C Avellino","Sport Avellino","Sport Regione"],"inLanguage":"it-IT","potentialAction":[{"@type":"CommentAction","name":"Comment","target":["https:\/\/www.anteprima24.it\/archivio\/regione\/avellino-cabezas-2\/#respond"]}]},{"@type":"WebPage","@id":"https:\/\/www.anteprima24.it\/archivio\/regione\/avellino-cabezas-2\/","url":"https:\/\/www.anteprima24.it\/archivio\/regione\/avellino-cabezas-2\/","name":"Calciomercato Avellino, Cabezas verso l'Irpinia: la conferma arriva dalla Grecia","isPartOf":{"@id":"https:\/\/www.anteprima24.it\/archivio\/#website"},"primaryImageOfPage":{"@id":"https:\/\/www.anteprima24.it\/archivio\/regione\/avellino-cabezas-2\/#primaryimage"},"image":{"@id":"https:\/\/www.anteprima24.it\/archivio\/regione\/avellino-cabezas-2\/#primaryimage"},"thumbnailUrl":"https:\/\/www.anteprima24.it\/archivio\/wp-content\/uploads\/2018\/01\/cabezas.jpg","datePublished":"2018-01-03T17:49:21+00:00","author":{"@id":"https:\/\/www.anteprima24.it\/archivio\/#\/schema\/person\/30fcc8a4138521844ae98ad9d137afdf"},"description":"Bryan Cabezas \u00e8 virtualmente un calciatore dell'Avellino. La conferma arriva dai portali greci. L'Atalanta aveva gi\u00e0 dato il suo placet nei giorni scorsi, alla ripresa potrebbe gi\u00e0 essere a disposizione di Walter Novellino.","breadcrumb":{"@id":"https:\/\/www.anteprima24.it\/archivio\/regione\/avellino-cabezas-2\/#breadcrumb"},"inLanguage":"it-IT","potentialAction":[{"@type":"ReadAction","target":["https:\/\/www.anteprima24.it\/archivio\/regione\/avellino-cabezas-2\/"]}]},{"@type":"ImageObject","inLanguage":"it-IT","@id":"https:\/\/www.anteprima24.it\/archivio\/regione\/avellino-cabezas-2\/#primaryimage","url":"https:\/\/www.anteprima24.it\/archivio\/wp-content\/uploads\/2018\/01\/cabezas.jpg","contentUrl":"https:\/\/www.anteprima24.it\/archivio\/wp-content\/uploads\/2018\/01\/cabezas.jpg","width":1050,"height":585},{"@type":"BreadcrumbList","@id":"https:\/\/www.anteprima24.it\/archivio\/regione\/avellino-cabezas-2\/#breadcrumb","itemListElement":[{"@type":"ListItem","position":1,"name":"Home","item":"https:\/\/www.anteprima24.it\/archivio\/"},{"@type":"ListItem","position":2,"name":"Calciomercato Avellino, Cabezas verso l&#8217;Irpinia: la conferma arriva dalla Grecia"}]},{"@type":"WebSite","@id":"https:\/\/www.anteprima24.it\/archivio\/#website","url":"https:\/\/www.anteprima24.it\/archivio\/","name":"Anteprima24.it","description":"","potentialAction":[{"@type":"SearchAction","target":{"@type":"EntryPoint","urlTemplate":"https:\/\/www.anteprima24.it\/archivio\/?s={search_term_string}"},"query-input":{"@type":"PropertyValueSpecification","valueRequired":true,"valueName":"search_term_string"}}],"inLanguage":"it-IT"},{"@type":"Person","@id":"https:\/\/www.anteprima24.it\/archivio\/#\/schema\/person\/30fcc8a4138521844ae98ad9d137afdf","name":"Antonio Tedeschi","image":{"@type":"ImageObject","inLanguage":"it-IT","@id":"https:\/\/www.anteprima24.it\/archivio\/#\/schema\/person\/image\/","url":"https:\/\/secure.gravatar.com\/avatar\/45372818180df7341e181ce77faeeb16e07236ab151a43b41f99b910f3582b12?s=96&d=mm&r=g","contentUrl":"https:\/\/secure.gravatar.com\/avatar\/45372818180df7341e181ce77faeeb16e07236ab151a43b41f99b910f3582b12?s=96&d=mm&r=g","caption":"Antonio Tedeschi"},"url":"https:\/\/www.anteprima24.it\/archivio\/author\/antoniotedeschi\/"}]}},"_links":{"self":[{"href":"https:\/\/www.anteprima24.it\/archivio\/wp-json\/wp\/v2\/posts\/105620","targetHints":{"allow":["GET"]}}],"collection":[{"href":"https:\/\/www.anteprima24.it\/archivio\/wp-json\/wp\/v2\/posts"}],"about":[{"href":"https:\/\/www.anteprima24.it\/archivio\/wp-json\/wp\/v2\/types\/post"}],"author":[{"embeddable":true,"href":"https:\/\/www.anteprima24.it\/archivio\/wp-json\/wp\/v2\/users\/24"}],"replies":[{"embeddable":true,"href":"https:\/\/www.anteprima24.it\/archivio\/wp-json\/wp\/v2\/comments?post=105620"}],"version-history":[{"count":0,"href":"https:\/\/www.anteprima24.it\/archivio\/wp-json\/wp\/v2\/posts\/105620\/revisions"}],"wp:featuredmedia":[{"embeddable":true,"href":"https:\/\/www.anteprima24.it\/archivio\/wp-json\/wp\/v2\/media\/105621"}],"wp:attachment":[{"href":"https:\/\/www.anteprima24.it\/archivio\/wp-json\/wp\/v2\/media?parent=105620"}],"wp:term":[{"taxonomy":"category","embeddable":true,"href":"https:\/\/www.anteprima24.it\/archivio\/wp-json\/wp\/v2\/categories?post=105620"},{"taxonomy":"post_tag","embeddable":true,"href":"https:\/\/www.anteprima24.it\/archivio\/wp-json\/wp\/v2\/tags?post=105620"}],"curies":[{"name":"wp","href":"https:\/\/api.w.org\/{rel}","templated":true}]}}