{"id":105776,"date":"2018-01-04T12:54:17","date_gmt":"2018-01-04T10:54:17","guid":{"rendered":"http:\/\/www.anteprima24.it\/?p=105776"},"modified":"2018-01-04T12:54:17","modified_gmt":"2018-01-04T10:54:17","slug":"virtus-avellino-ripoli","status":"publish","type":"post","link":"https:\/\/www.anteprima24.it\/archivio\/regione\/virtus-avellino-ripoli\/","title":{"rendered":"Virtus Avellino, Ripoli suona la carica: &#8220;Non ci poniamo limiti, vogliamo i playoff&#8221;"},"content":{"rendered":"<span class=\"span-reading-time rt-reading-time\" style=\"display: block;\"><span class=\"rt-label rt-prefix\">Tempo di lettura: <\/span> <span class=\"rt-time\"> 2<\/span> <span class=\"rt-label rt-postfix\">minuti<\/span><\/span><p style=\"text-align: justify\">Avellino &#8211; La <strong>Virtus Avellino<\/strong> mira in alto. La formazione allenata da mister <strong>Rino Criscitiello<\/strong> ha chiuso il girone d&#8217;andata in piena zona playoff. Un 2017 davvero scoppiettante per la societ\u00e0 virtussina che ha conquistato l&#8217;Eccellenza proprio nella passata stagione. Tra i protagonisti della Virtus Avellino sicuramente c&#8217;\u00e8 <strong>Francesco Ripoli<\/strong>. &#8220;<em>Il girone di andata appena concluso \u00e8 stato pi\u00f9 che positivo, sinceramente siamo andati oltre le aspettative<\/em> &#8211; ammette &#8211;\u00a0 <em>Sapevamo delle nostre potenzialit\u00e0 e cosa pi\u00f9 importante abbiamo costruito un grande gruppo. La nostra coesione ci ha permesso di ottenere sul campo ottimi risultati&#8221;.<\/em><\/p>\n<p style=\"text-align: justify\">&#8220;<em>L\u2019obiettivo di questo 2018 \u00e8 raggiungere quanto prima la salvezza, per poi vedere cosa saremo in grado di fare. Non ci troviamo l\u00ec per caso, ce la metteremo tutta per migliorare il girone di andata&#8221;. &#8220;Personalmente non ho un obiettivo principale<\/em>\u00a0&#8211; continua Ripoli<em>\u00a0Voglio continuare a fare bene cos\u00ec come fatto fin ora e garantire il mio totale contributo ai miei compagni e al mister. <strong>Certo \u00e8 che il mio desiderio \u00e8 raggiungere i playoff<\/strong>&#8220;.\u00a0<\/em>L&#8217;attaccante biancoverde chiude con un pensiero sul tecnico: &#8220;<em>Con il mister mi trovo alla grande, abbiamo un rapporto di stima e fiducia reciproca. \u00c8 una persona in grado sia di lavorare sul campo, sia di lavorare nello spogliatoio andando a salvaguardare i rapporti personali con tutti noi. \u00c8 cos\u00ec che si ottengono i risultati&#8221;.<\/em><\/p>\n<div><\/div>\n<div>\n<div class=\"_1t_p clearfix\">\n<div class=\"_41ud\">\n<h5 class=\"_ih3 accessible_elem _-ne\"><\/h5>\n<div class=\"clearfix _o46 _3erg _3i_m _nd_ direction_ltr text_align_ltr\"><\/div>\n<\/div>\n<\/div>\n<\/div>\n","protected":false},"excerpt":{"rendered":"<p>Avellino &#8211; La Virtus Avellino mira in alto. La formazione allenata da mister Rino Criscitiello ha chiuso il girone d&#8217;andata in piena zona playoff. Un 2017 davvero scoppiettante per la societ\u00e0 virtussina che ha conquistato l&#8217;Eccellenza proprio nella passata stagione. Tra i protagonisti della Virtus Avellino sicuramente c&#8217;\u00e8 Francesco Ripoli. &#8220;Il girone di andata appena [&hellip;]<\/p>\n","protected":false},"author":24,"featured_media":105777,"comment_status":"open","ping_status":"open","sticky":false,"template":"","format":"standard","meta":{"_monsterinsights_skip_tracking":false,"_monsterinsights_sitenote_active":false,"_monsterinsights_sitenote_note":"","_monsterinsights_sitenote_category":0,"ngg_post_thumbnail":0,"footnotes":""},"categories":[4,7547,1203,271,1384,275],"tags":[285,2040,428,17034,17033,6234,10788,5246,2039],"class_list":{"0":"post-105776","1":"post","2":"type-post","3":"status-publish","4":"format-standard","5":"has-post-thumbnail","7":"category-avellino","8":"category-dilettanti-sport-avellino","9":"category-dilettanti","10":"category-regione","11":"category-sport-avellino","12":"category-sport","13":"tag-avellino","14":"tag-criscitiello","15":"tag-eccellenza","16":"tag-eccellenza-campana","17":"tag-francesco-ripoli","18":"tag-genovese","19":"tag-petrozziello","20":"tag-salvati","21":"tag-virtus-avellino"},"yoast_head":"<!-- This site is optimized with the Yoast SEO plugin v26.8 - https:\/\/yoast.com\/product\/yoast-seo-wordpress\/ -->\n<title>Virtus Avellino, Ripoli suona la carica: &quot;Non ci poniamo limiti, vogliamo i playoff&quot;<\/title>\n<meta name=\"robots\" content=\"index, follow, max-snippet:-1, max-image-preview:large, max-video-preview:-1\" \/>\n<link rel=\"canonical\" href=\"https:\/\/www.anteprima24.it\/archivio\/regione\/virtus-avellino-ripoli\/\" \/>\n<meta property=\"og:locale\" content=\"it_IT\" \/>\n<meta property=\"og:type\" content=\"article\" \/>\n<meta property=\"og:title\" content=\"Virtus Avellino, Ripoli suona la carica: &quot;Non ci poniamo limiti, vogliamo i playoff&quot;\" \/>\n<meta property=\"og:description\" content=\"Avellino &#8211; La Virtus Avellino mira in alto. La formazione allenata da mister Rino Criscitiello ha chiuso il girone d&#8217;andata in piena zona playoff. Un 2017 davvero scoppiettante per la societ\u00e0 virtussina che ha conquistato l&#8217;Eccellenza proprio nella passata stagione. Tra i protagonisti della Virtus Avellino sicuramente c&#8217;\u00e8 Francesco Ripoli. &#8220;Il girone di andata appena [&hellip;]\" \/>\n<meta property=\"og:url\" content=\"https:\/\/www.anteprima24.it\/archivio\/regione\/virtus-avellino-ripoli\/\" \/>\n<meta property=\"og:site_name\" content=\"Anteprima24.it\" \/>\n<meta property=\"article:published_time\" content=\"2018-01-04T10:54:17+00:00\" \/>\n<meta property=\"og:image\" content=\"https:\/\/www.anteprima24.it\/archivio\/wp-content\/uploads\/2018\/01\/26543522_10214647130081497_259776873_o.jpg\" \/>\n\t<meta property=\"og:image:width\" content=\"1280\" \/>\n\t<meta property=\"og:image:height\" content=\"720\" \/>\n\t<meta property=\"og:image:type\" content=\"image\/jpeg\" \/>\n<meta name=\"author\" content=\"Antonio Tedeschi\" \/>\n<meta name=\"twitter:card\" content=\"summary_large_image\" \/>\n<meta name=\"twitter:label1\" content=\"Scritto da\" \/>\n\t<meta name=\"twitter:data1\" content=\"Antonio Tedeschi\" \/>\n\t<meta name=\"twitter:label2\" content=\"Tempo di lettura stimato\" \/>\n\t<meta name=\"twitter:data2\" content=\"1 minuto\" \/>\n<script type=\"application\/ld+json\" class=\"yoast-schema-graph\">{\"@context\":\"https:\/\/schema.org\",\"@graph\":[{\"@type\":\"Article\",\"@id\":\"https:\/\/www.anteprima24.it\/archivio\/regione\/virtus-avellino-ripoli\/#article\",\"isPartOf\":{\"@id\":\"https:\/\/www.anteprima24.it\/archivio\/regione\/virtus-avellino-ripoli\/\"},\"author\":{\"name\":\"Antonio Tedeschi\",\"@id\":\"https:\/\/www.anteprima24.it\/archivio\/#\/schema\/person\/30fcc8a4138521844ae98ad9d137afdf\"},\"headline\":\"Virtus Avellino, Ripoli suona la carica: &#8220;Non ci poniamo limiti, vogliamo i playoff&#8221;\",\"datePublished\":\"2018-01-04T10:54:17+00:00\",\"mainEntityOfPage\":{\"@id\":\"https:\/\/www.anteprima24.it\/archivio\/regione\/virtus-avellino-ripoli\/\"},\"wordCount\":234,\"commentCount\":0,\"image\":{\"@id\":\"https:\/\/www.anteprima24.it\/archivio\/regione\/virtus-avellino-ripoli\/#primaryimage\"},\"thumbnailUrl\":\"https:\/\/www.anteprima24.it\/archivio\/wp-content\/uploads\/2018\/01\/26543522_10214647130081497_259776873_o.jpg\",\"keywords\":[\"Avellino\",\"Criscitiello\",\"Eccellenza\",\"Eccellenza Campana\",\"Francesco Ripoli\",\"Genovese\",\"Petrozziello\",\"salvati\",\"Virtus Avellino\"],\"articleSection\":[\"Avellino\",\"Dilettanti Avellino\",\"Dilettanti Regione\",\"Regione\",\"Sport Avellino\",\"Sport Regione\"],\"inLanguage\":\"it-IT\",\"potentialAction\":[{\"@type\":\"CommentAction\",\"name\":\"Comment\",\"target\":[\"https:\/\/www.anteprima24.it\/archivio\/regione\/virtus-avellino-ripoli\/#respond\"]}]},{\"@type\":\"WebPage\",\"@id\":\"https:\/\/www.anteprima24.it\/archivio\/regione\/virtus-avellino-ripoli\/\",\"url\":\"https:\/\/www.anteprima24.it\/archivio\/regione\/virtus-avellino-ripoli\/\",\"name\":\"Virtus Avellino, Ripoli suona la carica: \\\"Non ci poniamo limiti, vogliamo i playoff\\\"\",\"isPartOf\":{\"@id\":\"https:\/\/www.anteprima24.it\/archivio\/#website\"},\"primaryImageOfPage\":{\"@id\":\"https:\/\/www.anteprima24.it\/archivio\/regione\/virtus-avellino-ripoli\/#primaryimage\"},\"image\":{\"@id\":\"https:\/\/www.anteprima24.it\/archivio\/regione\/virtus-avellino-ripoli\/#primaryimage\"},\"thumbnailUrl\":\"https:\/\/www.anteprima24.it\/archivio\/wp-content\/uploads\/2018\/01\/26543522_10214647130081497_259776873_o.jpg\",\"datePublished\":\"2018-01-04T10:54:17+00:00\",\"author\":{\"@id\":\"https:\/\/www.anteprima24.it\/archivio\/#\/schema\/person\/30fcc8a4138521844ae98ad9d137afdf\"},\"breadcrumb\":{\"@id\":\"https:\/\/www.anteprima24.it\/archivio\/regione\/virtus-avellino-ripoli\/#breadcrumb\"},\"inLanguage\":\"it-IT\",\"potentialAction\":[{\"@type\":\"ReadAction\",\"target\":[\"https:\/\/www.anteprima24.it\/archivio\/regione\/virtus-avellino-ripoli\/\"]}]},{\"@type\":\"ImageObject\",\"inLanguage\":\"it-IT\",\"@id\":\"https:\/\/www.anteprima24.it\/archivio\/regione\/virtus-avellino-ripoli\/#primaryimage\",\"url\":\"https:\/\/www.anteprima24.it\/archivio\/wp-content\/uploads\/2018\/01\/26543522_10214647130081497_259776873_o.jpg\",\"contentUrl\":\"https:\/\/www.anteprima24.it\/archivio\/wp-content\/uploads\/2018\/01\/26543522_10214647130081497_259776873_o.jpg\",\"width\":1280,\"height\":720},{\"@type\":\"BreadcrumbList\",\"@id\":\"https:\/\/www.anteprima24.it\/archivio\/regione\/virtus-avellino-ripoli\/#breadcrumb\",\"itemListElement\":[{\"@type\":\"ListItem\",\"position\":1,\"name\":\"Home\",\"item\":\"https:\/\/www.anteprima24.it\/archivio\/\"},{\"@type\":\"ListItem\",\"position\":2,\"name\":\"Virtus Avellino, Ripoli suona la carica: &#8220;Non ci poniamo limiti, vogliamo i playoff&#8221;\"}]},{\"@type\":\"WebSite\",\"@id\":\"https:\/\/www.anteprima24.it\/archivio\/#website\",\"url\":\"https:\/\/www.anteprima24.it\/archivio\/\",\"name\":\"Anteprima24.it\",\"description\":\"\",\"potentialAction\":[{\"@type\":\"SearchAction\",\"target\":{\"@type\":\"EntryPoint\",\"urlTemplate\":\"https:\/\/www.anteprima24.it\/archivio\/?s={search_term_string}\"},\"query-input\":{\"@type\":\"PropertyValueSpecification\",\"valueRequired\":true,\"valueName\":\"search_term_string\"}}],\"inLanguage\":\"it-IT\"},{\"@type\":\"Person\",\"@id\":\"https:\/\/www.anteprima24.it\/archivio\/#\/schema\/person\/30fcc8a4138521844ae98ad9d137afdf\",\"name\":\"Antonio Tedeschi\",\"image\":{\"@type\":\"ImageObject\",\"inLanguage\":\"it-IT\",\"@id\":\"https:\/\/www.anteprima24.it\/archivio\/#\/schema\/person\/image\/\",\"url\":\"https:\/\/secure.gravatar.com\/avatar\/45372818180df7341e181ce77faeeb16e07236ab151a43b41f99b910f3582b12?s=96&d=mm&r=g\",\"contentUrl\":\"https:\/\/secure.gravatar.com\/avatar\/45372818180df7341e181ce77faeeb16e07236ab151a43b41f99b910f3582b12?s=96&d=mm&r=g\",\"caption\":\"Antonio Tedeschi\"},\"url\":\"https:\/\/www.anteprima24.it\/archivio\/author\/antoniotedeschi\/\"}]}<\/script>\n<!-- \/ Yoast SEO plugin. -->","yoast_head_json":{"title":"Virtus Avellino, Ripoli suona la carica: \"Non ci poniamo limiti, vogliamo i playoff\"","robots":{"index":"index","follow":"follow","max-snippet":"max-snippet:-1","max-image-preview":"max-image-preview:large","max-video-preview":"max-video-preview:-1"},"canonical":"https:\/\/www.anteprima24.it\/archivio\/regione\/virtus-avellino-ripoli\/","og_locale":"it_IT","og_type":"article","og_title":"Virtus Avellino, Ripoli suona la carica: \"Non ci poniamo limiti, vogliamo i playoff\"","og_description":"Avellino &#8211; La Virtus Avellino mira in alto. La formazione allenata da mister Rino Criscitiello ha chiuso il girone d&#8217;andata in piena zona playoff. Un 2017 davvero scoppiettante per la societ\u00e0 virtussina che ha conquistato l&#8217;Eccellenza proprio nella passata stagione. Tra i protagonisti della Virtus Avellino sicuramente c&#8217;\u00e8 Francesco Ripoli. &#8220;Il girone di andata appena [&hellip;]","og_url":"https:\/\/www.anteprima24.it\/archivio\/regione\/virtus-avellino-ripoli\/","og_site_name":"Anteprima24.it","article_published_time":"2018-01-04T10:54:17+00:00","og_image":[{"width":1280,"height":720,"url":"https:\/\/www.anteprima24.it\/archivio\/wp-content\/uploads\/2018\/01\/26543522_10214647130081497_259776873_o.jpg","type":"image\/jpeg"}],"author":"Antonio Tedeschi","twitter_card":"summary_large_image","twitter_misc":{"Scritto da":"Antonio Tedeschi","Tempo di lettura stimato":"1 minuto"},"schema":{"@context":"https:\/\/schema.org","@graph":[{"@type":"Article","@id":"https:\/\/www.anteprima24.it\/archivio\/regione\/virtus-avellino-ripoli\/#article","isPartOf":{"@id":"https:\/\/www.anteprima24.it\/archivio\/regione\/virtus-avellino-ripoli\/"},"author":{"name":"Antonio Tedeschi","@id":"https:\/\/www.anteprima24.it\/archivio\/#\/schema\/person\/30fcc8a4138521844ae98ad9d137afdf"},"headline":"Virtus Avellino, Ripoli suona la carica: &#8220;Non ci poniamo limiti, vogliamo i playoff&#8221;","datePublished":"2018-01-04T10:54:17+00:00","mainEntityOfPage":{"@id":"https:\/\/www.anteprima24.it\/archivio\/regione\/virtus-avellino-ripoli\/"},"wordCount":234,"commentCount":0,"image":{"@id":"https:\/\/www.anteprima24.it\/archivio\/regione\/virtus-avellino-ripoli\/#primaryimage"},"thumbnailUrl":"https:\/\/www.anteprima24.it\/archivio\/wp-content\/uploads\/2018\/01\/26543522_10214647130081497_259776873_o.jpg","keywords":["Avellino","Criscitiello","Eccellenza","Eccellenza Campana","Francesco Ripoli","Genovese","Petrozziello","salvati","Virtus Avellino"],"articleSection":["Avellino","Dilettanti Avellino","Dilettanti Regione","Regione","Sport Avellino","Sport Regione"],"inLanguage":"it-IT","potentialAction":[{"@type":"CommentAction","name":"Comment","target":["https:\/\/www.anteprima24.it\/archivio\/regione\/virtus-avellino-ripoli\/#respond"]}]},{"@type":"WebPage","@id":"https:\/\/www.anteprima24.it\/archivio\/regione\/virtus-avellino-ripoli\/","url":"https:\/\/www.anteprima24.it\/archivio\/regione\/virtus-avellino-ripoli\/","name":"Virtus Avellino, Ripoli suona la carica: \"Non ci poniamo limiti, vogliamo i playoff\"","isPartOf":{"@id":"https:\/\/www.anteprima24.it\/archivio\/#website"},"primaryImageOfPage":{"@id":"https:\/\/www.anteprima24.it\/archivio\/regione\/virtus-avellino-ripoli\/#primaryimage"},"image":{"@id":"https:\/\/www.anteprima24.it\/archivio\/regione\/virtus-avellino-ripoli\/#primaryimage"},"thumbnailUrl":"https:\/\/www.anteprima24.it\/archivio\/wp-content\/uploads\/2018\/01\/26543522_10214647130081497_259776873_o.jpg","datePublished":"2018-01-04T10:54:17+00:00","author":{"@id":"https:\/\/www.anteprima24.it\/archivio\/#\/schema\/person\/30fcc8a4138521844ae98ad9d137afdf"},"breadcrumb":{"@id":"https:\/\/www.anteprima24.it\/archivio\/regione\/virtus-avellino-ripoli\/#breadcrumb"},"inLanguage":"it-IT","potentialAction":[{"@type":"ReadAction","target":["https:\/\/www.anteprima24.it\/archivio\/regione\/virtus-avellino-ripoli\/"]}]},{"@type":"ImageObject","inLanguage":"it-IT","@id":"https:\/\/www.anteprima24.it\/archivio\/regione\/virtus-avellino-ripoli\/#primaryimage","url":"https:\/\/www.anteprima24.it\/archivio\/wp-content\/uploads\/2018\/01\/26543522_10214647130081497_259776873_o.jpg","contentUrl":"https:\/\/www.anteprima24.it\/archivio\/wp-content\/uploads\/2018\/01\/26543522_10214647130081497_259776873_o.jpg","width":1280,"height":720},{"@type":"BreadcrumbList","@id":"https:\/\/www.anteprima24.it\/archivio\/regione\/virtus-avellino-ripoli\/#breadcrumb","itemListElement":[{"@type":"ListItem","position":1,"name":"Home","item":"https:\/\/www.anteprima24.it\/archivio\/"},{"@type":"ListItem","position":2,"name":"Virtus Avellino, Ripoli suona la carica: &#8220;Non ci poniamo limiti, vogliamo i playoff&#8221;"}]},{"@type":"WebSite","@id":"https:\/\/www.anteprima24.it\/archivio\/#website","url":"https:\/\/www.anteprima24.it\/archivio\/","name":"Anteprima24.it","description":"","potentialAction":[{"@type":"SearchAction","target":{"@type":"EntryPoint","urlTemplate":"https:\/\/www.anteprima24.it\/archivio\/?s={search_term_string}"},"query-input":{"@type":"PropertyValueSpecification","valueRequired":true,"valueName":"search_term_string"}}],"inLanguage":"it-IT"},{"@type":"Person","@id":"https:\/\/www.anteprima24.it\/archivio\/#\/schema\/person\/30fcc8a4138521844ae98ad9d137afdf","name":"Antonio Tedeschi","image":{"@type":"ImageObject","inLanguage":"it-IT","@id":"https:\/\/www.anteprima24.it\/archivio\/#\/schema\/person\/image\/","url":"https:\/\/secure.gravatar.com\/avatar\/45372818180df7341e181ce77faeeb16e07236ab151a43b41f99b910f3582b12?s=96&d=mm&r=g","contentUrl":"https:\/\/secure.gravatar.com\/avatar\/45372818180df7341e181ce77faeeb16e07236ab151a43b41f99b910f3582b12?s=96&d=mm&r=g","caption":"Antonio Tedeschi"},"url":"https:\/\/www.anteprima24.it\/archivio\/author\/antoniotedeschi\/"}]}},"_links":{"self":[{"href":"https:\/\/www.anteprima24.it\/archivio\/wp-json\/wp\/v2\/posts\/105776","targetHints":{"allow":["GET"]}}],"collection":[{"href":"https:\/\/www.anteprima24.it\/archivio\/wp-json\/wp\/v2\/posts"}],"about":[{"href":"https:\/\/www.anteprima24.it\/archivio\/wp-json\/wp\/v2\/types\/post"}],"author":[{"embeddable":true,"href":"https:\/\/www.anteprima24.it\/archivio\/wp-json\/wp\/v2\/users\/24"}],"replies":[{"embeddable":true,"href":"https:\/\/www.anteprima24.it\/archivio\/wp-json\/wp\/v2\/comments?post=105776"}],"version-history":[{"count":0,"href":"https:\/\/www.anteprima24.it\/archivio\/wp-json\/wp\/v2\/posts\/105776\/revisions"}],"wp:featuredmedia":[{"embeddable":true,"href":"https:\/\/www.anteprima24.it\/archivio\/wp-json\/wp\/v2\/media\/105777"}],"wp:attachment":[{"href":"https:\/\/www.anteprima24.it\/archivio\/wp-json\/wp\/v2\/media?parent=105776"}],"wp:term":[{"taxonomy":"category","embeddable":true,"href":"https:\/\/www.anteprima24.it\/archivio\/wp-json\/wp\/v2\/categories?post=105776"},{"taxonomy":"post_tag","embeddable":true,"href":"https:\/\/www.anteprima24.it\/archivio\/wp-json\/wp\/v2\/tags?post=105776"}],"curies":[{"name":"wp","href":"https:\/\/api.w.org\/{rel}","templated":true}]}}