{"id":106418,"date":"2018-01-06T18:12:48","date_gmt":"2018-01-06T16:12:48","guid":{"rendered":"http:\/\/www.anteprima24.it\/?p=106418"},"modified":"2018-01-06T18:12:48","modified_gmt":"2018-01-06T16:12:48","slug":"virtus-bologna-ramagli","status":"publish","type":"post","link":"https:\/\/www.anteprima24.it\/archivio\/avellino\/virtus-bologna-ramagli\/","title":{"rendered":"Virtus Bologna, Ramagli sfida la Sidigas: &#8220;Ad Avellino servir\u00e0 carattere&#8221;"},"content":{"rendered":"<span class=\"span-reading-time rt-reading-time\" style=\"display: block;\"><span class=\"rt-label rt-prefix\">Tempo di lettura: <\/span> <span class=\"rt-time\"> 2<\/span> <span class=\"rt-label rt-postfix\">minuti<\/span><\/span><p style=\"text-align: justify\">Bologna &#8211;\u00a0Tre vittorie consecutive, quattro nelle ultime cinque partite. Con questo ruolino di marcia, da squadra col vento che soffia alle spalle, <strong>Virtus Segafredo Bologna<\/strong> \u00e8 pronta ad affrontare una delle formazioni pi\u00f9 convincenti, e soprattutto pi\u00f9 in forma, del campionato, la <strong>Sidigas Avellino<\/strong> di coach <strong>Pino Sacripanti<\/strong>. Alla vigilia del match del Pala delMauro il tecnico delle <em>vunere,<\/em>\u00a0<strong>Alessandro Ramagli<\/strong>,<em>\u00a0<\/em>ha fatto la sua analisi: &#8220;<em>Si parla della recente nobilt\u00e0 cestistica italiana. Avellino \u00e8 al top ormai da diversi anni, partecipa alle coppe europee, arriva sempre in fondo alle manifestazioni nazionali<\/em> &#8211; ammette &#8211; <em>Una squadra che ha saputo unite la sagacia nella selezione dei giocatori di <strong>Alberani<\/strong> con la capacit\u00e0 di metterli in campo che Sacripanti ha sempre avuto nella sua carriera<\/em>&#8220;.<\/p>\n<p style=\"text-align: justify\"><em>&#8220;Ha un playmaking di alto livello con <strong>Filloy<\/strong> e <strong>Fittipaldo<\/strong>. Esterni di grande fisicit\u00e0: <strong>Jason Rich<\/strong>, miglior marcatore del campionato, <strong>Dezmine Wells<\/strong> e <strong>Thomas Scrubb<\/strong> sono tre giocatori di taglia, di grande capacit\u00e0 realizzativa e di altrettanto grande utilit\u00e0. Poi c\u2019\u00e8 il vero playmaker della squadra, <strong>Maarten Leunen<\/strong>, che \u00e8 un po\u2019 il braccio armato di Sacripanti in campo. E ad oggi una batteria di lunghi variegata e di grande impatto: <strong>Fesenko<\/strong>, che ha fatto la Nba vera, e poi <strong>N\u2019Diaye<\/strong> e <strong>Zerini<\/strong>, senza dimenticare <strong>Shane Lawal<\/strong>, che noi abbiamo cercato l\u2019estate scorsa e sul quale Avellino ha fatto una scommessa contando di inserirlo a campionato in corso, e credo che il momento sia vicino. Insomma, una squadra di altissima qualit\u00e0, il cui livello \u00e8 quello che dice la classifica: tre sole sconfitte, mai un passo falso in casa, imponendo spesso il proprio gioco. Sar\u00e0 un bel test: essere competitivi a casa loro, arrivare a giocare gli ultimi possessi cercando di portare via un risultato positivo sarebbe un segnale di grandissima maturit\u00e0, perch\u00e9 quello \u00e8 un campo difficilmente attaccabile, e la Sidigas \u00e8 una squadra della quale \u00e8 faticoso trovare il punto debole, anche armandosi di una lente d\u2019ingrandimento&#8221;.<\/em><\/p>\n<p>[<em>Foto: Virtus.it<\/em>]<\/p>\n","protected":false},"excerpt":{"rendered":"<p>Bologna &#8211;\u00a0Tre vittorie consecutive, quattro nelle ultime cinque partite. Con questo ruolino di marcia, da squadra col vento che soffia alle spalle, Virtus Segafredo Bologna \u00e8 pronta ad affrontare una delle formazioni pi\u00f9 convincenti, e soprattutto pi\u00f9 in forma, del campionato, la Sidigas Avellino di coach Pino Sacripanti. Alla vigilia del match del Pala delMauro [&hellip;]<\/p>\n","protected":false},"author":24,"featured_media":106422,"comment_status":"open","ping_status":"open","sticky":false,"template":"","format":"standard","meta":{"_monsterinsights_skip_tracking":false,"_monsterinsights_sitenote_active":false,"_monsterinsights_sitenote_note":"","_monsterinsights_sitenote_category":0,"ngg_post_thumbnail":0,"footnotes":""},"categories":[7839,1204,4,271,1384,275],"tags":[7869,17112,6635,966,17111,6308,17073],"class_list":{"0":"post-106418","1":"post","2":"type-post","3":"status-publish","4":"format-standard","5":"has-post-thumbnail","7":"category-altri-sport-sport-avellino","8":"category-altri-sport","9":"category-avellino","10":"category-regione","11":"category-sport-avellino","12":"category-sport","13":"tag-alberani","14":"tag-ramagli","15":"tag-sacripanti","16":"tag-scandone","17":"tag-segafredo-bologna","18":"tag-sidigas-avellino","19":"tag-virtus-bologna"},"yoast_head":"<!-- This site is optimized with the Yoast SEO plugin v26.8 - https:\/\/yoast.com\/product\/yoast-seo-wordpress\/ -->\n<title>Virtus Bologna, Ramagli sfida la Sidigas: &quot;Ad Avellino servir\u00e0 carattere&quot;<\/title>\n<meta name=\"description\" content=\"Con questo ruolino di marcia, da squadra col vento che soffia alle spalle, Virtus Segafredo Bologna \u00e8 pronta ad affrontare una delle formazioni pi\u00f9 convincenti, e soprattutto pi\u00f9 in forma, del campionato, la Sidigas Avellino.\" \/>\n<meta name=\"robots\" content=\"index, follow, max-snippet:-1, max-image-preview:large, max-video-preview:-1\" \/>\n<link rel=\"canonical\" href=\"https:\/\/www.anteprima24.it\/archivio\/avellino\/virtus-bologna-ramagli\/\" \/>\n<meta property=\"og:locale\" content=\"it_IT\" \/>\n<meta property=\"og:type\" content=\"article\" \/>\n<meta property=\"og:title\" content=\"Virtus Bologna, Ramagli sfida la Sidigas: &quot;Ad Avellino servir\u00e0 carattere&quot;\" \/>\n<meta property=\"og:description\" content=\"Con questo ruolino di marcia, da squadra col vento che soffia alle spalle, Virtus Segafredo Bologna \u00e8 pronta ad affrontare una delle formazioni pi\u00f9 convincenti, e soprattutto pi\u00f9 in forma, del campionato, la Sidigas Avellino.\" \/>\n<meta property=\"og:url\" content=\"https:\/\/www.anteprima24.it\/archivio\/avellino\/virtus-bologna-ramagli\/\" \/>\n<meta property=\"og:site_name\" content=\"Anteprima24.it\" \/>\n<meta property=\"article:published_time\" content=\"2018-01-06T16:12:48+00:00\" \/>\n<meta property=\"og:image\" content=\"https:\/\/www.anteprima24.it\/archivio\/wp-content\/uploads\/2018\/01\/RAM.jpg\" \/>\n\t<meta property=\"og:image:width\" content=\"2048\" \/>\n\t<meta property=\"og:image:height\" content=\"1363\" \/>\n\t<meta property=\"og:image:type\" content=\"image\/jpeg\" \/>\n<meta name=\"author\" content=\"Antonio Tedeschi\" \/>\n<meta name=\"twitter:card\" content=\"summary_large_image\" \/>\n<meta name=\"twitter:label1\" content=\"Scritto da\" \/>\n\t<meta name=\"twitter:data1\" content=\"Antonio Tedeschi\" \/>\n\t<meta name=\"twitter:label2\" content=\"Tempo di lettura stimato\" \/>\n\t<meta name=\"twitter:data2\" content=\"2 minuti\" \/>\n<script type=\"application\/ld+json\" class=\"yoast-schema-graph\">{\"@context\":\"https:\/\/schema.org\",\"@graph\":[{\"@type\":\"Article\",\"@id\":\"https:\/\/www.anteprima24.it\/archivio\/avellino\/virtus-bologna-ramagli\/#article\",\"isPartOf\":{\"@id\":\"https:\/\/www.anteprima24.it\/archivio\/avellino\/virtus-bologna-ramagli\/\"},\"author\":{\"name\":\"Antonio Tedeschi\",\"@id\":\"https:\/\/www.anteprima24.it\/archivio\/#\/schema\/person\/30fcc8a4138521844ae98ad9d137afdf\"},\"headline\":\"Virtus Bologna, Ramagli sfida la Sidigas: &#8220;Ad Avellino servir\u00e0 carattere&#8221;\",\"datePublished\":\"2018-01-06T16:12:48+00:00\",\"mainEntityOfPage\":{\"@id\":\"https:\/\/www.anteprima24.it\/archivio\/avellino\/virtus-bologna-ramagli\/\"},\"wordCount\":333,\"commentCount\":0,\"image\":{\"@id\":\"https:\/\/www.anteprima24.it\/archivio\/avellino\/virtus-bologna-ramagli\/#primaryimage\"},\"thumbnailUrl\":\"https:\/\/www.anteprima24.it\/archivio\/wp-content\/uploads\/2018\/01\/RAM.jpg\",\"keywords\":[\"Alberani\",\"Ramagli\",\"Sacripanti\",\"Scandone\",\"Segafredo Bologna\",\"Sidigas Avellino\",\"Virtus Bologna\"],\"articleSection\":[\"Altri Sport Avellino\",\"Altri Sport Regione\",\"Avellino\",\"Regione\",\"Sport Avellino\",\"Sport Regione\"],\"inLanguage\":\"it-IT\",\"potentialAction\":[{\"@type\":\"CommentAction\",\"name\":\"Comment\",\"target\":[\"https:\/\/www.anteprima24.it\/archivio\/avellino\/virtus-bologna-ramagli\/#respond\"]}]},{\"@type\":\"WebPage\",\"@id\":\"https:\/\/www.anteprima24.it\/archivio\/avellino\/virtus-bologna-ramagli\/\",\"url\":\"https:\/\/www.anteprima24.it\/archivio\/avellino\/virtus-bologna-ramagli\/\",\"name\":\"Virtus Bologna, Ramagli sfida la Sidigas: \\\"Ad Avellino servir\u00e0 carattere\\\"\",\"isPartOf\":{\"@id\":\"https:\/\/www.anteprima24.it\/archivio\/#website\"},\"primaryImageOfPage\":{\"@id\":\"https:\/\/www.anteprima24.it\/archivio\/avellino\/virtus-bologna-ramagli\/#primaryimage\"},\"image\":{\"@id\":\"https:\/\/www.anteprima24.it\/archivio\/avellino\/virtus-bologna-ramagli\/#primaryimage\"},\"thumbnailUrl\":\"https:\/\/www.anteprima24.it\/archivio\/wp-content\/uploads\/2018\/01\/RAM.jpg\",\"datePublished\":\"2018-01-06T16:12:48+00:00\",\"author\":{\"@id\":\"https:\/\/www.anteprima24.it\/archivio\/#\/schema\/person\/30fcc8a4138521844ae98ad9d137afdf\"},\"description\":\"Con questo ruolino di marcia, da squadra col vento che soffia alle spalle, Virtus Segafredo Bologna \u00e8 pronta ad affrontare una delle formazioni pi\u00f9 convincenti, e soprattutto pi\u00f9 in forma, del campionato, la Sidigas Avellino.\",\"breadcrumb\":{\"@id\":\"https:\/\/www.anteprima24.it\/archivio\/avellino\/virtus-bologna-ramagli\/#breadcrumb\"},\"inLanguage\":\"it-IT\",\"potentialAction\":[{\"@type\":\"ReadAction\",\"target\":[\"https:\/\/www.anteprima24.it\/archivio\/avellino\/virtus-bologna-ramagli\/\"]}]},{\"@type\":\"ImageObject\",\"inLanguage\":\"it-IT\",\"@id\":\"https:\/\/www.anteprima24.it\/archivio\/avellino\/virtus-bologna-ramagli\/#primaryimage\",\"url\":\"https:\/\/www.anteprima24.it\/archivio\/wp-content\/uploads\/2018\/01\/RAM.jpg\",\"contentUrl\":\"https:\/\/www.anteprima24.it\/archivio\/wp-content\/uploads\/2018\/01\/RAM.jpg\",\"width\":2048,\"height\":1363},{\"@type\":\"BreadcrumbList\",\"@id\":\"https:\/\/www.anteprima24.it\/archivio\/avellino\/virtus-bologna-ramagli\/#breadcrumb\",\"itemListElement\":[{\"@type\":\"ListItem\",\"position\":1,\"name\":\"Home\",\"item\":\"https:\/\/www.anteprima24.it\/archivio\/\"},{\"@type\":\"ListItem\",\"position\":2,\"name\":\"Virtus Bologna, Ramagli sfida la Sidigas: &#8220;Ad Avellino servir\u00e0 carattere&#8221;\"}]},{\"@type\":\"WebSite\",\"@id\":\"https:\/\/www.anteprima24.it\/archivio\/#website\",\"url\":\"https:\/\/www.anteprima24.it\/archivio\/\",\"name\":\"Anteprima24.it\",\"description\":\"\",\"potentialAction\":[{\"@type\":\"SearchAction\",\"target\":{\"@type\":\"EntryPoint\",\"urlTemplate\":\"https:\/\/www.anteprima24.it\/archivio\/?s={search_term_string}\"},\"query-input\":{\"@type\":\"PropertyValueSpecification\",\"valueRequired\":true,\"valueName\":\"search_term_string\"}}],\"inLanguage\":\"it-IT\"},{\"@type\":\"Person\",\"@id\":\"https:\/\/www.anteprima24.it\/archivio\/#\/schema\/person\/30fcc8a4138521844ae98ad9d137afdf\",\"name\":\"Antonio Tedeschi\",\"image\":{\"@type\":\"ImageObject\",\"inLanguage\":\"it-IT\",\"@id\":\"https:\/\/www.anteprima24.it\/archivio\/#\/schema\/person\/image\/\",\"url\":\"https:\/\/secure.gravatar.com\/avatar\/45372818180df7341e181ce77faeeb16e07236ab151a43b41f99b910f3582b12?s=96&d=mm&r=g\",\"contentUrl\":\"https:\/\/secure.gravatar.com\/avatar\/45372818180df7341e181ce77faeeb16e07236ab151a43b41f99b910f3582b12?s=96&d=mm&r=g\",\"caption\":\"Antonio Tedeschi\"},\"url\":\"https:\/\/www.anteprima24.it\/archivio\/author\/antoniotedeschi\/\"}]}<\/script>\n<!-- \/ Yoast SEO plugin. -->","yoast_head_json":{"title":"Virtus Bologna, Ramagli sfida la Sidigas: \"Ad Avellino servir\u00e0 carattere\"","description":"Con questo ruolino di marcia, da squadra col vento che soffia alle spalle, Virtus Segafredo Bologna \u00e8 pronta ad affrontare una delle formazioni pi\u00f9 convincenti, e soprattutto pi\u00f9 in forma, del campionato, la Sidigas Avellino.","robots":{"index":"index","follow":"follow","max-snippet":"max-snippet:-1","max-image-preview":"max-image-preview:large","max-video-preview":"max-video-preview:-1"},"canonical":"https:\/\/www.anteprima24.it\/archivio\/avellino\/virtus-bologna-ramagli\/","og_locale":"it_IT","og_type":"article","og_title":"Virtus Bologna, Ramagli sfida la Sidigas: \"Ad Avellino servir\u00e0 carattere\"","og_description":"Con questo ruolino di marcia, da squadra col vento che soffia alle spalle, Virtus Segafredo Bologna \u00e8 pronta ad affrontare una delle formazioni pi\u00f9 convincenti, e soprattutto pi\u00f9 in forma, del campionato, la Sidigas Avellino.","og_url":"https:\/\/www.anteprima24.it\/archivio\/avellino\/virtus-bologna-ramagli\/","og_site_name":"Anteprima24.it","article_published_time":"2018-01-06T16:12:48+00:00","og_image":[{"width":2048,"height":1363,"url":"https:\/\/www.anteprima24.it\/archivio\/wp-content\/uploads\/2018\/01\/RAM.jpg","type":"image\/jpeg"}],"author":"Antonio Tedeschi","twitter_card":"summary_large_image","twitter_misc":{"Scritto da":"Antonio Tedeschi","Tempo di lettura stimato":"2 minuti"},"schema":{"@context":"https:\/\/schema.org","@graph":[{"@type":"Article","@id":"https:\/\/www.anteprima24.it\/archivio\/avellino\/virtus-bologna-ramagli\/#article","isPartOf":{"@id":"https:\/\/www.anteprima24.it\/archivio\/avellino\/virtus-bologna-ramagli\/"},"author":{"name":"Antonio Tedeschi","@id":"https:\/\/www.anteprima24.it\/archivio\/#\/schema\/person\/30fcc8a4138521844ae98ad9d137afdf"},"headline":"Virtus Bologna, Ramagli sfida la Sidigas: &#8220;Ad Avellino servir\u00e0 carattere&#8221;","datePublished":"2018-01-06T16:12:48+00:00","mainEntityOfPage":{"@id":"https:\/\/www.anteprima24.it\/archivio\/avellino\/virtus-bologna-ramagli\/"},"wordCount":333,"commentCount":0,"image":{"@id":"https:\/\/www.anteprima24.it\/archivio\/avellino\/virtus-bologna-ramagli\/#primaryimage"},"thumbnailUrl":"https:\/\/www.anteprima24.it\/archivio\/wp-content\/uploads\/2018\/01\/RAM.jpg","keywords":["Alberani","Ramagli","Sacripanti","Scandone","Segafredo Bologna","Sidigas Avellino","Virtus Bologna"],"articleSection":["Altri Sport Avellino","Altri Sport Regione","Avellino","Regione","Sport Avellino","Sport Regione"],"inLanguage":"it-IT","potentialAction":[{"@type":"CommentAction","name":"Comment","target":["https:\/\/www.anteprima24.it\/archivio\/avellino\/virtus-bologna-ramagli\/#respond"]}]},{"@type":"WebPage","@id":"https:\/\/www.anteprima24.it\/archivio\/avellino\/virtus-bologna-ramagli\/","url":"https:\/\/www.anteprima24.it\/archivio\/avellino\/virtus-bologna-ramagli\/","name":"Virtus Bologna, Ramagli sfida la Sidigas: \"Ad Avellino servir\u00e0 carattere\"","isPartOf":{"@id":"https:\/\/www.anteprima24.it\/archivio\/#website"},"primaryImageOfPage":{"@id":"https:\/\/www.anteprima24.it\/archivio\/avellino\/virtus-bologna-ramagli\/#primaryimage"},"image":{"@id":"https:\/\/www.anteprima24.it\/archivio\/avellino\/virtus-bologna-ramagli\/#primaryimage"},"thumbnailUrl":"https:\/\/www.anteprima24.it\/archivio\/wp-content\/uploads\/2018\/01\/RAM.jpg","datePublished":"2018-01-06T16:12:48+00:00","author":{"@id":"https:\/\/www.anteprima24.it\/archivio\/#\/schema\/person\/30fcc8a4138521844ae98ad9d137afdf"},"description":"Con questo ruolino di marcia, da squadra col vento che soffia alle spalle, Virtus Segafredo Bologna \u00e8 pronta ad affrontare una delle formazioni pi\u00f9 convincenti, e soprattutto pi\u00f9 in forma, del campionato, la Sidigas Avellino.","breadcrumb":{"@id":"https:\/\/www.anteprima24.it\/archivio\/avellino\/virtus-bologna-ramagli\/#breadcrumb"},"inLanguage":"it-IT","potentialAction":[{"@type":"ReadAction","target":["https:\/\/www.anteprima24.it\/archivio\/avellino\/virtus-bologna-ramagli\/"]}]},{"@type":"ImageObject","inLanguage":"it-IT","@id":"https:\/\/www.anteprima24.it\/archivio\/avellino\/virtus-bologna-ramagli\/#primaryimage","url":"https:\/\/www.anteprima24.it\/archivio\/wp-content\/uploads\/2018\/01\/RAM.jpg","contentUrl":"https:\/\/www.anteprima24.it\/archivio\/wp-content\/uploads\/2018\/01\/RAM.jpg","width":2048,"height":1363},{"@type":"BreadcrumbList","@id":"https:\/\/www.anteprima24.it\/archivio\/avellino\/virtus-bologna-ramagli\/#breadcrumb","itemListElement":[{"@type":"ListItem","position":1,"name":"Home","item":"https:\/\/www.anteprima24.it\/archivio\/"},{"@type":"ListItem","position":2,"name":"Virtus Bologna, Ramagli sfida la Sidigas: &#8220;Ad Avellino servir\u00e0 carattere&#8221;"}]},{"@type":"WebSite","@id":"https:\/\/www.anteprima24.it\/archivio\/#website","url":"https:\/\/www.anteprima24.it\/archivio\/","name":"Anteprima24.it","description":"","potentialAction":[{"@type":"SearchAction","target":{"@type":"EntryPoint","urlTemplate":"https:\/\/www.anteprima24.it\/archivio\/?s={search_term_string}"},"query-input":{"@type":"PropertyValueSpecification","valueRequired":true,"valueName":"search_term_string"}}],"inLanguage":"it-IT"},{"@type":"Person","@id":"https:\/\/www.anteprima24.it\/archivio\/#\/schema\/person\/30fcc8a4138521844ae98ad9d137afdf","name":"Antonio Tedeschi","image":{"@type":"ImageObject","inLanguage":"it-IT","@id":"https:\/\/www.anteprima24.it\/archivio\/#\/schema\/person\/image\/","url":"https:\/\/secure.gravatar.com\/avatar\/45372818180df7341e181ce77faeeb16e07236ab151a43b41f99b910f3582b12?s=96&d=mm&r=g","contentUrl":"https:\/\/secure.gravatar.com\/avatar\/45372818180df7341e181ce77faeeb16e07236ab151a43b41f99b910f3582b12?s=96&d=mm&r=g","caption":"Antonio Tedeschi"},"url":"https:\/\/www.anteprima24.it\/archivio\/author\/antoniotedeschi\/"}]}},"_links":{"self":[{"href":"https:\/\/www.anteprima24.it\/archivio\/wp-json\/wp\/v2\/posts\/106418","targetHints":{"allow":["GET"]}}],"collection":[{"href":"https:\/\/www.anteprima24.it\/archivio\/wp-json\/wp\/v2\/posts"}],"about":[{"href":"https:\/\/www.anteprima24.it\/archivio\/wp-json\/wp\/v2\/types\/post"}],"author":[{"embeddable":true,"href":"https:\/\/www.anteprima24.it\/archivio\/wp-json\/wp\/v2\/users\/24"}],"replies":[{"embeddable":true,"href":"https:\/\/www.anteprima24.it\/archivio\/wp-json\/wp\/v2\/comments?post=106418"}],"version-history":[{"count":0,"href":"https:\/\/www.anteprima24.it\/archivio\/wp-json\/wp\/v2\/posts\/106418\/revisions"}],"wp:featuredmedia":[{"embeddable":true,"href":"https:\/\/www.anteprima24.it\/archivio\/wp-json\/wp\/v2\/media\/106422"}],"wp:attachment":[{"href":"https:\/\/www.anteprima24.it\/archivio\/wp-json\/wp\/v2\/media?parent=106418"}],"wp:term":[{"taxonomy":"category","embeddable":true,"href":"https:\/\/www.anteprima24.it\/archivio\/wp-json\/wp\/v2\/categories?post=106418"},{"taxonomy":"post_tag","embeddable":true,"href":"https:\/\/www.anteprima24.it\/archivio\/wp-json\/wp\/v2\/tags?post=106418"}],"curies":[{"name":"wp","href":"https:\/\/api.w.org\/{rel}","templated":true}]}}