{"id":106580,"date":"2018-01-07T12:31:38","date_gmt":"2018-01-07T10:31:38","guid":{"rendered":"http:\/\/www.anteprima24.it\/?p=106580"},"modified":"2018-01-07T12:31:38","modified_gmt":"2018-01-07T10:31:38","slug":"avellino-angelillo","status":"publish","type":"post","link":"https:\/\/www.anteprima24.it\/archivio\/avellino\/avellino-angelillo\/","title":{"rendered":"E&#8217; morto Angelillo guid\u00f2 l&#8217;Avellino alla settima salvezza in Serie A"},"content":{"rendered":"<span class=\"span-reading-time rt-reading-time\" style=\"display: block;\"><span class=\"rt-label rt-prefix\">Tempo di lettura: <\/span> <span class=\"rt-time\"> &lt; 1<\/span> <span class=\"rt-label rt-postfix\">minuto<\/span><\/span><p style=\"text-align: justify\">Avellino &#8211;\u00a0Il mondo del calcio piange la scomparsa di <strong>Antonio Valentin Angelillo<\/strong>. Il celebre &#8216;<em>angelo dalla faccia sporca<\/em>&#8216; \u00e8 morto all&#8217;et\u00e0 di 80 anni. Nato a Buenos Aires il 19 marzo 1937, arriva in nerazzurro dal Boca Juniors nella stagione 1957\/58: segn\u00f2 16 reti, ma l&#8217;anno successivo &#8211; ricorda il club &#8211; entr\u00f2 nella storia dell&#8217;Inter e del calcio italiano. Segn\u00f2 33 reti, primato assoluto per un campionato a 18 squadre. Angelillo rest\u00f2 all&#8217;Inter per quattro stagioni, collezionando 127 presenze e 77 reti. Chiusa la carriera da calciatore e allenatore, torn\u00f2 in nerazzurro in veste di osservatore. L&#8217;argentino naturalizzato italiano grazie alle origini lucane vest\u00ec anche le maglie di Roma, Milan, Lecco e Genoa. Con i giallorossi conquist\u00f2 la Coppa Italia 1964, con i rossoneri vinse lo scudetto 1967-68.<\/p>\n<p style=\"text-align: justify\">All&#8217;<strong>Avellino<\/strong> arriv\u00f2 nella stagione\u00a01984\/85.\u00a0Dopo l&#8217;addio dell&#8217;allenatore <strong>Ottavio Bianchi<\/strong> la societ\u00e0 ingaggia il tecnico argentino e riscatta a titolo definitivo <strong>Ramon Diaz<\/strong> dal Napoli. Era l&#8217;Avellino dei vari <strong>Murelli<\/strong>, <strong>De Napoli<\/strong>, <strong>Alessio<\/strong> e <strong>Barbadillo<\/strong>. La formazione biancoverde riusc\u00ec ad ottenere la settima salvezza in Serie A chiudendo il campionato all&#8217;undicesimo posto a quota 25 punti.<\/p>\n","protected":false},"excerpt":{"rendered":"<p>Avellino &#8211;\u00a0Il mondo del calcio piange la scomparsa di Antonio Valentin Angelillo. Il celebre &#8216;angelo dalla faccia sporca&#8216; \u00e8 morto all&#8217;et\u00e0 di 80 anni. Nato a Buenos Aires il 19 marzo 1937, arriva in nerazzurro dal Boca Juniors nella stagione 1957\/58: segn\u00f2 16 reti, ma l&#8217;anno successivo &#8211; ricorda il club &#8211; entr\u00f2 nella storia [&hellip;]<\/p>\n","protected":false},"author":24,"featured_media":106581,"comment_status":"open","ping_status":"open","sticky":false,"template":"","format":"standard","meta":{"_monsterinsights_skip_tracking":false,"_monsterinsights_sitenote_active":false,"_monsterinsights_sitenote_note":"","_monsterinsights_sitenote_category":0,"ngg_post_thumbnail":0,"footnotes":""},"categories":[4,271,1200,1455,1384,275],"tags":[17125,285,17128,17126,17127,2301,1750,307],"class_list":{"0":"post-106580","1":"post","2":"type-post","3":"status-publish","4":"format-standard","5":"has-post-thumbnail","7":"category-avellino","8":"category-regione","9":"category-serie-b","10":"category-serie-d-sport-avellino","11":"category-sport-avellino","12":"category-sport","13":"tag-angelillo","14":"tag-avellino","15":"tag-barbadillo","16":"tag-de-napoli","17":"tag-diaz","18":"tag-inter","19":"tag-marino","20":"tag-serie-a"},"yoast_head":"<!-- This site is optimized with the Yoast SEO plugin v26.8 - https:\/\/yoast.com\/product\/yoast-seo-wordpress\/ -->\n<title>E&#039; morto Angelillo guid\u00f2 l&#039;Avellino alla settima salvezza in Serie A<\/title>\n<meta name=\"description\" content=\"\u00a0Il mondo del calcio piange la scomparsa di Antonio Valentin Angelillo. Il celebre &#039;angelo dalla faccia sporca&#039; \u00e8 morto all&#039;et\u00e0 di 80 anni. All&#039;Avellino arriv\u00f2 nella stagione 1984-85 guidando l&#039;Avellino alla settima salvezza in Serie A.\" \/>\n<meta name=\"robots\" content=\"index, follow, max-snippet:-1, max-image-preview:large, max-video-preview:-1\" \/>\n<link rel=\"canonical\" href=\"https:\/\/www.anteprima24.it\/archivio\/avellino\/avellino-angelillo\/\" \/>\n<meta property=\"og:locale\" content=\"it_IT\" \/>\n<meta property=\"og:type\" content=\"article\" \/>\n<meta property=\"og:title\" content=\"E&#039; morto Angelillo guid\u00f2 l&#039;Avellino alla settima salvezza in Serie A\" \/>\n<meta property=\"og:description\" content=\"\u00a0Il mondo del calcio piange la scomparsa di Antonio Valentin Angelillo. Il celebre &#039;angelo dalla faccia sporca&#039; \u00e8 morto all&#039;et\u00e0 di 80 anni. All&#039;Avellino arriv\u00f2 nella stagione 1984-85 guidando l&#039;Avellino alla settima salvezza in Serie A.\" \/>\n<meta property=\"og:url\" content=\"https:\/\/www.anteprima24.it\/archivio\/avellino\/avellino-angelillo\/\" \/>\n<meta property=\"og:site_name\" content=\"Anteprima24.it\" \/>\n<meta property=\"article:published_time\" content=\"2018-01-07T10:31:38+00:00\" \/>\n<meta property=\"og:image\" content=\"https:\/\/www.anteprima24.it\/archivio\/wp-content\/uploads\/2018\/01\/120angelillo.jpg\" \/>\n\t<meta property=\"og:image:width\" content=\"1100\" \/>\n\t<meta property=\"og:image:height\" content=\"831\" \/>\n\t<meta property=\"og:image:type\" content=\"image\/jpeg\" \/>\n<meta name=\"author\" content=\"Antonio Tedeschi\" \/>\n<meta name=\"twitter:card\" content=\"summary_large_image\" \/>\n<meta name=\"twitter:label1\" content=\"Scritto da\" \/>\n\t<meta name=\"twitter:data1\" content=\"Antonio Tedeschi\" \/>\n\t<meta name=\"twitter:label2\" content=\"Tempo di lettura stimato\" \/>\n\t<meta name=\"twitter:data2\" content=\"1 minuto\" \/>\n<script type=\"application\/ld+json\" class=\"yoast-schema-graph\">{\"@context\":\"https:\/\/schema.org\",\"@graph\":[{\"@type\":\"Article\",\"@id\":\"https:\/\/www.anteprima24.it\/archivio\/avellino\/avellino-angelillo\/#article\",\"isPartOf\":{\"@id\":\"https:\/\/www.anteprima24.it\/archivio\/avellino\/avellino-angelillo\/\"},\"author\":{\"name\":\"Antonio Tedeschi\",\"@id\":\"https:\/\/www.anteprima24.it\/archivio\/#\/schema\/person\/30fcc8a4138521844ae98ad9d137afdf\"},\"headline\":\"E&#8217; morto Angelillo guid\u00f2 l&#8217;Avellino alla settima salvezza in Serie A\",\"datePublished\":\"2018-01-07T10:31:38+00:00\",\"mainEntityOfPage\":{\"@id\":\"https:\/\/www.anteprima24.it\/archivio\/avellino\/avellino-angelillo\/\"},\"wordCount\":195,\"commentCount\":0,\"image\":{\"@id\":\"https:\/\/www.anteprima24.it\/archivio\/avellino\/avellino-angelillo\/#primaryimage\"},\"thumbnailUrl\":\"https:\/\/www.anteprima24.it\/archivio\/wp-content\/uploads\/2018\/01\/120angelillo.jpg\",\"keywords\":[\"Angelillo\",\"Avellino\",\"Barbadillo\",\"De Napoli\",\"Diaz\",\"Inter\",\"Marino\",\"Serie A\"],\"articleSection\":[\"Avellino\",\"Regione\",\"Serie B Regione\",\"Serie C Avellino\",\"Sport Avellino\",\"Sport Regione\"],\"inLanguage\":\"it-IT\",\"potentialAction\":[{\"@type\":\"CommentAction\",\"name\":\"Comment\",\"target\":[\"https:\/\/www.anteprima24.it\/archivio\/avellino\/avellino-angelillo\/#respond\"]}]},{\"@type\":\"WebPage\",\"@id\":\"https:\/\/www.anteprima24.it\/archivio\/avellino\/avellino-angelillo\/\",\"url\":\"https:\/\/www.anteprima24.it\/archivio\/avellino\/avellino-angelillo\/\",\"name\":\"E' morto Angelillo guid\u00f2 l'Avellino alla settima salvezza in Serie A\",\"isPartOf\":{\"@id\":\"https:\/\/www.anteprima24.it\/archivio\/#website\"},\"primaryImageOfPage\":{\"@id\":\"https:\/\/www.anteprima24.it\/archivio\/avellino\/avellino-angelillo\/#primaryimage\"},\"image\":{\"@id\":\"https:\/\/www.anteprima24.it\/archivio\/avellino\/avellino-angelillo\/#primaryimage\"},\"thumbnailUrl\":\"https:\/\/www.anteprima24.it\/archivio\/wp-content\/uploads\/2018\/01\/120angelillo.jpg\",\"datePublished\":\"2018-01-07T10:31:38+00:00\",\"author\":{\"@id\":\"https:\/\/www.anteprima24.it\/archivio\/#\/schema\/person\/30fcc8a4138521844ae98ad9d137afdf\"},\"description\":\"\u00a0Il mondo del calcio piange la scomparsa di Antonio Valentin Angelillo. Il celebre 'angelo dalla faccia sporca' \u00e8 morto all'et\u00e0 di 80 anni. All'Avellino arriv\u00f2 nella stagione 1984-85 guidando l'Avellino alla settima salvezza in Serie A.\",\"breadcrumb\":{\"@id\":\"https:\/\/www.anteprima24.it\/archivio\/avellino\/avellino-angelillo\/#breadcrumb\"},\"inLanguage\":\"it-IT\",\"potentialAction\":[{\"@type\":\"ReadAction\",\"target\":[\"https:\/\/www.anteprima24.it\/archivio\/avellino\/avellino-angelillo\/\"]}]},{\"@type\":\"ImageObject\",\"inLanguage\":\"it-IT\",\"@id\":\"https:\/\/www.anteprima24.it\/archivio\/avellino\/avellino-angelillo\/#primaryimage\",\"url\":\"https:\/\/www.anteprima24.it\/archivio\/wp-content\/uploads\/2018\/01\/120angelillo.jpg\",\"contentUrl\":\"https:\/\/www.anteprima24.it\/archivio\/wp-content\/uploads\/2018\/01\/120angelillo.jpg\",\"width\":1100,\"height\":831},{\"@type\":\"BreadcrumbList\",\"@id\":\"https:\/\/www.anteprima24.it\/archivio\/avellino\/avellino-angelillo\/#breadcrumb\",\"itemListElement\":[{\"@type\":\"ListItem\",\"position\":1,\"name\":\"Home\",\"item\":\"https:\/\/www.anteprima24.it\/archivio\/\"},{\"@type\":\"ListItem\",\"position\":2,\"name\":\"E&#8217; morto Angelillo guid\u00f2 l&#8217;Avellino alla settima salvezza in Serie A\"}]},{\"@type\":\"WebSite\",\"@id\":\"https:\/\/www.anteprima24.it\/archivio\/#website\",\"url\":\"https:\/\/www.anteprima24.it\/archivio\/\",\"name\":\"Anteprima24.it\",\"description\":\"\",\"potentialAction\":[{\"@type\":\"SearchAction\",\"target\":{\"@type\":\"EntryPoint\",\"urlTemplate\":\"https:\/\/www.anteprima24.it\/archivio\/?s={search_term_string}\"},\"query-input\":{\"@type\":\"PropertyValueSpecification\",\"valueRequired\":true,\"valueName\":\"search_term_string\"}}],\"inLanguage\":\"it-IT\"},{\"@type\":\"Person\",\"@id\":\"https:\/\/www.anteprima24.it\/archivio\/#\/schema\/person\/30fcc8a4138521844ae98ad9d137afdf\",\"name\":\"Antonio Tedeschi\",\"image\":{\"@type\":\"ImageObject\",\"inLanguage\":\"it-IT\",\"@id\":\"https:\/\/www.anteprima24.it\/archivio\/#\/schema\/person\/image\/\",\"url\":\"https:\/\/secure.gravatar.com\/avatar\/45372818180df7341e181ce77faeeb16e07236ab151a43b41f99b910f3582b12?s=96&d=mm&r=g\",\"contentUrl\":\"https:\/\/secure.gravatar.com\/avatar\/45372818180df7341e181ce77faeeb16e07236ab151a43b41f99b910f3582b12?s=96&d=mm&r=g\",\"caption\":\"Antonio Tedeschi\"},\"url\":\"https:\/\/www.anteprima24.it\/archivio\/author\/antoniotedeschi\/\"}]}<\/script>\n<!-- \/ Yoast SEO plugin. -->","yoast_head_json":{"title":"E' morto Angelillo guid\u00f2 l'Avellino alla settima salvezza in Serie A","description":"\u00a0Il mondo del calcio piange la scomparsa di Antonio Valentin Angelillo. Il celebre 'angelo dalla faccia sporca' \u00e8 morto all'et\u00e0 di 80 anni. All'Avellino arriv\u00f2 nella stagione 1984-85 guidando l'Avellino alla settima salvezza in Serie A.","robots":{"index":"index","follow":"follow","max-snippet":"max-snippet:-1","max-image-preview":"max-image-preview:large","max-video-preview":"max-video-preview:-1"},"canonical":"https:\/\/www.anteprima24.it\/archivio\/avellino\/avellino-angelillo\/","og_locale":"it_IT","og_type":"article","og_title":"E' morto Angelillo guid\u00f2 l'Avellino alla settima salvezza in Serie A","og_description":"\u00a0Il mondo del calcio piange la scomparsa di Antonio Valentin Angelillo. Il celebre 'angelo dalla faccia sporca' \u00e8 morto all'et\u00e0 di 80 anni. All'Avellino arriv\u00f2 nella stagione 1984-85 guidando l'Avellino alla settima salvezza in Serie A.","og_url":"https:\/\/www.anteprima24.it\/archivio\/avellino\/avellino-angelillo\/","og_site_name":"Anteprima24.it","article_published_time":"2018-01-07T10:31:38+00:00","og_image":[{"width":1100,"height":831,"url":"https:\/\/www.anteprima24.it\/archivio\/wp-content\/uploads\/2018\/01\/120angelillo.jpg","type":"image\/jpeg"}],"author":"Antonio Tedeschi","twitter_card":"summary_large_image","twitter_misc":{"Scritto da":"Antonio Tedeschi","Tempo di lettura stimato":"1 minuto"},"schema":{"@context":"https:\/\/schema.org","@graph":[{"@type":"Article","@id":"https:\/\/www.anteprima24.it\/archivio\/avellino\/avellino-angelillo\/#article","isPartOf":{"@id":"https:\/\/www.anteprima24.it\/archivio\/avellino\/avellino-angelillo\/"},"author":{"name":"Antonio Tedeschi","@id":"https:\/\/www.anteprima24.it\/archivio\/#\/schema\/person\/30fcc8a4138521844ae98ad9d137afdf"},"headline":"E&#8217; morto Angelillo guid\u00f2 l&#8217;Avellino alla settima salvezza in Serie A","datePublished":"2018-01-07T10:31:38+00:00","mainEntityOfPage":{"@id":"https:\/\/www.anteprima24.it\/archivio\/avellino\/avellino-angelillo\/"},"wordCount":195,"commentCount":0,"image":{"@id":"https:\/\/www.anteprima24.it\/archivio\/avellino\/avellino-angelillo\/#primaryimage"},"thumbnailUrl":"https:\/\/www.anteprima24.it\/archivio\/wp-content\/uploads\/2018\/01\/120angelillo.jpg","keywords":["Angelillo","Avellino","Barbadillo","De Napoli","Diaz","Inter","Marino","Serie A"],"articleSection":["Avellino","Regione","Serie B Regione","Serie C Avellino","Sport Avellino","Sport Regione"],"inLanguage":"it-IT","potentialAction":[{"@type":"CommentAction","name":"Comment","target":["https:\/\/www.anteprima24.it\/archivio\/avellino\/avellino-angelillo\/#respond"]}]},{"@type":"WebPage","@id":"https:\/\/www.anteprima24.it\/archivio\/avellino\/avellino-angelillo\/","url":"https:\/\/www.anteprima24.it\/archivio\/avellino\/avellino-angelillo\/","name":"E' morto Angelillo guid\u00f2 l'Avellino alla settima salvezza in Serie A","isPartOf":{"@id":"https:\/\/www.anteprima24.it\/archivio\/#website"},"primaryImageOfPage":{"@id":"https:\/\/www.anteprima24.it\/archivio\/avellino\/avellino-angelillo\/#primaryimage"},"image":{"@id":"https:\/\/www.anteprima24.it\/archivio\/avellino\/avellino-angelillo\/#primaryimage"},"thumbnailUrl":"https:\/\/www.anteprima24.it\/archivio\/wp-content\/uploads\/2018\/01\/120angelillo.jpg","datePublished":"2018-01-07T10:31:38+00:00","author":{"@id":"https:\/\/www.anteprima24.it\/archivio\/#\/schema\/person\/30fcc8a4138521844ae98ad9d137afdf"},"description":"\u00a0Il mondo del calcio piange la scomparsa di Antonio Valentin Angelillo. Il celebre 'angelo dalla faccia sporca' \u00e8 morto all'et\u00e0 di 80 anni. All'Avellino arriv\u00f2 nella stagione 1984-85 guidando l'Avellino alla settima salvezza in Serie A.","breadcrumb":{"@id":"https:\/\/www.anteprima24.it\/archivio\/avellino\/avellino-angelillo\/#breadcrumb"},"inLanguage":"it-IT","potentialAction":[{"@type":"ReadAction","target":["https:\/\/www.anteprima24.it\/archivio\/avellino\/avellino-angelillo\/"]}]},{"@type":"ImageObject","inLanguage":"it-IT","@id":"https:\/\/www.anteprima24.it\/archivio\/avellino\/avellino-angelillo\/#primaryimage","url":"https:\/\/www.anteprima24.it\/archivio\/wp-content\/uploads\/2018\/01\/120angelillo.jpg","contentUrl":"https:\/\/www.anteprima24.it\/archivio\/wp-content\/uploads\/2018\/01\/120angelillo.jpg","width":1100,"height":831},{"@type":"BreadcrumbList","@id":"https:\/\/www.anteprima24.it\/archivio\/avellino\/avellino-angelillo\/#breadcrumb","itemListElement":[{"@type":"ListItem","position":1,"name":"Home","item":"https:\/\/www.anteprima24.it\/archivio\/"},{"@type":"ListItem","position":2,"name":"E&#8217; morto Angelillo guid\u00f2 l&#8217;Avellino alla settima salvezza in Serie A"}]},{"@type":"WebSite","@id":"https:\/\/www.anteprima24.it\/archivio\/#website","url":"https:\/\/www.anteprima24.it\/archivio\/","name":"Anteprima24.it","description":"","potentialAction":[{"@type":"SearchAction","target":{"@type":"EntryPoint","urlTemplate":"https:\/\/www.anteprima24.it\/archivio\/?s={search_term_string}"},"query-input":{"@type":"PropertyValueSpecification","valueRequired":true,"valueName":"search_term_string"}}],"inLanguage":"it-IT"},{"@type":"Person","@id":"https:\/\/www.anteprima24.it\/archivio\/#\/schema\/person\/30fcc8a4138521844ae98ad9d137afdf","name":"Antonio Tedeschi","image":{"@type":"ImageObject","inLanguage":"it-IT","@id":"https:\/\/www.anteprima24.it\/archivio\/#\/schema\/person\/image\/","url":"https:\/\/secure.gravatar.com\/avatar\/45372818180df7341e181ce77faeeb16e07236ab151a43b41f99b910f3582b12?s=96&d=mm&r=g","contentUrl":"https:\/\/secure.gravatar.com\/avatar\/45372818180df7341e181ce77faeeb16e07236ab151a43b41f99b910f3582b12?s=96&d=mm&r=g","caption":"Antonio Tedeschi"},"url":"https:\/\/www.anteprima24.it\/archivio\/author\/antoniotedeschi\/"}]}},"_links":{"self":[{"href":"https:\/\/www.anteprima24.it\/archivio\/wp-json\/wp\/v2\/posts\/106580","targetHints":{"allow":["GET"]}}],"collection":[{"href":"https:\/\/www.anteprima24.it\/archivio\/wp-json\/wp\/v2\/posts"}],"about":[{"href":"https:\/\/www.anteprima24.it\/archivio\/wp-json\/wp\/v2\/types\/post"}],"author":[{"embeddable":true,"href":"https:\/\/www.anteprima24.it\/archivio\/wp-json\/wp\/v2\/users\/24"}],"replies":[{"embeddable":true,"href":"https:\/\/www.anteprima24.it\/archivio\/wp-json\/wp\/v2\/comments?post=106580"}],"version-history":[{"count":0,"href":"https:\/\/www.anteprima24.it\/archivio\/wp-json\/wp\/v2\/posts\/106580\/revisions"}],"wp:featuredmedia":[{"embeddable":true,"href":"https:\/\/www.anteprima24.it\/archivio\/wp-json\/wp\/v2\/media\/106581"}],"wp:attachment":[{"href":"https:\/\/www.anteprima24.it\/archivio\/wp-json\/wp\/v2\/media?parent=106580"}],"wp:term":[{"taxonomy":"category","embeddable":true,"href":"https:\/\/www.anteprima24.it\/archivio\/wp-json\/wp\/v2\/categories?post=106580"},{"taxonomy":"post_tag","embeddable":true,"href":"https:\/\/www.anteprima24.it\/archivio\/wp-json\/wp\/v2\/tags?post=106580"}],"curies":[{"name":"wp","href":"https:\/\/api.w.org\/{rel}","templated":true}]}}