{"id":106584,"date":"2018-01-07T12:46:20","date_gmt":"2018-01-07T10:46:20","guid":{"rendered":"http:\/\/www.anteprima24.it\/?p=106584"},"modified":"2018-01-07T12:46:20","modified_gmt":"2018-01-07T10:46:20","slug":"avellino-suagher","status":"publish","type":"post","link":"https:\/\/www.anteprima24.it\/archivio\/avellino\/avellino-suagher\/","title":{"rendered":"Avellino, porte girevoli in difesa: Suagher saluta c&#8217;\u00e8 l&#8217;accordo con il Cesena"},"content":{"rendered":"<span class=\"span-reading-time rt-reading-time\" style=\"display: block;\"><span class=\"rt-label rt-prefix\">Tempo di lettura: <\/span> <span class=\"rt-time\"> &lt; 1<\/span> <span class=\"rt-label rt-postfix\">minuto<\/span><\/span><p style=\"text-align: justify\">Avellino &#8211; Il primo movimento in mercato da parte dell&#8217;<strong>Avellino<\/strong> \u00e8 in uscita. <strong>Emanuele Suagher<\/strong>, dopo appena sei mesi in Irpinia, \u00e8 in procinto di passare al <strong>Cesena<\/strong>. L&#8217;<strong>Atalanta<\/strong>, proprietaria del cartellino del difensore, ha raggiunto con il club romagnolo per il prestito di 18 mesi. Il calciatore ritrover\u00e0 il tecnico <strong>Fabrizio Castori<\/strong>, che gi\u00e0 ha avuto ai tempi del <strong>Carpi<\/strong>. Nei sei mesi trascorsi ad Avellino, Suagher, ha collezionato 12 gettoni (tra campionato e Tim Cup) con annessi due rossi.<\/p>\n<p style=\"text-align: justify\">L&#8217;Avellino potrebbe aprire un discorso con la <strong>Roma<\/strong> per ottenere il prestito di\u00a0<strong>Elio Capradossi<\/strong>, attualmente al <strong>Bari<\/strong>, ma in uscita. Classe &#8217;96, che in questo scorcio di stagione ha collezionato 14 presenze tra campionato e Coppa Italia. Nella giornata di domani comincer\u00e0 una settimana bollente per il mercato in entrata e in uscita dei biancoverdi.<\/p>\n","protected":false},"excerpt":{"rendered":"<p>Avellino &#8211; Il primo movimento in mercato da parte dell&#8217;Avellino \u00e8 in uscita. Emanuele Suagher, dopo appena sei mesi in Irpinia, \u00e8 in procinto di passare al Cesena. L&#8217;Atalanta, proprietaria del cartellino del difensore, ha raggiunto con il club romagnolo per il prestito di 18 mesi. Il calciatore ritrover\u00e0 il tecnico Fabrizio Castori, che gi\u00e0 [&hellip;]<\/p>\n","protected":false},"author":24,"featured_media":73978,"comment_status":"open","ping_status":"open","sticky":false,"template":"","format":"standard","meta":{"_monsterinsights_skip_tracking":false,"_monsterinsights_sitenote_active":false,"_monsterinsights_sitenote_note":"","_monsterinsights_sitenote_category":0,"ngg_post_thumbnail":0,"footnotes":""},"categories":[4,271,1200,1455,1384,275],"tags":[285,897,17130,14222,8106,17131,5893],"class_list":{"0":"post-106584","1":"post","2":"type-post","3":"status-publish","4":"format-standard","5":"has-post-thumbnail","7":"category-avellino","8":"category-regione","9":"category-serie-b","10":"category-serie-d-sport-avellino","11":"category-sport-avellino","12":"category-sport","13":"tag-avellino","14":"tag-avellino-calcio","15":"tag-calciomercato-avellino","16":"tag-castori","17":"tag-comune-di-avellino","18":"tag-elio-capradossi","19":"tag-suagher"},"yoast_head":"<!-- This site is optimized with the Yoast SEO plugin v26.8 - https:\/\/yoast.com\/product\/yoast-seo-wordpress\/ -->\n<title>Avellino, porte girevoli in difesa: Suagher saluta c&#039;\u00e8 l&#039;accordo con il Cesena<\/title>\n<meta name=\"description\" content=\"Il primo movimento in mercato da parte dell&#039;Avellino \u00e8 in uscita. Emanuele Suagher, dopo appena sei mesi in Irpinia, \u00e8 in procinto di passare al Cesena. Il difensore ritrova in Romagna l&#039;ex tecnico del Carpi, Fabrizio Castori.\" \/>\n<meta name=\"robots\" content=\"index, follow, max-snippet:-1, max-image-preview:large, max-video-preview:-1\" \/>\n<link rel=\"canonical\" href=\"https:\/\/www.anteprima24.it\/archivio\/avellino\/avellino-suagher\/\" \/>\n<meta property=\"og:locale\" content=\"it_IT\" \/>\n<meta property=\"og:type\" content=\"article\" \/>\n<meta property=\"og:title\" content=\"Avellino, porte girevoli in difesa: Suagher saluta c&#039;\u00e8 l&#039;accordo con il Cesena\" \/>\n<meta property=\"og:description\" content=\"Il primo movimento in mercato da parte dell&#039;Avellino \u00e8 in uscita. Emanuele Suagher, dopo appena sei mesi in Irpinia, \u00e8 in procinto di passare al Cesena. Il difensore ritrova in Romagna l&#039;ex tecnico del Carpi, Fabrizio Castori.\" \/>\n<meta property=\"og:url\" content=\"https:\/\/www.anteprima24.it\/archivio\/avellino\/avellino-suagher\/\" \/>\n<meta property=\"og:site_name\" content=\"Anteprima24.it\" \/>\n<meta property=\"article:published_time\" content=\"2018-01-07T10:46:20+00:00\" \/>\n<meta property=\"og:image\" content=\"https:\/\/www.anteprima24.it\/archivio\/wp-content\/uploads\/2017\/10\/20171029_172438_495090_18713838-2.jpg\" \/>\n\t<meta property=\"og:image:width\" content=\"720\" \/>\n\t<meta property=\"og:image:height\" content=\"480\" \/>\n\t<meta property=\"og:image:type\" content=\"image\/jpeg\" \/>\n<meta name=\"author\" content=\"Antonio Tedeschi\" \/>\n<meta name=\"twitter:card\" content=\"summary_large_image\" \/>\n<meta name=\"twitter:label1\" content=\"Scritto da\" \/>\n\t<meta name=\"twitter:data1\" content=\"Antonio Tedeschi\" \/>\n\t<meta name=\"twitter:label2\" content=\"Tempo di lettura stimato\" \/>\n\t<meta name=\"twitter:data2\" content=\"1 minuto\" \/>\n<script type=\"application\/ld+json\" class=\"yoast-schema-graph\">{\"@context\":\"https:\/\/schema.org\",\"@graph\":[{\"@type\":\"Article\",\"@id\":\"https:\/\/www.anteprima24.it\/archivio\/avellino\/avellino-suagher\/#article\",\"isPartOf\":{\"@id\":\"https:\/\/www.anteprima24.it\/archivio\/avellino\/avellino-suagher\/\"},\"author\":{\"name\":\"Antonio Tedeschi\",\"@id\":\"https:\/\/www.anteprima24.it\/archivio\/#\/schema\/person\/30fcc8a4138521844ae98ad9d137afdf\"},\"headline\":\"Avellino, porte girevoli in difesa: Suagher saluta c&#8217;\u00e8 l&#8217;accordo con il Cesena\",\"datePublished\":\"2018-01-07T10:46:20+00:00\",\"mainEntityOfPage\":{\"@id\":\"https:\/\/www.anteprima24.it\/archivio\/avellino\/avellino-suagher\/\"},\"wordCount\":147,\"commentCount\":0,\"image\":{\"@id\":\"https:\/\/www.anteprima24.it\/archivio\/avellino\/avellino-suagher\/#primaryimage\"},\"thumbnailUrl\":\"https:\/\/www.anteprima24.it\/archivio\/wp-content\/uploads\/2017\/10\/20171029_172438_495090_18713838-2.jpg\",\"keywords\":[\"Avellino\",\"Avellino Calcio\",\"Calciomercato Avellino\",\"castori\",\"comune di avellino\",\"Elio Capradossi\",\"Suagher\"],\"articleSection\":[\"Avellino\",\"Regione\",\"Serie B Regione\",\"Serie C Avellino\",\"Sport Avellino\",\"Sport Regione\"],\"inLanguage\":\"it-IT\",\"potentialAction\":[{\"@type\":\"CommentAction\",\"name\":\"Comment\",\"target\":[\"https:\/\/www.anteprima24.it\/archivio\/avellino\/avellino-suagher\/#respond\"]}]},{\"@type\":\"WebPage\",\"@id\":\"https:\/\/www.anteprima24.it\/archivio\/avellino\/avellino-suagher\/\",\"url\":\"https:\/\/www.anteprima24.it\/archivio\/avellino\/avellino-suagher\/\",\"name\":\"Avellino, porte girevoli in difesa: Suagher saluta c'\u00e8 l'accordo con il Cesena\",\"isPartOf\":{\"@id\":\"https:\/\/www.anteprima24.it\/archivio\/#website\"},\"primaryImageOfPage\":{\"@id\":\"https:\/\/www.anteprima24.it\/archivio\/avellino\/avellino-suagher\/#primaryimage\"},\"image\":{\"@id\":\"https:\/\/www.anteprima24.it\/archivio\/avellino\/avellino-suagher\/#primaryimage\"},\"thumbnailUrl\":\"https:\/\/www.anteprima24.it\/archivio\/wp-content\/uploads\/2017\/10\/20171029_172438_495090_18713838-2.jpg\",\"datePublished\":\"2018-01-07T10:46:20+00:00\",\"author\":{\"@id\":\"https:\/\/www.anteprima24.it\/archivio\/#\/schema\/person\/30fcc8a4138521844ae98ad9d137afdf\"},\"description\":\"Il primo movimento in mercato da parte dell'Avellino \u00e8 in uscita. Emanuele Suagher, dopo appena sei mesi in Irpinia, \u00e8 in procinto di passare al Cesena. Il difensore ritrova in Romagna l'ex tecnico del Carpi, Fabrizio Castori.\",\"breadcrumb\":{\"@id\":\"https:\/\/www.anteprima24.it\/archivio\/avellino\/avellino-suagher\/#breadcrumb\"},\"inLanguage\":\"it-IT\",\"potentialAction\":[{\"@type\":\"ReadAction\",\"target\":[\"https:\/\/www.anteprima24.it\/archivio\/avellino\/avellino-suagher\/\"]}]},{\"@type\":\"ImageObject\",\"inLanguage\":\"it-IT\",\"@id\":\"https:\/\/www.anteprima24.it\/archivio\/avellino\/avellino-suagher\/#primaryimage\",\"url\":\"https:\/\/www.anteprima24.it\/archivio\/wp-content\/uploads\/2017\/10\/20171029_172438_495090_18713838-2.jpg\",\"contentUrl\":\"https:\/\/www.anteprima24.it\/archivio\/wp-content\/uploads\/2017\/10\/20171029_172438_495090_18713838-2.jpg\",\"width\":720,\"height\":480},{\"@type\":\"BreadcrumbList\",\"@id\":\"https:\/\/www.anteprima24.it\/archivio\/avellino\/avellino-suagher\/#breadcrumb\",\"itemListElement\":[{\"@type\":\"ListItem\",\"position\":1,\"name\":\"Home\",\"item\":\"https:\/\/www.anteprima24.it\/archivio\/\"},{\"@type\":\"ListItem\",\"position\":2,\"name\":\"Avellino, porte girevoli in difesa: Suagher saluta c&#8217;\u00e8 l&#8217;accordo con il Cesena\"}]},{\"@type\":\"WebSite\",\"@id\":\"https:\/\/www.anteprima24.it\/archivio\/#website\",\"url\":\"https:\/\/www.anteprima24.it\/archivio\/\",\"name\":\"Anteprima24.it\",\"description\":\"\",\"potentialAction\":[{\"@type\":\"SearchAction\",\"target\":{\"@type\":\"EntryPoint\",\"urlTemplate\":\"https:\/\/www.anteprima24.it\/archivio\/?s={search_term_string}\"},\"query-input\":{\"@type\":\"PropertyValueSpecification\",\"valueRequired\":true,\"valueName\":\"search_term_string\"}}],\"inLanguage\":\"it-IT\"},{\"@type\":\"Person\",\"@id\":\"https:\/\/www.anteprima24.it\/archivio\/#\/schema\/person\/30fcc8a4138521844ae98ad9d137afdf\",\"name\":\"Antonio Tedeschi\",\"image\":{\"@type\":\"ImageObject\",\"inLanguage\":\"it-IT\",\"@id\":\"https:\/\/www.anteprima24.it\/archivio\/#\/schema\/person\/image\/\",\"url\":\"https:\/\/secure.gravatar.com\/avatar\/45372818180df7341e181ce77faeeb16e07236ab151a43b41f99b910f3582b12?s=96&d=mm&r=g\",\"contentUrl\":\"https:\/\/secure.gravatar.com\/avatar\/45372818180df7341e181ce77faeeb16e07236ab151a43b41f99b910f3582b12?s=96&d=mm&r=g\",\"caption\":\"Antonio Tedeschi\"},\"url\":\"https:\/\/www.anteprima24.it\/archivio\/author\/antoniotedeschi\/\"}]}<\/script>\n<!-- \/ Yoast SEO plugin. -->","yoast_head_json":{"title":"Avellino, porte girevoli in difesa: Suagher saluta c'\u00e8 l'accordo con il Cesena","description":"Il primo movimento in mercato da parte dell'Avellino \u00e8 in uscita. Emanuele Suagher, dopo appena sei mesi in Irpinia, \u00e8 in procinto di passare al Cesena. Il difensore ritrova in Romagna l'ex tecnico del Carpi, Fabrizio Castori.","robots":{"index":"index","follow":"follow","max-snippet":"max-snippet:-1","max-image-preview":"max-image-preview:large","max-video-preview":"max-video-preview:-1"},"canonical":"https:\/\/www.anteprima24.it\/archivio\/avellino\/avellino-suagher\/","og_locale":"it_IT","og_type":"article","og_title":"Avellino, porte girevoli in difesa: Suagher saluta c'\u00e8 l'accordo con il Cesena","og_description":"Il primo movimento in mercato da parte dell'Avellino \u00e8 in uscita. Emanuele Suagher, dopo appena sei mesi in Irpinia, \u00e8 in procinto di passare al Cesena. Il difensore ritrova in Romagna l'ex tecnico del Carpi, Fabrizio Castori.","og_url":"https:\/\/www.anteprima24.it\/archivio\/avellino\/avellino-suagher\/","og_site_name":"Anteprima24.it","article_published_time":"2018-01-07T10:46:20+00:00","og_image":[{"width":720,"height":480,"url":"https:\/\/www.anteprima24.it\/archivio\/wp-content\/uploads\/2017\/10\/20171029_172438_495090_18713838-2.jpg","type":"image\/jpeg"}],"author":"Antonio Tedeschi","twitter_card":"summary_large_image","twitter_misc":{"Scritto da":"Antonio Tedeschi","Tempo di lettura stimato":"1 minuto"},"schema":{"@context":"https:\/\/schema.org","@graph":[{"@type":"Article","@id":"https:\/\/www.anteprima24.it\/archivio\/avellino\/avellino-suagher\/#article","isPartOf":{"@id":"https:\/\/www.anteprima24.it\/archivio\/avellino\/avellino-suagher\/"},"author":{"name":"Antonio Tedeschi","@id":"https:\/\/www.anteprima24.it\/archivio\/#\/schema\/person\/30fcc8a4138521844ae98ad9d137afdf"},"headline":"Avellino, porte girevoli in difesa: Suagher saluta c&#8217;\u00e8 l&#8217;accordo con il Cesena","datePublished":"2018-01-07T10:46:20+00:00","mainEntityOfPage":{"@id":"https:\/\/www.anteprima24.it\/archivio\/avellino\/avellino-suagher\/"},"wordCount":147,"commentCount":0,"image":{"@id":"https:\/\/www.anteprima24.it\/archivio\/avellino\/avellino-suagher\/#primaryimage"},"thumbnailUrl":"https:\/\/www.anteprima24.it\/archivio\/wp-content\/uploads\/2017\/10\/20171029_172438_495090_18713838-2.jpg","keywords":["Avellino","Avellino Calcio","Calciomercato Avellino","castori","comune di avellino","Elio Capradossi","Suagher"],"articleSection":["Avellino","Regione","Serie B Regione","Serie C Avellino","Sport Avellino","Sport Regione"],"inLanguage":"it-IT","potentialAction":[{"@type":"CommentAction","name":"Comment","target":["https:\/\/www.anteprima24.it\/archivio\/avellino\/avellino-suagher\/#respond"]}]},{"@type":"WebPage","@id":"https:\/\/www.anteprima24.it\/archivio\/avellino\/avellino-suagher\/","url":"https:\/\/www.anteprima24.it\/archivio\/avellino\/avellino-suagher\/","name":"Avellino, porte girevoli in difesa: Suagher saluta c'\u00e8 l'accordo con il Cesena","isPartOf":{"@id":"https:\/\/www.anteprima24.it\/archivio\/#website"},"primaryImageOfPage":{"@id":"https:\/\/www.anteprima24.it\/archivio\/avellino\/avellino-suagher\/#primaryimage"},"image":{"@id":"https:\/\/www.anteprima24.it\/archivio\/avellino\/avellino-suagher\/#primaryimage"},"thumbnailUrl":"https:\/\/www.anteprima24.it\/archivio\/wp-content\/uploads\/2017\/10\/20171029_172438_495090_18713838-2.jpg","datePublished":"2018-01-07T10:46:20+00:00","author":{"@id":"https:\/\/www.anteprima24.it\/archivio\/#\/schema\/person\/30fcc8a4138521844ae98ad9d137afdf"},"description":"Il primo movimento in mercato da parte dell'Avellino \u00e8 in uscita. Emanuele Suagher, dopo appena sei mesi in Irpinia, \u00e8 in procinto di passare al Cesena. Il difensore ritrova in Romagna l'ex tecnico del Carpi, Fabrizio Castori.","breadcrumb":{"@id":"https:\/\/www.anteprima24.it\/archivio\/avellino\/avellino-suagher\/#breadcrumb"},"inLanguage":"it-IT","potentialAction":[{"@type":"ReadAction","target":["https:\/\/www.anteprima24.it\/archivio\/avellino\/avellino-suagher\/"]}]},{"@type":"ImageObject","inLanguage":"it-IT","@id":"https:\/\/www.anteprima24.it\/archivio\/avellino\/avellino-suagher\/#primaryimage","url":"https:\/\/www.anteprima24.it\/archivio\/wp-content\/uploads\/2017\/10\/20171029_172438_495090_18713838-2.jpg","contentUrl":"https:\/\/www.anteprima24.it\/archivio\/wp-content\/uploads\/2017\/10\/20171029_172438_495090_18713838-2.jpg","width":720,"height":480},{"@type":"BreadcrumbList","@id":"https:\/\/www.anteprima24.it\/archivio\/avellino\/avellino-suagher\/#breadcrumb","itemListElement":[{"@type":"ListItem","position":1,"name":"Home","item":"https:\/\/www.anteprima24.it\/archivio\/"},{"@type":"ListItem","position":2,"name":"Avellino, porte girevoli in difesa: Suagher saluta c&#8217;\u00e8 l&#8217;accordo con il Cesena"}]},{"@type":"WebSite","@id":"https:\/\/www.anteprima24.it\/archivio\/#website","url":"https:\/\/www.anteprima24.it\/archivio\/","name":"Anteprima24.it","description":"","potentialAction":[{"@type":"SearchAction","target":{"@type":"EntryPoint","urlTemplate":"https:\/\/www.anteprima24.it\/archivio\/?s={search_term_string}"},"query-input":{"@type":"PropertyValueSpecification","valueRequired":true,"valueName":"search_term_string"}}],"inLanguage":"it-IT"},{"@type":"Person","@id":"https:\/\/www.anteprima24.it\/archivio\/#\/schema\/person\/30fcc8a4138521844ae98ad9d137afdf","name":"Antonio Tedeschi","image":{"@type":"ImageObject","inLanguage":"it-IT","@id":"https:\/\/www.anteprima24.it\/archivio\/#\/schema\/person\/image\/","url":"https:\/\/secure.gravatar.com\/avatar\/45372818180df7341e181ce77faeeb16e07236ab151a43b41f99b910f3582b12?s=96&d=mm&r=g","contentUrl":"https:\/\/secure.gravatar.com\/avatar\/45372818180df7341e181ce77faeeb16e07236ab151a43b41f99b910f3582b12?s=96&d=mm&r=g","caption":"Antonio Tedeschi"},"url":"https:\/\/www.anteprima24.it\/archivio\/author\/antoniotedeschi\/"}]}},"_links":{"self":[{"href":"https:\/\/www.anteprima24.it\/archivio\/wp-json\/wp\/v2\/posts\/106584","targetHints":{"allow":["GET"]}}],"collection":[{"href":"https:\/\/www.anteprima24.it\/archivio\/wp-json\/wp\/v2\/posts"}],"about":[{"href":"https:\/\/www.anteprima24.it\/archivio\/wp-json\/wp\/v2\/types\/post"}],"author":[{"embeddable":true,"href":"https:\/\/www.anteprima24.it\/archivio\/wp-json\/wp\/v2\/users\/24"}],"replies":[{"embeddable":true,"href":"https:\/\/www.anteprima24.it\/archivio\/wp-json\/wp\/v2\/comments?post=106584"}],"version-history":[{"count":0,"href":"https:\/\/www.anteprima24.it\/archivio\/wp-json\/wp\/v2\/posts\/106584\/revisions"}],"wp:featuredmedia":[{"embeddable":true,"href":"https:\/\/www.anteprima24.it\/archivio\/wp-json\/wp\/v2\/media\/73978"}],"wp:attachment":[{"href":"https:\/\/www.anteprima24.it\/archivio\/wp-json\/wp\/v2\/media?parent=106584"}],"wp:term":[{"taxonomy":"category","embeddable":true,"href":"https:\/\/www.anteprima24.it\/archivio\/wp-json\/wp\/v2\/categories?post=106584"},{"taxonomy":"post_tag","embeddable":true,"href":"https:\/\/www.anteprima24.it\/archivio\/wp-json\/wp\/v2\/tags?post=106584"}],"curies":[{"name":"wp","href":"https:\/\/api.w.org\/{rel}","templated":true}]}}