{"id":107612,"date":"2018-01-08T19:33:28","date_gmt":"2018-01-08T17:33:28","guid":{"rendered":"http:\/\/www.anteprima24.it\/?p=107612"},"modified":"2018-01-08T19:33:28","modified_gmt":"2018-01-08T17:33:28","slug":"avellino-contest-2","status":"publish","type":"post","link":"https:\/\/www.anteprima24.it\/archivio\/avellino\/avellino-contest-2\/","title":{"rendered":"Contest Avellino: scelto il progetto vincente per la maglia del 2018\/2019"},"content":{"rendered":"<span class=\"span-reading-time rt-reading-time\" style=\"display: block;\"><span class=\"rt-label rt-prefix\">Tempo di lettura: <\/span> <span class=\"rt-time\"> &lt; 1<\/span> <span class=\"rt-label rt-postfix\">minuto<\/span><\/span><p style=\"text-align: justify\">Avellino &#8211; Il contest per la maglia dell&#8217;<strong>Us Avellino 1912<\/strong>, per la stagione 2018\/2019, \u00e8 stato vinto da <strong>Mario Guerriero<\/strong> (progetto G).\u00a0Nei prossimi giorni incontrer\u00e0 la dirigenza, conoscer\u00e0 la sorpresa a lui riservata e potr\u00e0 seguire i passaggi che ci saranno da qui alla realizzazione del kit gara dell\u2019U.S. Avellino del prossimo campionato.\u00a0In finale, Guerriero ha superato il progetto H, firmato da Antonio Iannaccone, al quale va il nostro plauso, con uno scarto di 443 voti.<\/p>\n<div class=\"text_exposed_show\" style=\"text-align: justify\">L&#8217;Us Avellino, attraverso la sua pagine, ha scritto: &#8220;Un grazie a tutti per aver partecipato al nostro contest &#8211; si legge nella nota &#8211; Restate connessi alla nostra pagina Facebook perch\u00e9 nelle prossime ore sveleremo il premio riservato a tutti i protagonisti delle 15 maglie selezionate e l\u2019omaggio che la societ\u00e0 ha deciso di assegnare a tutti gli oltre 100 partecipanti alla nostra iniziativa&#8221;.<\/p>\n<figure id=\"attachment_107619\" aria-describedby=\"caption-attachment-107619\" style=\"width: 650px\" class=\"wp-caption aligncenter\"><img loading=\"lazy\" decoding=\"async\" class=\"wp-image-107619 size-large\" src=\"http:\/\/www.anteprima24.it\/wp-content\/uploads\/2018\/01\/26220388_2032217096991343_1460204464605218596_o-650x488.jpg\" alt=\"\" width=\"650\" height=\"488\" srcset=\"https:\/\/www.anteprima24.it\/archivio\/wp-content\/uploads\/2018\/01\/26220388_2032217096991343_1460204464605218596_o-650x488.jpg 650w, https:\/\/www.anteprima24.it\/archivio\/wp-content\/uploads\/2018\/01\/26220388_2032217096991343_1460204464605218596_o-300x225.jpg 300w, https:\/\/www.anteprima24.it\/archivio\/wp-content\/uploads\/2018\/01\/26220388_2032217096991343_1460204464605218596_o-1024x768.jpg 1024w, https:\/\/www.anteprima24.it\/archivio\/wp-content\/uploads\/2018\/01\/26220388_2032217096991343_1460204464605218596_o-80x60.jpg 80w, https:\/\/www.anteprima24.it\/archivio\/wp-content\/uploads\/2018\/01\/26220388_2032217096991343_1460204464605218596_o-160x120.jpg 160w, https:\/\/www.anteprima24.it\/archivio\/wp-content\/uploads\/2018\/01\/26220388_2032217096991343_1460204464605218596_o-265x198.jpg 265w, https:\/\/www.anteprima24.it\/archivio\/wp-content\/uploads\/2018\/01\/26220388_2032217096991343_1460204464605218596_o-696x522.jpg 696w, https:\/\/www.anteprima24.it\/archivio\/wp-content\/uploads\/2018\/01\/26220388_2032217096991343_1460204464605218596_o-1392x1044.jpg 1392w, https:\/\/www.anteprima24.it\/archivio\/wp-content\/uploads\/2018\/01\/26220388_2032217096991343_1460204464605218596_o-1068x801.jpg 1068w, https:\/\/www.anteprima24.it\/archivio\/wp-content\/uploads\/2018\/01\/26220388_2032217096991343_1460204464605218596_o-560x420.jpg 560w, https:\/\/www.anteprima24.it\/archivio\/wp-content\/uploads\/2018\/01\/26220388_2032217096991343_1460204464605218596_o-1120x840.jpg 1120w, https:\/\/www.anteprima24.it\/archivio\/wp-content\/uploads\/2018\/01\/26220388_2032217096991343_1460204464605218596_o-1920x1440.jpg 1920w, https:\/\/www.anteprima24.it\/archivio\/wp-content\/uploads\/2018\/01\/26220388_2032217096991343_1460204464605218596_o-768x576.jpg 768w, https:\/\/www.anteprima24.it\/archivio\/wp-content\/uploads\/2018\/01\/26220388_2032217096991343_1460204464605218596_o-30x23.jpg 30w, https:\/\/www.anteprima24.it\/archivio\/wp-content\/uploads\/2018\/01\/26220388_2032217096991343_1460204464605218596_o-250x188.jpg 250w, https:\/\/www.anteprima24.it\/archivio\/wp-content\/uploads\/2018\/01\/26220388_2032217096991343_1460204464605218596_o-400x300.jpg 400w, https:\/\/www.anteprima24.it\/archivio\/wp-content\/uploads\/2018\/01\/26220388_2032217096991343_1460204464605218596_o-150x113.jpg 150w, https:\/\/www.anteprima24.it\/archivio\/wp-content\/uploads\/2018\/01\/26220388_2032217096991343_1460204464605218596_o-50x38.jpg 50w, https:\/\/www.anteprima24.it\/archivio\/wp-content\/uploads\/2018\/01\/26220388_2032217096991343_1460204464605218596_o-100x75.jpg 100w, https:\/\/www.anteprima24.it\/archivio\/wp-content\/uploads\/2018\/01\/26220388_2032217096991343_1460204464605218596_o-200x150.jpg 200w, https:\/\/www.anteprima24.it\/archivio\/wp-content\/uploads\/2018\/01\/26220388_2032217096991343_1460204464605218596_o-350x263.jpg 350w, https:\/\/www.anteprima24.it\/archivio\/wp-content\/uploads\/2018\/01\/26220388_2032217096991343_1460204464605218596_o-450x338.jpg 450w, https:\/\/www.anteprima24.it\/archivio\/wp-content\/uploads\/2018\/01\/26220388_2032217096991343_1460204464605218596_o-500x375.jpg 500w, https:\/\/www.anteprima24.it\/archivio\/wp-content\/uploads\/2018\/01\/26220388_2032217096991343_1460204464605218596_o-550x413.jpg 550w, https:\/\/www.anteprima24.it\/archivio\/wp-content\/uploads\/2018\/01\/26220388_2032217096991343_1460204464605218596_o-800x600.jpg 800w, https:\/\/www.anteprima24.it\/archivio\/wp-content\/uploads\/2018\/01\/26220388_2032217096991343_1460204464605218596_o-1200x900.jpg 1200w, https:\/\/www.anteprima24.it\/archivio\/wp-content\/uploads\/2018\/01\/26220388_2032217096991343_1460204464605218596_o-1600x1200.jpg 1600w, https:\/\/www.anteprima24.it\/archivio\/wp-content\/uploads\/2018\/01\/26220388_2032217096991343_1460204464605218596_o-2000x1500.jpg 2000w, https:\/\/www.anteprima24.it\/archivio\/wp-content\/uploads\/2018\/01\/26220388_2032217096991343_1460204464605218596_o.jpg 2048w\" sizes=\"auto, (max-width: 650px) 100vw, 650px\" \/><figcaption id=\"caption-attachment-107619\" class=\"wp-caption-text\">La maglia vincente del contest (progetto G) di Mario Guerriero<\/figcaption><\/figure>\n<\/div>\n","protected":false},"excerpt":{"rendered":"<p>Avellino &#8211; Il contest per la maglia dell&#8217;Us Avellino 1912, per la stagione 2018\/2019, \u00e8 stato vinto da Mario Guerriero (progetto G).\u00a0Nei prossimi giorni incontrer\u00e0 la dirigenza, conoscer\u00e0 la sorpresa a lui riservata e potr\u00e0 seguire i passaggi che ci saranno da qui alla realizzazione del kit gara dell\u2019U.S. Avellino del prossimo campionato.\u00a0In finale, Guerriero [&hellip;]<\/p>\n","protected":false},"author":24,"featured_media":104521,"comment_status":"open","ping_status":"open","sticky":false,"template":"","format":"standard","meta":{"_monsterinsights_skip_tracking":false,"_monsterinsights_sitenote_active":false,"_monsterinsights_sitenote_note":"","_monsterinsights_sitenote_category":0,"ngg_post_thumbnail":0,"footnotes":""},"categories":[4,271,1200,1455,1384,275],"tags":[285,10780,4929,281,9531],"class_list":{"0":"post-107612","1":"post","2":"type-post","3":"status-publish","4":"format-standard","5":"has-post-thumbnail","7":"category-avellino","8":"category-regione","9":"category-serie-b","10":"category-serie-d-sport-avellino","11":"category-sport-avellino","12":"category-sport","13":"tag-avellino","14":"tag-contest","15":"tag-maglia","16":"tag-serie-b","17":"tag-us-avellino"},"yoast_head":"<!-- This site is optimized with the Yoast SEO plugin v26.8 - https:\/\/yoast.com\/product\/yoast-seo-wordpress\/ -->\n<title>Contest Avellino: scelto il progetto vincente per la maglia del 2018\/2019<\/title>\n<meta name=\"description\" content=\"Il contest per la maglia dell&#039;Us Avellino 1912, per la stagione 2018\/2019, \u00e8 stato vinto da Mario Guerriero (progetto G).\u00a0Nei prossimi giorni incontrer\u00e0 la dirigenza, conoscer\u00e0 la sorpresa a lui riservata e potr\u00e0 seguire i passaggi che ci saranno da qui alla realizzazione del kit gara dell\u2019U.S. Avellino.\" \/>\n<meta name=\"robots\" content=\"index, follow, max-snippet:-1, max-image-preview:large, max-video-preview:-1\" \/>\n<link rel=\"canonical\" href=\"https:\/\/www.anteprima24.it\/archivio\/avellino\/avellino-contest-2\/\" \/>\n<meta property=\"og:locale\" content=\"it_IT\" \/>\n<meta property=\"og:type\" content=\"article\" \/>\n<meta property=\"og:title\" content=\"Contest Avellino: scelto il progetto vincente per la maglia del 2018\/2019\" \/>\n<meta property=\"og:description\" content=\"Il contest per la maglia dell&#039;Us Avellino 1912, per la stagione 2018\/2019, \u00e8 stato vinto da Mario Guerriero (progetto G).\u00a0Nei prossimi giorni incontrer\u00e0 la dirigenza, conoscer\u00e0 la sorpresa a lui riservata e potr\u00e0 seguire i passaggi che ci saranno da qui alla realizzazione del kit gara dell\u2019U.S. Avellino.\" \/>\n<meta property=\"og:url\" content=\"https:\/\/www.anteprima24.it\/archivio\/avellino\/avellino-contest-2\/\" \/>\n<meta property=\"og:site_name\" content=\"Anteprima24.it\" \/>\n<meta property=\"article:published_time\" content=\"2018-01-08T17:33:28+00:00\" \/>\n<meta property=\"og:image\" content=\"https:\/\/www.anteprima24.it\/archivio\/wp-content\/uploads\/2017\/12\/Schermata-2017-12-29-alle-16.48.22.png\" \/>\n\t<meta property=\"og:image:width\" content=\"911\" \/>\n\t<meta property=\"og:image:height\" content=\"611\" \/>\n\t<meta property=\"og:image:type\" content=\"image\/png\" \/>\n<meta name=\"author\" content=\"Antonio Tedeschi\" \/>\n<meta name=\"twitter:card\" content=\"summary_large_image\" \/>\n<meta name=\"twitter:label1\" content=\"Scritto da\" \/>\n\t<meta name=\"twitter:data1\" content=\"Antonio Tedeschi\" \/>\n\t<meta name=\"twitter:label2\" content=\"Tempo di lettura stimato\" \/>\n\t<meta name=\"twitter:data2\" content=\"1 minuto\" \/>\n<script type=\"application\/ld+json\" class=\"yoast-schema-graph\">{\"@context\":\"https:\/\/schema.org\",\"@graph\":[{\"@type\":\"Article\",\"@id\":\"https:\/\/www.anteprima24.it\/archivio\/avellino\/avellino-contest-2\/#article\",\"isPartOf\":{\"@id\":\"https:\/\/www.anteprima24.it\/archivio\/avellino\/avellino-contest-2\/\"},\"author\":{\"name\":\"Antonio Tedeschi\",\"@id\":\"https:\/\/www.anteprima24.it\/archivio\/#\/schema\/person\/30fcc8a4138521844ae98ad9d137afdf\"},\"headline\":\"Contest Avellino: scelto il progetto vincente per la maglia del 2018\/2019\",\"datePublished\":\"2018-01-08T17:33:28+00:00\",\"mainEntityOfPage\":{\"@id\":\"https:\/\/www.anteprima24.it\/archivio\/avellino\/avellino-contest-2\/\"},\"wordCount\":168,\"commentCount\":0,\"image\":{\"@id\":\"https:\/\/www.anteprima24.it\/archivio\/avellino\/avellino-contest-2\/#primaryimage\"},\"thumbnailUrl\":\"https:\/\/www.anteprima24.it\/archivio\/wp-content\/uploads\/2017\/12\/Schermata-2017-12-29-alle-16.48.22.png\",\"keywords\":[\"Avellino\",\"contest\",\"maglia\",\"Serie B\",\"Us Avellino\"],\"articleSection\":[\"Avellino\",\"Regione\",\"Serie B Regione\",\"Serie C Avellino\",\"Sport Avellino\",\"Sport Regione\"],\"inLanguage\":\"it-IT\",\"potentialAction\":[{\"@type\":\"CommentAction\",\"name\":\"Comment\",\"target\":[\"https:\/\/www.anteprima24.it\/archivio\/avellino\/avellino-contest-2\/#respond\"]}]},{\"@type\":\"WebPage\",\"@id\":\"https:\/\/www.anteprima24.it\/archivio\/avellino\/avellino-contest-2\/\",\"url\":\"https:\/\/www.anteprima24.it\/archivio\/avellino\/avellino-contest-2\/\",\"name\":\"Contest Avellino: scelto il progetto vincente per la maglia del 2018\/2019\",\"isPartOf\":{\"@id\":\"https:\/\/www.anteprima24.it\/archivio\/#website\"},\"primaryImageOfPage\":{\"@id\":\"https:\/\/www.anteprima24.it\/archivio\/avellino\/avellino-contest-2\/#primaryimage\"},\"image\":{\"@id\":\"https:\/\/www.anteprima24.it\/archivio\/avellino\/avellino-contest-2\/#primaryimage\"},\"thumbnailUrl\":\"https:\/\/www.anteprima24.it\/archivio\/wp-content\/uploads\/2017\/12\/Schermata-2017-12-29-alle-16.48.22.png\",\"datePublished\":\"2018-01-08T17:33:28+00:00\",\"author\":{\"@id\":\"https:\/\/www.anteprima24.it\/archivio\/#\/schema\/person\/30fcc8a4138521844ae98ad9d137afdf\"},\"description\":\"Il contest per la maglia dell'Us Avellino 1912, per la stagione 2018\/2019, \u00e8 stato vinto da Mario Guerriero (progetto G).\u00a0Nei prossimi giorni incontrer\u00e0 la dirigenza, conoscer\u00e0 la sorpresa a lui riservata e potr\u00e0 seguire i passaggi che ci saranno da qui alla realizzazione del kit gara dell\u2019U.S. Avellino.\",\"breadcrumb\":{\"@id\":\"https:\/\/www.anteprima24.it\/archivio\/avellino\/avellino-contest-2\/#breadcrumb\"},\"inLanguage\":\"it-IT\",\"potentialAction\":[{\"@type\":\"ReadAction\",\"target\":[\"https:\/\/www.anteprima24.it\/archivio\/avellino\/avellino-contest-2\/\"]}]},{\"@type\":\"ImageObject\",\"inLanguage\":\"it-IT\",\"@id\":\"https:\/\/www.anteprima24.it\/archivio\/avellino\/avellino-contest-2\/#primaryimage\",\"url\":\"https:\/\/www.anteprima24.it\/archivio\/wp-content\/uploads\/2017\/12\/Schermata-2017-12-29-alle-16.48.22.png\",\"contentUrl\":\"https:\/\/www.anteprima24.it\/archivio\/wp-content\/uploads\/2017\/12\/Schermata-2017-12-29-alle-16.48.22.png\",\"width\":911,\"height\":611},{\"@type\":\"BreadcrumbList\",\"@id\":\"https:\/\/www.anteprima24.it\/archivio\/avellino\/avellino-contest-2\/#breadcrumb\",\"itemListElement\":[{\"@type\":\"ListItem\",\"position\":1,\"name\":\"Home\",\"item\":\"https:\/\/www.anteprima24.it\/archivio\/\"},{\"@type\":\"ListItem\",\"position\":2,\"name\":\"Contest Avellino: scelto il progetto vincente per la maglia del 2018\/2019\"}]},{\"@type\":\"WebSite\",\"@id\":\"https:\/\/www.anteprima24.it\/archivio\/#website\",\"url\":\"https:\/\/www.anteprima24.it\/archivio\/\",\"name\":\"Anteprima24.it\",\"description\":\"\",\"potentialAction\":[{\"@type\":\"SearchAction\",\"target\":{\"@type\":\"EntryPoint\",\"urlTemplate\":\"https:\/\/www.anteprima24.it\/archivio\/?s={search_term_string}\"},\"query-input\":{\"@type\":\"PropertyValueSpecification\",\"valueRequired\":true,\"valueName\":\"search_term_string\"}}],\"inLanguage\":\"it-IT\"},{\"@type\":\"Person\",\"@id\":\"https:\/\/www.anteprima24.it\/archivio\/#\/schema\/person\/30fcc8a4138521844ae98ad9d137afdf\",\"name\":\"Antonio Tedeschi\",\"image\":{\"@type\":\"ImageObject\",\"inLanguage\":\"it-IT\",\"@id\":\"https:\/\/www.anteprima24.it\/archivio\/#\/schema\/person\/image\/\",\"url\":\"https:\/\/secure.gravatar.com\/avatar\/45372818180df7341e181ce77faeeb16e07236ab151a43b41f99b910f3582b12?s=96&d=mm&r=g\",\"contentUrl\":\"https:\/\/secure.gravatar.com\/avatar\/45372818180df7341e181ce77faeeb16e07236ab151a43b41f99b910f3582b12?s=96&d=mm&r=g\",\"caption\":\"Antonio Tedeschi\"},\"url\":\"https:\/\/www.anteprima24.it\/archivio\/author\/antoniotedeschi\/\"}]}<\/script>\n<!-- \/ Yoast SEO plugin. -->","yoast_head_json":{"title":"Contest Avellino: scelto il progetto vincente per la maglia del 2018\/2019","description":"Il contest per la maglia dell'Us Avellino 1912, per la stagione 2018\/2019, \u00e8 stato vinto da Mario Guerriero (progetto G).\u00a0Nei prossimi giorni incontrer\u00e0 la dirigenza, conoscer\u00e0 la sorpresa a lui riservata e potr\u00e0 seguire i passaggi che ci saranno da qui alla realizzazione del kit gara dell\u2019U.S. Avellino.","robots":{"index":"index","follow":"follow","max-snippet":"max-snippet:-1","max-image-preview":"max-image-preview:large","max-video-preview":"max-video-preview:-1"},"canonical":"https:\/\/www.anteprima24.it\/archivio\/avellino\/avellino-contest-2\/","og_locale":"it_IT","og_type":"article","og_title":"Contest Avellino: scelto il progetto vincente per la maglia del 2018\/2019","og_description":"Il contest per la maglia dell'Us Avellino 1912, per la stagione 2018\/2019, \u00e8 stato vinto da Mario Guerriero (progetto G).\u00a0Nei prossimi giorni incontrer\u00e0 la dirigenza, conoscer\u00e0 la sorpresa a lui riservata e potr\u00e0 seguire i passaggi che ci saranno da qui alla realizzazione del kit gara dell\u2019U.S. Avellino.","og_url":"https:\/\/www.anteprima24.it\/archivio\/avellino\/avellino-contest-2\/","og_site_name":"Anteprima24.it","article_published_time":"2018-01-08T17:33:28+00:00","og_image":[{"width":911,"height":611,"url":"https:\/\/www.anteprima24.it\/archivio\/wp-content\/uploads\/2017\/12\/Schermata-2017-12-29-alle-16.48.22.png","type":"image\/png"}],"author":"Antonio Tedeschi","twitter_card":"summary_large_image","twitter_misc":{"Scritto da":"Antonio Tedeschi","Tempo di lettura stimato":"1 minuto"},"schema":{"@context":"https:\/\/schema.org","@graph":[{"@type":"Article","@id":"https:\/\/www.anteprima24.it\/archivio\/avellino\/avellino-contest-2\/#article","isPartOf":{"@id":"https:\/\/www.anteprima24.it\/archivio\/avellino\/avellino-contest-2\/"},"author":{"name":"Antonio Tedeschi","@id":"https:\/\/www.anteprima24.it\/archivio\/#\/schema\/person\/30fcc8a4138521844ae98ad9d137afdf"},"headline":"Contest Avellino: scelto il progetto vincente per la maglia del 2018\/2019","datePublished":"2018-01-08T17:33:28+00:00","mainEntityOfPage":{"@id":"https:\/\/www.anteprima24.it\/archivio\/avellino\/avellino-contest-2\/"},"wordCount":168,"commentCount":0,"image":{"@id":"https:\/\/www.anteprima24.it\/archivio\/avellino\/avellino-contest-2\/#primaryimage"},"thumbnailUrl":"https:\/\/www.anteprima24.it\/archivio\/wp-content\/uploads\/2017\/12\/Schermata-2017-12-29-alle-16.48.22.png","keywords":["Avellino","contest","maglia","Serie B","Us Avellino"],"articleSection":["Avellino","Regione","Serie B Regione","Serie C Avellino","Sport Avellino","Sport Regione"],"inLanguage":"it-IT","potentialAction":[{"@type":"CommentAction","name":"Comment","target":["https:\/\/www.anteprima24.it\/archivio\/avellino\/avellino-contest-2\/#respond"]}]},{"@type":"WebPage","@id":"https:\/\/www.anteprima24.it\/archivio\/avellino\/avellino-contest-2\/","url":"https:\/\/www.anteprima24.it\/archivio\/avellino\/avellino-contest-2\/","name":"Contest Avellino: scelto il progetto vincente per la maglia del 2018\/2019","isPartOf":{"@id":"https:\/\/www.anteprima24.it\/archivio\/#website"},"primaryImageOfPage":{"@id":"https:\/\/www.anteprima24.it\/archivio\/avellino\/avellino-contest-2\/#primaryimage"},"image":{"@id":"https:\/\/www.anteprima24.it\/archivio\/avellino\/avellino-contest-2\/#primaryimage"},"thumbnailUrl":"https:\/\/www.anteprima24.it\/archivio\/wp-content\/uploads\/2017\/12\/Schermata-2017-12-29-alle-16.48.22.png","datePublished":"2018-01-08T17:33:28+00:00","author":{"@id":"https:\/\/www.anteprima24.it\/archivio\/#\/schema\/person\/30fcc8a4138521844ae98ad9d137afdf"},"description":"Il contest per la maglia dell'Us Avellino 1912, per la stagione 2018\/2019, \u00e8 stato vinto da Mario Guerriero (progetto G).\u00a0Nei prossimi giorni incontrer\u00e0 la dirigenza, conoscer\u00e0 la sorpresa a lui riservata e potr\u00e0 seguire i passaggi che ci saranno da qui alla realizzazione del kit gara dell\u2019U.S. Avellino.","breadcrumb":{"@id":"https:\/\/www.anteprima24.it\/archivio\/avellino\/avellino-contest-2\/#breadcrumb"},"inLanguage":"it-IT","potentialAction":[{"@type":"ReadAction","target":["https:\/\/www.anteprima24.it\/archivio\/avellino\/avellino-contest-2\/"]}]},{"@type":"ImageObject","inLanguage":"it-IT","@id":"https:\/\/www.anteprima24.it\/archivio\/avellino\/avellino-contest-2\/#primaryimage","url":"https:\/\/www.anteprima24.it\/archivio\/wp-content\/uploads\/2017\/12\/Schermata-2017-12-29-alle-16.48.22.png","contentUrl":"https:\/\/www.anteprima24.it\/archivio\/wp-content\/uploads\/2017\/12\/Schermata-2017-12-29-alle-16.48.22.png","width":911,"height":611},{"@type":"BreadcrumbList","@id":"https:\/\/www.anteprima24.it\/archivio\/avellino\/avellino-contest-2\/#breadcrumb","itemListElement":[{"@type":"ListItem","position":1,"name":"Home","item":"https:\/\/www.anteprima24.it\/archivio\/"},{"@type":"ListItem","position":2,"name":"Contest Avellino: scelto il progetto vincente per la maglia del 2018\/2019"}]},{"@type":"WebSite","@id":"https:\/\/www.anteprima24.it\/archivio\/#website","url":"https:\/\/www.anteprima24.it\/archivio\/","name":"Anteprima24.it","description":"","potentialAction":[{"@type":"SearchAction","target":{"@type":"EntryPoint","urlTemplate":"https:\/\/www.anteprima24.it\/archivio\/?s={search_term_string}"},"query-input":{"@type":"PropertyValueSpecification","valueRequired":true,"valueName":"search_term_string"}}],"inLanguage":"it-IT"},{"@type":"Person","@id":"https:\/\/www.anteprima24.it\/archivio\/#\/schema\/person\/30fcc8a4138521844ae98ad9d137afdf","name":"Antonio Tedeschi","image":{"@type":"ImageObject","inLanguage":"it-IT","@id":"https:\/\/www.anteprima24.it\/archivio\/#\/schema\/person\/image\/","url":"https:\/\/secure.gravatar.com\/avatar\/45372818180df7341e181ce77faeeb16e07236ab151a43b41f99b910f3582b12?s=96&d=mm&r=g","contentUrl":"https:\/\/secure.gravatar.com\/avatar\/45372818180df7341e181ce77faeeb16e07236ab151a43b41f99b910f3582b12?s=96&d=mm&r=g","caption":"Antonio Tedeschi"},"url":"https:\/\/www.anteprima24.it\/archivio\/author\/antoniotedeschi\/"}]}},"_links":{"self":[{"href":"https:\/\/www.anteprima24.it\/archivio\/wp-json\/wp\/v2\/posts\/107612","targetHints":{"allow":["GET"]}}],"collection":[{"href":"https:\/\/www.anteprima24.it\/archivio\/wp-json\/wp\/v2\/posts"}],"about":[{"href":"https:\/\/www.anteprima24.it\/archivio\/wp-json\/wp\/v2\/types\/post"}],"author":[{"embeddable":true,"href":"https:\/\/www.anteprima24.it\/archivio\/wp-json\/wp\/v2\/users\/24"}],"replies":[{"embeddable":true,"href":"https:\/\/www.anteprima24.it\/archivio\/wp-json\/wp\/v2\/comments?post=107612"}],"version-history":[{"count":0,"href":"https:\/\/www.anteprima24.it\/archivio\/wp-json\/wp\/v2\/posts\/107612\/revisions"}],"wp:featuredmedia":[{"embeddable":true,"href":"https:\/\/www.anteprima24.it\/archivio\/wp-json\/wp\/v2\/media\/104521"}],"wp:attachment":[{"href":"https:\/\/www.anteprima24.it\/archivio\/wp-json\/wp\/v2\/media?parent=107612"}],"wp:term":[{"taxonomy":"category","embeddable":true,"href":"https:\/\/www.anteprima24.it\/archivio\/wp-json\/wp\/v2\/categories?post=107612"},{"taxonomy":"post_tag","embeddable":true,"href":"https:\/\/www.anteprima24.it\/archivio\/wp-json\/wp\/v2\/tags?post=107612"}],"curies":[{"name":"wp","href":"https:\/\/api.w.org\/{rel}","templated":true}]}}