{"id":118078,"date":"2018-01-29T14:08:22","date_gmt":"2018-01-29T13:08:22","guid":{"rendered":"http:\/\/www.anteprima24.it\/?p=118078"},"modified":"2018-01-29T19:34:34","modified_gmt":"2018-01-29T18:34:34","slug":"aias-sciopero-lavoratori","status":"publish","type":"post","link":"https:\/\/www.anteprima24.it\/archivio\/avellino\/aias-sciopero-lavoratori\/","title":{"rendered":"Vertenza Aias, \u00e8 iniziato lo sciopero di 48 ore per gli arretrati (VIDEO)"},"content":{"rendered":"<span class=\"span-reading-time rt-reading-time\" style=\"display: block;\"><span class=\"rt-label rt-prefix\">Tempo di lettura: <\/span> <span class=\"rt-time\"> 2<\/span> <span class=\"rt-label rt-postfix\">minuti<\/span><\/span><p style=\"text-align: justify;\">Hanno incrociato le braccia dalle 8 di questa mattina i lavoratori dell&#8217;Aias di Avellino, Calitri e Nusco che hanno aderito allo sciopero&nbsp; di 48 ore proclamato dalle sigle sindacali Fp CGIL e&nbsp; Uil Fpl rapprersentate dai segretari generali&nbsp;<strong> Marco D&#8217;Acunto<\/strong> e <strong>Antonio Spagnuolo<\/strong>.<\/p>\n<p style=\"text-align: justify;\">&nbsp;L&#8217;astensione dal lavoro&nbsp; riprender\u00e0 solo nella giornata di mercoled\u00ec 31 gennaio.<\/p>\n<p style=\"text-align: justify;\">Alla base della rivendicazione la mancanza di garanzie per i pagamenti degli stipendi arrivati ad otto mensilit\u00e0&nbsp; e il perdurare di una situazione ferma da troppo tempo.<\/p>\n<p style=\"text-align: justify;\">&#8221; <em>L&#8217;obiettivo \u00e8 mantenere&nbsp; alta l&#8217;attenzione su una vertenza difficile e complicata &#8211; <\/em>spiega il segretario generale&nbsp; della CGIL <strong>Marco D&#8217;Acunto<\/strong><em> &#8211; l&#8217;arrivo dei Commissari non ha cambiato nulla, anzi la situazione sembra peggiorare. Tra l&#8217;altro, nella serata di sabato un rappresentante sindacale&nbsp; dell&#8217;Aias in Sardegna \u00e8 stato lincenziato&nbsp; per la sua attivit\u00e0 sindacale. Si tratta di Michele Serra a cui esprimiamo tutta la nostra solidariet\u00e0. E&#8217; un fatto gravissimo. &#8221;&nbsp; <\/em>E&#8217; quarto licenziamento dei vertici della struttura in provincia di Cagliari sul quale il sindacato chiede spiegazioni. Attestati di solidariet\u00e0 anche dal mondo della politica all&#8217;ex autista Aias.<\/p>\n<p style=\"text-align: justify;\"><img loading=\"lazy\" decoding=\"async\" class=\"size-medium wp-image-118113 alignleft\" src=\"http:\/\/www.anteprima24.it\/wp-content\/uploads\/2018\/01\/WP_20180129_08_46_10_Pro-400x225.jpg\" alt=\"\" width=\"300\" height=\"169\" srcset=\"https:\/\/www.anteprima24.it\/archivio\/wp-content\/uploads\/2018\/01\/WP_20180129_08_46_10_Pro-400x225.jpg 400w, https:\/\/www.anteprima24.it\/archivio\/wp-content\/uploads\/2018\/01\/WP_20180129_08_46_10_Pro-300x169.jpg 300w, https:\/\/www.anteprima24.it\/archivio\/wp-content\/uploads\/2018\/01\/WP_20180129_08_46_10_Pro-696x391.jpg 696w, https:\/\/www.anteprima24.it\/archivio\/wp-content\/uploads\/2018\/01\/WP_20180129_08_46_10_Pro-747x420.jpg 747w, https:\/\/www.anteprima24.it\/archivio\/wp-content\/uploads\/2018\/01\/WP_20180129_08_46_10_Pro-768x432.jpg 768w, https:\/\/www.anteprima24.it\/archivio\/wp-content\/uploads\/2018\/01\/WP_20180129_08_46_10_Pro-650x365.jpg 650w, https:\/\/www.anteprima24.it\/archivio\/wp-content\/uploads\/2018\/01\/WP_20180129_08_46_10_Pro-30x17.jpg 30w, https:\/\/www.anteprima24.it\/archivio\/wp-content\/uploads\/2018\/01\/WP_20180129_08_46_10_Pro-250x141.jpg 250w, https:\/\/www.anteprima24.it\/archivio\/wp-content\/uploads\/2018\/01\/WP_20180129_08_46_10_Pro-150x84.jpg 150w, https:\/\/www.anteprima24.it\/archivio\/wp-content\/uploads\/2018\/01\/WP_20180129_08_46_10_Pro-50x28.jpg 50w, https:\/\/www.anteprima24.it\/archivio\/wp-content\/uploads\/2018\/01\/WP_20180129_08_46_10_Pro-100x56.jpg 100w, https:\/\/www.anteprima24.it\/archivio\/wp-content\/uploads\/2018\/01\/WP_20180129_08_46_10_Pro-200x112.jpg 200w, https:\/\/www.anteprima24.it\/archivio\/wp-content\/uploads\/2018\/01\/WP_20180129_08_46_10_Pro-350x197.jpg 350w, https:\/\/www.anteprima24.it\/archivio\/wp-content\/uploads\/2018\/01\/WP_20180129_08_46_10_Pro-450x253.jpg 450w, https:\/\/www.anteprima24.it\/archivio\/wp-content\/uploads\/2018\/01\/WP_20180129_08_46_10_Pro-500x281.jpg 500w, https:\/\/www.anteprima24.it\/archivio\/wp-content\/uploads\/2018\/01\/WP_20180129_08_46_10_Pro-550x309.jpg 550w, https:\/\/www.anteprima24.it\/archivio\/wp-content\/uploads\/2018\/01\/WP_20180129_08_46_10_Pro-800x450.jpg 800w, https:\/\/www.anteprima24.it\/archivio\/wp-content\/uploads\/2018\/01\/WP_20180129_08_46_10_Pro.jpg 900w\" sizes=\"auto, (max-width: 300px) 100vw, 300px\" \/><\/p>\n<p style=\"text-align: justify;\">&nbsp;E da questa mattina i lavoratori di Avellino, cos\u00ec come sta accadendo presso le altre strutture della provincia irpina, stanno presidiando la sede e a loro si stanno aggiungendo pazienti e familiari.<\/p>\n<p style=\"text-align: justify;\">Una forma di protesta pacifica tesa ad ottenere i riconoscimenti dovuti.<\/p>\n<p style=\"text-align: justify;\"><em>&#8220;Ci sono cose che ci preoccupano molto rispetto alla vicenda complessiva Aias ad Avellino, in Campania e a livello nazionale.&nbsp; Intendiamo incalzare tutte le istituzioni a partire dall&#8217;Asl che \u00e8 gi\u00e0 informata sui pagamenti attraverso le diffide accertative dell&#8217;Ispettorato del lavoro. &#8220;<\/em><\/p>\n<p style=\"text-align: justify;\">&nbsp;Domani la protesta si sposter\u00e0&nbsp; nei pressi della Prefettura dove dalle ore 9.00 alle ore 12.30 ci sar\u00e0 un sit-in informativo.<\/p>\n<p style=\"text-align: justify;\">&nbsp;Sull&#8217;aspetto giudiziario, che vede l&#8217;Aias&nbsp; coinvolta nell&#8217;inchiesta avviata dalla Procura per ipotesi di reato che vanno dalla truffa alla falsa fatturazione, dall&#8217;abuso di ufficio&nbsp; all&#8217;associazione a delinquere finalizzata al riciclaggio e all&#8217;evasione delle imposte, il segretario CGIL dichiara:<\/p>\n<p style=\"text-align: justify;\"><em>&#8220;Noi ci teniamo che la magistratura faccia il suo lavoro, abbiamo piena fuducia nel suo operato. Dobbiamo capire questi soldi che fine hanno fatto perch\u00e8 servono al pagamento degli stipendi dei lavoratori&#8221;<\/em>&#8211; conclude.<\/p>\n","protected":false},"excerpt":{"rendered":"<p>Hanno incrociato le braccia dalle 8 di questa mattina i lavoratori dell&#8217;Aias di Avellino, Calitri e Nusco che hanno aderito allo sciopero&nbsp; di 48 ore proclamato dalle sigle sindacali Fp CGIL e&nbsp; Uil Fpl rapprersentate dai segretari generali&nbsp; Marco D&#8217;Acunto e Antonio Spagnuolo. &nbsp;L&#8217;astensione dal lavoro&nbsp; riprender\u00e0 solo nella giornata di mercoled\u00ec 31 gennaio. Alla [&hellip;]<\/p>\n","protected":false},"author":25,"featured_media":118113,"comment_status":"open","ping_status":"open","sticky":false,"template":"","format":"standard","meta":{"_monsterinsights_skip_tracking":false,"_monsterinsights_sitenote_active":false,"_monsterinsights_sitenote_note":"","_monsterinsights_sitenote_category":0,"ngg_post_thumbnail":0,"footnotes":""},"categories":[1380,390,15390,4,788,271,15301],"tags":[15056,18281,285,1946,942,2415],"class_list":{"0":"post-118078","1":"post","2":"type-post","3":"status-publish","4":"format-standard","5":"has-post-thumbnail","7":"category-attualita-avellino","8":"category-attualita-regione","9":"category-video-avellino","10":"category-avellino","11":"category-primo-piano-avellino","12":"category-regione","13":"category-video-articoli","14":"tag-aias","15":"tag-arretrati","16":"tag-avellino","17":"tag-cgil","18":"tag-sciopero","19":"tag-uil"},"yoast_head":"<!-- This site is optimized with the Yoast SEO plugin v26.8 - https:\/\/yoast.com\/product\/yoast-seo-wordpress\/ -->\n<title>Vertenza Aias, \u00e8 iniziato lo sciopero di 48 ore per gli arretrati (VIDEO)<\/title>\n<meta name=\"description\" content=\"Hanno incrociato le braccia dalle 8 di questa mattina i lavoratori dell&#039;Aias di Avellino, Calitri e Nusco che hanno aderito allo sciopero di 48 ore\" \/>\n<meta name=\"robots\" content=\"index, follow, max-snippet:-1, max-image-preview:large, max-video-preview:-1\" \/>\n<link rel=\"canonical\" href=\"https:\/\/www.anteprima24.it\/archivio\/avellino\/aias-sciopero-lavoratori\/\" \/>\n<meta property=\"og:locale\" content=\"it_IT\" \/>\n<meta property=\"og:type\" content=\"article\" \/>\n<meta property=\"og:title\" content=\"Vertenza Aias, \u00e8 iniziato lo sciopero di 48 ore per gli arretrati (VIDEO)\" \/>\n<meta property=\"og:description\" content=\"Hanno incrociato le braccia dalle 8 di questa mattina i lavoratori dell&#039;Aias di Avellino, Calitri e Nusco che hanno aderito allo sciopero di 48 ore\" \/>\n<meta property=\"og:url\" content=\"https:\/\/www.anteprima24.it\/archivio\/avellino\/aias-sciopero-lavoratori\/\" \/>\n<meta property=\"og:site_name\" content=\"Anteprima24.it\" \/>\n<meta property=\"article:published_time\" content=\"2018-01-29T13:08:22+00:00\" \/>\n<meta property=\"article:modified_time\" content=\"2018-01-29T18:34:34+00:00\" \/>\n<meta property=\"og:image\" content=\"https:\/\/www.anteprima24.it\/archivio\/wp-content\/uploads\/2018\/01\/WP_20180129_08_46_10_Pro.jpg\" \/>\n\t<meta property=\"og:image:width\" content=\"900\" \/>\n\t<meta property=\"og:image:height\" content=\"506\" \/>\n\t<meta property=\"og:image:type\" content=\"image\/jpeg\" \/>\n<meta name=\"author\" content=\"Paola Ricciarelli\" \/>\n<meta name=\"twitter:card\" content=\"summary_large_image\" \/>\n<meta name=\"twitter:label1\" content=\"Scritto da\" \/>\n\t<meta name=\"twitter:data1\" content=\"Paola Ricciarelli\" \/>\n\t<meta name=\"twitter:label2\" content=\"Tempo di lettura stimato\" \/>\n\t<meta name=\"twitter:data2\" content=\"2 minuti\" \/>\n<script type=\"application\/ld+json\" class=\"yoast-schema-graph\">{\"@context\":\"https:\/\/schema.org\",\"@graph\":[{\"@type\":\"Article\",\"@id\":\"https:\/\/www.anteprima24.it\/archivio\/avellino\/aias-sciopero-lavoratori\/#article\",\"isPartOf\":{\"@id\":\"https:\/\/www.anteprima24.it\/archivio\/avellino\/aias-sciopero-lavoratori\/\"},\"author\":{\"name\":\"Paola Ricciarelli\",\"@id\":\"https:\/\/www.anteprima24.it\/archivio\/#\/schema\/person\/6bef30886cb2d9a0960471ab12d3c4ae\"},\"headline\":\"Vertenza Aias, \u00e8 iniziato lo sciopero di 48 ore per gli arretrati (VIDEO)\",\"datePublished\":\"2018-01-29T13:08:22+00:00\",\"dateModified\":\"2018-01-29T18:34:34+00:00\",\"mainEntityOfPage\":{\"@id\":\"https:\/\/www.anteprima24.it\/archivio\/avellino\/aias-sciopero-lavoratori\/\"},\"wordCount\":394,\"commentCount\":0,\"image\":{\"@id\":\"https:\/\/www.anteprima24.it\/archivio\/avellino\/aias-sciopero-lavoratori\/#primaryimage\"},\"thumbnailUrl\":\"https:\/\/www.anteprima24.it\/archivio\/wp-content\/uploads\/2018\/01\/WP_20180129_08_46_10_Pro.jpg\",\"keywords\":[\"Aias\",\"arretrati\",\"Avellino\",\"Cgil\",\"Sciopero\",\"Uil\"],\"articleSection\":[\"Attualit\u00e0 Avellino\",\"Attualit\u00e0 Regione\",\"Avellino\",\"Avellino\",\"Primo Piano Avellino\",\"Regione\",\"Video Articoli\"],\"inLanguage\":\"it-IT\",\"potentialAction\":[{\"@type\":\"CommentAction\",\"name\":\"Comment\",\"target\":[\"https:\/\/www.anteprima24.it\/archivio\/avellino\/aias-sciopero-lavoratori\/#respond\"]}]},{\"@type\":\"WebPage\",\"@id\":\"https:\/\/www.anteprima24.it\/archivio\/avellino\/aias-sciopero-lavoratori\/\",\"url\":\"https:\/\/www.anteprima24.it\/archivio\/avellino\/aias-sciopero-lavoratori\/\",\"name\":\"Vertenza Aias, \u00e8 iniziato lo sciopero di 48 ore per gli arretrati (VIDEO)\",\"isPartOf\":{\"@id\":\"https:\/\/www.anteprima24.it\/archivio\/#website\"},\"primaryImageOfPage\":{\"@id\":\"https:\/\/www.anteprima24.it\/archivio\/avellino\/aias-sciopero-lavoratori\/#primaryimage\"},\"image\":{\"@id\":\"https:\/\/www.anteprima24.it\/archivio\/avellino\/aias-sciopero-lavoratori\/#primaryimage\"},\"thumbnailUrl\":\"https:\/\/www.anteprima24.it\/archivio\/wp-content\/uploads\/2018\/01\/WP_20180129_08_46_10_Pro.jpg\",\"datePublished\":\"2018-01-29T13:08:22+00:00\",\"dateModified\":\"2018-01-29T18:34:34+00:00\",\"author\":{\"@id\":\"https:\/\/www.anteprima24.it\/archivio\/#\/schema\/person\/6bef30886cb2d9a0960471ab12d3c4ae\"},\"description\":\"Hanno incrociato le braccia dalle 8 di questa mattina i lavoratori dell'Aias di Avellino, Calitri e Nusco che hanno aderito allo sciopero di 48 ore\",\"breadcrumb\":{\"@id\":\"https:\/\/www.anteprima24.it\/archivio\/avellino\/aias-sciopero-lavoratori\/#breadcrumb\"},\"inLanguage\":\"it-IT\",\"potentialAction\":[{\"@type\":\"ReadAction\",\"target\":[\"https:\/\/www.anteprima24.it\/archivio\/avellino\/aias-sciopero-lavoratori\/\"]}]},{\"@type\":\"ImageObject\",\"inLanguage\":\"it-IT\",\"@id\":\"https:\/\/www.anteprima24.it\/archivio\/avellino\/aias-sciopero-lavoratori\/#primaryimage\",\"url\":\"https:\/\/www.anteprima24.it\/archivio\/wp-content\/uploads\/2018\/01\/WP_20180129_08_46_10_Pro.jpg\",\"contentUrl\":\"https:\/\/www.anteprima24.it\/archivio\/wp-content\/uploads\/2018\/01\/WP_20180129_08_46_10_Pro.jpg\",\"width\":900,\"height\":506},{\"@type\":\"BreadcrumbList\",\"@id\":\"https:\/\/www.anteprima24.it\/archivio\/avellino\/aias-sciopero-lavoratori\/#breadcrumb\",\"itemListElement\":[{\"@type\":\"ListItem\",\"position\":1,\"name\":\"Home\",\"item\":\"https:\/\/www.anteprima24.it\/archivio\/\"},{\"@type\":\"ListItem\",\"position\":2,\"name\":\"Vertenza Aias, \u00e8 iniziato lo sciopero di 48 ore per gli arretrati (VIDEO)\"}]},{\"@type\":\"WebSite\",\"@id\":\"https:\/\/www.anteprima24.it\/archivio\/#website\",\"url\":\"https:\/\/www.anteprima24.it\/archivio\/\",\"name\":\"Anteprima24.it\",\"description\":\"\",\"potentialAction\":[{\"@type\":\"SearchAction\",\"target\":{\"@type\":\"EntryPoint\",\"urlTemplate\":\"https:\/\/www.anteprima24.it\/archivio\/?s={search_term_string}\"},\"query-input\":{\"@type\":\"PropertyValueSpecification\",\"valueRequired\":true,\"valueName\":\"search_term_string\"}}],\"inLanguage\":\"it-IT\"},{\"@type\":\"Person\",\"@id\":\"https:\/\/www.anteprima24.it\/archivio\/#\/schema\/person\/6bef30886cb2d9a0960471ab12d3c4ae\",\"name\":\"Paola Ricciarelli\",\"image\":{\"@type\":\"ImageObject\",\"inLanguage\":\"it-IT\",\"@id\":\"https:\/\/www.anteprima24.it\/archivio\/#\/schema\/person\/image\/\",\"url\":\"https:\/\/secure.gravatar.com\/avatar\/cffb04e317029dc9edb33c1475497c3a84618c115d9e14d513cc204dae1bad2f?s=96&d=mm&r=g\",\"contentUrl\":\"https:\/\/secure.gravatar.com\/avatar\/cffb04e317029dc9edb33c1475497c3a84618c115d9e14d513cc204dae1bad2f?s=96&d=mm&r=g\",\"caption\":\"Paola Ricciarelli\"},\"url\":\"https:\/\/www.anteprima24.it\/archivio\/author\/paola-ricciarelli\/\"}]}<\/script>\n<!-- \/ Yoast SEO plugin. -->","yoast_head_json":{"title":"Vertenza Aias, \u00e8 iniziato lo sciopero di 48 ore per gli arretrati (VIDEO)","description":"Hanno incrociato le braccia dalle 8 di questa mattina i lavoratori dell'Aias di Avellino, Calitri e Nusco che hanno aderito allo sciopero di 48 ore","robots":{"index":"index","follow":"follow","max-snippet":"max-snippet:-1","max-image-preview":"max-image-preview:large","max-video-preview":"max-video-preview:-1"},"canonical":"https:\/\/www.anteprima24.it\/archivio\/avellino\/aias-sciopero-lavoratori\/","og_locale":"it_IT","og_type":"article","og_title":"Vertenza Aias, \u00e8 iniziato lo sciopero di 48 ore per gli arretrati (VIDEO)","og_description":"Hanno incrociato le braccia dalle 8 di questa mattina i lavoratori dell'Aias di Avellino, Calitri e Nusco che hanno aderito allo sciopero di 48 ore","og_url":"https:\/\/www.anteprima24.it\/archivio\/avellino\/aias-sciopero-lavoratori\/","og_site_name":"Anteprima24.it","article_published_time":"2018-01-29T13:08:22+00:00","article_modified_time":"2018-01-29T18:34:34+00:00","og_image":[{"width":900,"height":506,"url":"https:\/\/www.anteprima24.it\/archivio\/wp-content\/uploads\/2018\/01\/WP_20180129_08_46_10_Pro.jpg","type":"image\/jpeg"}],"author":"Paola Ricciarelli","twitter_card":"summary_large_image","twitter_misc":{"Scritto da":"Paola Ricciarelli","Tempo di lettura stimato":"2 minuti"},"schema":{"@context":"https:\/\/schema.org","@graph":[{"@type":"Article","@id":"https:\/\/www.anteprima24.it\/archivio\/avellino\/aias-sciopero-lavoratori\/#article","isPartOf":{"@id":"https:\/\/www.anteprima24.it\/archivio\/avellino\/aias-sciopero-lavoratori\/"},"author":{"name":"Paola Ricciarelli","@id":"https:\/\/www.anteprima24.it\/archivio\/#\/schema\/person\/6bef30886cb2d9a0960471ab12d3c4ae"},"headline":"Vertenza Aias, \u00e8 iniziato lo sciopero di 48 ore per gli arretrati (VIDEO)","datePublished":"2018-01-29T13:08:22+00:00","dateModified":"2018-01-29T18:34:34+00:00","mainEntityOfPage":{"@id":"https:\/\/www.anteprima24.it\/archivio\/avellino\/aias-sciopero-lavoratori\/"},"wordCount":394,"commentCount":0,"image":{"@id":"https:\/\/www.anteprima24.it\/archivio\/avellino\/aias-sciopero-lavoratori\/#primaryimage"},"thumbnailUrl":"https:\/\/www.anteprima24.it\/archivio\/wp-content\/uploads\/2018\/01\/WP_20180129_08_46_10_Pro.jpg","keywords":["Aias","arretrati","Avellino","Cgil","Sciopero","Uil"],"articleSection":["Attualit\u00e0 Avellino","Attualit\u00e0 Regione","Avellino","Avellino","Primo Piano Avellino","Regione","Video Articoli"],"inLanguage":"it-IT","potentialAction":[{"@type":"CommentAction","name":"Comment","target":["https:\/\/www.anteprima24.it\/archivio\/avellino\/aias-sciopero-lavoratori\/#respond"]}]},{"@type":"WebPage","@id":"https:\/\/www.anteprima24.it\/archivio\/avellino\/aias-sciopero-lavoratori\/","url":"https:\/\/www.anteprima24.it\/archivio\/avellino\/aias-sciopero-lavoratori\/","name":"Vertenza Aias, \u00e8 iniziato lo sciopero di 48 ore per gli arretrati (VIDEO)","isPartOf":{"@id":"https:\/\/www.anteprima24.it\/archivio\/#website"},"primaryImageOfPage":{"@id":"https:\/\/www.anteprima24.it\/archivio\/avellino\/aias-sciopero-lavoratori\/#primaryimage"},"image":{"@id":"https:\/\/www.anteprima24.it\/archivio\/avellino\/aias-sciopero-lavoratori\/#primaryimage"},"thumbnailUrl":"https:\/\/www.anteprima24.it\/archivio\/wp-content\/uploads\/2018\/01\/WP_20180129_08_46_10_Pro.jpg","datePublished":"2018-01-29T13:08:22+00:00","dateModified":"2018-01-29T18:34:34+00:00","author":{"@id":"https:\/\/www.anteprima24.it\/archivio\/#\/schema\/person\/6bef30886cb2d9a0960471ab12d3c4ae"},"description":"Hanno incrociato le braccia dalle 8 di questa mattina i lavoratori dell'Aias di Avellino, Calitri e Nusco che hanno aderito allo sciopero di 48 ore","breadcrumb":{"@id":"https:\/\/www.anteprima24.it\/archivio\/avellino\/aias-sciopero-lavoratori\/#breadcrumb"},"inLanguage":"it-IT","potentialAction":[{"@type":"ReadAction","target":["https:\/\/www.anteprima24.it\/archivio\/avellino\/aias-sciopero-lavoratori\/"]}]},{"@type":"ImageObject","inLanguage":"it-IT","@id":"https:\/\/www.anteprima24.it\/archivio\/avellino\/aias-sciopero-lavoratori\/#primaryimage","url":"https:\/\/www.anteprima24.it\/archivio\/wp-content\/uploads\/2018\/01\/WP_20180129_08_46_10_Pro.jpg","contentUrl":"https:\/\/www.anteprima24.it\/archivio\/wp-content\/uploads\/2018\/01\/WP_20180129_08_46_10_Pro.jpg","width":900,"height":506},{"@type":"BreadcrumbList","@id":"https:\/\/www.anteprima24.it\/archivio\/avellino\/aias-sciopero-lavoratori\/#breadcrumb","itemListElement":[{"@type":"ListItem","position":1,"name":"Home","item":"https:\/\/www.anteprima24.it\/archivio\/"},{"@type":"ListItem","position":2,"name":"Vertenza Aias, \u00e8 iniziato lo sciopero di 48 ore per gli arretrati (VIDEO)"}]},{"@type":"WebSite","@id":"https:\/\/www.anteprima24.it\/archivio\/#website","url":"https:\/\/www.anteprima24.it\/archivio\/","name":"Anteprima24.it","description":"","potentialAction":[{"@type":"SearchAction","target":{"@type":"EntryPoint","urlTemplate":"https:\/\/www.anteprima24.it\/archivio\/?s={search_term_string}"},"query-input":{"@type":"PropertyValueSpecification","valueRequired":true,"valueName":"search_term_string"}}],"inLanguage":"it-IT"},{"@type":"Person","@id":"https:\/\/www.anteprima24.it\/archivio\/#\/schema\/person\/6bef30886cb2d9a0960471ab12d3c4ae","name":"Paola Ricciarelli","image":{"@type":"ImageObject","inLanguage":"it-IT","@id":"https:\/\/www.anteprima24.it\/archivio\/#\/schema\/person\/image\/","url":"https:\/\/secure.gravatar.com\/avatar\/cffb04e317029dc9edb33c1475497c3a84618c115d9e14d513cc204dae1bad2f?s=96&d=mm&r=g","contentUrl":"https:\/\/secure.gravatar.com\/avatar\/cffb04e317029dc9edb33c1475497c3a84618c115d9e14d513cc204dae1bad2f?s=96&d=mm&r=g","caption":"Paola Ricciarelli"},"url":"https:\/\/www.anteprima24.it\/archivio\/author\/paola-ricciarelli\/"}]}},"_links":{"self":[{"href":"https:\/\/www.anteprima24.it\/archivio\/wp-json\/wp\/v2\/posts\/118078","targetHints":{"allow":["GET"]}}],"collection":[{"href":"https:\/\/www.anteprima24.it\/archivio\/wp-json\/wp\/v2\/posts"}],"about":[{"href":"https:\/\/www.anteprima24.it\/archivio\/wp-json\/wp\/v2\/types\/post"}],"author":[{"embeddable":true,"href":"https:\/\/www.anteprima24.it\/archivio\/wp-json\/wp\/v2\/users\/25"}],"replies":[{"embeddable":true,"href":"https:\/\/www.anteprima24.it\/archivio\/wp-json\/wp\/v2\/comments?post=118078"}],"version-history":[{"count":0,"href":"https:\/\/www.anteprima24.it\/archivio\/wp-json\/wp\/v2\/posts\/118078\/revisions"}],"wp:featuredmedia":[{"embeddable":true,"href":"https:\/\/www.anteprima24.it\/archivio\/wp-json\/wp\/v2\/media\/118113"}],"wp:attachment":[{"href":"https:\/\/www.anteprima24.it\/archivio\/wp-json\/wp\/v2\/media?parent=118078"}],"wp:term":[{"taxonomy":"category","embeddable":true,"href":"https:\/\/www.anteprima24.it\/archivio\/wp-json\/wp\/v2\/categories?post=118078"},{"taxonomy":"post_tag","embeddable":true,"href":"https:\/\/www.anteprima24.it\/archivio\/wp-json\/wp\/v2\/tags?post=118078"}],"curies":[{"name":"wp","href":"https:\/\/api.w.org\/{rel}","templated":true}]}}