{"id":128064,"date":"2018-02-17T10:49:43","date_gmt":"2018-02-17T09:49:43","guid":{"rendered":"http:\/\/www.anteprima24.it\/?p=128064"},"modified":"2018-02-17T10:49:43","modified_gmt":"2018-02-17T09:49:43","slug":"edilizia-scolastica-gambacorta-relazione","status":"publish","type":"post","link":"https:\/\/www.anteprima24.it\/archivio\/avellino\/edilizia-scolastica-gambacorta-relazione\/","title":{"rendered":"Edilizia scolastica: Gambacorta fa il punto in consiglio"},"content":{"rendered":"<span class=\"span-reading-time rt-reading-time\" style=\"display: block;\"><span class=\"rt-label rt-prefix\">Tempo di lettura: <\/span> <span class=\"rt-time\"> 2<\/span> <span class=\"rt-label rt-postfix\">minuti<\/span><\/span><p style=\"text-align: justify;\">Avellino &#8211;&nbsp; Seduta fiume di consiglio provinciale ieri sera a Palazzo Caracciolo. Argomento principale l&#8217;informativa del Presidente <strong>Domenico Gambacorta<\/strong> sull&#8217;edilizia scolastica che ha incassato il favore unanime dell&#8217;aula.<\/p>\n<p style=\"text-align: justify;\">Un radiografia della situazione, delle criticit\u00e0, dei finanziamenti, dei soldi gi\u00e0 spesi e di quelli previsti per il 2018, della portata e della natura degli interventi, per lo pi\u00f9 di manutenzione, di adeguamento e miglioramento sismico, di messa in sicurezza. Discorso a parte per il liceo scientifico Mancini, sequestrato a novembre scorso, per il quale \u00e8 in fase di realizzazione uno studio di un progetto preliminare che sar\u00e0 il prodotto anche delle verifiche&nbsp; che si stanno realizzando e affidato all&#8217;Universit\u00e0 Federico II di Napoli.<\/p>\n<p style=\"text-align: justify;\">Ad oggi e a partire dal 2010 gli interventi effettuati nelle scuole irpine di competenza provinciale hanno avuto un costo di circa 24 milioni di euro,&nbsp; di cui oltre diecimila&nbsp; per il capoluogo. Si&nbsp; tratta di&nbsp; interventi programmati e in via di finanziamento.&nbsp; Per il 2018 \u00e8 stato previsto un impegno di spesa di 1,5 milioni di lavori contrattualizzati . Una boccata di ossigeno importante che servir\u00e0 a superare le molteplici criticit\u00e0 emerse in questi ultimi mesi.<\/p>\n<p style=\"text-align: justify;\">Nella sua relazione il presidente, oltre a ribadire l&#8217;impegno totale del suo governo su questo fronte, ha voluto fare delle puntualizzazioni dovute. Intanto ai 5 stelle ha voluto dimostrare, dati alla mano, documentati dalla lunga relazione (la cui<a href=\"http:\/\/www.anteprima24.it\/avellino\/edilizia-scolastica-relazione-completa\/\"> <strong>versione integrale \u00e8 consultabile cliccando QUI)<\/strong>&nbsp;<\/a>che l&#8217;attenzione principale rimane su Avellino e nessun favoritismo per Ariano. Quindi una replica ai genitori del liceo Mancini per le polemiche sollevate nei confronti dell&#8217; Ente di Palazzo Caracciolo che dal primo momento si \u00e8 fatto carico della vicenda. avviando da subito percorsi per ricercare soluzioni momentanee e a lungo termine.<\/p>\n<p style=\"text-align: justify;\">&nbsp;<\/p>\n","protected":false},"excerpt":{"rendered":"<p>Avellino &#8211;&nbsp; Seduta fiume di consiglio provinciale ieri sera a Palazzo Caracciolo. Argomento principale l&#8217;informativa del Presidente Domenico Gambacorta sull&#8217;edilizia scolastica che ha incassato il favore unanime dell&#8217;aula. Un radiografia della situazione, delle criticit\u00e0, dei finanziamenti, dei soldi gi\u00e0 spesi e di quelli previsti per il 2018, della portata e della natura degli interventi, per [&hellip;]<\/p>\n","protected":false},"author":25,"featured_media":128096,"comment_status":"open","ping_status":"open","sticky":false,"template":"","format":"standard","meta":{"_monsterinsights_skip_tracking":false,"_monsterinsights_sitenote_active":false,"_monsterinsights_sitenote_note":"","_monsterinsights_sitenote_category":0,"ngg_post_thumbnail":0,"footnotes":""},"categories":[1380,4],"tags":[285,15933,2805,9558],"class_list":{"0":"post-128064","1":"post","2":"type-post","3":"status-publish","4":"format-standard","5":"has-post-thumbnail","7":"category-attualita-avellino","8":"category-avellino","9":"tag-avellino","10":"tag-consiglio-provinciale","11":"tag-gambacorta","12":"tag-relazione"},"yoast_head":"<!-- This site is optimized with the Yoast SEO plugin v26.8 - https:\/\/yoast.com\/product\/yoast-seo-wordpress\/ -->\n<title>Edilizia scolastica: Gambacorta fa il punto in Consiglio<\/title>\n<meta name=\"description\" content=\"Seduta fiume di consiglio provinciale a Palazzo Caracciolo. Argomento principale l&#039;informativa del Presidente sull&#039;edilizia scolastica che ha incassato il favore unanime dell&#039;aula.\" \/>\n<meta name=\"robots\" content=\"index, follow, max-snippet:-1, max-image-preview:large, max-video-preview:-1\" \/>\n<link rel=\"canonical\" href=\"https:\/\/www.anteprima24.it\/archivio\/avellino\/edilizia-scolastica-gambacorta-relazione\/\" \/>\n<meta property=\"og:locale\" content=\"it_IT\" \/>\n<meta property=\"og:type\" content=\"article\" \/>\n<meta property=\"og:title\" content=\"Edilizia scolastica: Gambacorta fa il punto in Consiglio\" \/>\n<meta property=\"og:description\" content=\"Seduta fiume di consiglio provinciale a Palazzo Caracciolo. Argomento principale l&#039;informativa del Presidente sull&#039;edilizia scolastica che ha incassato il favore unanime dell&#039;aula.\" \/>\n<meta property=\"og:url\" content=\"https:\/\/www.anteprima24.it\/archivio\/avellino\/edilizia-scolastica-gambacorta-relazione\/\" \/>\n<meta property=\"og:site_name\" content=\"Anteprima24.it\" \/>\n<meta property=\"article:published_time\" content=\"2018-02-17T09:49:43+00:00\" \/>\n<meta property=\"og:image\" content=\"https:\/\/www.anteprima24.it\/archivio\/wp-content\/uploads\/2018\/02\/cons-provinciale.jpg\" \/>\n\t<meta property=\"og:image:width\" content=\"1600\" \/>\n\t<meta property=\"og:image:height\" content=\"900\" \/>\n\t<meta property=\"og:image:type\" content=\"image\/jpeg\" \/>\n<meta name=\"author\" content=\"Paola Ricciarelli\" \/>\n<meta name=\"twitter:card\" content=\"summary_large_image\" \/>\n<meta name=\"twitter:label1\" content=\"Scritto da\" \/>\n\t<meta name=\"twitter:data1\" content=\"Paola Ricciarelli\" \/>\n\t<meta name=\"twitter:label2\" content=\"Tempo di lettura stimato\" \/>\n\t<meta name=\"twitter:data2\" content=\"1 minuto\" \/>\n<script type=\"application\/ld+json\" class=\"yoast-schema-graph\">{\"@context\":\"https:\/\/schema.org\",\"@graph\":[{\"@type\":\"Article\",\"@id\":\"https:\/\/www.anteprima24.it\/archivio\/avellino\/edilizia-scolastica-gambacorta-relazione\/#article\",\"isPartOf\":{\"@id\":\"https:\/\/www.anteprima24.it\/archivio\/avellino\/edilizia-scolastica-gambacorta-relazione\/\"},\"author\":{\"name\":\"Paola Ricciarelli\",\"@id\":\"https:\/\/www.anteprima24.it\/archivio\/#\/schema\/person\/6bef30886cb2d9a0960471ab12d3c4ae\"},\"headline\":\"Edilizia scolastica: Gambacorta fa il punto in consiglio\",\"datePublished\":\"2018-02-17T09:49:43+00:00\",\"mainEntityOfPage\":{\"@id\":\"https:\/\/www.anteprima24.it\/archivio\/avellino\/edilizia-scolastica-gambacorta-relazione\/\"},\"wordCount\":297,\"commentCount\":0,\"image\":{\"@id\":\"https:\/\/www.anteprima24.it\/archivio\/avellino\/edilizia-scolastica-gambacorta-relazione\/#primaryimage\"},\"thumbnailUrl\":\"https:\/\/www.anteprima24.it\/archivio\/wp-content\/uploads\/2018\/02\/cons-provinciale.jpg\",\"keywords\":[\"Avellino\",\"Consiglio provinciale\",\"gambacorta\",\"relazione\"],\"articleSection\":[\"Attualit\u00e0 Avellino\",\"Avellino\"],\"inLanguage\":\"it-IT\",\"potentialAction\":[{\"@type\":\"CommentAction\",\"name\":\"Comment\",\"target\":[\"https:\/\/www.anteprima24.it\/archivio\/avellino\/edilizia-scolastica-gambacorta-relazione\/#respond\"]}]},{\"@type\":\"WebPage\",\"@id\":\"https:\/\/www.anteprima24.it\/archivio\/avellino\/edilizia-scolastica-gambacorta-relazione\/\",\"url\":\"https:\/\/www.anteprima24.it\/archivio\/avellino\/edilizia-scolastica-gambacorta-relazione\/\",\"name\":\"Edilizia scolastica: Gambacorta fa il punto in Consiglio\",\"isPartOf\":{\"@id\":\"https:\/\/www.anteprima24.it\/archivio\/#website\"},\"primaryImageOfPage\":{\"@id\":\"https:\/\/www.anteprima24.it\/archivio\/avellino\/edilizia-scolastica-gambacorta-relazione\/#primaryimage\"},\"image\":{\"@id\":\"https:\/\/www.anteprima24.it\/archivio\/avellino\/edilizia-scolastica-gambacorta-relazione\/#primaryimage\"},\"thumbnailUrl\":\"https:\/\/www.anteprima24.it\/archivio\/wp-content\/uploads\/2018\/02\/cons-provinciale.jpg\",\"datePublished\":\"2018-02-17T09:49:43+00:00\",\"author\":{\"@id\":\"https:\/\/www.anteprima24.it\/archivio\/#\/schema\/person\/6bef30886cb2d9a0960471ab12d3c4ae\"},\"description\":\"Seduta fiume di consiglio provinciale a Palazzo Caracciolo. Argomento principale l'informativa del Presidente sull'edilizia scolastica che ha incassato il favore unanime dell'aula.\",\"breadcrumb\":{\"@id\":\"https:\/\/www.anteprima24.it\/archivio\/avellino\/edilizia-scolastica-gambacorta-relazione\/#breadcrumb\"},\"inLanguage\":\"it-IT\",\"potentialAction\":[{\"@type\":\"ReadAction\",\"target\":[\"https:\/\/www.anteprima24.it\/archivio\/avellino\/edilizia-scolastica-gambacorta-relazione\/\"]}]},{\"@type\":\"ImageObject\",\"inLanguage\":\"it-IT\",\"@id\":\"https:\/\/www.anteprima24.it\/archivio\/avellino\/edilizia-scolastica-gambacorta-relazione\/#primaryimage\",\"url\":\"https:\/\/www.anteprima24.it\/archivio\/wp-content\/uploads\/2018\/02\/cons-provinciale.jpg\",\"contentUrl\":\"https:\/\/www.anteprima24.it\/archivio\/wp-content\/uploads\/2018\/02\/cons-provinciale.jpg\",\"width\":1600,\"height\":900},{\"@type\":\"BreadcrumbList\",\"@id\":\"https:\/\/www.anteprima24.it\/archivio\/avellino\/edilizia-scolastica-gambacorta-relazione\/#breadcrumb\",\"itemListElement\":[{\"@type\":\"ListItem\",\"position\":1,\"name\":\"Home\",\"item\":\"https:\/\/www.anteprima24.it\/archivio\/\"},{\"@type\":\"ListItem\",\"position\":2,\"name\":\"Edilizia scolastica: Gambacorta fa il punto in consiglio\"}]},{\"@type\":\"WebSite\",\"@id\":\"https:\/\/www.anteprima24.it\/archivio\/#website\",\"url\":\"https:\/\/www.anteprima24.it\/archivio\/\",\"name\":\"Anteprima24.it\",\"description\":\"\",\"potentialAction\":[{\"@type\":\"SearchAction\",\"target\":{\"@type\":\"EntryPoint\",\"urlTemplate\":\"https:\/\/www.anteprima24.it\/archivio\/?s={search_term_string}\"},\"query-input\":{\"@type\":\"PropertyValueSpecification\",\"valueRequired\":true,\"valueName\":\"search_term_string\"}}],\"inLanguage\":\"it-IT\"},{\"@type\":\"Person\",\"@id\":\"https:\/\/www.anteprima24.it\/archivio\/#\/schema\/person\/6bef30886cb2d9a0960471ab12d3c4ae\",\"name\":\"Paola Ricciarelli\",\"image\":{\"@type\":\"ImageObject\",\"inLanguage\":\"it-IT\",\"@id\":\"https:\/\/www.anteprima24.it\/archivio\/#\/schema\/person\/image\/\",\"url\":\"https:\/\/secure.gravatar.com\/avatar\/cffb04e317029dc9edb33c1475497c3a84618c115d9e14d513cc204dae1bad2f?s=96&d=mm&r=g\",\"contentUrl\":\"https:\/\/secure.gravatar.com\/avatar\/cffb04e317029dc9edb33c1475497c3a84618c115d9e14d513cc204dae1bad2f?s=96&d=mm&r=g\",\"caption\":\"Paola Ricciarelli\"},\"url\":\"https:\/\/www.anteprima24.it\/archivio\/author\/paola-ricciarelli\/\"}]}<\/script>\n<!-- \/ Yoast SEO plugin. -->","yoast_head_json":{"title":"Edilizia scolastica: Gambacorta fa il punto in Consiglio","description":"Seduta fiume di consiglio provinciale a Palazzo Caracciolo. Argomento principale l'informativa del Presidente sull'edilizia scolastica che ha incassato il favore unanime dell'aula.","robots":{"index":"index","follow":"follow","max-snippet":"max-snippet:-1","max-image-preview":"max-image-preview:large","max-video-preview":"max-video-preview:-1"},"canonical":"https:\/\/www.anteprima24.it\/archivio\/avellino\/edilizia-scolastica-gambacorta-relazione\/","og_locale":"it_IT","og_type":"article","og_title":"Edilizia scolastica: Gambacorta fa il punto in Consiglio","og_description":"Seduta fiume di consiglio provinciale a Palazzo Caracciolo. Argomento principale l'informativa del Presidente sull'edilizia scolastica che ha incassato il favore unanime dell'aula.","og_url":"https:\/\/www.anteprima24.it\/archivio\/avellino\/edilizia-scolastica-gambacorta-relazione\/","og_site_name":"Anteprima24.it","article_published_time":"2018-02-17T09:49:43+00:00","og_image":[{"width":1600,"height":900,"url":"https:\/\/www.anteprima24.it\/archivio\/wp-content\/uploads\/2018\/02\/cons-provinciale.jpg","type":"image\/jpeg"}],"author":"Paola Ricciarelli","twitter_card":"summary_large_image","twitter_misc":{"Scritto da":"Paola Ricciarelli","Tempo di lettura stimato":"1 minuto"},"schema":{"@context":"https:\/\/schema.org","@graph":[{"@type":"Article","@id":"https:\/\/www.anteprima24.it\/archivio\/avellino\/edilizia-scolastica-gambacorta-relazione\/#article","isPartOf":{"@id":"https:\/\/www.anteprima24.it\/archivio\/avellino\/edilizia-scolastica-gambacorta-relazione\/"},"author":{"name":"Paola Ricciarelli","@id":"https:\/\/www.anteprima24.it\/archivio\/#\/schema\/person\/6bef30886cb2d9a0960471ab12d3c4ae"},"headline":"Edilizia scolastica: Gambacorta fa il punto in consiglio","datePublished":"2018-02-17T09:49:43+00:00","mainEntityOfPage":{"@id":"https:\/\/www.anteprima24.it\/archivio\/avellino\/edilizia-scolastica-gambacorta-relazione\/"},"wordCount":297,"commentCount":0,"image":{"@id":"https:\/\/www.anteprima24.it\/archivio\/avellino\/edilizia-scolastica-gambacorta-relazione\/#primaryimage"},"thumbnailUrl":"https:\/\/www.anteprima24.it\/archivio\/wp-content\/uploads\/2018\/02\/cons-provinciale.jpg","keywords":["Avellino","Consiglio provinciale","gambacorta","relazione"],"articleSection":["Attualit\u00e0 Avellino","Avellino"],"inLanguage":"it-IT","potentialAction":[{"@type":"CommentAction","name":"Comment","target":["https:\/\/www.anteprima24.it\/archivio\/avellino\/edilizia-scolastica-gambacorta-relazione\/#respond"]}]},{"@type":"WebPage","@id":"https:\/\/www.anteprima24.it\/archivio\/avellino\/edilizia-scolastica-gambacorta-relazione\/","url":"https:\/\/www.anteprima24.it\/archivio\/avellino\/edilizia-scolastica-gambacorta-relazione\/","name":"Edilizia scolastica: Gambacorta fa il punto in Consiglio","isPartOf":{"@id":"https:\/\/www.anteprima24.it\/archivio\/#website"},"primaryImageOfPage":{"@id":"https:\/\/www.anteprima24.it\/archivio\/avellino\/edilizia-scolastica-gambacorta-relazione\/#primaryimage"},"image":{"@id":"https:\/\/www.anteprima24.it\/archivio\/avellino\/edilizia-scolastica-gambacorta-relazione\/#primaryimage"},"thumbnailUrl":"https:\/\/www.anteprima24.it\/archivio\/wp-content\/uploads\/2018\/02\/cons-provinciale.jpg","datePublished":"2018-02-17T09:49:43+00:00","author":{"@id":"https:\/\/www.anteprima24.it\/archivio\/#\/schema\/person\/6bef30886cb2d9a0960471ab12d3c4ae"},"description":"Seduta fiume di consiglio provinciale a Palazzo Caracciolo. Argomento principale l'informativa del Presidente sull'edilizia scolastica che ha incassato il favore unanime dell'aula.","breadcrumb":{"@id":"https:\/\/www.anteprima24.it\/archivio\/avellino\/edilizia-scolastica-gambacorta-relazione\/#breadcrumb"},"inLanguage":"it-IT","potentialAction":[{"@type":"ReadAction","target":["https:\/\/www.anteprima24.it\/archivio\/avellino\/edilizia-scolastica-gambacorta-relazione\/"]}]},{"@type":"ImageObject","inLanguage":"it-IT","@id":"https:\/\/www.anteprima24.it\/archivio\/avellino\/edilizia-scolastica-gambacorta-relazione\/#primaryimage","url":"https:\/\/www.anteprima24.it\/archivio\/wp-content\/uploads\/2018\/02\/cons-provinciale.jpg","contentUrl":"https:\/\/www.anteprima24.it\/archivio\/wp-content\/uploads\/2018\/02\/cons-provinciale.jpg","width":1600,"height":900},{"@type":"BreadcrumbList","@id":"https:\/\/www.anteprima24.it\/archivio\/avellino\/edilizia-scolastica-gambacorta-relazione\/#breadcrumb","itemListElement":[{"@type":"ListItem","position":1,"name":"Home","item":"https:\/\/www.anteprima24.it\/archivio\/"},{"@type":"ListItem","position":2,"name":"Edilizia scolastica: Gambacorta fa il punto in consiglio"}]},{"@type":"WebSite","@id":"https:\/\/www.anteprima24.it\/archivio\/#website","url":"https:\/\/www.anteprima24.it\/archivio\/","name":"Anteprima24.it","description":"","potentialAction":[{"@type":"SearchAction","target":{"@type":"EntryPoint","urlTemplate":"https:\/\/www.anteprima24.it\/archivio\/?s={search_term_string}"},"query-input":{"@type":"PropertyValueSpecification","valueRequired":true,"valueName":"search_term_string"}}],"inLanguage":"it-IT"},{"@type":"Person","@id":"https:\/\/www.anteprima24.it\/archivio\/#\/schema\/person\/6bef30886cb2d9a0960471ab12d3c4ae","name":"Paola Ricciarelli","image":{"@type":"ImageObject","inLanguage":"it-IT","@id":"https:\/\/www.anteprima24.it\/archivio\/#\/schema\/person\/image\/","url":"https:\/\/secure.gravatar.com\/avatar\/cffb04e317029dc9edb33c1475497c3a84618c115d9e14d513cc204dae1bad2f?s=96&d=mm&r=g","contentUrl":"https:\/\/secure.gravatar.com\/avatar\/cffb04e317029dc9edb33c1475497c3a84618c115d9e14d513cc204dae1bad2f?s=96&d=mm&r=g","caption":"Paola Ricciarelli"},"url":"https:\/\/www.anteprima24.it\/archivio\/author\/paola-ricciarelli\/"}]}},"_links":{"self":[{"href":"https:\/\/www.anteprima24.it\/archivio\/wp-json\/wp\/v2\/posts\/128064","targetHints":{"allow":["GET"]}}],"collection":[{"href":"https:\/\/www.anteprima24.it\/archivio\/wp-json\/wp\/v2\/posts"}],"about":[{"href":"https:\/\/www.anteprima24.it\/archivio\/wp-json\/wp\/v2\/types\/post"}],"author":[{"embeddable":true,"href":"https:\/\/www.anteprima24.it\/archivio\/wp-json\/wp\/v2\/users\/25"}],"replies":[{"embeddable":true,"href":"https:\/\/www.anteprima24.it\/archivio\/wp-json\/wp\/v2\/comments?post=128064"}],"version-history":[{"count":0,"href":"https:\/\/www.anteprima24.it\/archivio\/wp-json\/wp\/v2\/posts\/128064\/revisions"}],"wp:featuredmedia":[{"embeddable":true,"href":"https:\/\/www.anteprima24.it\/archivio\/wp-json\/wp\/v2\/media\/128096"}],"wp:attachment":[{"href":"https:\/\/www.anteprima24.it\/archivio\/wp-json\/wp\/v2\/media?parent=128064"}],"wp:term":[{"taxonomy":"category","embeddable":true,"href":"https:\/\/www.anteprima24.it\/archivio\/wp-json\/wp\/v2\/categories?post=128064"},{"taxonomy":"post_tag","embeddable":true,"href":"https:\/\/www.anteprima24.it\/archivio\/wp-json\/wp\/v2\/tags?post=128064"}],"curies":[{"name":"wp","href":"https:\/\/api.w.org\/{rel}","templated":true}]}}