{"id":128104,"date":"2018-02-17T10:48:38","date_gmt":"2018-02-17T09:48:38","guid":{"rendered":"http:\/\/www.anteprima24.it\/?p=128104"},"modified":"2018-02-17T10:48:38","modified_gmt":"2018-02-17T09:48:38","slug":"edilizia-scolastica-relazione-completa","status":"publish","type":"post","link":"https:\/\/www.anteprima24.it\/archivio\/avellino\/edilizia-scolastica-relazione-completa\/","title":{"rendered":"Avellino, edilizia scolastica: la relazione completa della Provincia"},"content":{"rendered":"<span class=\"span-reading-time rt-reading-time\" style=\"display: block;\"><span class=\"rt-label rt-prefix\">Tempo di lettura: <\/span> <span class=\"rt-time\"> 9<\/span> <span class=\"rt-label rt-postfix\">minuti<\/span><\/span><p>L\u2019attivit\u00e0 svolta negli ultimi anni, ed in particolare dal 2014 in poi in tema di edilizia scolastica, interessa le <strong>scuole di istruzione secondaria superiore<\/strong> con una media annuale di circa 17.800<strong> studenti,<\/strong> organizzati logisticamente in 56 istituti e distribuiti su 86<strong> edifici<\/strong> sparsi sul territorio provinciale, di cui 30 nella sola citt\u00e0 di Avellino.<\/p>\n<p>L\u2019obiettivo principale perseguito dal Servizio Edilizia Scolastica \u00e8 stato quello di assicurare ambienti idonei dal punto di vista della sicurezza, della dotazione strutturale, confortevoli e adeguati alle necessit\u00e0 della didattica. L\u2019Ente \u00e8 impegnato, inoltre, per la riorganizzazione e razionalizzare degli spazi, riducendo le gestioni in locazione da terzi.<\/p>\n<p>Accanto alle nuove edificazioni, non pu\u00f2 essere trascurata la quotidiana attivit\u00e0 per&nbsp; assicurare le necessarie manutenzioni ordinarie e straordinarie.<\/p>\n<p>Il servizio Edilizia Scolastica gestisce, secondo una divisione per ambito, un patrimonio di&nbsp; 86 edifici scolastici, oltre le strutture annesse, per una superficie coperta di 112.000 metri quadrati.<\/p>\n<p>I compiti affidati a tale servizio comprendono tutte le attivit\u00e0 relative al funzionamento dell\u2019involucro edilizio nella sua interezza ed in particolare riguardano:<\/p>\n<ol>\n<li>la manutenzione ordinaria e straordinaria della struttura e dei relativi impianti tecnologici;<\/li>\n<li>la progettazione di nuovi edifici scolastici ed integrazione di quelli esistenti;<\/li>\n<li>la fornitura di impianti tecnologici ed adeguamento degli stessi alle novit\u00e0 normative, peraltro sempre in continua evoluzione;<\/li>\n<li>l\u2019adeguamento, pianificazione e prevenzione incendi nonch\u00e9 tutti i vari interventi necessari e propedeutici al rilascio delle Certificazioni di agibilit\u00e0 e di conformit\u00e0 alle norme per la messa in sicurezza degli immobili scolastici.<\/li>\n<\/ol>\n<p><strong>MOTIVAZIONE DELLE SCELTE<\/strong><\/p>\n<p>L\u2019attivit\u00e0 svolta \u00e8 essenzialmente finalizzata a realizzare uno snellimento e una dinamicit\u00e0 dei servizi e delle funzioni, innanzitutto che dia una risposta immediata alle problematiche riguardanti la gestione del patrimonio immobiliare, in quanto solo dalla efficacia degli interventi potr\u00e0 essere apprezzata una reale e costante attivit\u00e0 di manutenzione e controllo. Accanto ad una programmazione che riguarda esclusivamente un\u2019attivit\u00e0 manutentiva ordinaria e straordinaria dei beni posseduti, si \u00e8 inteso attuare una politica di progettualit\u00e0 per l\u2019ammodernamento e la messa in sicurezza del patrimonio edilizio esistente, oltre che per ottenere nuovi volumi edilizi, tra i quali si distinguono i seguenti interventi:<\/p>\n<ul>\n<li>Completamento I.T.C. G. Fortunato \u2013 Costruzione Corpo B (\u20ac 2.500.000,00);<\/li>\n<li>Costruzione Istituto a rotazione I.T.G. D\u2019Agostino (\u20ac 5.000.000,00 ) compresa la demolizione dei manufatti esistenti (\u20ac 500.000,00);<\/li>\n<li>Completamento plesso via Scandone-Costruzione Corpo D e Corpo A2 (\u20ac 2.200.000,00);<\/li>\n<li>Intervento di completamento \/ristrutturazione Complesso ex I.T.A. de Sanctis &#8211; Edificio est &#8211; attuale sede della Falcot\u00e0 di Viticoltura ed Enologia dell\u2019Universit\u00e0 di Napoli Federico II (\u20ac 2.500.000,00);<\/li>\n<li>Lavori di ampliamento Liceo Colletta di Avellino (\u20ac 1.500.000,00).<\/li>\n<\/ul>\n<p>L\u2019obiettivo di migliorare la qualit\u00e0 dei servizi scolastici passa necessariamente attraverso l\u2019impegno di assicurare che le strutture edilizie utilizzate rispondano appieno alle esigenze di sicurezza, di funzionalit\u00e0 \u2013 anche rispetto ai processi di riforma degli ordinamenti e dei programmi \u2013 e di adeguatezza alle esigenze manifestate dagli utenti degli edifici, in termini quantitativi e qualitativi.<\/p>\n<p>Dal 2014 in poi si \u00e8 proceduto a programmare, progettare e realizzare ben <strong>35 interventi<\/strong> di manutenzione ordinaria, straordinaria e messa in sicurezza degli edifici cosi come esposto nell\u2019allegato elenco per un totale di oltre <strong>\u20ac 9.500.00,00,<\/strong> di cui due terzi gi\u00e0 realizzati ed ultimati e il restante 1\/3 in corso di realizzazione (allegato A).<\/p>\n<p>Gli interventi hanno riguardato lavori di ristrutturazione e manutenzione diretti ad adeguare gli edifici alle norme vigenti in materia di agibilit\u00e0, sicurezza, igiene ed eliminazione delle barriere architettoniche, oltre ad assicurare il regolare funzionamento degli edifici per l\u2019 avvio delle attivit\u00e0 didattiche nei vari istituti.<\/p>\n<p><strong>Oltre agli interventi programmati si \u00e8 proceduto ad affidare ulteriori interventi di lavori urgenti per un importo \u20ac 804.808,66<\/strong>, finalizzati a risolvere specifiche problematiche dei singoli istituti cos\u00ec come riportato nell\u2019allegato B.<\/p>\n<p><strong>ATTIVIT\u00c0 DI PROGETTAZIONE<\/strong><\/p>\n<p>Per quanto riguarda l\u2019attivit\u00e0 di programmazione per la costruzione di nuovi edifici o il completamento di quelli esistenti sono stati candidati ed ammessi a finanziamento sul Fondo di Rotazione per la progettazione degli Enti Locali &#8211; Programma di Azione e Coesione \u2013 Programma Operativo complementare 2014\/2020 Regione Campania, approvato dal CIPE nella seduta del 01\/05\/2016, i seguenti interventi:<\/p>\n<ol>\n<li>Lavori Di Completamento Corpo Aule Istituto a rotazione di Avellino \u201cManlio Rossi Doria\u201d per un importo complessivo dei lavori di euro 880.000,00, di cui con Decreto Dirigenziale n. 82 del 07\/06\/2017 la Regione Campania ha finanziato la somma di euro 22.831,73 per la progettazione.<\/li>\n<li>Lavori di consolidamento corpo \u201cC\u201d dell\u2019I.T.C. \u201cDe Sanctis\u201d di Sant\u2019Angelo dei lombardi per un importo complessivo dei lavori di euro 680.000,00, di cui con Decreto Dirigenziale n. 88 del 08\/06\/2017 la Regione Campania ha finanziato la somma di euro 44.445,13 per la progettazione.<\/li>\n<li>Lavori di completamento palestra I.T.C. \u201cRonca\u201d di Montoro per un importo complessivo dei lavori pari ad euro 855.000,00, di cui con Decreto Dirigenziale n. 79 del 07\/06\/2017 la Regione Campania ha finanziato la somma di euro 40.377,10 per la progettazione.<\/li>\n<li>Lavori di completamento consolidamento dell\u2019 \u201cITIS Guido Dorso di Avellino\u201d: importo complessivo dei lavori euro 1.550.000,00 di cui con Decreto Dirigenziale n. 80 del 07\/06\/2017 la Regione Campania ha finanziata la somma \u20ac 78.703,71 per la progettazione in oggetto.<\/li>\n<\/ol>\n<p><strong>ATTIVITA&#8217; DI PROGETTAZIONE NELL\u2019AMBITO DEL BANDO PON SCUOLA 2014-2020 ASSE II \u201cINTERVENTI DI MESSA IN SICUREZZA E RIQUALIFICAZIONE DEGLI EDIFICI PUBBLICI\u201d<\/strong><\/p>\n<p>Sono stati candidati al Bando PON SCUOLA 2014-2020 ASSE II \u201cInterventi di messa in sicurezza e riqualificazione degli edifici pubblici\u201d i seguenti interventi:<\/p>\n<ol>\n<li>Progetto definitivo \u201cLavori di riparazione locale del solaio di copertura della palestra dell&#8217;edificio scolastico Mancini di Avellino\u201d, totale intervento \u20ac 426.990,92, approvato con provvedimento presidenziale N. 13 del 07.02.2018;<\/li>\n<li>Progetto esecutivo \u201cLavori di adeguamento sismico delle strutture della sede dell\u2019istituto superiore Ruggero II (ex Dorso) nel comune di Ariano Irpino \u2013 1\u00b0 lotto funzionale\u201d, totale intervento \u20ac 2.421.841,33, approvato con provvedimento presidenziale N. 5 del 19.01.2018;<\/li>\n<li>Progetto definitivo \u201cIntervento di adeguamento sismico dell\u2019immobile sito in Avellino alla via Pescatori, sede del liceo Imbriani\u201d, totale intervento \u20ac 2.478.400,32, approvato con provvedimento presidenziale 7 del 19.01.2018;<\/li>\n<li>Progetto definitivo \u201cLavori di riqualificazione e adeguamento auditorium Itis Guido Dorso di Avellino\u201d, totale intervento \u20ac 1.372.393,00, approvato con provvedimento presidenziale 6 del 19.01.2018.<\/li>\n<\/ol>\n<p><strong>PROGETTI GIA\u2019 FINANZIATI DAL MIUR<\/strong><\/p>\n<p>Con Decreto 8 agosto 2017 Il Ministro dell&#8217;Istruzione, dell&#8217;Universit\u00e0 e della Ricerca ha ammesso a finanziamento i seguenti interventi:<\/p>\n<ul>\n<li>Lavori di ristrutturazione dell&#8217;I.T.I.S. &#8220;Dorso&#8221; di Avellino, adeguamento\/miglioramento sismico, per 1.650.000,00 euro;<\/li>\n<li>Lavori di costruzione istituto tecnico a rotazione (sede IPSSAR Rossi Doria) di Avellino, nuova costruzione per 2.000.000,00 euro.<\/li>\n<\/ul>\n<p>Nello stesso Decreto risultano in attesa di finanziamento altri interventi della Provincia di Avellino:<\/p>\n<ul>\n<li>ITA DE SANCTIS, manutenzione straordinaria, \u20ac 150.000,00<\/li>\n<li>ISTITUO D&#8217;ARTE &#8220;DE LUCA&#8221;, manutenzione straordinaria, \u20ac 300.000,00;<\/li>\n<li>IPSIA &#8220;AMATUCCI&#8221;, Manutenzione straordinaria, \u20ac 150.000,00;<\/li>\n<li>ISTITUTO MAGISTRALE &#8220;DELLA VALLE&#8221;, Manutenzione straordinaria, \u20ac 150.000,00.<\/li>\n<\/ul>\n<p><strong>ATTIVIT\u00c0 DI RAZIONALIZZAZIONE DEGLI SPAZI<\/strong><\/p>\n<p>L\u2019Ente \u00e8 impegnato dal 2014 alla riorganizzazione e alla razionalizzare degli spazi, riducendo le gestioni in locazione da terzi.<\/p>\n<p>La Provincia ha proceduto a chiudere i contratti di fitto che hanno prodotto un risparmio annuale dal 2016 di 404.000,00 euro (Allegato C). Attualmente sono in corso locazioni per un costo totale di \u20ac 290.015,73, la maggior parte \u00e8 rappresentata dal canone annuo di \u20ac 245.015,73 a favore della Regione Campania proprietaria dello stabile che ospita il Liceo per le Scienze Umane \u201cMarone\u201d di Tuoro Cappuccini. Sono in corso contatti per una possibile acquisizione dello stabile al patrimonio dell\u2019Ente.<\/p>\n<p><strong>CAMPAGNA DI INDAGINI DIAGNOSTICHE<\/strong><\/p>\n<p>La Provincia ha provveduto ad avviare una campagna di indagini diagnostiche in cofinanziamento con il Ministero dell\u2019Istruzione. Si tratta di interventi finalizzati alla sicurezza degli edifici scolastici ed in particolare alle verifiche su solai e controsoffitti. Lo studio, condotto da professionisti esterni, riguarda indagini su soffitti, controsoffitti, elementi strutturali e non strutturali, relativamente ad alcuni degli istituti superiori del territorio provinciale, anche in funzione delle priorit\u00e0 rilevate nel tempo. <strong>Sono stati affidati incarichi a professionisti e societ\u00e0 di ingegneria per un totale di \u20ac 358.000,00 per indagini diagnostiche e di vulnerabilit\u00e0 sismica (Allegato D). <\/strong>L\u2019obiettivo \u00e8 quello di realizzare una vera e propria mappatura della situazione propedeutica alla definizione di un programma di interventi mirati a sanare le eventuali criticit\u00e0.<\/p>\n<p><strong>&nbsp;<\/strong><strong>ULTERIORI ATTIVITA\u2019<\/strong><\/p>\n<p>Accanto ad una gestione dell\u2019attivit\u00e0 manutentiva del patrimonio esistente, parallelamente si \u00e8 intrapresa un\u2019attivit\u00e0 di realizzazione dell\u2019anagrafe dell\u2019edilizia scolastica, al fine di costituire una banca dati di tutti gli immobili della Provincia di Avellino.<\/p>\n<p>Si \u00e8 provveduto a inserire e a tenere aggiornati tutti i dati riguardanti gli edifici e, pi\u00f9 in particolare, quelli scolastici provinciali e quindi monitorare lo stato degli stessi, la manutenzione necessaria e le migliorie apportate. In questo modo \u00e8 possibile effettuare una programmazione degli interventi fondata su elementi di valutazione certi, propedeutici ad accedere a finanziamenti per gli interventi (MIUR, Regione Campania, etc.)<\/p>\n<p><strong>Per ogni edificio scolastico sono stati inseriti:<\/strong><\/p>\n<ul>\n<li>dati identificativi e anagrafici;<\/li>\n<li>dati desumibili da certificazioni e documentazione;<\/li>\n<li>dati dimensionali;<\/li>\n<li>dati desumibili da valutazioni qualitativo descrittive.<\/li>\n<\/ul>\n<p><strong>I dati vengono trasmessi periodicamente all&#8217;Anagrafe Nazionale dell\u2019Edilizia Scolastica del MIUR<\/strong><strong>.<\/strong><\/p>\n<p><strong>FINANZIAMENTI PON SCUOLE <\/strong><\/p>\n<p><strong>Si rappresenta che gli Istituti scolastici della Provincia sono stati direttamente<\/strong> <strong>beneficiari (le risorse sono state affidate alle dirigenze scolastiche)<\/strong> <strong>di 16 interventi per un importo complessivo di circa 12.000.000,00 di euro<\/strong>.<\/p>\n<p>Fondi che rientrano nell\u2019ambito del Quadro Strategico Nazionale 2007\/2013, a valere sul finanziamento del Ministero per l\u2019Istruzione, l\u2019Universit\u00e0 e la Ricerca (MIUR), avente titolarit\u00e0 sull\u2019Asse II \u201cQualit\u00e0 degli Ambienti Scolastici\u201d \u2013 Obiettivo C del Programma Operativo Nazionale (il \u201cPON\u201d) \u201cAmbienti per l\u2019Apprendimento\u201d 2007-2013, congiuntamente con il Ministero dell\u2019Ambiente, della Tutela del Territorio e del Mare \u2013 Direzione per lo sviluppo sostenibile, il clima e l\u2019energia (ALLEGATO E).<\/p>\n<p><strong>INTERVENTI A FAVORE DEI COMUNI<\/strong><\/p>\n<p>Va segnalata, inoltre, la spesa sostenuta per gli interventi a favore dei Comuni nel 2016 e nel 2017, finalizzati a consentire attivit\u00e0 di prevenzione incendi, anagrafe dell\u2019edilizia scolastica, indagini statiche e di vulnerabilit\u00e0 sismica degli edifici pubblici, in primo luogo quelli scolastici.<\/p>\n<p>La spesa destinata ai Municipi \u00e8 stata di 2.400.000,00 euro per l\u2019annualit\u00e0 2016 e di 1.400.000,00 euro per il 2017.<\/p>\n<p><strong>RISORSE UMANE IMPIEGATE <\/strong><\/p>\n<p>&nbsp;E\u2019 appena il caso di rappresentare che il personale assegnato al Servizio Edilizia Scolastica (un ingegnere, una Posizione Organizzativa, tre geometri oltre ad un operatore di cat. B) \u00e8 del tutto insufficiente ad una gestione che \u201cfaccia meglio\u201d e \u201ccosti meno\u201d (in termini economici e temporali), &nbsp;e che sia capace di rispondere con rapidit\u00e0&nbsp; alle esigenze dell\u2019 Amministrazione, rispetto ai bisogni di base della popolazione scolastica provinciale e che pertanto necessita di un incremento di unit\u00e0 lavorative allo stato impedito dalle normative vigenti.<\/p>\n<p>&nbsp;&nbsp;&nbsp;&nbsp;&nbsp;&nbsp;&nbsp;&nbsp;&nbsp;&nbsp;&nbsp;&nbsp;&nbsp;&nbsp;&nbsp;&nbsp;&nbsp;&nbsp;&nbsp;&nbsp;&nbsp;&nbsp;&nbsp;&nbsp;&nbsp;&nbsp;&nbsp;&nbsp;&nbsp;&nbsp;&nbsp;&nbsp;&nbsp;&nbsp;&nbsp;&nbsp;&nbsp;&nbsp;&nbsp;&nbsp;&nbsp;&nbsp;&nbsp;&nbsp;&nbsp;&nbsp;&nbsp;&nbsp;&nbsp;&nbsp;&nbsp;&nbsp;&nbsp;&nbsp;&nbsp;&nbsp;&nbsp;&nbsp;&nbsp;&nbsp;&nbsp;&nbsp;&nbsp;&nbsp;&nbsp;&nbsp;&nbsp;&nbsp;&nbsp;&nbsp;&nbsp;&nbsp;&nbsp;&nbsp;&nbsp;&nbsp;&nbsp;&nbsp; &nbsp;&nbsp;&nbsp;&nbsp;&nbsp;&nbsp;&nbsp;&nbsp;&nbsp;&nbsp;&nbsp;&nbsp;&nbsp;&nbsp;&nbsp;&nbsp;&nbsp;&nbsp;&nbsp;&nbsp;&nbsp;&nbsp;&nbsp;&nbsp;&nbsp;&nbsp; &nbsp;&nbsp;&nbsp;&nbsp;&nbsp;<\/p>\n<p>&nbsp;<\/p>\n<p>&nbsp;&nbsp;&nbsp;&nbsp;&nbsp;&nbsp;&nbsp;&nbsp;&nbsp;&nbsp;&nbsp; &nbsp;&nbsp;&nbsp;&nbsp; &nbsp;&nbsp;&nbsp;&nbsp;&nbsp;&nbsp;&nbsp;&nbsp;&nbsp;&nbsp;&nbsp;&nbsp;&nbsp;&nbsp;&nbsp;&nbsp;&nbsp;&nbsp;<\/p>\n","protected":false},"excerpt":{"rendered":"<p>L\u2019attivit\u00e0 svolta negli ultimi anni, ed in particolare dal 2014 in poi in tema di edilizia scolastica, interessa le scuole di istruzione secondaria superiore con una media annuale di circa 17.800 studenti, organizzati logisticamente in 56 istituti e distribuiti su 86 edifici sparsi sul territorio provinciale, di cui 30 nella sola citt\u00e0 di Avellino. L\u2019obiettivo [&hellip;]<\/p>\n","protected":false},"author":18,"featured_media":77715,"comment_status":"open","ping_status":"open","sticky":false,"template":"","format":"standard","meta":{"_monsterinsights_skip_tracking":false,"_monsterinsights_sitenote_active":false,"_monsterinsights_sitenote_note":"","_monsterinsights_sitenote_category":0,"ngg_post_thumbnail":0,"footnotes":""},"categories":[1380,4],"tags":[14603,2805,18941,9558],"class_list":{"0":"post-128104","1":"post","2":"type-post","3":"status-publish","4":"format-standard","5":"has-post-thumbnail","7":"category-attualita-avellino","8":"category-avellino","9":"tag-edilizia-scolastica","10":"tag-gambacorta","11":"tag-provincia-di-avellino","12":"tag-relazione"},"yoast_head":"<!-- This site is optimized with the Yoast SEO plugin v26.8 - https:\/\/yoast.com\/product\/yoast-seo-wordpress\/ -->\n<title>Avellino, edilizia scolastica: la relazione completa della Provincia<\/title>\n<meta name=\"robots\" content=\"index, follow, max-snippet:-1, max-image-preview:large, max-video-preview:-1\" \/>\n<link rel=\"canonical\" href=\"https:\/\/www.anteprima24.it\/archivio\/avellino\/edilizia-scolastica-relazione-completa\/\" \/>\n<meta property=\"og:locale\" content=\"it_IT\" \/>\n<meta property=\"og:type\" content=\"article\" \/>\n<meta property=\"og:title\" content=\"Avellino, edilizia scolastica: la relazione completa della Provincia\" \/>\n<meta property=\"og:description\" content=\"L\u2019attivit\u00e0 svolta negli ultimi anni, ed in particolare dal 2014 in poi in tema di edilizia scolastica, interessa le scuole di istruzione secondaria superiore con una media annuale di circa 17.800 studenti, organizzati logisticamente in 56 istituti e distribuiti su 86 edifici sparsi sul territorio provinciale, di cui 30 nella sola citt\u00e0 di Avellino. L\u2019obiettivo [&hellip;]\" \/>\n<meta property=\"og:url\" content=\"https:\/\/www.anteprima24.it\/archivio\/avellino\/edilizia-scolastica-relazione-completa\/\" \/>\n<meta property=\"og:site_name\" content=\"Anteprima24.it\" \/>\n<meta property=\"article:published_time\" content=\"2018-02-17T09:48:38+00:00\" \/>\n<meta property=\"og:image\" content=\"https:\/\/www.anteprima24.it\/archivio\/wp-content\/uploads\/2017\/11\/Domenico-Gambacorta-e1509875336498.jpg\" \/>\n\t<meta property=\"og:image:width\" content=\"1200\" \/>\n\t<meta property=\"og:image:height\" content=\"822\" \/>\n\t<meta property=\"og:image:type\" content=\"image\/jpeg\" \/>\n<meta name=\"author\" content=\"Redazione\" \/>\n<meta name=\"twitter:card\" content=\"summary_large_image\" \/>\n<meta name=\"twitter:label1\" content=\"Scritto da\" \/>\n\t<meta name=\"twitter:data1\" content=\"Redazione\" \/>\n\t<meta name=\"twitter:label2\" content=\"Tempo di lettura stimato\" \/>\n\t<meta name=\"twitter:data2\" content=\"9 minuti\" \/>\n<script type=\"application\/ld+json\" class=\"yoast-schema-graph\">{\"@context\":\"https:\/\/schema.org\",\"@graph\":[{\"@type\":\"Article\",\"@id\":\"https:\/\/www.anteprima24.it\/archivio\/avellino\/edilizia-scolastica-relazione-completa\/#article\",\"isPartOf\":{\"@id\":\"https:\/\/www.anteprima24.it\/archivio\/avellino\/edilizia-scolastica-relazione-completa\/\"},\"author\":{\"name\":\"Redazione\",\"@id\":\"https:\/\/www.anteprima24.it\/archivio\/#\/schema\/person\/82cb05184ce534850be490e88d61c793\"},\"headline\":\"Avellino, edilizia scolastica: la relazione completa della Provincia\",\"datePublished\":\"2018-02-17T09:48:38+00:00\",\"mainEntityOfPage\":{\"@id\":\"https:\/\/www.anteprima24.it\/archivio\/avellino\/edilizia-scolastica-relazione-completa\/\"},\"wordCount\":1812,\"commentCount\":0,\"image\":{\"@id\":\"https:\/\/www.anteprima24.it\/archivio\/avellino\/edilizia-scolastica-relazione-completa\/#primaryimage\"},\"thumbnailUrl\":\"https:\/\/www.anteprima24.it\/archivio\/wp-content\/uploads\/2017\/11\/Domenico-Gambacorta-e1509875336498.jpg\",\"keywords\":[\"Edilizia Scolastica\",\"gambacorta\",\"provincia di avellino\",\"relazione\"],\"articleSection\":[\"Attualit\u00e0 Avellino\",\"Avellino\"],\"inLanguage\":\"it-IT\",\"potentialAction\":[{\"@type\":\"CommentAction\",\"name\":\"Comment\",\"target\":[\"https:\/\/www.anteprima24.it\/archivio\/avellino\/edilizia-scolastica-relazione-completa\/#respond\"]}]},{\"@type\":\"WebPage\",\"@id\":\"https:\/\/www.anteprima24.it\/archivio\/avellino\/edilizia-scolastica-relazione-completa\/\",\"url\":\"https:\/\/www.anteprima24.it\/archivio\/avellino\/edilizia-scolastica-relazione-completa\/\",\"name\":\"Avellino, edilizia scolastica: la relazione completa della Provincia\",\"isPartOf\":{\"@id\":\"https:\/\/www.anteprima24.it\/archivio\/#website\"},\"primaryImageOfPage\":{\"@id\":\"https:\/\/www.anteprima24.it\/archivio\/avellino\/edilizia-scolastica-relazione-completa\/#primaryimage\"},\"image\":{\"@id\":\"https:\/\/www.anteprima24.it\/archivio\/avellino\/edilizia-scolastica-relazione-completa\/#primaryimage\"},\"thumbnailUrl\":\"https:\/\/www.anteprima24.it\/archivio\/wp-content\/uploads\/2017\/11\/Domenico-Gambacorta-e1509875336498.jpg\",\"datePublished\":\"2018-02-17T09:48:38+00:00\",\"author\":{\"@id\":\"https:\/\/www.anteprima24.it\/archivio\/#\/schema\/person\/82cb05184ce534850be490e88d61c793\"},\"breadcrumb\":{\"@id\":\"https:\/\/www.anteprima24.it\/archivio\/avellino\/edilizia-scolastica-relazione-completa\/#breadcrumb\"},\"inLanguage\":\"it-IT\",\"potentialAction\":[{\"@type\":\"ReadAction\",\"target\":[\"https:\/\/www.anteprima24.it\/archivio\/avellino\/edilizia-scolastica-relazione-completa\/\"]}]},{\"@type\":\"ImageObject\",\"inLanguage\":\"it-IT\",\"@id\":\"https:\/\/www.anteprima24.it\/archivio\/avellino\/edilizia-scolastica-relazione-completa\/#primaryimage\",\"url\":\"https:\/\/www.anteprima24.it\/archivio\/wp-content\/uploads\/2017\/11\/Domenico-Gambacorta-e1509875336498.jpg\",\"contentUrl\":\"https:\/\/www.anteprima24.it\/archivio\/wp-content\/uploads\/2017\/11\/Domenico-Gambacorta-e1509875336498.jpg\",\"width\":1200,\"height\":822},{\"@type\":\"BreadcrumbList\",\"@id\":\"https:\/\/www.anteprima24.it\/archivio\/avellino\/edilizia-scolastica-relazione-completa\/#breadcrumb\",\"itemListElement\":[{\"@type\":\"ListItem\",\"position\":1,\"name\":\"Home\",\"item\":\"https:\/\/www.anteprima24.it\/archivio\/\"},{\"@type\":\"ListItem\",\"position\":2,\"name\":\"Avellino, edilizia scolastica: la relazione completa della Provincia\"}]},{\"@type\":\"WebSite\",\"@id\":\"https:\/\/www.anteprima24.it\/archivio\/#website\",\"url\":\"https:\/\/www.anteprima24.it\/archivio\/\",\"name\":\"Anteprima24.it\",\"description\":\"\",\"potentialAction\":[{\"@type\":\"SearchAction\",\"target\":{\"@type\":\"EntryPoint\",\"urlTemplate\":\"https:\/\/www.anteprima24.it\/archivio\/?s={search_term_string}\"},\"query-input\":{\"@type\":\"PropertyValueSpecification\",\"valueRequired\":true,\"valueName\":\"search_term_string\"}}],\"inLanguage\":\"it-IT\"},{\"@type\":\"Person\",\"@id\":\"https:\/\/www.anteprima24.it\/archivio\/#\/schema\/person\/82cb05184ce534850be490e88d61c793\",\"name\":\"Redazione\",\"image\":{\"@type\":\"ImageObject\",\"inLanguage\":\"it-IT\",\"@id\":\"https:\/\/www.anteprima24.it\/archivio\/#\/schema\/person\/image\/\",\"url\":\"https:\/\/secure.gravatar.com\/avatar\/7b3d8f1c4b28bc2839d55e726cab88bfcfbc47e9a2e00ac362599ab1a5deaa44?s=96&d=mm&r=g\",\"contentUrl\":\"https:\/\/secure.gravatar.com\/avatar\/7b3d8f1c4b28bc2839d55e726cab88bfcfbc47e9a2e00ac362599ab1a5deaa44?s=96&d=mm&r=g\",\"caption\":\"Redazione\"},\"url\":\"https:\/\/www.anteprima24.it\/archivio\/author\/redazione\/\"}]}<\/script>\n<!-- \/ Yoast SEO plugin. -->","yoast_head_json":{"title":"Avellino, edilizia scolastica: la relazione completa della Provincia","robots":{"index":"index","follow":"follow","max-snippet":"max-snippet:-1","max-image-preview":"max-image-preview:large","max-video-preview":"max-video-preview:-1"},"canonical":"https:\/\/www.anteprima24.it\/archivio\/avellino\/edilizia-scolastica-relazione-completa\/","og_locale":"it_IT","og_type":"article","og_title":"Avellino, edilizia scolastica: la relazione completa della Provincia","og_description":"L\u2019attivit\u00e0 svolta negli ultimi anni, ed in particolare dal 2014 in poi in tema di edilizia scolastica, interessa le scuole di istruzione secondaria superiore con una media annuale di circa 17.800 studenti, organizzati logisticamente in 56 istituti e distribuiti su 86 edifici sparsi sul territorio provinciale, di cui 30 nella sola citt\u00e0 di Avellino. L\u2019obiettivo [&hellip;]","og_url":"https:\/\/www.anteprima24.it\/archivio\/avellino\/edilizia-scolastica-relazione-completa\/","og_site_name":"Anteprima24.it","article_published_time":"2018-02-17T09:48:38+00:00","og_image":[{"width":1200,"height":822,"url":"https:\/\/www.anteprima24.it\/archivio\/wp-content\/uploads\/2017\/11\/Domenico-Gambacorta-e1509875336498.jpg","type":"image\/jpeg"}],"author":"Redazione","twitter_card":"summary_large_image","twitter_misc":{"Scritto da":"Redazione","Tempo di lettura stimato":"9 minuti"},"schema":{"@context":"https:\/\/schema.org","@graph":[{"@type":"Article","@id":"https:\/\/www.anteprima24.it\/archivio\/avellino\/edilizia-scolastica-relazione-completa\/#article","isPartOf":{"@id":"https:\/\/www.anteprima24.it\/archivio\/avellino\/edilizia-scolastica-relazione-completa\/"},"author":{"name":"Redazione","@id":"https:\/\/www.anteprima24.it\/archivio\/#\/schema\/person\/82cb05184ce534850be490e88d61c793"},"headline":"Avellino, edilizia scolastica: la relazione completa della Provincia","datePublished":"2018-02-17T09:48:38+00:00","mainEntityOfPage":{"@id":"https:\/\/www.anteprima24.it\/archivio\/avellino\/edilizia-scolastica-relazione-completa\/"},"wordCount":1812,"commentCount":0,"image":{"@id":"https:\/\/www.anteprima24.it\/archivio\/avellino\/edilizia-scolastica-relazione-completa\/#primaryimage"},"thumbnailUrl":"https:\/\/www.anteprima24.it\/archivio\/wp-content\/uploads\/2017\/11\/Domenico-Gambacorta-e1509875336498.jpg","keywords":["Edilizia Scolastica","gambacorta","provincia di avellino","relazione"],"articleSection":["Attualit\u00e0 Avellino","Avellino"],"inLanguage":"it-IT","potentialAction":[{"@type":"CommentAction","name":"Comment","target":["https:\/\/www.anteprima24.it\/archivio\/avellino\/edilizia-scolastica-relazione-completa\/#respond"]}]},{"@type":"WebPage","@id":"https:\/\/www.anteprima24.it\/archivio\/avellino\/edilizia-scolastica-relazione-completa\/","url":"https:\/\/www.anteprima24.it\/archivio\/avellino\/edilizia-scolastica-relazione-completa\/","name":"Avellino, edilizia scolastica: la relazione completa della Provincia","isPartOf":{"@id":"https:\/\/www.anteprima24.it\/archivio\/#website"},"primaryImageOfPage":{"@id":"https:\/\/www.anteprima24.it\/archivio\/avellino\/edilizia-scolastica-relazione-completa\/#primaryimage"},"image":{"@id":"https:\/\/www.anteprima24.it\/archivio\/avellino\/edilizia-scolastica-relazione-completa\/#primaryimage"},"thumbnailUrl":"https:\/\/www.anteprima24.it\/archivio\/wp-content\/uploads\/2017\/11\/Domenico-Gambacorta-e1509875336498.jpg","datePublished":"2018-02-17T09:48:38+00:00","author":{"@id":"https:\/\/www.anteprima24.it\/archivio\/#\/schema\/person\/82cb05184ce534850be490e88d61c793"},"breadcrumb":{"@id":"https:\/\/www.anteprima24.it\/archivio\/avellino\/edilizia-scolastica-relazione-completa\/#breadcrumb"},"inLanguage":"it-IT","potentialAction":[{"@type":"ReadAction","target":["https:\/\/www.anteprima24.it\/archivio\/avellino\/edilizia-scolastica-relazione-completa\/"]}]},{"@type":"ImageObject","inLanguage":"it-IT","@id":"https:\/\/www.anteprima24.it\/archivio\/avellino\/edilizia-scolastica-relazione-completa\/#primaryimage","url":"https:\/\/www.anteprima24.it\/archivio\/wp-content\/uploads\/2017\/11\/Domenico-Gambacorta-e1509875336498.jpg","contentUrl":"https:\/\/www.anteprima24.it\/archivio\/wp-content\/uploads\/2017\/11\/Domenico-Gambacorta-e1509875336498.jpg","width":1200,"height":822},{"@type":"BreadcrumbList","@id":"https:\/\/www.anteprima24.it\/archivio\/avellino\/edilizia-scolastica-relazione-completa\/#breadcrumb","itemListElement":[{"@type":"ListItem","position":1,"name":"Home","item":"https:\/\/www.anteprima24.it\/archivio\/"},{"@type":"ListItem","position":2,"name":"Avellino, edilizia scolastica: la relazione completa della Provincia"}]},{"@type":"WebSite","@id":"https:\/\/www.anteprima24.it\/archivio\/#website","url":"https:\/\/www.anteprima24.it\/archivio\/","name":"Anteprima24.it","description":"","potentialAction":[{"@type":"SearchAction","target":{"@type":"EntryPoint","urlTemplate":"https:\/\/www.anteprima24.it\/archivio\/?s={search_term_string}"},"query-input":{"@type":"PropertyValueSpecification","valueRequired":true,"valueName":"search_term_string"}}],"inLanguage":"it-IT"},{"@type":"Person","@id":"https:\/\/www.anteprima24.it\/archivio\/#\/schema\/person\/82cb05184ce534850be490e88d61c793","name":"Redazione","image":{"@type":"ImageObject","inLanguage":"it-IT","@id":"https:\/\/www.anteprima24.it\/archivio\/#\/schema\/person\/image\/","url":"https:\/\/secure.gravatar.com\/avatar\/7b3d8f1c4b28bc2839d55e726cab88bfcfbc47e9a2e00ac362599ab1a5deaa44?s=96&d=mm&r=g","contentUrl":"https:\/\/secure.gravatar.com\/avatar\/7b3d8f1c4b28bc2839d55e726cab88bfcfbc47e9a2e00ac362599ab1a5deaa44?s=96&d=mm&r=g","caption":"Redazione"},"url":"https:\/\/www.anteprima24.it\/archivio\/author\/redazione\/"}]}},"_links":{"self":[{"href":"https:\/\/www.anteprima24.it\/archivio\/wp-json\/wp\/v2\/posts\/128104","targetHints":{"allow":["GET"]}}],"collection":[{"href":"https:\/\/www.anteprima24.it\/archivio\/wp-json\/wp\/v2\/posts"}],"about":[{"href":"https:\/\/www.anteprima24.it\/archivio\/wp-json\/wp\/v2\/types\/post"}],"author":[{"embeddable":true,"href":"https:\/\/www.anteprima24.it\/archivio\/wp-json\/wp\/v2\/users\/18"}],"replies":[{"embeddable":true,"href":"https:\/\/www.anteprima24.it\/archivio\/wp-json\/wp\/v2\/comments?post=128104"}],"version-history":[{"count":0,"href":"https:\/\/www.anteprima24.it\/archivio\/wp-json\/wp\/v2\/posts\/128104\/revisions"}],"wp:featuredmedia":[{"embeddable":true,"href":"https:\/\/www.anteprima24.it\/archivio\/wp-json\/wp\/v2\/media\/77715"}],"wp:attachment":[{"href":"https:\/\/www.anteprima24.it\/archivio\/wp-json\/wp\/v2\/media?parent=128104"}],"wp:term":[{"taxonomy":"category","embeddable":true,"href":"https:\/\/www.anteprima24.it\/archivio\/wp-json\/wp\/v2\/categories?post=128104"},{"taxonomy":"post_tag","embeddable":true,"href":"https:\/\/www.anteprima24.it\/archivio\/wp-json\/wp\/v2\/tags?post=128104"}],"curies":[{"name":"wp","href":"https:\/\/api.w.org\/{rel}","templated":true}]}}