{"id":132808,"date":"2018-02-26T11:15:31","date_gmt":"2018-02-26T10:15:31","guid":{"rendered":"http:\/\/www.anteprima24.it\/?p=132808"},"modified":"2018-02-26T12:02:36","modified_gmt":"2018-02-26T11:02:36","slug":"irpinia-burian-ofantina","status":"publish","type":"post","link":"https:\/\/www.anteprima24.it\/archivio\/avellino\/irpinia-burian-ofantina\/","title":{"rendered":"Irpinia innevata: Burian puntuale, allerta e disagi sull&#8217;Ofantina (FOTO)"},"content":{"rendered":"<span class=\"span-reading-time rt-reading-time\" style=\"display: block;\"><span class=\"rt-label rt-prefix\">Tempo di lettura: <\/span> <span class=\"rt-time\"> 2<\/span> <span class=\"rt-label rt-postfix\">minuti<\/span><\/span><p style=\"text-align: justify;\">Avellino &#8211; Nessuno ci credeva ma <strong>Burian<\/strong> \u00e8 arrivato cos\u00ec come previsto. Alle otto di questa mattina l&#8217;<strong>Irpinia<\/strong> era gi\u00e0 tutta coperta di neve. Dai primi fiocchi \u00e8 scattato il piano antineve. In prefettura la situazione \u00e8 costantemente monitorata. Gi\u00e0 da qualche ora&nbsp; il prefetto Maria<strong> Tirone<\/strong> \u00e8 in riunione con i vertici delle forze dell&#8217;ordine, i vertici delle protezione civile ed \u00e8 in stretto contatto con i comuni a cominciare dal capoluogo e con la <strong>Provincia<\/strong>.<\/p>\n<p style=\"text-align: justify;\">Questa notte su tutte le strade di <strong>Avellino<\/strong> il <strong>Comune<\/strong> ha provveduto a far spargere il sale dalle tre ditte preposte a questo intervento e che stanno operando con sei mezzi spargisale. Chiaramente solo a dieci centimetri di neve si potr\u00e0 procedere nuovamente a questo intervento.<\/p>\n<p style=\"text-align: justify;\"><img loading=\"lazy\" decoding=\"async\" class=\"size-medium wp-image-132887 alignright\" src=\"http:\/\/www.anteprima24.it\/wp-content\/uploads\/2018\/02\/neve-6-400x225.jpg\" alt=\"\" width=\"300\" height=\"169\" srcset=\"https:\/\/www.anteprima24.it\/archivio\/wp-content\/uploads\/2018\/02\/neve-6-400x225.jpg 400w, https:\/\/www.anteprima24.it\/archivio\/wp-content\/uploads\/2018\/02\/neve-6-250x141.jpg 250w, https:\/\/www.anteprima24.it\/archivio\/wp-content\/uploads\/2018\/02\/neve-6-768x432.jpg 768w, https:\/\/www.anteprima24.it\/archivio\/wp-content\/uploads\/2018\/02\/neve-6-650x365.jpg 650w, https:\/\/www.anteprima24.it\/archivio\/wp-content\/uploads\/2018\/02\/neve-6-30x17.jpg 30w, https:\/\/www.anteprima24.it\/archivio\/wp-content\/uploads\/2018\/02\/neve-6-150x84.jpg 150w, https:\/\/www.anteprima24.it\/archivio\/wp-content\/uploads\/2018\/02\/neve-6-50x28.jpg 50w, https:\/\/www.anteprima24.it\/archivio\/wp-content\/uploads\/2018\/02\/neve-6-100x56.jpg 100w, https:\/\/www.anteprima24.it\/archivio\/wp-content\/uploads\/2018\/02\/neve-6-200x112.jpg 200w, https:\/\/www.anteprima24.it\/archivio\/wp-content\/uploads\/2018\/02\/neve-6-300x169.jpg 300w, https:\/\/www.anteprima24.it\/archivio\/wp-content\/uploads\/2018\/02\/neve-6-350x197.jpg 350w, https:\/\/www.anteprima24.it\/archivio\/wp-content\/uploads\/2018\/02\/neve-6-450x253.jpg 450w, https:\/\/www.anteprima24.it\/archivio\/wp-content\/uploads\/2018\/02\/neve-6-500x281.jpg 500w, https:\/\/www.anteprima24.it\/archivio\/wp-content\/uploads\/2018\/02\/neve-6-550x309.jpg 550w, https:\/\/www.anteprima24.it\/archivio\/wp-content\/uploads\/2018\/02\/neve-6-800x450.jpg 800w, https:\/\/www.anteprima24.it\/archivio\/wp-content\/uploads\/2018\/02\/neve-6.jpg 900w\" sizes=\"auto, (max-width: 300px) 100vw, 300px\" \/><\/p>\n<p style=\"text-align: justify;\">Anche la <strong>Provincia<\/strong> \u00e8 attiva su tutte le strade di sua competenza con <strong>45<\/strong> mezzi su<strong> 1600<\/strong> km di satrade suddivisi i <strong>30<\/strong> sub ambiti.<\/p>\n<p style=\"text-align: justify;\">In riunione questa mattina il Sindaco Paolo<strong> Foti<\/strong> con l&#8217;assessore <strong>Preziosi<\/strong> e i responsabili dell&#8217;unit\u00e0 di crisi che rimarr\u00e0 allertata h24 e fino al termine dell&#8217;emergenza a Piazza del Popolo.<\/p>\n<p style=\"text-align: justify;\">Rallentato il traffico veicolare in citt\u00e0,&nbsp; ma i disagi appaiono ridotti.&nbsp; Ha aiutato la decisione di chiudere le scuole che sta assicurando la notevole riduzione del flusso quotidiano di mezzi, in modo partricolare di autobus, che circolano ad <strong>Avellino<\/strong> per accompagnare gli studenti pendolari.<\/p>\n<p style=\"text-align: justify;\">Sembra che l&#8217;<strong>Anas<\/strong> stia predisponendo la chiusura del tratto autostradale nei pressi dell&#8217;uscita del casello per <strong>Grottaminarda<\/strong>.<\/p>\n<p style=\"text-align: justify;\">Secondo le previstione meteo, fra qualche ora le precipitazioni nevose potrebbero lasciare il passo ad una pioggia abbondante, almeno a bassa quota.<\/p>\n<p style=\"text-align: justify;\">Sull&#8217;<strong>Ofantina<\/strong>, tuttavia, non mancano i problemi. Un autobus della <strong>Flixbus<\/strong> si \u00e8 messo di traverso sulla careggiata ostruendo la circolazione. Per fortuna gli automobilisti in transito sono riusciti a rallentare la marcia delle proprie autovetture e ad evitare il peggio. Anche&nbsp; un tir si \u00e8 ribaltato a causa del fondo ghiacciato (come mostrano le foto tratte da <strong>facebook<\/strong>). Sul posto sono al lavoro le unit\u00e0 dei vigili del fuoco dei distaccamenti di Avellino e di Grottaminarda per cercare di liberare la strada, al momento si registra il blocco della circolazione veicolare.<\/p>\n<p><img loading=\"lazy\" decoding=\"async\" class=\"alignnone size-medium wp-image-132899\" src=\"http:\/\/www.anteprima24.it\/wp-content\/uploads\/2018\/02\/Autobus-girato-400x300.jpeg\" alt=\"\" width=\"300\" height=\"225\" srcset=\"https:\/\/www.anteprima24.it\/archivio\/wp-content\/uploads\/2018\/02\/Autobus-girato-400x300.jpeg 400w, https:\/\/www.anteprima24.it\/archivio\/wp-content\/uploads\/2018\/02\/Autobus-girato-250x188.jpeg 250w, https:\/\/www.anteprima24.it\/archivio\/wp-content\/uploads\/2018\/02\/Autobus-girato-768x576.jpeg 768w, https:\/\/www.anteprima24.it\/archivio\/wp-content\/uploads\/2018\/02\/Autobus-girato-650x488.jpeg 650w, https:\/\/www.anteprima24.it\/archivio\/wp-content\/uploads\/2018\/02\/Autobus-girato-30x23.jpeg 30w, https:\/\/www.anteprima24.it\/archivio\/wp-content\/uploads\/2018\/02\/Autobus-girato-150x113.jpeg 150w, https:\/\/www.anteprima24.it\/archivio\/wp-content\/uploads\/2018\/02\/Autobus-girato-50x38.jpeg 50w, https:\/\/www.anteprima24.it\/archivio\/wp-content\/uploads\/2018\/02\/Autobus-girato-100x75.jpeg 100w, https:\/\/www.anteprima24.it\/archivio\/wp-content\/uploads\/2018\/02\/Autobus-girato-200x150.jpeg 200w, https:\/\/www.anteprima24.it\/archivio\/wp-content\/uploads\/2018\/02\/Autobus-girato-300x225.jpeg 300w, https:\/\/www.anteprima24.it\/archivio\/wp-content\/uploads\/2018\/02\/Autobus-girato-350x263.jpeg 350w, https:\/\/www.anteprima24.it\/archivio\/wp-content\/uploads\/2018\/02\/Autobus-girato-450x338.jpeg 450w, https:\/\/www.anteprima24.it\/archivio\/wp-content\/uploads\/2018\/02\/Autobus-girato-500x375.jpeg 500w, https:\/\/www.anteprima24.it\/archivio\/wp-content\/uploads\/2018\/02\/Autobus-girato-550x413.jpeg 550w, https:\/\/www.anteprima24.it\/archivio\/wp-content\/uploads\/2018\/02\/Autobus-girato-800x600.jpeg 800w, https:\/\/www.anteprima24.it\/archivio\/wp-content\/uploads\/2018\/02\/Autobus-girato.jpeg 960w\" sizes=\"auto, (max-width: 300px) 100vw, 300px\" \/> <img loading=\"lazy\" decoding=\"async\" class=\"alignnone size-medium wp-image-132900\" src=\"http:\/\/www.anteprima24.it\/wp-content\/uploads\/2018\/02\/Irpinia-innevata-02-400x225.jpg\" alt=\"\" width=\"300\" height=\"169\" srcset=\"https:\/\/www.anteprima24.it\/archivio\/wp-content\/uploads\/2018\/02\/Irpinia-innevata-02-400x225.jpg 400w, https:\/\/www.anteprima24.it\/archivio\/wp-content\/uploads\/2018\/02\/Irpinia-innevata-02-250x141.jpg 250w, https:\/\/www.anteprima24.it\/archivio\/wp-content\/uploads\/2018\/02\/Irpinia-innevata-02-768x432.jpg 768w, https:\/\/www.anteprima24.it\/archivio\/wp-content\/uploads\/2018\/02\/Irpinia-innevata-02-650x366.jpg 650w, https:\/\/www.anteprima24.it\/archivio\/wp-content\/uploads\/2018\/02\/Irpinia-innevata-02-30x17.jpg 30w, https:\/\/www.anteprima24.it\/archivio\/wp-content\/uploads\/2018\/02\/Irpinia-innevata-02-150x84.jpg 150w, https:\/\/www.anteprima24.it\/archivio\/wp-content\/uploads\/2018\/02\/Irpinia-innevata-02-50x28.jpg 50w, https:\/\/www.anteprima24.it\/archivio\/wp-content\/uploads\/2018\/02\/Irpinia-innevata-02-100x56.jpg 100w, https:\/\/www.anteprima24.it\/archivio\/wp-content\/uploads\/2018\/02\/Irpinia-innevata-02-200x113.jpg 200w, https:\/\/www.anteprima24.it\/archivio\/wp-content\/uploads\/2018\/02\/Irpinia-innevata-02-300x169.jpg 300w, https:\/\/www.anteprima24.it\/archivio\/wp-content\/uploads\/2018\/02\/Irpinia-innevata-02-350x197.jpg 350w, https:\/\/www.anteprima24.it\/archivio\/wp-content\/uploads\/2018\/02\/Irpinia-innevata-02-450x253.jpg 450w, https:\/\/www.anteprima24.it\/archivio\/wp-content\/uploads\/2018\/02\/Irpinia-innevata-02-500x281.jpg 500w, https:\/\/www.anteprima24.it\/archivio\/wp-content\/uploads\/2018\/02\/Irpinia-innevata-02-550x309.jpg 550w, https:\/\/www.anteprima24.it\/archivio\/wp-content\/uploads\/2018\/02\/Irpinia-innevata-02-800x450.jpg 800w, https:\/\/www.anteprima24.it\/archivio\/wp-content\/uploads\/2018\/02\/Irpinia-innevata-02-1200x675.jpg 1200w, https:\/\/www.anteprima24.it\/archivio\/wp-content\/uploads\/2018\/02\/Irpinia-innevata-02.jpg 1600w\" sizes=\"auto, (max-width: 300px) 100vw, 300px\" \/> <img loading=\"lazy\" decoding=\"async\" class=\"alignnone size-medium wp-image-132902\" src=\"http:\/\/www.anteprima24.it\/wp-content\/uploads\/2018\/02\/Tir-ribaltato-400x670.jpeg\" alt=\"\" width=\"179\" height=\"300\" srcset=\"https:\/\/www.anteprima24.it\/archivio\/wp-content\/uploads\/2018\/02\/Tir-ribaltato-400x670.jpeg 400w, https:\/\/www.anteprima24.it\/archivio\/wp-content\/uploads\/2018\/02\/Tir-ribaltato-250x419.jpeg 250w, https:\/\/www.anteprima24.it\/archivio\/wp-content\/uploads\/2018\/02\/Tir-ribaltato-18x30.jpeg 18w, https:\/\/www.anteprima24.it\/archivio\/wp-content\/uploads\/2018\/02\/Tir-ribaltato-150x251.jpeg 150w, https:\/\/www.anteprima24.it\/archivio\/wp-content\/uploads\/2018\/02\/Tir-ribaltato-50x84.jpeg 50w, https:\/\/www.anteprima24.it\/archivio\/wp-content\/uploads\/2018\/02\/Tir-ribaltato-100x168.jpeg 100w, https:\/\/www.anteprima24.it\/archivio\/wp-content\/uploads\/2018\/02\/Tir-ribaltato-200x335.jpeg 200w, https:\/\/www.anteprima24.it\/archivio\/wp-content\/uploads\/2018\/02\/Tir-ribaltato-300x503.jpeg 300w, https:\/\/www.anteprima24.it\/archivio\/wp-content\/uploads\/2018\/02\/Tir-ribaltato-350x587.jpeg 350w, https:\/\/www.anteprima24.it\/archivio\/wp-content\/uploads\/2018\/02\/Tir-ribaltato-450x754.jpeg 450w, https:\/\/www.anteprima24.it\/archivio\/wp-content\/uploads\/2018\/02\/Tir-ribaltato-500x838.jpeg 500w, https:\/\/www.anteprima24.it\/archivio\/wp-content\/uploads\/2018\/02\/Tir-ribaltato.jpeg 540w\" sizes=\"auto, (max-width: 179px) 100vw, 179px\" \/><\/p>\n","protected":false},"excerpt":{"rendered":"<p>Avellino &#8211; Nessuno ci credeva ma Burian \u00e8 arrivato cos\u00ec come previsto. Alle otto di questa mattina l&#8217;Irpinia era gi\u00e0 tutta coperta di neve. Dai primi fiocchi \u00e8 scattato il piano antineve. In prefettura la situazione \u00e8 costantemente monitorata. Gi\u00e0 da qualche ora&nbsp; il prefetto Maria Tirone \u00e8 in riunione con i vertici delle forze [&hellip;]<\/p>\n","protected":false},"author":25,"featured_media":132886,"comment_status":"open","ping_status":"open","sticky":false,"template":"","format":"standard","meta":{"_monsterinsights_skip_tracking":false,"_monsterinsights_sitenote_active":false,"_monsterinsights_sitenote_note":"","_monsterinsights_sitenote_category":0,"ngg_post_thumbnail":0,"footnotes":""},"categories":[1380,4,788],"tags":[19901,378,1063,48,14751,3393],"class_list":{"0":"post-132808","1":"post","2":"type-post","3":"status-publish","4":"format-standard","5":"has-post-thumbnail","7":"category-attualita-avellino","8":"category-avellino","9":"category-primo-piano-avellino","10":"tag-burian","11":"tag-emergenza","12":"tag-irpinia","13":"tag-neve","14":"tag-ofantina","15":"tag-piano"},"yoast_head":"<!-- This site is optimized with the Yoast SEO plugin v26.8 - https:\/\/yoast.com\/product\/yoast-seo-wordpress\/ -->\n<title>Irpinia innevata: Burian puntuale, allerta e disagi sull&#039;Ofantina (FOTO)<\/title>\n<meta name=\"description\" content=\"Irpinia innevata. E&#039; scattato il piano antineve. In prefettira attivato il tavolo per l&#039;emergenza. In citt\u00e0 al lavoro gli saprgisale e su tutta la provincia impegnati 45 mezzi\" \/>\n<meta name=\"robots\" content=\"index, follow, max-snippet:-1, max-image-preview:large, max-video-preview:-1\" \/>\n<link rel=\"canonical\" href=\"https:\/\/www.anteprima24.it\/archivio\/avellino\/irpinia-burian-ofantina\/\" \/>\n<meta property=\"og:locale\" content=\"it_IT\" \/>\n<meta property=\"og:type\" content=\"article\" \/>\n<meta property=\"og:title\" content=\"Irpinia innevata: Burian puntuale, allerta e disagi sull&#039;Ofantina (FOTO)\" \/>\n<meta property=\"og:description\" content=\"Irpinia innevata. E&#039; scattato il piano antineve. In prefettira attivato il tavolo per l&#039;emergenza. In citt\u00e0 al lavoro gli saprgisale e su tutta la provincia impegnati 45 mezzi\" \/>\n<meta property=\"og:url\" content=\"https:\/\/www.anteprima24.it\/archivio\/avellino\/irpinia-burian-ofantina\/\" \/>\n<meta property=\"og:site_name\" content=\"Anteprima24.it\" \/>\n<meta property=\"article:published_time\" content=\"2018-02-26T10:15:31+00:00\" \/>\n<meta property=\"article:modified_time\" content=\"2018-02-26T11:02:36+00:00\" \/>\n<meta property=\"og:image\" content=\"https:\/\/www.anteprima24.it\/archivio\/wp-content\/uploads\/2018\/02\/neve1.jpg\" \/>\n\t<meta property=\"og:image:width\" content=\"900\" \/>\n\t<meta property=\"og:image:height\" content=\"506\" \/>\n\t<meta property=\"og:image:type\" content=\"image\/jpeg\" \/>\n<meta name=\"author\" content=\"Paola Ricciarelli\" \/>\n<meta name=\"twitter:card\" content=\"summary_large_image\" \/>\n<meta name=\"twitter:label1\" content=\"Scritto da\" \/>\n\t<meta name=\"twitter:data1\" content=\"Paola Ricciarelli\" \/>\n\t<meta name=\"twitter:label2\" content=\"Tempo di lettura stimato\" \/>\n\t<meta name=\"twitter:data2\" content=\"2 minuti\" \/>\n<script type=\"application\/ld+json\" class=\"yoast-schema-graph\">{\"@context\":\"https:\/\/schema.org\",\"@graph\":[{\"@type\":\"Article\",\"@id\":\"https:\/\/www.anteprima24.it\/archivio\/avellino\/irpinia-burian-ofantina\/#article\",\"isPartOf\":{\"@id\":\"https:\/\/www.anteprima24.it\/archivio\/avellino\/irpinia-burian-ofantina\/\"},\"author\":{\"name\":\"Paola Ricciarelli\",\"@id\":\"https:\/\/www.anteprima24.it\/archivio\/#\/schema\/person\/6bef30886cb2d9a0960471ab12d3c4ae\"},\"headline\":\"Irpinia innevata: Burian puntuale, allerta e disagi sull&#8217;Ofantina (FOTO)\",\"datePublished\":\"2018-02-26T10:15:31+00:00\",\"dateModified\":\"2018-02-26T11:02:36+00:00\",\"mainEntityOfPage\":{\"@id\":\"https:\/\/www.anteprima24.it\/archivio\/avellino\/irpinia-burian-ofantina\/\"},\"wordCount\":363,\"commentCount\":0,\"image\":{\"@id\":\"https:\/\/www.anteprima24.it\/archivio\/avellino\/irpinia-burian-ofantina\/#primaryimage\"},\"thumbnailUrl\":\"https:\/\/www.anteprima24.it\/archivio\/wp-content\/uploads\/2018\/02\/neve1.jpg\",\"keywords\":[\"Burian\",\"emergenza\",\"Irpinia\",\"neve\",\"Ofantina\",\"piano\"],\"articleSection\":[\"Attualit\u00e0 Avellino\",\"Avellino\",\"Primo Piano Avellino\"],\"inLanguage\":\"it-IT\",\"potentialAction\":[{\"@type\":\"CommentAction\",\"name\":\"Comment\",\"target\":[\"https:\/\/www.anteprima24.it\/archivio\/avellino\/irpinia-burian-ofantina\/#respond\"]}]},{\"@type\":\"WebPage\",\"@id\":\"https:\/\/www.anteprima24.it\/archivio\/avellino\/irpinia-burian-ofantina\/\",\"url\":\"https:\/\/www.anteprima24.it\/archivio\/avellino\/irpinia-burian-ofantina\/\",\"name\":\"Irpinia innevata: Burian puntuale, allerta e disagi sull'Ofantina (FOTO)\",\"isPartOf\":{\"@id\":\"https:\/\/www.anteprima24.it\/archivio\/#website\"},\"primaryImageOfPage\":{\"@id\":\"https:\/\/www.anteprima24.it\/archivio\/avellino\/irpinia-burian-ofantina\/#primaryimage\"},\"image\":{\"@id\":\"https:\/\/www.anteprima24.it\/archivio\/avellino\/irpinia-burian-ofantina\/#primaryimage\"},\"thumbnailUrl\":\"https:\/\/www.anteprima24.it\/archivio\/wp-content\/uploads\/2018\/02\/neve1.jpg\",\"datePublished\":\"2018-02-26T10:15:31+00:00\",\"dateModified\":\"2018-02-26T11:02:36+00:00\",\"author\":{\"@id\":\"https:\/\/www.anteprima24.it\/archivio\/#\/schema\/person\/6bef30886cb2d9a0960471ab12d3c4ae\"},\"description\":\"Irpinia innevata. E' scattato il piano antineve. In prefettira attivato il tavolo per l'emergenza. In citt\u00e0 al lavoro gli saprgisale e su tutta la provincia impegnati 45 mezzi\",\"breadcrumb\":{\"@id\":\"https:\/\/www.anteprima24.it\/archivio\/avellino\/irpinia-burian-ofantina\/#breadcrumb\"},\"inLanguage\":\"it-IT\",\"potentialAction\":[{\"@type\":\"ReadAction\",\"target\":[\"https:\/\/www.anteprima24.it\/archivio\/avellino\/irpinia-burian-ofantina\/\"]}]},{\"@type\":\"ImageObject\",\"inLanguage\":\"it-IT\",\"@id\":\"https:\/\/www.anteprima24.it\/archivio\/avellino\/irpinia-burian-ofantina\/#primaryimage\",\"url\":\"https:\/\/www.anteprima24.it\/archivio\/wp-content\/uploads\/2018\/02\/neve1.jpg\",\"contentUrl\":\"https:\/\/www.anteprima24.it\/archivio\/wp-content\/uploads\/2018\/02\/neve1.jpg\",\"width\":900,\"height\":506},{\"@type\":\"BreadcrumbList\",\"@id\":\"https:\/\/www.anteprima24.it\/archivio\/avellino\/irpinia-burian-ofantina\/#breadcrumb\",\"itemListElement\":[{\"@type\":\"ListItem\",\"position\":1,\"name\":\"Home\",\"item\":\"https:\/\/www.anteprima24.it\/archivio\/\"},{\"@type\":\"ListItem\",\"position\":2,\"name\":\"Irpinia innevata: Burian puntuale, allerta e disagi sull&#8217;Ofantina (FOTO)\"}]},{\"@type\":\"WebSite\",\"@id\":\"https:\/\/www.anteprima24.it\/archivio\/#website\",\"url\":\"https:\/\/www.anteprima24.it\/archivio\/\",\"name\":\"Anteprima24.it\",\"description\":\"\",\"potentialAction\":[{\"@type\":\"SearchAction\",\"target\":{\"@type\":\"EntryPoint\",\"urlTemplate\":\"https:\/\/www.anteprima24.it\/archivio\/?s={search_term_string}\"},\"query-input\":{\"@type\":\"PropertyValueSpecification\",\"valueRequired\":true,\"valueName\":\"search_term_string\"}}],\"inLanguage\":\"it-IT\"},{\"@type\":\"Person\",\"@id\":\"https:\/\/www.anteprima24.it\/archivio\/#\/schema\/person\/6bef30886cb2d9a0960471ab12d3c4ae\",\"name\":\"Paola Ricciarelli\",\"image\":{\"@type\":\"ImageObject\",\"inLanguage\":\"it-IT\",\"@id\":\"https:\/\/www.anteprima24.it\/archivio\/#\/schema\/person\/image\/\",\"url\":\"https:\/\/secure.gravatar.com\/avatar\/cffb04e317029dc9edb33c1475497c3a84618c115d9e14d513cc204dae1bad2f?s=96&d=mm&r=g\",\"contentUrl\":\"https:\/\/secure.gravatar.com\/avatar\/cffb04e317029dc9edb33c1475497c3a84618c115d9e14d513cc204dae1bad2f?s=96&d=mm&r=g\",\"caption\":\"Paola Ricciarelli\"},\"url\":\"https:\/\/www.anteprima24.it\/archivio\/author\/paola-ricciarelli\/\"}]}<\/script>\n<!-- \/ Yoast SEO plugin. -->","yoast_head_json":{"title":"Irpinia innevata: Burian puntuale, allerta e disagi sull'Ofantina (FOTO)","description":"Irpinia innevata. E' scattato il piano antineve. In prefettira attivato il tavolo per l'emergenza. In citt\u00e0 al lavoro gli saprgisale e su tutta la provincia impegnati 45 mezzi","robots":{"index":"index","follow":"follow","max-snippet":"max-snippet:-1","max-image-preview":"max-image-preview:large","max-video-preview":"max-video-preview:-1"},"canonical":"https:\/\/www.anteprima24.it\/archivio\/avellino\/irpinia-burian-ofantina\/","og_locale":"it_IT","og_type":"article","og_title":"Irpinia innevata: Burian puntuale, allerta e disagi sull'Ofantina (FOTO)","og_description":"Irpinia innevata. E' scattato il piano antineve. In prefettira attivato il tavolo per l'emergenza. In citt\u00e0 al lavoro gli saprgisale e su tutta la provincia impegnati 45 mezzi","og_url":"https:\/\/www.anteprima24.it\/archivio\/avellino\/irpinia-burian-ofantina\/","og_site_name":"Anteprima24.it","article_published_time":"2018-02-26T10:15:31+00:00","article_modified_time":"2018-02-26T11:02:36+00:00","og_image":[{"width":900,"height":506,"url":"https:\/\/www.anteprima24.it\/archivio\/wp-content\/uploads\/2018\/02\/neve1.jpg","type":"image\/jpeg"}],"author":"Paola Ricciarelli","twitter_card":"summary_large_image","twitter_misc":{"Scritto da":"Paola Ricciarelli","Tempo di lettura stimato":"2 minuti"},"schema":{"@context":"https:\/\/schema.org","@graph":[{"@type":"Article","@id":"https:\/\/www.anteprima24.it\/archivio\/avellino\/irpinia-burian-ofantina\/#article","isPartOf":{"@id":"https:\/\/www.anteprima24.it\/archivio\/avellino\/irpinia-burian-ofantina\/"},"author":{"name":"Paola Ricciarelli","@id":"https:\/\/www.anteprima24.it\/archivio\/#\/schema\/person\/6bef30886cb2d9a0960471ab12d3c4ae"},"headline":"Irpinia innevata: Burian puntuale, allerta e disagi sull&#8217;Ofantina (FOTO)","datePublished":"2018-02-26T10:15:31+00:00","dateModified":"2018-02-26T11:02:36+00:00","mainEntityOfPage":{"@id":"https:\/\/www.anteprima24.it\/archivio\/avellino\/irpinia-burian-ofantina\/"},"wordCount":363,"commentCount":0,"image":{"@id":"https:\/\/www.anteprima24.it\/archivio\/avellino\/irpinia-burian-ofantina\/#primaryimage"},"thumbnailUrl":"https:\/\/www.anteprima24.it\/archivio\/wp-content\/uploads\/2018\/02\/neve1.jpg","keywords":["Burian","emergenza","Irpinia","neve","Ofantina","piano"],"articleSection":["Attualit\u00e0 Avellino","Avellino","Primo Piano Avellino"],"inLanguage":"it-IT","potentialAction":[{"@type":"CommentAction","name":"Comment","target":["https:\/\/www.anteprima24.it\/archivio\/avellino\/irpinia-burian-ofantina\/#respond"]}]},{"@type":"WebPage","@id":"https:\/\/www.anteprima24.it\/archivio\/avellino\/irpinia-burian-ofantina\/","url":"https:\/\/www.anteprima24.it\/archivio\/avellino\/irpinia-burian-ofantina\/","name":"Irpinia innevata: Burian puntuale, allerta e disagi sull'Ofantina (FOTO)","isPartOf":{"@id":"https:\/\/www.anteprima24.it\/archivio\/#website"},"primaryImageOfPage":{"@id":"https:\/\/www.anteprima24.it\/archivio\/avellino\/irpinia-burian-ofantina\/#primaryimage"},"image":{"@id":"https:\/\/www.anteprima24.it\/archivio\/avellino\/irpinia-burian-ofantina\/#primaryimage"},"thumbnailUrl":"https:\/\/www.anteprima24.it\/archivio\/wp-content\/uploads\/2018\/02\/neve1.jpg","datePublished":"2018-02-26T10:15:31+00:00","dateModified":"2018-02-26T11:02:36+00:00","author":{"@id":"https:\/\/www.anteprima24.it\/archivio\/#\/schema\/person\/6bef30886cb2d9a0960471ab12d3c4ae"},"description":"Irpinia innevata. E' scattato il piano antineve. In prefettira attivato il tavolo per l'emergenza. In citt\u00e0 al lavoro gli saprgisale e su tutta la provincia impegnati 45 mezzi","breadcrumb":{"@id":"https:\/\/www.anteprima24.it\/archivio\/avellino\/irpinia-burian-ofantina\/#breadcrumb"},"inLanguage":"it-IT","potentialAction":[{"@type":"ReadAction","target":["https:\/\/www.anteprima24.it\/archivio\/avellino\/irpinia-burian-ofantina\/"]}]},{"@type":"ImageObject","inLanguage":"it-IT","@id":"https:\/\/www.anteprima24.it\/archivio\/avellino\/irpinia-burian-ofantina\/#primaryimage","url":"https:\/\/www.anteprima24.it\/archivio\/wp-content\/uploads\/2018\/02\/neve1.jpg","contentUrl":"https:\/\/www.anteprima24.it\/archivio\/wp-content\/uploads\/2018\/02\/neve1.jpg","width":900,"height":506},{"@type":"BreadcrumbList","@id":"https:\/\/www.anteprima24.it\/archivio\/avellino\/irpinia-burian-ofantina\/#breadcrumb","itemListElement":[{"@type":"ListItem","position":1,"name":"Home","item":"https:\/\/www.anteprima24.it\/archivio\/"},{"@type":"ListItem","position":2,"name":"Irpinia innevata: Burian puntuale, allerta e disagi sull&#8217;Ofantina (FOTO)"}]},{"@type":"WebSite","@id":"https:\/\/www.anteprima24.it\/archivio\/#website","url":"https:\/\/www.anteprima24.it\/archivio\/","name":"Anteprima24.it","description":"","potentialAction":[{"@type":"SearchAction","target":{"@type":"EntryPoint","urlTemplate":"https:\/\/www.anteprima24.it\/archivio\/?s={search_term_string}"},"query-input":{"@type":"PropertyValueSpecification","valueRequired":true,"valueName":"search_term_string"}}],"inLanguage":"it-IT"},{"@type":"Person","@id":"https:\/\/www.anteprima24.it\/archivio\/#\/schema\/person\/6bef30886cb2d9a0960471ab12d3c4ae","name":"Paola Ricciarelli","image":{"@type":"ImageObject","inLanguage":"it-IT","@id":"https:\/\/www.anteprima24.it\/archivio\/#\/schema\/person\/image\/","url":"https:\/\/secure.gravatar.com\/avatar\/cffb04e317029dc9edb33c1475497c3a84618c115d9e14d513cc204dae1bad2f?s=96&d=mm&r=g","contentUrl":"https:\/\/secure.gravatar.com\/avatar\/cffb04e317029dc9edb33c1475497c3a84618c115d9e14d513cc204dae1bad2f?s=96&d=mm&r=g","caption":"Paola Ricciarelli"},"url":"https:\/\/www.anteprima24.it\/archivio\/author\/paola-ricciarelli\/"}]}},"_links":{"self":[{"href":"https:\/\/www.anteprima24.it\/archivio\/wp-json\/wp\/v2\/posts\/132808","targetHints":{"allow":["GET"]}}],"collection":[{"href":"https:\/\/www.anteprima24.it\/archivio\/wp-json\/wp\/v2\/posts"}],"about":[{"href":"https:\/\/www.anteprima24.it\/archivio\/wp-json\/wp\/v2\/types\/post"}],"author":[{"embeddable":true,"href":"https:\/\/www.anteprima24.it\/archivio\/wp-json\/wp\/v2\/users\/25"}],"replies":[{"embeddable":true,"href":"https:\/\/www.anteprima24.it\/archivio\/wp-json\/wp\/v2\/comments?post=132808"}],"version-history":[{"count":0,"href":"https:\/\/www.anteprima24.it\/archivio\/wp-json\/wp\/v2\/posts\/132808\/revisions"}],"wp:featuredmedia":[{"embeddable":true,"href":"https:\/\/www.anteprima24.it\/archivio\/wp-json\/wp\/v2\/media\/132886"}],"wp:attachment":[{"href":"https:\/\/www.anteprima24.it\/archivio\/wp-json\/wp\/v2\/media?parent=132808"}],"wp:term":[{"taxonomy":"category","embeddable":true,"href":"https:\/\/www.anteprima24.it\/archivio\/wp-json\/wp\/v2\/categories?post=132808"},{"taxonomy":"post_tag","embeddable":true,"href":"https:\/\/www.anteprima24.it\/archivio\/wp-json\/wp\/v2\/tags?post=132808"}],"curies":[{"name":"wp","href":"https:\/\/api.w.org\/{rel}","templated":true}]}}