{"id":138645,"date":"2018-03-11T09:41:25","date_gmt":"2018-03-11T08:41:25","guid":{"rendered":"http:\/\/www.anteprima24.it\/?p=138645"},"modified":"2018-03-11T09:41:25","modified_gmt":"2018-03-11T08:41:25","slug":"inter-napoli-probabili-formazioni","status":"publish","type":"post","link":"https:\/\/www.anteprima24.it\/archivio\/napoli\/inter-napoli-probabili-formazioni\/","title":{"rendered":"Il Napoli a Milano per rialzare la testa: le probabili formazioni"},"content":{"rendered":"<span class=\"span-reading-time rt-reading-time\" style=\"display: block;\"><span class=\"rt-label rt-prefix\">Tempo di lettura: <\/span> <span class=\"rt-time\"> &lt; 1<\/span> <span class=\"rt-label rt-postfix\">minuto<\/span><\/span><p style=\"text-align: justify;\">Napoli &#8211; Tutto pronto a San Siro per il&nbsp; big match tra <strong>Inter<\/strong> e <strong>Napoli<\/strong>. Appuntamento&nbsp;da non fallire per gli azzurri di Maurizio<strong> Sarri<\/strong> per continuare a sognare lo Scudetto. L&#8217;allenatore non ha alcun dubbio. L\u2019unica novit\u00e0 rispetto alla gara con la<strong> Roma<\/strong> \u00e8 rappresentata da <strong>Hamsik<\/strong>, che rientrer\u00e0 dal primo minuto, rispedendo <strong>Zielinski<\/strong> in panchina. Il tecnico avr\u00e0&nbsp; a disposizione anche la carta&nbsp;<strong>Milik<\/strong>, ormai recuperato.<\/p>\n<p style=\"text-align: justify;\"><strong>Inter &#8211;<\/strong> Handanovic; Cancelo, Skriniar, Miranda, D\u2019Ambrosio; Vecino, Borja Valero; Candreva, Rafinha, Perisic; Icardi. A disp.:&nbsp;Padelli, Pissardo, Gagliardini, Lisandro Lopez, Santon, Dalbert, Emmers, Brozovic, Karamoh, Eder. All.: Spalletti<\/p>\n<p style=\"text-align: justify;\"><strong>Napoli &#8211;<\/strong> Reina; Hysaj, Koulibaly, Albiol, Mario Rui; Allan, Jorginho, Hamsik; Callejon, Mertens, Insigne. A disp.: Rafael, Sepe, Chiriches, Maggio, Tonelli, Milic, Zielinski, Diawara, Rog, Machach, Ounas, Milik.&nbsp;All.: Sarri<\/p>\n","protected":false},"excerpt":{"rendered":"<p>Napoli &#8211; Tutto pronto a San Siro per il&nbsp; big match tra Inter e Napoli. Appuntamento&nbsp;da non fallire per gli azzurri di Maurizio Sarri per continuare a sognare lo Scudetto. L&#8217;allenatore non ha alcun dubbio. L\u2019unica novit\u00e0 rispetto alla gara con la Roma \u00e8 rappresentata da Hamsik, che rientrer\u00e0 dal primo minuto, rispedendo Zielinski in [&hellip;]<\/p>\n","protected":false},"author":28,"featured_media":70787,"comment_status":"open","ping_status":"open","sticky":false,"template":"","format":"standard","meta":{"_monsterinsights_skip_tracking":false,"_monsterinsights_sitenote_active":false,"_monsterinsights_sitenote_note":"","_monsterinsights_sitenote_category":0,"ngg_post_thumbnail":0,"footnotes":""},"categories":[6,271,7543,1199,1396,275],"tags":[1193,2301,306,8024,3269,307,10935],"class_list":{"0":"post-138645","1":"post","2":"type-post","3":"status-publish","4":"format-standard","5":"has-post-thumbnail","7":"category-napoli","8":"category-regione","9":"category-serie-a-sport-napoli","10":"category-serie-a","11":"category-sport-napoli","12":"category-sport","13":"tag-campionato","14":"tag-inter","15":"tag-napoli","16":"tag-probabili-formazioni","17":"tag-sarri","18":"tag-serie-a","19":"tag-spalletti"},"yoast_head":"<!-- This site is optimized with the Yoast SEO plugin v26.8 - https:\/\/yoast.com\/product\/yoast-seo-wordpress\/ -->\n<title>Il Napoli a Milano per rialzare la testa: le probabili formazioni<\/title>\n<meta name=\"description\" content=\"Tutto pronto a San Siro per il\u00a0 big match tra Inter e Napoli. Appuntamento\u00a0da non fallire per gli azzurri di Maurizio Sarri per continuare a sognare lo Scudetto\" \/>\n<meta name=\"robots\" content=\"index, follow, max-snippet:-1, max-image-preview:large, max-video-preview:-1\" \/>\n<link rel=\"canonical\" href=\"https:\/\/www.anteprima24.it\/archivio\/napoli\/inter-napoli-probabili-formazioni\/\" \/>\n<meta property=\"og:locale\" content=\"it_IT\" \/>\n<meta property=\"og:type\" content=\"article\" \/>\n<meta property=\"og:title\" content=\"Il Napoli a Milano per rialzare la testa: le probabili formazioni\" \/>\n<meta property=\"og:description\" content=\"Tutto pronto a San Siro per il\u00a0 big match tra Inter e Napoli. Appuntamento\u00a0da non fallire per gli azzurri di Maurizio Sarri per continuare a sognare lo Scudetto\" \/>\n<meta property=\"og:url\" content=\"https:\/\/www.anteprima24.it\/archivio\/napoli\/inter-napoli-probabili-formazioni\/\" \/>\n<meta property=\"og:site_name\" content=\"Anteprima24.it\" \/>\n<meta property=\"article:author\" content=\"https:\/\/www.facebook.com\/nello.ma.9\/\" \/>\n<meta property=\"article:published_time\" content=\"2018-03-11T08:41:25+00:00\" \/>\n<meta property=\"og:image\" content=\"https:\/\/www.anteprima24.it\/archivio\/wp-content\/uploads\/2017\/10\/143649096-4878944d-4371-4a4e-b9c7-0f576b201e8c.jpg\" \/>\n\t<meta property=\"og:image:width\" content=\"728\" \/>\n\t<meta property=\"og:image:height\" content=\"410\" \/>\n\t<meta property=\"og:image:type\" content=\"image\/jpeg\" \/>\n<meta name=\"author\" content=\"Nello Marra\" \/>\n<meta name=\"twitter:card\" content=\"summary_large_image\" \/>\n<meta name=\"twitter:creator\" content=\"@https:\/\/twitter.com\/NelloMarra1990\" \/>\n<meta name=\"twitter:label1\" content=\"Scritto da\" \/>\n\t<meta name=\"twitter:data1\" content=\"Nello Marra\" \/>\n\t<meta name=\"twitter:label2\" content=\"Tempo di lettura stimato\" \/>\n\t<meta name=\"twitter:data2\" content=\"1 minuto\" \/>\n<script type=\"application\/ld+json\" class=\"yoast-schema-graph\">{\"@context\":\"https:\/\/schema.org\",\"@graph\":[{\"@type\":\"Article\",\"@id\":\"https:\/\/www.anteprima24.it\/archivio\/napoli\/inter-napoli-probabili-formazioni\/#article\",\"isPartOf\":{\"@id\":\"https:\/\/www.anteprima24.it\/archivio\/napoli\/inter-napoli-probabili-formazioni\/\"},\"author\":{\"name\":\"Nello Marra\",\"@id\":\"https:\/\/www.anteprima24.it\/archivio\/#\/schema\/person\/dd30f6748e5901ccd2f127bbbbac6f65\"},\"headline\":\"Il Napoli a Milano per rialzare la testa: le probabili formazioni\",\"datePublished\":\"2018-03-11T08:41:25+00:00\",\"mainEntityOfPage\":{\"@id\":\"https:\/\/www.anteprima24.it\/archivio\/napoli\/inter-napoli-probabili-formazioni\/\"},\"wordCount\":146,\"commentCount\":0,\"image\":{\"@id\":\"https:\/\/www.anteprima24.it\/archivio\/napoli\/inter-napoli-probabili-formazioni\/#primaryimage\"},\"thumbnailUrl\":\"https:\/\/www.anteprima24.it\/archivio\/wp-content\/uploads\/2017\/10\/143649096-4878944d-4371-4a4e-b9c7-0f576b201e8c.jpg\",\"keywords\":[\"Campionato\",\"Inter\",\"Napoli\",\"probabili formazioni\",\"Sarri\",\"Serie A\",\"Spalletti\"],\"articleSection\":[\"Napoli\",\"Regione\",\"Serie A Napoli\",\"Serie A Regione\",\"Sport Napoli\",\"Sport Regione\"],\"inLanguage\":\"it-IT\",\"potentialAction\":[{\"@type\":\"CommentAction\",\"name\":\"Comment\",\"target\":[\"https:\/\/www.anteprima24.it\/archivio\/napoli\/inter-napoli-probabili-formazioni\/#respond\"]}]},{\"@type\":\"WebPage\",\"@id\":\"https:\/\/www.anteprima24.it\/archivio\/napoli\/inter-napoli-probabili-formazioni\/\",\"url\":\"https:\/\/www.anteprima24.it\/archivio\/napoli\/inter-napoli-probabili-formazioni\/\",\"name\":\"Il Napoli a Milano per rialzare la testa: le probabili formazioni\",\"isPartOf\":{\"@id\":\"https:\/\/www.anteprima24.it\/archivio\/#website\"},\"primaryImageOfPage\":{\"@id\":\"https:\/\/www.anteprima24.it\/archivio\/napoli\/inter-napoli-probabili-formazioni\/#primaryimage\"},\"image\":{\"@id\":\"https:\/\/www.anteprima24.it\/archivio\/napoli\/inter-napoli-probabili-formazioni\/#primaryimage\"},\"thumbnailUrl\":\"https:\/\/www.anteprima24.it\/archivio\/wp-content\/uploads\/2017\/10\/143649096-4878944d-4371-4a4e-b9c7-0f576b201e8c.jpg\",\"datePublished\":\"2018-03-11T08:41:25+00:00\",\"author\":{\"@id\":\"https:\/\/www.anteprima24.it\/archivio\/#\/schema\/person\/dd30f6748e5901ccd2f127bbbbac6f65\"},\"description\":\"Tutto pronto a San Siro per il\u00a0 big match tra Inter e Napoli. Appuntamento\u00a0da non fallire per gli azzurri di Maurizio Sarri per continuare a sognare lo Scudetto\",\"breadcrumb\":{\"@id\":\"https:\/\/www.anteprima24.it\/archivio\/napoli\/inter-napoli-probabili-formazioni\/#breadcrumb\"},\"inLanguage\":\"it-IT\",\"potentialAction\":[{\"@type\":\"ReadAction\",\"target\":[\"https:\/\/www.anteprima24.it\/archivio\/napoli\/inter-napoli-probabili-formazioni\/\"]}]},{\"@type\":\"ImageObject\",\"inLanguage\":\"it-IT\",\"@id\":\"https:\/\/www.anteprima24.it\/archivio\/napoli\/inter-napoli-probabili-formazioni\/#primaryimage\",\"url\":\"https:\/\/www.anteprima24.it\/archivio\/wp-content\/uploads\/2017\/10\/143649096-4878944d-4371-4a4e-b9c7-0f576b201e8c.jpg\",\"contentUrl\":\"https:\/\/www.anteprima24.it\/archivio\/wp-content\/uploads\/2017\/10\/143649096-4878944d-4371-4a4e-b9c7-0f576b201e8c.jpg\",\"width\":728,\"height\":410,\"caption\":\"Napoli's coach Maurizio Sarri reacts during the Italian Serie A soccer match UC Sampdoria vs SSC Napoli at Luigi Ferraris stadium in Genoa, Italy, 24 Juanary 2016. ANSA\/LUCA ZENNARO\"},{\"@type\":\"BreadcrumbList\",\"@id\":\"https:\/\/www.anteprima24.it\/archivio\/napoli\/inter-napoli-probabili-formazioni\/#breadcrumb\",\"itemListElement\":[{\"@type\":\"ListItem\",\"position\":1,\"name\":\"Home\",\"item\":\"https:\/\/www.anteprima24.it\/archivio\/\"},{\"@type\":\"ListItem\",\"position\":2,\"name\":\"Il Napoli a Milano per rialzare la testa: le probabili formazioni\"}]},{\"@type\":\"WebSite\",\"@id\":\"https:\/\/www.anteprima24.it\/archivio\/#website\",\"url\":\"https:\/\/www.anteprima24.it\/archivio\/\",\"name\":\"Anteprima24.it\",\"description\":\"\",\"potentialAction\":[{\"@type\":\"SearchAction\",\"target\":{\"@type\":\"EntryPoint\",\"urlTemplate\":\"https:\/\/www.anteprima24.it\/archivio\/?s={search_term_string}\"},\"query-input\":{\"@type\":\"PropertyValueSpecification\",\"valueRequired\":true,\"valueName\":\"search_term_string\"}}],\"inLanguage\":\"it-IT\"},{\"@type\":\"Person\",\"@id\":\"https:\/\/www.anteprima24.it\/archivio\/#\/schema\/person\/dd30f6748e5901ccd2f127bbbbac6f65\",\"name\":\"Nello Marra\",\"image\":{\"@type\":\"ImageObject\",\"inLanguage\":\"it-IT\",\"@id\":\"https:\/\/www.anteprima24.it\/archivio\/#\/schema\/person\/image\/\",\"url\":\"https:\/\/secure.gravatar.com\/avatar\/5d400869fa8e68bd682bae4ba4b6d42fa9bb070143824de86d30ccc5392bd4e6?s=96&d=mm&r=g\",\"contentUrl\":\"https:\/\/secure.gravatar.com\/avatar\/5d400869fa8e68bd682bae4ba4b6d42fa9bb070143824de86d30ccc5392bd4e6?s=96&d=mm&r=g\",\"caption\":\"Nello Marra\"},\"sameAs\":[\"https:\/\/www.facebook.com\/nello.ma.9\/\",\"https:\/\/x.com\/https:\/\/twitter.com\/NelloMarra1990\"],\"url\":\"https:\/\/www.anteprima24.it\/archivio\/author\/nello-marra\/\"}]}<\/script>\n<!-- \/ Yoast SEO plugin. -->","yoast_head_json":{"title":"Il Napoli a Milano per rialzare la testa: le probabili formazioni","description":"Tutto pronto a San Siro per il\u00a0 big match tra Inter e Napoli. Appuntamento\u00a0da non fallire per gli azzurri di Maurizio Sarri per continuare a sognare lo Scudetto","robots":{"index":"index","follow":"follow","max-snippet":"max-snippet:-1","max-image-preview":"max-image-preview:large","max-video-preview":"max-video-preview:-1"},"canonical":"https:\/\/www.anteprima24.it\/archivio\/napoli\/inter-napoli-probabili-formazioni\/","og_locale":"it_IT","og_type":"article","og_title":"Il Napoli a Milano per rialzare la testa: le probabili formazioni","og_description":"Tutto pronto a San Siro per il\u00a0 big match tra Inter e Napoli. Appuntamento\u00a0da non fallire per gli azzurri di Maurizio Sarri per continuare a sognare lo Scudetto","og_url":"https:\/\/www.anteprima24.it\/archivio\/napoli\/inter-napoli-probabili-formazioni\/","og_site_name":"Anteprima24.it","article_author":"https:\/\/www.facebook.com\/nello.ma.9\/","article_published_time":"2018-03-11T08:41:25+00:00","og_image":[{"width":728,"height":410,"url":"https:\/\/www.anteprima24.it\/archivio\/wp-content\/uploads\/2017\/10\/143649096-4878944d-4371-4a4e-b9c7-0f576b201e8c.jpg","type":"image\/jpeg"}],"author":"Nello Marra","twitter_card":"summary_large_image","twitter_creator":"@https:\/\/twitter.com\/NelloMarra1990","twitter_misc":{"Scritto da":"Nello Marra","Tempo di lettura stimato":"1 minuto"},"schema":{"@context":"https:\/\/schema.org","@graph":[{"@type":"Article","@id":"https:\/\/www.anteprima24.it\/archivio\/napoli\/inter-napoli-probabili-formazioni\/#article","isPartOf":{"@id":"https:\/\/www.anteprima24.it\/archivio\/napoli\/inter-napoli-probabili-formazioni\/"},"author":{"name":"Nello Marra","@id":"https:\/\/www.anteprima24.it\/archivio\/#\/schema\/person\/dd30f6748e5901ccd2f127bbbbac6f65"},"headline":"Il Napoli a Milano per rialzare la testa: le probabili formazioni","datePublished":"2018-03-11T08:41:25+00:00","mainEntityOfPage":{"@id":"https:\/\/www.anteprima24.it\/archivio\/napoli\/inter-napoli-probabili-formazioni\/"},"wordCount":146,"commentCount":0,"image":{"@id":"https:\/\/www.anteprima24.it\/archivio\/napoli\/inter-napoli-probabili-formazioni\/#primaryimage"},"thumbnailUrl":"https:\/\/www.anteprima24.it\/archivio\/wp-content\/uploads\/2017\/10\/143649096-4878944d-4371-4a4e-b9c7-0f576b201e8c.jpg","keywords":["Campionato","Inter","Napoli","probabili formazioni","Sarri","Serie A","Spalletti"],"articleSection":["Napoli","Regione","Serie A Napoli","Serie A Regione","Sport Napoli","Sport Regione"],"inLanguage":"it-IT","potentialAction":[{"@type":"CommentAction","name":"Comment","target":["https:\/\/www.anteprima24.it\/archivio\/napoli\/inter-napoli-probabili-formazioni\/#respond"]}]},{"@type":"WebPage","@id":"https:\/\/www.anteprima24.it\/archivio\/napoli\/inter-napoli-probabili-formazioni\/","url":"https:\/\/www.anteprima24.it\/archivio\/napoli\/inter-napoli-probabili-formazioni\/","name":"Il Napoli a Milano per rialzare la testa: le probabili formazioni","isPartOf":{"@id":"https:\/\/www.anteprima24.it\/archivio\/#website"},"primaryImageOfPage":{"@id":"https:\/\/www.anteprima24.it\/archivio\/napoli\/inter-napoli-probabili-formazioni\/#primaryimage"},"image":{"@id":"https:\/\/www.anteprima24.it\/archivio\/napoli\/inter-napoli-probabili-formazioni\/#primaryimage"},"thumbnailUrl":"https:\/\/www.anteprima24.it\/archivio\/wp-content\/uploads\/2017\/10\/143649096-4878944d-4371-4a4e-b9c7-0f576b201e8c.jpg","datePublished":"2018-03-11T08:41:25+00:00","author":{"@id":"https:\/\/www.anteprima24.it\/archivio\/#\/schema\/person\/dd30f6748e5901ccd2f127bbbbac6f65"},"description":"Tutto pronto a San Siro per il\u00a0 big match tra Inter e Napoli. Appuntamento\u00a0da non fallire per gli azzurri di Maurizio Sarri per continuare a sognare lo Scudetto","breadcrumb":{"@id":"https:\/\/www.anteprima24.it\/archivio\/napoli\/inter-napoli-probabili-formazioni\/#breadcrumb"},"inLanguage":"it-IT","potentialAction":[{"@type":"ReadAction","target":["https:\/\/www.anteprima24.it\/archivio\/napoli\/inter-napoli-probabili-formazioni\/"]}]},{"@type":"ImageObject","inLanguage":"it-IT","@id":"https:\/\/www.anteprima24.it\/archivio\/napoli\/inter-napoli-probabili-formazioni\/#primaryimage","url":"https:\/\/www.anteprima24.it\/archivio\/wp-content\/uploads\/2017\/10\/143649096-4878944d-4371-4a4e-b9c7-0f576b201e8c.jpg","contentUrl":"https:\/\/www.anteprima24.it\/archivio\/wp-content\/uploads\/2017\/10\/143649096-4878944d-4371-4a4e-b9c7-0f576b201e8c.jpg","width":728,"height":410,"caption":"Napoli's coach Maurizio Sarri reacts during the Italian Serie A soccer match UC Sampdoria vs SSC Napoli at Luigi Ferraris stadium in Genoa, Italy, 24 Juanary 2016. ANSA\/LUCA ZENNARO"},{"@type":"BreadcrumbList","@id":"https:\/\/www.anteprima24.it\/archivio\/napoli\/inter-napoli-probabili-formazioni\/#breadcrumb","itemListElement":[{"@type":"ListItem","position":1,"name":"Home","item":"https:\/\/www.anteprima24.it\/archivio\/"},{"@type":"ListItem","position":2,"name":"Il Napoli a Milano per rialzare la testa: le probabili formazioni"}]},{"@type":"WebSite","@id":"https:\/\/www.anteprima24.it\/archivio\/#website","url":"https:\/\/www.anteprima24.it\/archivio\/","name":"Anteprima24.it","description":"","potentialAction":[{"@type":"SearchAction","target":{"@type":"EntryPoint","urlTemplate":"https:\/\/www.anteprima24.it\/archivio\/?s={search_term_string}"},"query-input":{"@type":"PropertyValueSpecification","valueRequired":true,"valueName":"search_term_string"}}],"inLanguage":"it-IT"},{"@type":"Person","@id":"https:\/\/www.anteprima24.it\/archivio\/#\/schema\/person\/dd30f6748e5901ccd2f127bbbbac6f65","name":"Nello Marra","image":{"@type":"ImageObject","inLanguage":"it-IT","@id":"https:\/\/www.anteprima24.it\/archivio\/#\/schema\/person\/image\/","url":"https:\/\/secure.gravatar.com\/avatar\/5d400869fa8e68bd682bae4ba4b6d42fa9bb070143824de86d30ccc5392bd4e6?s=96&d=mm&r=g","contentUrl":"https:\/\/secure.gravatar.com\/avatar\/5d400869fa8e68bd682bae4ba4b6d42fa9bb070143824de86d30ccc5392bd4e6?s=96&d=mm&r=g","caption":"Nello Marra"},"sameAs":["https:\/\/www.facebook.com\/nello.ma.9\/","https:\/\/x.com\/https:\/\/twitter.com\/NelloMarra1990"],"url":"https:\/\/www.anteprima24.it\/archivio\/author\/nello-marra\/"}]}},"_links":{"self":[{"href":"https:\/\/www.anteprima24.it\/archivio\/wp-json\/wp\/v2\/posts\/138645","targetHints":{"allow":["GET"]}}],"collection":[{"href":"https:\/\/www.anteprima24.it\/archivio\/wp-json\/wp\/v2\/posts"}],"about":[{"href":"https:\/\/www.anteprima24.it\/archivio\/wp-json\/wp\/v2\/types\/post"}],"author":[{"embeddable":true,"href":"https:\/\/www.anteprima24.it\/archivio\/wp-json\/wp\/v2\/users\/28"}],"replies":[{"embeddable":true,"href":"https:\/\/www.anteprima24.it\/archivio\/wp-json\/wp\/v2\/comments?post=138645"}],"version-history":[{"count":0,"href":"https:\/\/www.anteprima24.it\/archivio\/wp-json\/wp\/v2\/posts\/138645\/revisions"}],"wp:featuredmedia":[{"embeddable":true,"href":"https:\/\/www.anteprima24.it\/archivio\/wp-json\/wp\/v2\/media\/70787"}],"wp:attachment":[{"href":"https:\/\/www.anteprima24.it\/archivio\/wp-json\/wp\/v2\/media?parent=138645"}],"wp:term":[{"taxonomy":"category","embeddable":true,"href":"https:\/\/www.anteprima24.it\/archivio\/wp-json\/wp\/v2\/categories?post=138645"},{"taxonomy":"post_tag","embeddable":true,"href":"https:\/\/www.anteprima24.it\/archivio\/wp-json\/wp\/v2\/tags?post=138645"}],"curies":[{"name":"wp","href":"https:\/\/api.w.org\/{rel}","templated":true}]}}