{"id":164385,"date":"2018-05-08T21:04:42","date_gmt":"2018-05-08T19:04:42","guid":{"rendered":"http:\/\/www.anteprima24.it\/?p=164385"},"modified":"2018-05-08T21:13:32","modified_gmt":"2018-05-08T19:13:32","slug":"delegazione-universiadi-baronissi","status":"publish","type":"post","link":"https:\/\/www.anteprima24.it\/archivio\/salerno\/delegazione-universiadi-baronissi\/","title":{"rendered":"Universiadi, delegazione scherma in visita al Campus di Baronissi (VIDEO)"},"content":{"rendered":"<span class=\"span-reading-time rt-reading-time\" style=\"display: block;\"><span class=\"rt-label rt-prefix\">Tempo di lettura: <\/span> <span class=\"rt-time\"> 2<\/span> <span class=\"rt-label rt-postfix\">minuti<\/span><\/span><div class=\"WordSection1\">\n<p style=\"text-align: justify;\">Baronissi (Sa) &#8211;&nbsp; Appena terminata al campus di <strong>Baronissi<\/strong> la visita della Delegazione tecnica della FISU per un sopralluogo presso le strutture sportive universitarie che ospiteranno le gare di Scherma&nbsp;per le Universiadi 2019.<\/p>\n<\/div>\n<div class=\"WordSection1\" style=\"text-align: justify;\">\n<p>Il&nbsp;<strong>Responsabile tecnico &#8211; Delegato&nbsp;FISU per la Scherma<\/strong><em>&nbsp;<strong>Julius Kralik<\/strong>,<\/em>&nbsp;nel corso della visita, ha sottolineato l&#8217;importanza della manifestazione per i giovani studenti, universitari e non, provenienti da tutto il mondo, sia sul piano del confronto multiculturale, sia per la centralit\u00e0 che l&#8217;evento assegna alla condivisione dei valori dello sport.&nbsp; &#8220;<em>L&#8217;Universit\u00e0 di Salerno si appresta ad ospitare le gare della Scherma<\/em>&nbsp;&#8211;&nbsp;<strong>ha dichiarato Kralik<\/strong>.&nbsp;<em>L&#8217;incontro di&nbsp;<a class=\"matchTooltip\">oggi<\/a>&nbsp;\u00e8 stato davvero fondamentale per definire tutti i dettagli relativi all&#8217;implementazione delle gare stesse&nbsp; e sono felice di avere una visione ancora&nbsp;pi\u00f9&nbsp;chiara su quello che sar\u00e0 realizzato. Sono sicuro che qui a Salerno si respirer\u00e0 un&#8217;atmosfera molto piacevole, alla luce dell&#8217;ambiente&nbsp;comunitario, amichevole e cordiale<\/em>&#8220;.<\/p>\n<\/div>\n<div class=\"WordSection1\">\n<p style=\"text-align: justify;\">&#8220;<em>Il cantiere qui al Campus \u00e8 gi\u00e0 presente e le attivit\u00e0 vanno avanti<\/em>&nbsp;&#8211;&nbsp;<strong>ha aggiunto il Rettore Aurelio Tommasetti.<\/strong>&nbsp;<em>La nostra progettazione curata interamente&nbsp;dall&#8217;Ufficio Tecnico di Ateneo senza ricorrere a consulenze esterne procede nei tempi previsti. Ospiteremo una delle discipline di punta della manifestazione, la scherma. E per questo stiamo lavorando per&nbsp;creare&nbsp;una&nbsp;vera cittadella&nbsp;dello sport, con nuovi impianti fruibili sette giorni alla settimana dai giovani e dal territorio, e con l&#8217;integrazione di un nuovo terminal bus che migliorer\u00e0 la mobilit\u00e0 da e verso il campus. Con il finanziamento ricevuto e con un ulteriore nostro investimento, siamo riusciti a predisporre quanto necessario all&#8217;allestimento sportivo tra Fisciano e Baronissi. Affinch\u00e9 tutta l&#8217;Universit\u00e0 di Salerno respiri i valori dello sport che questa manifestazione vuole esprimere<\/em>&#8221; &#8211; chiude il rettore.<\/p>\n<\/div>\n","protected":false},"excerpt":{"rendered":"<p>Baronissi (Sa) &#8211;&nbsp; Appena terminata al campus di Baronissi la visita della Delegazione tecnica della FISU per un sopralluogo presso le strutture sportive universitarie che ospiteranno le gare di Scherma&nbsp;per le Universiadi 2019. Il&nbsp;Responsabile tecnico &#8211; Delegato&nbsp;FISU per la Scherma&nbsp;Julius Kralik,&nbsp;nel corso della visita, ha sottolineato l&#8217;importanza della manifestazione per i giovani studenti, universitari e [&hellip;]<\/p>\n","protected":false},"author":18,"featured_media":164387,"comment_status":"open","ping_status":"open","sticky":false,"template":"","format":"standard","meta":{"_monsterinsights_skip_tracking":false,"_monsterinsights_sitenote_active":false,"_monsterinsights_sitenote_note":"","_monsterinsights_sitenote_category":0,"ngg_post_thumbnail":0,"footnotes":""},"categories":[1204,13207,792,271,15394,5,275,1402],"tags":[17086,431,5770,628,23014,1895],"class_list":{"0":"post-164385","1":"post","2":"type-post","3":"status-publish","4":"format-standard","5":"has-post-thumbnail","7":"category-altri-sport","8":"category-altri-sport-sport-salerno","9":"category-primo-piano-salerno","10":"category-regione","11":"category-video-salerno","12":"category-salerno","13":"category-sport","14":"category-sport-salerno","15":"tag-commissari","16":"tag-salerno","17":"tag-sopralluogo","18":"tag-sport","19":"tag-strutture","20":"tag-universiadi"},"yoast_head":"<!-- This site is optimized with the Yoast SEO plugin v26.8 - https:\/\/yoast.com\/product\/yoast-seo-wordpress\/ -->\n<title>Universiadi, delegazione scherma in visita al Campus di Baronissi (VIDEO)<\/title>\n<meta name=\"description\" content=\"Appena terminata al campus di Baronissi la visita della Delegazione tecnica della FISU per un sopralluogo presso le strutture sportive universitarie che ospiteranno le gare di Scherma\u00a0per le Universiadi 2019.\" \/>\n<meta name=\"robots\" content=\"index, follow, max-snippet:-1, max-image-preview:large, max-video-preview:-1\" \/>\n<link rel=\"canonical\" href=\"https:\/\/www.anteprima24.it\/archivio\/salerno\/delegazione-universiadi-baronissi\/\" \/>\n<meta property=\"og:locale\" content=\"it_IT\" \/>\n<meta property=\"og:type\" content=\"article\" \/>\n<meta property=\"og:title\" content=\"Universiadi, delegazione scherma in visita al Campus di Baronissi (VIDEO)\" \/>\n<meta property=\"og:description\" content=\"Appena terminata al campus di Baronissi la visita della Delegazione tecnica della FISU per un sopralluogo presso le strutture sportive universitarie che ospiteranno le gare di Scherma\u00a0per le Universiadi 2019.\" \/>\n<meta property=\"og:url\" content=\"https:\/\/www.anteprima24.it\/archivio\/salerno\/delegazione-universiadi-baronissi\/\" \/>\n<meta property=\"og:site_name\" content=\"Anteprima24.it\" \/>\n<meta property=\"article:published_time\" content=\"2018-05-08T19:04:42+00:00\" \/>\n<meta property=\"article:modified_time\" content=\"2018-05-08T19:13:32+00:00\" \/>\n<meta property=\"og:image\" content=\"https:\/\/www.anteprima24.it\/archivio\/wp-content\/uploads\/2018\/05\/rettore-salerno-tomassetti.png\" \/>\n\t<meta property=\"og:image:width\" content=\"1200\" \/>\n\t<meta property=\"og:image:height\" content=\"675\" \/>\n\t<meta property=\"og:image:type\" content=\"image\/png\" \/>\n<meta name=\"author\" content=\"Redazione\" \/>\n<meta name=\"twitter:card\" content=\"summary_large_image\" \/>\n<meta name=\"twitter:label1\" content=\"Scritto da\" \/>\n\t<meta name=\"twitter:data1\" content=\"Redazione\" \/>\n\t<meta name=\"twitter:label2\" content=\"Tempo di lettura stimato\" \/>\n\t<meta name=\"twitter:data2\" content=\"2 minuti\" \/>\n<script type=\"application\/ld+json\" class=\"yoast-schema-graph\">{\"@context\":\"https:\/\/schema.org\",\"@graph\":[{\"@type\":\"Article\",\"@id\":\"https:\/\/www.anteprima24.it\/archivio\/salerno\/delegazione-universiadi-baronissi\/#article\",\"isPartOf\":{\"@id\":\"https:\/\/www.anteprima24.it\/archivio\/salerno\/delegazione-universiadi-baronissi\/\"},\"author\":{\"name\":\"Redazione\",\"@id\":\"https:\/\/www.anteprima24.it\/archivio\/#\/schema\/person\/82cb05184ce534850be490e88d61c793\"},\"headline\":\"Universiadi, delegazione scherma in visita al Campus di Baronissi (VIDEO)\",\"datePublished\":\"2018-05-08T19:04:42+00:00\",\"dateModified\":\"2018-05-08T19:13:32+00:00\",\"mainEntityOfPage\":{\"@id\":\"https:\/\/www.anteprima24.it\/archivio\/salerno\/delegazione-universiadi-baronissi\/\"},\"wordCount\":323,\"commentCount\":0,\"image\":{\"@id\":\"https:\/\/www.anteprima24.it\/archivio\/salerno\/delegazione-universiadi-baronissi\/#primaryimage\"},\"thumbnailUrl\":\"https:\/\/www.anteprima24.it\/archivio\/wp-content\/uploads\/2018\/05\/rettore-salerno-tomassetti.png\",\"keywords\":[\"commissari\",\"Salerno\",\"sopralluogo\",\"Sport\",\"strutture\",\"Universiadi\"],\"articleSection\":[\"Altri Sport Regione\",\"Altri Sport Salerno\",\"Primo Piano Salerno\",\"Regione\",\"Salerno\",\"Salerno\",\"Sport Regione\",\"Sport Salerno\"],\"inLanguage\":\"it-IT\",\"potentialAction\":[{\"@type\":\"CommentAction\",\"name\":\"Comment\",\"target\":[\"https:\/\/www.anteprima24.it\/archivio\/salerno\/delegazione-universiadi-baronissi\/#respond\"]}]},{\"@type\":\"WebPage\",\"@id\":\"https:\/\/www.anteprima24.it\/archivio\/salerno\/delegazione-universiadi-baronissi\/\",\"url\":\"https:\/\/www.anteprima24.it\/archivio\/salerno\/delegazione-universiadi-baronissi\/\",\"name\":\"Universiadi, delegazione scherma in visita al Campus di Baronissi (VIDEO)\",\"isPartOf\":{\"@id\":\"https:\/\/www.anteprima24.it\/archivio\/#website\"},\"primaryImageOfPage\":{\"@id\":\"https:\/\/www.anteprima24.it\/archivio\/salerno\/delegazione-universiadi-baronissi\/#primaryimage\"},\"image\":{\"@id\":\"https:\/\/www.anteprima24.it\/archivio\/salerno\/delegazione-universiadi-baronissi\/#primaryimage\"},\"thumbnailUrl\":\"https:\/\/www.anteprima24.it\/archivio\/wp-content\/uploads\/2018\/05\/rettore-salerno-tomassetti.png\",\"datePublished\":\"2018-05-08T19:04:42+00:00\",\"dateModified\":\"2018-05-08T19:13:32+00:00\",\"author\":{\"@id\":\"https:\/\/www.anteprima24.it\/archivio\/#\/schema\/person\/82cb05184ce534850be490e88d61c793\"},\"description\":\"Appena terminata al campus di Baronissi la visita della Delegazione tecnica della FISU per un sopralluogo presso le strutture sportive universitarie che ospiteranno le gare di Scherma\u00a0per le Universiadi 2019.\",\"breadcrumb\":{\"@id\":\"https:\/\/www.anteprima24.it\/archivio\/salerno\/delegazione-universiadi-baronissi\/#breadcrumb\"},\"inLanguage\":\"it-IT\",\"potentialAction\":[{\"@type\":\"ReadAction\",\"target\":[\"https:\/\/www.anteprima24.it\/archivio\/salerno\/delegazione-universiadi-baronissi\/\"]}]},{\"@type\":\"ImageObject\",\"inLanguage\":\"it-IT\",\"@id\":\"https:\/\/www.anteprima24.it\/archivio\/salerno\/delegazione-universiadi-baronissi\/#primaryimage\",\"url\":\"https:\/\/www.anteprima24.it\/archivio\/wp-content\/uploads\/2018\/05\/rettore-salerno-tomassetti.png\",\"contentUrl\":\"https:\/\/www.anteprima24.it\/archivio\/wp-content\/uploads\/2018\/05\/rettore-salerno-tomassetti.png\",\"width\":1200,\"height\":675},{\"@type\":\"BreadcrumbList\",\"@id\":\"https:\/\/www.anteprima24.it\/archivio\/salerno\/delegazione-universiadi-baronissi\/#breadcrumb\",\"itemListElement\":[{\"@type\":\"ListItem\",\"position\":1,\"name\":\"Home\",\"item\":\"https:\/\/www.anteprima24.it\/archivio\/\"},{\"@type\":\"ListItem\",\"position\":2,\"name\":\"Universiadi, delegazione scherma in visita al Campus di Baronissi (VIDEO)\"}]},{\"@type\":\"WebSite\",\"@id\":\"https:\/\/www.anteprima24.it\/archivio\/#website\",\"url\":\"https:\/\/www.anteprima24.it\/archivio\/\",\"name\":\"Anteprima24.it\",\"description\":\"\",\"potentialAction\":[{\"@type\":\"SearchAction\",\"target\":{\"@type\":\"EntryPoint\",\"urlTemplate\":\"https:\/\/www.anteprima24.it\/archivio\/?s={search_term_string}\"},\"query-input\":{\"@type\":\"PropertyValueSpecification\",\"valueRequired\":true,\"valueName\":\"search_term_string\"}}],\"inLanguage\":\"it-IT\"},{\"@type\":\"Person\",\"@id\":\"https:\/\/www.anteprima24.it\/archivio\/#\/schema\/person\/82cb05184ce534850be490e88d61c793\",\"name\":\"Redazione\",\"image\":{\"@type\":\"ImageObject\",\"inLanguage\":\"it-IT\",\"@id\":\"https:\/\/www.anteprima24.it\/archivio\/#\/schema\/person\/image\/\",\"url\":\"https:\/\/secure.gravatar.com\/avatar\/7b3d8f1c4b28bc2839d55e726cab88bfcfbc47e9a2e00ac362599ab1a5deaa44?s=96&d=mm&r=g\",\"contentUrl\":\"https:\/\/secure.gravatar.com\/avatar\/7b3d8f1c4b28bc2839d55e726cab88bfcfbc47e9a2e00ac362599ab1a5deaa44?s=96&d=mm&r=g\",\"caption\":\"Redazione\"},\"url\":\"https:\/\/www.anteprima24.it\/archivio\/author\/redazione\/\"}]}<\/script>\n<!-- \/ Yoast SEO plugin. -->","yoast_head_json":{"title":"Universiadi, delegazione scherma in visita al Campus di Baronissi (VIDEO)","description":"Appena terminata al campus di Baronissi la visita della Delegazione tecnica della FISU per un sopralluogo presso le strutture sportive universitarie che ospiteranno le gare di Scherma\u00a0per le Universiadi 2019.","robots":{"index":"index","follow":"follow","max-snippet":"max-snippet:-1","max-image-preview":"max-image-preview:large","max-video-preview":"max-video-preview:-1"},"canonical":"https:\/\/www.anteprima24.it\/archivio\/salerno\/delegazione-universiadi-baronissi\/","og_locale":"it_IT","og_type":"article","og_title":"Universiadi, delegazione scherma in visita al Campus di Baronissi (VIDEO)","og_description":"Appena terminata al campus di Baronissi la visita della Delegazione tecnica della FISU per un sopralluogo presso le strutture sportive universitarie che ospiteranno le gare di Scherma\u00a0per le Universiadi 2019.","og_url":"https:\/\/www.anteprima24.it\/archivio\/salerno\/delegazione-universiadi-baronissi\/","og_site_name":"Anteprima24.it","article_published_time":"2018-05-08T19:04:42+00:00","article_modified_time":"2018-05-08T19:13:32+00:00","og_image":[{"width":1200,"height":675,"url":"https:\/\/www.anteprima24.it\/archivio\/wp-content\/uploads\/2018\/05\/rettore-salerno-tomassetti.png","type":"image\/png"}],"author":"Redazione","twitter_card":"summary_large_image","twitter_misc":{"Scritto da":"Redazione","Tempo di lettura stimato":"2 minuti"},"schema":{"@context":"https:\/\/schema.org","@graph":[{"@type":"Article","@id":"https:\/\/www.anteprima24.it\/archivio\/salerno\/delegazione-universiadi-baronissi\/#article","isPartOf":{"@id":"https:\/\/www.anteprima24.it\/archivio\/salerno\/delegazione-universiadi-baronissi\/"},"author":{"name":"Redazione","@id":"https:\/\/www.anteprima24.it\/archivio\/#\/schema\/person\/82cb05184ce534850be490e88d61c793"},"headline":"Universiadi, delegazione scherma in visita al Campus di Baronissi (VIDEO)","datePublished":"2018-05-08T19:04:42+00:00","dateModified":"2018-05-08T19:13:32+00:00","mainEntityOfPage":{"@id":"https:\/\/www.anteprima24.it\/archivio\/salerno\/delegazione-universiadi-baronissi\/"},"wordCount":323,"commentCount":0,"image":{"@id":"https:\/\/www.anteprima24.it\/archivio\/salerno\/delegazione-universiadi-baronissi\/#primaryimage"},"thumbnailUrl":"https:\/\/www.anteprima24.it\/archivio\/wp-content\/uploads\/2018\/05\/rettore-salerno-tomassetti.png","keywords":["commissari","Salerno","sopralluogo","Sport","strutture","Universiadi"],"articleSection":["Altri Sport Regione","Altri Sport Salerno","Primo Piano Salerno","Regione","Salerno","Salerno","Sport Regione","Sport Salerno"],"inLanguage":"it-IT","potentialAction":[{"@type":"CommentAction","name":"Comment","target":["https:\/\/www.anteprima24.it\/archivio\/salerno\/delegazione-universiadi-baronissi\/#respond"]}]},{"@type":"WebPage","@id":"https:\/\/www.anteprima24.it\/archivio\/salerno\/delegazione-universiadi-baronissi\/","url":"https:\/\/www.anteprima24.it\/archivio\/salerno\/delegazione-universiadi-baronissi\/","name":"Universiadi, delegazione scherma in visita al Campus di Baronissi (VIDEO)","isPartOf":{"@id":"https:\/\/www.anteprima24.it\/archivio\/#website"},"primaryImageOfPage":{"@id":"https:\/\/www.anteprima24.it\/archivio\/salerno\/delegazione-universiadi-baronissi\/#primaryimage"},"image":{"@id":"https:\/\/www.anteprima24.it\/archivio\/salerno\/delegazione-universiadi-baronissi\/#primaryimage"},"thumbnailUrl":"https:\/\/www.anteprima24.it\/archivio\/wp-content\/uploads\/2018\/05\/rettore-salerno-tomassetti.png","datePublished":"2018-05-08T19:04:42+00:00","dateModified":"2018-05-08T19:13:32+00:00","author":{"@id":"https:\/\/www.anteprima24.it\/archivio\/#\/schema\/person\/82cb05184ce534850be490e88d61c793"},"description":"Appena terminata al campus di Baronissi la visita della Delegazione tecnica della FISU per un sopralluogo presso le strutture sportive universitarie che ospiteranno le gare di Scherma\u00a0per le Universiadi 2019.","breadcrumb":{"@id":"https:\/\/www.anteprima24.it\/archivio\/salerno\/delegazione-universiadi-baronissi\/#breadcrumb"},"inLanguage":"it-IT","potentialAction":[{"@type":"ReadAction","target":["https:\/\/www.anteprima24.it\/archivio\/salerno\/delegazione-universiadi-baronissi\/"]}]},{"@type":"ImageObject","inLanguage":"it-IT","@id":"https:\/\/www.anteprima24.it\/archivio\/salerno\/delegazione-universiadi-baronissi\/#primaryimage","url":"https:\/\/www.anteprima24.it\/archivio\/wp-content\/uploads\/2018\/05\/rettore-salerno-tomassetti.png","contentUrl":"https:\/\/www.anteprima24.it\/archivio\/wp-content\/uploads\/2018\/05\/rettore-salerno-tomassetti.png","width":1200,"height":675},{"@type":"BreadcrumbList","@id":"https:\/\/www.anteprima24.it\/archivio\/salerno\/delegazione-universiadi-baronissi\/#breadcrumb","itemListElement":[{"@type":"ListItem","position":1,"name":"Home","item":"https:\/\/www.anteprima24.it\/archivio\/"},{"@type":"ListItem","position":2,"name":"Universiadi, delegazione scherma in visita al Campus di Baronissi (VIDEO)"}]},{"@type":"WebSite","@id":"https:\/\/www.anteprima24.it\/archivio\/#website","url":"https:\/\/www.anteprima24.it\/archivio\/","name":"Anteprima24.it","description":"","potentialAction":[{"@type":"SearchAction","target":{"@type":"EntryPoint","urlTemplate":"https:\/\/www.anteprima24.it\/archivio\/?s={search_term_string}"},"query-input":{"@type":"PropertyValueSpecification","valueRequired":true,"valueName":"search_term_string"}}],"inLanguage":"it-IT"},{"@type":"Person","@id":"https:\/\/www.anteprima24.it\/archivio\/#\/schema\/person\/82cb05184ce534850be490e88d61c793","name":"Redazione","image":{"@type":"ImageObject","inLanguage":"it-IT","@id":"https:\/\/www.anteprima24.it\/archivio\/#\/schema\/person\/image\/","url":"https:\/\/secure.gravatar.com\/avatar\/7b3d8f1c4b28bc2839d55e726cab88bfcfbc47e9a2e00ac362599ab1a5deaa44?s=96&d=mm&r=g","contentUrl":"https:\/\/secure.gravatar.com\/avatar\/7b3d8f1c4b28bc2839d55e726cab88bfcfbc47e9a2e00ac362599ab1a5deaa44?s=96&d=mm&r=g","caption":"Redazione"},"url":"https:\/\/www.anteprima24.it\/archivio\/author\/redazione\/"}]}},"_links":{"self":[{"href":"https:\/\/www.anteprima24.it\/archivio\/wp-json\/wp\/v2\/posts\/164385","targetHints":{"allow":["GET"]}}],"collection":[{"href":"https:\/\/www.anteprima24.it\/archivio\/wp-json\/wp\/v2\/posts"}],"about":[{"href":"https:\/\/www.anteprima24.it\/archivio\/wp-json\/wp\/v2\/types\/post"}],"author":[{"embeddable":true,"href":"https:\/\/www.anteprima24.it\/archivio\/wp-json\/wp\/v2\/users\/18"}],"replies":[{"embeddable":true,"href":"https:\/\/www.anteprima24.it\/archivio\/wp-json\/wp\/v2\/comments?post=164385"}],"version-history":[{"count":0,"href":"https:\/\/www.anteprima24.it\/archivio\/wp-json\/wp\/v2\/posts\/164385\/revisions"}],"wp:featuredmedia":[{"embeddable":true,"href":"https:\/\/www.anteprima24.it\/archivio\/wp-json\/wp\/v2\/media\/164387"}],"wp:attachment":[{"href":"https:\/\/www.anteprima24.it\/archivio\/wp-json\/wp\/v2\/media?parent=164385"}],"wp:term":[{"taxonomy":"category","embeddable":true,"href":"https:\/\/www.anteprima24.it\/archivio\/wp-json\/wp\/v2\/categories?post=164385"},{"taxonomy":"post_tag","embeddable":true,"href":"https:\/\/www.anteprima24.it\/archivio\/wp-json\/wp\/v2\/tags?post=164385"}],"curies":[{"name":"wp","href":"https:\/\/api.w.org\/{rel}","templated":true}]}}