{"id":16644,"date":"2017-07-01T19:32:49","date_gmt":"2017-07-01T17:32:49","guid":{"rendered":"http:\/\/www.anteprima24.it\/?p=16644"},"modified":"2017-07-01T19:32:49","modified_gmt":"2017-07-01T17:32:49","slug":"la-comunita-al-vescovo-si-occupi-degli-ultimi","status":"publish","type":"post","link":"https:\/\/www.anteprima24.it\/archivio\/avellino\/la-comunita-al-vescovo-si-occupi-degli-ultimi\/","title":{"rendered":"La comunit\u00e0 al nuovo Vescovo: \u201cSi occupi degli ultimi\u201d."},"content":{"rendered":"<span class=\"span-reading-time rt-reading-time\" style=\"display: block;\"><span class=\"rt-label rt-prefix\">Tempo di lettura: <\/span> <span class=\"rt-time\"> 2<\/span> <span class=\"rt-label rt-postfix\">minuti<\/span><\/span><p>Una Vescovo per la gente e tra la gente, cos\u00ec ad un giorno dal suo insediamento, la popolazione comincia a percepire S.E. Reverendissima Mons. Arturo Aiello. Molto apprezzata la vicinanza immediata alla sua nuova famiglia che da subito ha voluto concretizzare nei fatti, consegnando alla comunit\u00e0 il suo saluto dal terrazzo del Palazzo Vescovile. Un gesto nuovo e pieno di significato, un abbraccio corale durato minuti ma aperto a tutti anche a chi, non credente, si \u00e8 trovato di passaggio a percorrere quel tratto di Piazza Libert\u00e0 dove si trova il Palazzo Vescovile; la casa del Vescovo dove da ieri \u201cle luci rimarranno sempre accese\u201d, altra frase molto intensa e diretta.<\/p>\n<p>Insomma, da come annunciato, il nuovo Vescovo di Avellino \u00e8 pronto a dare concretezza alle sue parole, non semplici chiacchiere di circostanza, ma fatti e la sua attenzione sar\u00e0 rivota ai giovani e ai disagi locali. E gli avellinesi gli hanno creduto nel corso della cerimonia di insediamento avvenuta nel Duomo e si aspettano risposte dal loro pastore. Del resto lo avete sentito gi\u00e0 da alcuni cittadini.<\/p>\n<p>E allora il gesto di aprire finestre e tenere le luci sempre accese potrebbe diventare un momento fisso nel nuovo percorso di fede che ci si appresta a definire in sinergia \u2013 come pure auspicato da Mons Aiello- tra quanti hanno il compito di concorrere a rendere migliore la qualit\u00e0 della vita della grande famiglia della Diocesi di Avellino.<\/p>\n<p>Di azione certo non sembra mancare Mons. Aiello che ha annunciato di avere gi\u00e0 calendarizzato la sua agenda con numerosi appuntamenti per raccogliere notizie, conoscere persone, capire ed approfondire i disagi che la sua gente vive.<\/p>\n<p>Ed oggi ha ricevuto in Piazza Libert\u00e0 i preti e i rappresentanti della chiesa con i quali si \u00e8 trattenuto a lungo a ragionare probabilmente per dare seguito alla sua volont\u00e0 di definire un percorso che coinvolga tutto il territorrio. &nbsp;Marted\u00ec prossimo Mons. Aiello incontrer\u00e0 i giornalisti e tutti i riferimenti degli organi di stampa.<\/p>\n<p>pierre<\/p>\n<p>&nbsp;<\/p>\n<p>&nbsp;<\/p>\n","protected":false},"excerpt":{"rendered":"<p>Una Vescovo per la gente e tra la gente, cos\u00ec ad un giorno dal suo insediamento, la popolazione comincia a percepire S.E. Reverendissima Mons. Arturo Aiello. Molto apprezzata la vicinanza immediata alla sua nuova famiglia che da subito ha voluto concretizzare nei fatti, consegnando alla comunit\u00e0 il suo saluto dal terrazzo del Palazzo Vescovile. Un [&hellip;]<\/p>\n","protected":false},"author":25,"featured_media":16655,"comment_status":"open","ping_status":"open","sticky":false,"template":"","format":"standard","meta":{"_monsterinsights_skip_tracking":false,"_monsterinsights_sitenote_active":false,"_monsterinsights_sitenote_note":"","_monsterinsights_sitenote_category":0,"ngg_post_thumbnail":0,"footnotes":""},"categories":[390,4,271],"tags":[],"class_list":{"0":"post-16644","1":"post","2":"type-post","3":"status-publish","4":"format-standard","5":"has-post-thumbnail","7":"category-attualita-regione","8":"category-avellino","9":"category-regione"},"yoast_head":"<!-- This site is optimized with the Yoast SEO plugin v26.8 - https:\/\/yoast.com\/product\/yoast-seo-wordpress\/ -->\n<title>La comunit\u00e0 al nuovo Vescovo: \u201cSi occupi degli ultimi\u201d. - Anteprima24.it<\/title>\n<meta name=\"robots\" content=\"index, follow, max-snippet:-1, max-image-preview:large, max-video-preview:-1\" \/>\n<link rel=\"canonical\" href=\"https:\/\/www.anteprima24.it\/archivio\/avellino\/la-comunita-al-vescovo-si-occupi-degli-ultimi\/\" \/>\n<meta property=\"og:locale\" content=\"it_IT\" \/>\n<meta property=\"og:type\" content=\"article\" \/>\n<meta property=\"og:title\" content=\"La comunit\u00e0 al nuovo Vescovo: \u201cSi occupi degli ultimi\u201d. - Anteprima24.it\" \/>\n<meta property=\"og:description\" content=\"Una Vescovo per la gente e tra la gente, cos\u00ec ad un giorno dal suo insediamento, la popolazione comincia a percepire S.E. Reverendissima Mons. Arturo Aiello. Molto apprezzata la vicinanza immediata alla sua nuova famiglia che da subito ha voluto concretizzare nei fatti, consegnando alla comunit\u00e0 il suo saluto dal terrazzo del Palazzo Vescovile. Un [&hellip;]\" \/>\n<meta property=\"og:url\" content=\"https:\/\/www.anteprima24.it\/archivio\/avellino\/la-comunita-al-vescovo-si-occupi-degli-ultimi\/\" \/>\n<meta property=\"og:site_name\" content=\"Anteprima24.it\" \/>\n<meta property=\"article:published_time\" content=\"2017-07-01T17:32:49+00:00\" \/>\n<meta property=\"og:image\" content=\"https:\/\/www.anteprima24.it\/archivio\/wp-content\/uploads\/2017\/07\/vescovo-avellino.jpg\" \/>\n\t<meta property=\"og:image:width\" content=\"1600\" \/>\n\t<meta property=\"og:image:height\" content=\"900\" \/>\n\t<meta property=\"og:image:type\" content=\"image\/jpeg\" \/>\n<meta name=\"author\" content=\"Paola Ricciarelli\" \/>\n<meta name=\"twitter:card\" content=\"summary_large_image\" \/>\n<meta name=\"twitter:label1\" content=\"Scritto da\" \/>\n\t<meta name=\"twitter:data1\" content=\"Paola Ricciarelli\" \/>\n\t<meta name=\"twitter:label2\" content=\"Tempo di lettura stimato\" \/>\n\t<meta name=\"twitter:data2\" content=\"2 minuti\" \/>\n<script type=\"application\/ld+json\" class=\"yoast-schema-graph\">{\"@context\":\"https:\/\/schema.org\",\"@graph\":[{\"@type\":\"Article\",\"@id\":\"https:\/\/www.anteprima24.it\/archivio\/avellino\/la-comunita-al-vescovo-si-occupi-degli-ultimi\/#article\",\"isPartOf\":{\"@id\":\"https:\/\/www.anteprima24.it\/archivio\/avellino\/la-comunita-al-vescovo-si-occupi-degli-ultimi\/\"},\"author\":{\"name\":\"Paola Ricciarelli\",\"@id\":\"https:\/\/www.anteprima24.it\/archivio\/#\/schema\/person\/6bef30886cb2d9a0960471ab12d3c4ae\"},\"headline\":\"La comunit\u00e0 al nuovo Vescovo: \u201cSi occupi degli ultimi\u201d.\",\"datePublished\":\"2017-07-01T17:32:49+00:00\",\"mainEntityOfPage\":{\"@id\":\"https:\/\/www.anteprima24.it\/archivio\/avellino\/la-comunita-al-vescovo-si-occupi-degli-ultimi\/\"},\"wordCount\":338,\"commentCount\":0,\"image\":{\"@id\":\"https:\/\/www.anteprima24.it\/archivio\/avellino\/la-comunita-al-vescovo-si-occupi-degli-ultimi\/#primaryimage\"},\"thumbnailUrl\":\"https:\/\/www.anteprima24.it\/archivio\/wp-content\/uploads\/2017\/07\/vescovo-avellino.jpg\",\"articleSection\":[\"Attualit\u00e0 Regione\",\"Avellino\",\"Regione\"],\"inLanguage\":\"it-IT\",\"potentialAction\":[{\"@type\":\"CommentAction\",\"name\":\"Comment\",\"target\":[\"https:\/\/www.anteprima24.it\/archivio\/avellino\/la-comunita-al-vescovo-si-occupi-degli-ultimi\/#respond\"]}]},{\"@type\":\"WebPage\",\"@id\":\"https:\/\/www.anteprima24.it\/archivio\/avellino\/la-comunita-al-vescovo-si-occupi-degli-ultimi\/\",\"url\":\"https:\/\/www.anteprima24.it\/archivio\/avellino\/la-comunita-al-vescovo-si-occupi-degli-ultimi\/\",\"name\":\"La comunit\u00e0 al nuovo Vescovo: \u201cSi occupi degli ultimi\u201d. - Anteprima24.it\",\"isPartOf\":{\"@id\":\"https:\/\/www.anteprima24.it\/archivio\/#website\"},\"primaryImageOfPage\":{\"@id\":\"https:\/\/www.anteprima24.it\/archivio\/avellino\/la-comunita-al-vescovo-si-occupi-degli-ultimi\/#primaryimage\"},\"image\":{\"@id\":\"https:\/\/www.anteprima24.it\/archivio\/avellino\/la-comunita-al-vescovo-si-occupi-degli-ultimi\/#primaryimage\"},\"thumbnailUrl\":\"https:\/\/www.anteprima24.it\/archivio\/wp-content\/uploads\/2017\/07\/vescovo-avellino.jpg\",\"datePublished\":\"2017-07-01T17:32:49+00:00\",\"author\":{\"@id\":\"https:\/\/www.anteprima24.it\/archivio\/#\/schema\/person\/6bef30886cb2d9a0960471ab12d3c4ae\"},\"breadcrumb\":{\"@id\":\"https:\/\/www.anteprima24.it\/archivio\/avellino\/la-comunita-al-vescovo-si-occupi-degli-ultimi\/#breadcrumb\"},\"inLanguage\":\"it-IT\",\"potentialAction\":[{\"@type\":\"ReadAction\",\"target\":[\"https:\/\/www.anteprima24.it\/archivio\/avellino\/la-comunita-al-vescovo-si-occupi-degli-ultimi\/\"]}]},{\"@type\":\"ImageObject\",\"inLanguage\":\"it-IT\",\"@id\":\"https:\/\/www.anteprima24.it\/archivio\/avellino\/la-comunita-al-vescovo-si-occupi-degli-ultimi\/#primaryimage\",\"url\":\"https:\/\/www.anteprima24.it\/archivio\/wp-content\/uploads\/2017\/07\/vescovo-avellino.jpg\",\"contentUrl\":\"https:\/\/www.anteprima24.it\/archivio\/wp-content\/uploads\/2017\/07\/vescovo-avellino.jpg\",\"width\":1600,\"height\":900},{\"@type\":\"BreadcrumbList\",\"@id\":\"https:\/\/www.anteprima24.it\/archivio\/avellino\/la-comunita-al-vescovo-si-occupi-degli-ultimi\/#breadcrumb\",\"itemListElement\":[{\"@type\":\"ListItem\",\"position\":1,\"name\":\"Home\",\"item\":\"https:\/\/www.anteprima24.it\/archivio\/\"},{\"@type\":\"ListItem\",\"position\":2,\"name\":\"La comunit\u00e0 al nuovo Vescovo: \u201cSi occupi degli ultimi\u201d.\"}]},{\"@type\":\"WebSite\",\"@id\":\"https:\/\/www.anteprima24.it\/archivio\/#website\",\"url\":\"https:\/\/www.anteprima24.it\/archivio\/\",\"name\":\"Anteprima24.it\",\"description\":\"\",\"potentialAction\":[{\"@type\":\"SearchAction\",\"target\":{\"@type\":\"EntryPoint\",\"urlTemplate\":\"https:\/\/www.anteprima24.it\/archivio\/?s={search_term_string}\"},\"query-input\":{\"@type\":\"PropertyValueSpecification\",\"valueRequired\":true,\"valueName\":\"search_term_string\"}}],\"inLanguage\":\"it-IT\"},{\"@type\":\"Person\",\"@id\":\"https:\/\/www.anteprima24.it\/archivio\/#\/schema\/person\/6bef30886cb2d9a0960471ab12d3c4ae\",\"name\":\"Paola Ricciarelli\",\"image\":{\"@type\":\"ImageObject\",\"inLanguage\":\"it-IT\",\"@id\":\"https:\/\/www.anteprima24.it\/archivio\/#\/schema\/person\/image\/\",\"url\":\"https:\/\/secure.gravatar.com\/avatar\/cffb04e317029dc9edb33c1475497c3a84618c115d9e14d513cc204dae1bad2f?s=96&d=mm&r=g\",\"contentUrl\":\"https:\/\/secure.gravatar.com\/avatar\/cffb04e317029dc9edb33c1475497c3a84618c115d9e14d513cc204dae1bad2f?s=96&d=mm&r=g\",\"caption\":\"Paola Ricciarelli\"},\"url\":\"https:\/\/www.anteprima24.it\/archivio\/author\/paola-ricciarelli\/\"}]}<\/script>\n<!-- \/ Yoast SEO plugin. -->","yoast_head_json":{"title":"La comunit\u00e0 al nuovo Vescovo: \u201cSi occupi degli ultimi\u201d. - Anteprima24.it","robots":{"index":"index","follow":"follow","max-snippet":"max-snippet:-1","max-image-preview":"max-image-preview:large","max-video-preview":"max-video-preview:-1"},"canonical":"https:\/\/www.anteprima24.it\/archivio\/avellino\/la-comunita-al-vescovo-si-occupi-degli-ultimi\/","og_locale":"it_IT","og_type":"article","og_title":"La comunit\u00e0 al nuovo Vescovo: \u201cSi occupi degli ultimi\u201d. - Anteprima24.it","og_description":"Una Vescovo per la gente e tra la gente, cos\u00ec ad un giorno dal suo insediamento, la popolazione comincia a percepire S.E. Reverendissima Mons. Arturo Aiello. Molto apprezzata la vicinanza immediata alla sua nuova famiglia che da subito ha voluto concretizzare nei fatti, consegnando alla comunit\u00e0 il suo saluto dal terrazzo del Palazzo Vescovile. Un [&hellip;]","og_url":"https:\/\/www.anteprima24.it\/archivio\/avellino\/la-comunita-al-vescovo-si-occupi-degli-ultimi\/","og_site_name":"Anteprima24.it","article_published_time":"2017-07-01T17:32:49+00:00","og_image":[{"width":1600,"height":900,"url":"https:\/\/www.anteprima24.it\/archivio\/wp-content\/uploads\/2017\/07\/vescovo-avellino.jpg","type":"image\/jpeg"}],"author":"Paola Ricciarelli","twitter_card":"summary_large_image","twitter_misc":{"Scritto da":"Paola Ricciarelli","Tempo di lettura stimato":"2 minuti"},"schema":{"@context":"https:\/\/schema.org","@graph":[{"@type":"Article","@id":"https:\/\/www.anteprima24.it\/archivio\/avellino\/la-comunita-al-vescovo-si-occupi-degli-ultimi\/#article","isPartOf":{"@id":"https:\/\/www.anteprima24.it\/archivio\/avellino\/la-comunita-al-vescovo-si-occupi-degli-ultimi\/"},"author":{"name":"Paola Ricciarelli","@id":"https:\/\/www.anteprima24.it\/archivio\/#\/schema\/person\/6bef30886cb2d9a0960471ab12d3c4ae"},"headline":"La comunit\u00e0 al nuovo Vescovo: \u201cSi occupi degli ultimi\u201d.","datePublished":"2017-07-01T17:32:49+00:00","mainEntityOfPage":{"@id":"https:\/\/www.anteprima24.it\/archivio\/avellino\/la-comunita-al-vescovo-si-occupi-degli-ultimi\/"},"wordCount":338,"commentCount":0,"image":{"@id":"https:\/\/www.anteprima24.it\/archivio\/avellino\/la-comunita-al-vescovo-si-occupi-degli-ultimi\/#primaryimage"},"thumbnailUrl":"https:\/\/www.anteprima24.it\/archivio\/wp-content\/uploads\/2017\/07\/vescovo-avellino.jpg","articleSection":["Attualit\u00e0 Regione","Avellino","Regione"],"inLanguage":"it-IT","potentialAction":[{"@type":"CommentAction","name":"Comment","target":["https:\/\/www.anteprima24.it\/archivio\/avellino\/la-comunita-al-vescovo-si-occupi-degli-ultimi\/#respond"]}]},{"@type":"WebPage","@id":"https:\/\/www.anteprima24.it\/archivio\/avellino\/la-comunita-al-vescovo-si-occupi-degli-ultimi\/","url":"https:\/\/www.anteprima24.it\/archivio\/avellino\/la-comunita-al-vescovo-si-occupi-degli-ultimi\/","name":"La comunit\u00e0 al nuovo Vescovo: \u201cSi occupi degli ultimi\u201d. - Anteprima24.it","isPartOf":{"@id":"https:\/\/www.anteprima24.it\/archivio\/#website"},"primaryImageOfPage":{"@id":"https:\/\/www.anteprima24.it\/archivio\/avellino\/la-comunita-al-vescovo-si-occupi-degli-ultimi\/#primaryimage"},"image":{"@id":"https:\/\/www.anteprima24.it\/archivio\/avellino\/la-comunita-al-vescovo-si-occupi-degli-ultimi\/#primaryimage"},"thumbnailUrl":"https:\/\/www.anteprima24.it\/archivio\/wp-content\/uploads\/2017\/07\/vescovo-avellino.jpg","datePublished":"2017-07-01T17:32:49+00:00","author":{"@id":"https:\/\/www.anteprima24.it\/archivio\/#\/schema\/person\/6bef30886cb2d9a0960471ab12d3c4ae"},"breadcrumb":{"@id":"https:\/\/www.anteprima24.it\/archivio\/avellino\/la-comunita-al-vescovo-si-occupi-degli-ultimi\/#breadcrumb"},"inLanguage":"it-IT","potentialAction":[{"@type":"ReadAction","target":["https:\/\/www.anteprima24.it\/archivio\/avellino\/la-comunita-al-vescovo-si-occupi-degli-ultimi\/"]}]},{"@type":"ImageObject","inLanguage":"it-IT","@id":"https:\/\/www.anteprima24.it\/archivio\/avellino\/la-comunita-al-vescovo-si-occupi-degli-ultimi\/#primaryimage","url":"https:\/\/www.anteprima24.it\/archivio\/wp-content\/uploads\/2017\/07\/vescovo-avellino.jpg","contentUrl":"https:\/\/www.anteprima24.it\/archivio\/wp-content\/uploads\/2017\/07\/vescovo-avellino.jpg","width":1600,"height":900},{"@type":"BreadcrumbList","@id":"https:\/\/www.anteprima24.it\/archivio\/avellino\/la-comunita-al-vescovo-si-occupi-degli-ultimi\/#breadcrumb","itemListElement":[{"@type":"ListItem","position":1,"name":"Home","item":"https:\/\/www.anteprima24.it\/archivio\/"},{"@type":"ListItem","position":2,"name":"La comunit\u00e0 al nuovo Vescovo: \u201cSi occupi degli ultimi\u201d."}]},{"@type":"WebSite","@id":"https:\/\/www.anteprima24.it\/archivio\/#website","url":"https:\/\/www.anteprima24.it\/archivio\/","name":"Anteprima24.it","description":"","potentialAction":[{"@type":"SearchAction","target":{"@type":"EntryPoint","urlTemplate":"https:\/\/www.anteprima24.it\/archivio\/?s={search_term_string}"},"query-input":{"@type":"PropertyValueSpecification","valueRequired":true,"valueName":"search_term_string"}}],"inLanguage":"it-IT"},{"@type":"Person","@id":"https:\/\/www.anteprima24.it\/archivio\/#\/schema\/person\/6bef30886cb2d9a0960471ab12d3c4ae","name":"Paola Ricciarelli","image":{"@type":"ImageObject","inLanguage":"it-IT","@id":"https:\/\/www.anteprima24.it\/archivio\/#\/schema\/person\/image\/","url":"https:\/\/secure.gravatar.com\/avatar\/cffb04e317029dc9edb33c1475497c3a84618c115d9e14d513cc204dae1bad2f?s=96&d=mm&r=g","contentUrl":"https:\/\/secure.gravatar.com\/avatar\/cffb04e317029dc9edb33c1475497c3a84618c115d9e14d513cc204dae1bad2f?s=96&d=mm&r=g","caption":"Paola Ricciarelli"},"url":"https:\/\/www.anteprima24.it\/archivio\/author\/paola-ricciarelli\/"}]}},"_links":{"self":[{"href":"https:\/\/www.anteprima24.it\/archivio\/wp-json\/wp\/v2\/posts\/16644","targetHints":{"allow":["GET"]}}],"collection":[{"href":"https:\/\/www.anteprima24.it\/archivio\/wp-json\/wp\/v2\/posts"}],"about":[{"href":"https:\/\/www.anteprima24.it\/archivio\/wp-json\/wp\/v2\/types\/post"}],"author":[{"embeddable":true,"href":"https:\/\/www.anteprima24.it\/archivio\/wp-json\/wp\/v2\/users\/25"}],"replies":[{"embeddable":true,"href":"https:\/\/www.anteprima24.it\/archivio\/wp-json\/wp\/v2\/comments?post=16644"}],"version-history":[{"count":0,"href":"https:\/\/www.anteprima24.it\/archivio\/wp-json\/wp\/v2\/posts\/16644\/revisions"}],"wp:featuredmedia":[{"embeddable":true,"href":"https:\/\/www.anteprima24.it\/archivio\/wp-json\/wp\/v2\/media\/16655"}],"wp:attachment":[{"href":"https:\/\/www.anteprima24.it\/archivio\/wp-json\/wp\/v2\/media?parent=16644"}],"wp:term":[{"taxonomy":"category","embeddable":true,"href":"https:\/\/www.anteprima24.it\/archivio\/wp-json\/wp\/v2\/categories?post=16644"},{"taxonomy":"post_tag","embeddable":true,"href":"https:\/\/www.anteprima24.it\/archivio\/wp-json\/wp\/v2\/tags?post=16644"}],"curies":[{"name":"wp","href":"https:\/\/api.w.org\/{rel}","templated":true}]}}