{"id":177088,"date":"2018-06-05T09:35:36","date_gmt":"2018-06-05T07:35:36","guid":{"rendered":"https:\/\/www.anteprima24.it\/?p=177088"},"modified":"2018-06-05T09:35:36","modified_gmt":"2018-06-05T07:35:36","slug":"campoli-festa-ciliegia-2018","status":"publish","type":"post","link":"https:\/\/www.anteprima24.it\/archivio\/benevento\/campoli-festa-ciliegia-2018\/","title":{"rendered":"Campoli, tutto pronto per la Festa della Ciliegia 2018"},"content":{"rendered":"<span class=\"span-reading-time rt-reading-time\" style=\"display: block;\"><span class=\"rt-label rt-prefix\">Tempo di lettura: <\/span> <span class=\"rt-time\"> 2<\/span> <span class=\"rt-label rt-postfix\">minuti<\/span><\/span><p style=\"text-align: justify;\">Campoli (Bn) &#8211; Sono agli sgoccioli i preparativi per l&#8217;inizio della Festa della Ciliegia che da quest&#8217;anno sar\u00e0 proposta per tre giorni, a partire dal venerd\u00ec sera, quando i visitatori potranno trovare a <strong>Campoli<\/strong> gi\u00e0 le prime novit\u00e0 previste per l&#8217;edizione 2018. Su tutte, la pizza alla ciliegia: &#8220;Quest&#8217;anno faremo un&#8217;anteprima della Festa il venerd\u00ec sera&#8221; &#8211; fa sapere Giuseppe <strong>Caporaso,<\/strong> vice-presidente della <strong>Pro Loco Monte Taburno<\/strong> &#8211; &#8220;<em>Proporremo un abbinamento spettacolare, ovvero la pizza con i formaggi locali e le marmellate di ciliegie. Una novit\u00e0 per attirare un numero ancor maggiore di visitatori&#8221;.<\/em><\/p>\n<p style=\"text-align: justify;\">Novit\u00e0, ma non solo, perch\u00e9 le attrazioni delle scorse manifestazioni restano invariate: <em>&#8220;Restano confermate le degustazione guidate con Slowfood, dove proporremo gli abbinamenti dei vini locali accostati ai&nbsp; formaggi e ai salumi. Ritornano a gran richiesta le visite guidate nei ciliegeti, sia a cavallo che in fuoristrada. E poi, quello che \u00e8 ormai un pezzo forte, il men\u00f9 interamente alla ciliegia, dove gli amanti di questo frutto potranno provare le nostre specialit\u00e0, come il risotto e gli straccetti di petto di pollo alla campolese, con ciliegie imperiali&#8221;.<\/em><\/p>\n<p style=\"text-align: justify;\">Confermati anche i laboratori didattici, tra cui quello della cagliata, quello della trasformazione delle ciliegie in marmellata, quello dei grani antichi, pi\u00f9 la novit\u00e0 di uno dedicato ai bambini, che avranno modo di preparare biscotti ovviamente alla ciliegia: &#8220;<em>Faremo tanti dolci alla ciliegia, dalla classica crostata, che oramai, da anni, rappresenta un nostro must fino al bab\u00e0 con lo cherry e le marmellate, che anche gli stessi visitatori potranno preparare nei laboratori. Si siederanno con le signore di Campoli, prepareranno la marmellata e potranno portarsela a casa, in un vasetto, come ricordo&#8221;.&nbsp;<\/em><\/p>\n","protected":false},"excerpt":{"rendered":"<p>Campoli (Bn) &#8211; Sono agli sgoccioli i preparativi per l&#8217;inizio della Festa della Ciliegia che da quest&#8217;anno sar\u00e0 proposta per tre giorni, a partire dal venerd\u00ec sera, quando i visitatori potranno trovare a Campoli gi\u00e0 le prime novit\u00e0 previste per l&#8217;edizione 2018. Su tutte, la pizza alla ciliegia: &#8220;Quest&#8217;anno faremo un&#8217;anteprima della Festa il venerd\u00ec [&hellip;]<\/p>\n","protected":false},"author":18,"featured_media":177091,"comment_status":"open","ping_status":"open","sticky":false,"template":"","format":"standard","meta":{"_monsterinsights_skip_tracking":false,"_monsterinsights_sitenote_active":false,"_monsterinsights_sitenote_note":"","_monsterinsights_sitenote_category":0,"ngg_post_thumbnail":0,"footnotes":""},"categories":[2,1379],"tags":[40,4375,25093,3611],"class_list":{"0":"post-177088","1":"post","2":"type-post","3":"status-publish","4":"format-standard","5":"has-post-thumbnail","7":"category-benevento","8":"category-cultura-e-spettacoli-benevento","9":"tag-benevento","10":"tag-campoli","11":"tag-festa-della-ciliegia","12":"tag-spettacoli"},"yoast_head":"<!-- This site is optimized with the Yoast SEO plugin v26.8 - https:\/\/yoast.com\/product\/yoast-seo-wordpress\/ -->\n<title>Campoli, tutto pronto per la Festa della Ciliegia 2018<\/title>\n<meta name=\"description\" content=\"Sono agli sgoccioli i preparativi per l&#039;inizio della Festa della Ciliegia che da quest&#039;anno sar\u00e0 proposta per tre giorni, a partire dal venerd\u00ec sera, quando i visitatori potranno trovare a Campoli gi\u00e0 le prime novit\u00e0 previste per l&#039;edizione 2018\" \/>\n<meta name=\"robots\" content=\"index, follow, max-snippet:-1, max-image-preview:large, max-video-preview:-1\" \/>\n<link rel=\"canonical\" href=\"https:\/\/www.anteprima24.it\/archivio\/benevento\/campoli-festa-ciliegia-2018\/\" \/>\n<meta property=\"og:locale\" content=\"it_IT\" \/>\n<meta property=\"og:type\" content=\"article\" \/>\n<meta property=\"og:title\" content=\"Campoli, tutto pronto per la Festa della Ciliegia 2018\" \/>\n<meta property=\"og:description\" content=\"Sono agli sgoccioli i preparativi per l&#039;inizio della Festa della Ciliegia che da quest&#039;anno sar\u00e0 proposta per tre giorni, a partire dal venerd\u00ec sera, quando i visitatori potranno trovare a Campoli gi\u00e0 le prime novit\u00e0 previste per l&#039;edizione 2018\" \/>\n<meta property=\"og:url\" content=\"https:\/\/www.anteprima24.it\/archivio\/benevento\/campoli-festa-ciliegia-2018\/\" \/>\n<meta property=\"og:site_name\" content=\"Anteprima24.it\" \/>\n<meta property=\"article:published_time\" content=\"2018-06-05T07:35:36+00:00\" \/>\n<meta property=\"og:image\" content=\"https:\/\/www.anteprima24.it\/archivio\/wp-content\/uploads\/2018\/06\/Campoli-festa-della-ciliegia.png\" \/>\n\t<meta property=\"og:image:width\" content=\"600\" \/>\n\t<meta property=\"og:image:height\" content=\"238\" \/>\n\t<meta property=\"og:image:type\" content=\"image\/png\" \/>\n<meta name=\"author\" content=\"Redazione\" \/>\n<meta name=\"twitter:card\" content=\"summary_large_image\" \/>\n<meta name=\"twitter:label1\" content=\"Scritto da\" \/>\n\t<meta name=\"twitter:data1\" content=\"Redazione\" \/>\n\t<meta name=\"twitter:label2\" content=\"Tempo di lettura stimato\" \/>\n\t<meta name=\"twitter:data2\" content=\"1 minuto\" \/>\n<script type=\"application\/ld+json\" class=\"yoast-schema-graph\">{\"@context\":\"https:\/\/schema.org\",\"@graph\":[{\"@type\":\"Article\",\"@id\":\"https:\/\/www.anteprima24.it\/archivio\/benevento\/campoli-festa-ciliegia-2018\/#article\",\"isPartOf\":{\"@id\":\"https:\/\/www.anteprima24.it\/archivio\/benevento\/campoli-festa-ciliegia-2018\/\"},\"author\":{\"name\":\"Redazione\",\"@id\":\"https:\/\/www.anteprima24.it\/archivio\/#\/schema\/person\/82cb05184ce534850be490e88d61c793\"},\"headline\":\"Campoli, tutto pronto per la Festa della Ciliegia 2018\",\"datePublished\":\"2018-06-05T07:35:36+00:00\",\"mainEntityOfPage\":{\"@id\":\"https:\/\/www.anteprima24.it\/archivio\/benevento\/campoli-festa-ciliegia-2018\/\"},\"wordCount\":286,\"commentCount\":0,\"image\":{\"@id\":\"https:\/\/www.anteprima24.it\/archivio\/benevento\/campoli-festa-ciliegia-2018\/#primaryimage\"},\"thumbnailUrl\":\"https:\/\/www.anteprima24.it\/archivio\/wp-content\/uploads\/2018\/06\/Campoli-festa-della-ciliegia.png\",\"keywords\":[\"Benevento\",\"campoli\",\"Festa della Ciliegia\",\"spettacoli\"],\"articleSection\":[\"Benevento\",\"Cultura Benevento\"],\"inLanguage\":\"it-IT\",\"potentialAction\":[{\"@type\":\"CommentAction\",\"name\":\"Comment\",\"target\":[\"https:\/\/www.anteprima24.it\/archivio\/benevento\/campoli-festa-ciliegia-2018\/#respond\"]}]},{\"@type\":\"WebPage\",\"@id\":\"https:\/\/www.anteprima24.it\/archivio\/benevento\/campoli-festa-ciliegia-2018\/\",\"url\":\"https:\/\/www.anteprima24.it\/archivio\/benevento\/campoli-festa-ciliegia-2018\/\",\"name\":\"Campoli, tutto pronto per la Festa della Ciliegia 2018\",\"isPartOf\":{\"@id\":\"https:\/\/www.anteprima24.it\/archivio\/#website\"},\"primaryImageOfPage\":{\"@id\":\"https:\/\/www.anteprima24.it\/archivio\/benevento\/campoli-festa-ciliegia-2018\/#primaryimage\"},\"image\":{\"@id\":\"https:\/\/www.anteprima24.it\/archivio\/benevento\/campoli-festa-ciliegia-2018\/#primaryimage\"},\"thumbnailUrl\":\"https:\/\/www.anteprima24.it\/archivio\/wp-content\/uploads\/2018\/06\/Campoli-festa-della-ciliegia.png\",\"datePublished\":\"2018-06-05T07:35:36+00:00\",\"author\":{\"@id\":\"https:\/\/www.anteprima24.it\/archivio\/#\/schema\/person\/82cb05184ce534850be490e88d61c793\"},\"description\":\"Sono agli sgoccioli i preparativi per l'inizio della Festa della Ciliegia che da quest'anno sar\u00e0 proposta per tre giorni, a partire dal venerd\u00ec sera, quando i visitatori potranno trovare a Campoli gi\u00e0 le prime novit\u00e0 previste per l'edizione 2018\",\"breadcrumb\":{\"@id\":\"https:\/\/www.anteprima24.it\/archivio\/benevento\/campoli-festa-ciliegia-2018\/#breadcrumb\"},\"inLanguage\":\"it-IT\",\"potentialAction\":[{\"@type\":\"ReadAction\",\"target\":[\"https:\/\/www.anteprima24.it\/archivio\/benevento\/campoli-festa-ciliegia-2018\/\"]}]},{\"@type\":\"ImageObject\",\"inLanguage\":\"it-IT\",\"@id\":\"https:\/\/www.anteprima24.it\/archivio\/benevento\/campoli-festa-ciliegia-2018\/#primaryimage\",\"url\":\"https:\/\/www.anteprima24.it\/archivio\/wp-content\/uploads\/2018\/06\/Campoli-festa-della-ciliegia.png\",\"contentUrl\":\"https:\/\/www.anteprima24.it\/archivio\/wp-content\/uploads\/2018\/06\/Campoli-festa-della-ciliegia.png\",\"width\":600,\"height\":238},{\"@type\":\"BreadcrumbList\",\"@id\":\"https:\/\/www.anteprima24.it\/archivio\/benevento\/campoli-festa-ciliegia-2018\/#breadcrumb\",\"itemListElement\":[{\"@type\":\"ListItem\",\"position\":1,\"name\":\"Home\",\"item\":\"https:\/\/www.anteprima24.it\/archivio\/\"},{\"@type\":\"ListItem\",\"position\":2,\"name\":\"Campoli, tutto pronto per la Festa della Ciliegia 2018\"}]},{\"@type\":\"WebSite\",\"@id\":\"https:\/\/www.anteprima24.it\/archivio\/#website\",\"url\":\"https:\/\/www.anteprima24.it\/archivio\/\",\"name\":\"Anteprima24.it\",\"description\":\"\",\"potentialAction\":[{\"@type\":\"SearchAction\",\"target\":{\"@type\":\"EntryPoint\",\"urlTemplate\":\"https:\/\/www.anteprima24.it\/archivio\/?s={search_term_string}\"},\"query-input\":{\"@type\":\"PropertyValueSpecification\",\"valueRequired\":true,\"valueName\":\"search_term_string\"}}],\"inLanguage\":\"it-IT\"},{\"@type\":\"Person\",\"@id\":\"https:\/\/www.anteprima24.it\/archivio\/#\/schema\/person\/82cb05184ce534850be490e88d61c793\",\"name\":\"Redazione\",\"image\":{\"@type\":\"ImageObject\",\"inLanguage\":\"it-IT\",\"@id\":\"https:\/\/www.anteprima24.it\/archivio\/#\/schema\/person\/image\/\",\"url\":\"https:\/\/secure.gravatar.com\/avatar\/7b3d8f1c4b28bc2839d55e726cab88bfcfbc47e9a2e00ac362599ab1a5deaa44?s=96&d=mm&r=g\",\"contentUrl\":\"https:\/\/secure.gravatar.com\/avatar\/7b3d8f1c4b28bc2839d55e726cab88bfcfbc47e9a2e00ac362599ab1a5deaa44?s=96&d=mm&r=g\",\"caption\":\"Redazione\"},\"url\":\"https:\/\/www.anteprima24.it\/archivio\/author\/redazione\/\"}]}<\/script>\n<!-- \/ Yoast SEO plugin. -->","yoast_head_json":{"title":"Campoli, tutto pronto per la Festa della Ciliegia 2018","description":"Sono agli sgoccioli i preparativi per l'inizio della Festa della Ciliegia che da quest'anno sar\u00e0 proposta per tre giorni, a partire dal venerd\u00ec sera, quando i visitatori potranno trovare a Campoli gi\u00e0 le prime novit\u00e0 previste per l'edizione 2018","robots":{"index":"index","follow":"follow","max-snippet":"max-snippet:-1","max-image-preview":"max-image-preview:large","max-video-preview":"max-video-preview:-1"},"canonical":"https:\/\/www.anteprima24.it\/archivio\/benevento\/campoli-festa-ciliegia-2018\/","og_locale":"it_IT","og_type":"article","og_title":"Campoli, tutto pronto per la Festa della Ciliegia 2018","og_description":"Sono agli sgoccioli i preparativi per l'inizio della Festa della Ciliegia che da quest'anno sar\u00e0 proposta per tre giorni, a partire dal venerd\u00ec sera, quando i visitatori potranno trovare a Campoli gi\u00e0 le prime novit\u00e0 previste per l'edizione 2018","og_url":"https:\/\/www.anteprima24.it\/archivio\/benevento\/campoli-festa-ciliegia-2018\/","og_site_name":"Anteprima24.it","article_published_time":"2018-06-05T07:35:36+00:00","og_image":[{"width":600,"height":238,"url":"https:\/\/www.anteprima24.it\/archivio\/wp-content\/uploads\/2018\/06\/Campoli-festa-della-ciliegia.png","type":"image\/png"}],"author":"Redazione","twitter_card":"summary_large_image","twitter_misc":{"Scritto da":"Redazione","Tempo di lettura stimato":"1 minuto"},"schema":{"@context":"https:\/\/schema.org","@graph":[{"@type":"Article","@id":"https:\/\/www.anteprima24.it\/archivio\/benevento\/campoli-festa-ciliegia-2018\/#article","isPartOf":{"@id":"https:\/\/www.anteprima24.it\/archivio\/benevento\/campoli-festa-ciliegia-2018\/"},"author":{"name":"Redazione","@id":"https:\/\/www.anteprima24.it\/archivio\/#\/schema\/person\/82cb05184ce534850be490e88d61c793"},"headline":"Campoli, tutto pronto per la Festa della Ciliegia 2018","datePublished":"2018-06-05T07:35:36+00:00","mainEntityOfPage":{"@id":"https:\/\/www.anteprima24.it\/archivio\/benevento\/campoli-festa-ciliegia-2018\/"},"wordCount":286,"commentCount":0,"image":{"@id":"https:\/\/www.anteprima24.it\/archivio\/benevento\/campoli-festa-ciliegia-2018\/#primaryimage"},"thumbnailUrl":"https:\/\/www.anteprima24.it\/archivio\/wp-content\/uploads\/2018\/06\/Campoli-festa-della-ciliegia.png","keywords":["Benevento","campoli","Festa della Ciliegia","spettacoli"],"articleSection":["Benevento","Cultura Benevento"],"inLanguage":"it-IT","potentialAction":[{"@type":"CommentAction","name":"Comment","target":["https:\/\/www.anteprima24.it\/archivio\/benevento\/campoli-festa-ciliegia-2018\/#respond"]}]},{"@type":"WebPage","@id":"https:\/\/www.anteprima24.it\/archivio\/benevento\/campoli-festa-ciliegia-2018\/","url":"https:\/\/www.anteprima24.it\/archivio\/benevento\/campoli-festa-ciliegia-2018\/","name":"Campoli, tutto pronto per la Festa della Ciliegia 2018","isPartOf":{"@id":"https:\/\/www.anteprima24.it\/archivio\/#website"},"primaryImageOfPage":{"@id":"https:\/\/www.anteprima24.it\/archivio\/benevento\/campoli-festa-ciliegia-2018\/#primaryimage"},"image":{"@id":"https:\/\/www.anteprima24.it\/archivio\/benevento\/campoli-festa-ciliegia-2018\/#primaryimage"},"thumbnailUrl":"https:\/\/www.anteprima24.it\/archivio\/wp-content\/uploads\/2018\/06\/Campoli-festa-della-ciliegia.png","datePublished":"2018-06-05T07:35:36+00:00","author":{"@id":"https:\/\/www.anteprima24.it\/archivio\/#\/schema\/person\/82cb05184ce534850be490e88d61c793"},"description":"Sono agli sgoccioli i preparativi per l'inizio della Festa della Ciliegia che da quest'anno sar\u00e0 proposta per tre giorni, a partire dal venerd\u00ec sera, quando i visitatori potranno trovare a Campoli gi\u00e0 le prime novit\u00e0 previste per l'edizione 2018","breadcrumb":{"@id":"https:\/\/www.anteprima24.it\/archivio\/benevento\/campoli-festa-ciliegia-2018\/#breadcrumb"},"inLanguage":"it-IT","potentialAction":[{"@type":"ReadAction","target":["https:\/\/www.anteprima24.it\/archivio\/benevento\/campoli-festa-ciliegia-2018\/"]}]},{"@type":"ImageObject","inLanguage":"it-IT","@id":"https:\/\/www.anteprima24.it\/archivio\/benevento\/campoli-festa-ciliegia-2018\/#primaryimage","url":"https:\/\/www.anteprima24.it\/archivio\/wp-content\/uploads\/2018\/06\/Campoli-festa-della-ciliegia.png","contentUrl":"https:\/\/www.anteprima24.it\/archivio\/wp-content\/uploads\/2018\/06\/Campoli-festa-della-ciliegia.png","width":600,"height":238},{"@type":"BreadcrumbList","@id":"https:\/\/www.anteprima24.it\/archivio\/benevento\/campoli-festa-ciliegia-2018\/#breadcrumb","itemListElement":[{"@type":"ListItem","position":1,"name":"Home","item":"https:\/\/www.anteprima24.it\/archivio\/"},{"@type":"ListItem","position":2,"name":"Campoli, tutto pronto per la Festa della Ciliegia 2018"}]},{"@type":"WebSite","@id":"https:\/\/www.anteprima24.it\/archivio\/#website","url":"https:\/\/www.anteprima24.it\/archivio\/","name":"Anteprima24.it","description":"","potentialAction":[{"@type":"SearchAction","target":{"@type":"EntryPoint","urlTemplate":"https:\/\/www.anteprima24.it\/archivio\/?s={search_term_string}"},"query-input":{"@type":"PropertyValueSpecification","valueRequired":true,"valueName":"search_term_string"}}],"inLanguage":"it-IT"},{"@type":"Person","@id":"https:\/\/www.anteprima24.it\/archivio\/#\/schema\/person\/82cb05184ce534850be490e88d61c793","name":"Redazione","image":{"@type":"ImageObject","inLanguage":"it-IT","@id":"https:\/\/www.anteprima24.it\/archivio\/#\/schema\/person\/image\/","url":"https:\/\/secure.gravatar.com\/avatar\/7b3d8f1c4b28bc2839d55e726cab88bfcfbc47e9a2e00ac362599ab1a5deaa44?s=96&d=mm&r=g","contentUrl":"https:\/\/secure.gravatar.com\/avatar\/7b3d8f1c4b28bc2839d55e726cab88bfcfbc47e9a2e00ac362599ab1a5deaa44?s=96&d=mm&r=g","caption":"Redazione"},"url":"https:\/\/www.anteprima24.it\/archivio\/author\/redazione\/"}]}},"_links":{"self":[{"href":"https:\/\/www.anteprima24.it\/archivio\/wp-json\/wp\/v2\/posts\/177088","targetHints":{"allow":["GET"]}}],"collection":[{"href":"https:\/\/www.anteprima24.it\/archivio\/wp-json\/wp\/v2\/posts"}],"about":[{"href":"https:\/\/www.anteprima24.it\/archivio\/wp-json\/wp\/v2\/types\/post"}],"author":[{"embeddable":true,"href":"https:\/\/www.anteprima24.it\/archivio\/wp-json\/wp\/v2\/users\/18"}],"replies":[{"embeddable":true,"href":"https:\/\/www.anteprima24.it\/archivio\/wp-json\/wp\/v2\/comments?post=177088"}],"version-history":[{"count":0,"href":"https:\/\/www.anteprima24.it\/archivio\/wp-json\/wp\/v2\/posts\/177088\/revisions"}],"wp:featuredmedia":[{"embeddable":true,"href":"https:\/\/www.anteprima24.it\/archivio\/wp-json\/wp\/v2\/media\/177091"}],"wp:attachment":[{"href":"https:\/\/www.anteprima24.it\/archivio\/wp-json\/wp\/v2\/media?parent=177088"}],"wp:term":[{"taxonomy":"category","embeddable":true,"href":"https:\/\/www.anteprima24.it\/archivio\/wp-json\/wp\/v2\/categories?post=177088"},{"taxonomy":"post_tag","embeddable":true,"href":"https:\/\/www.anteprima24.it\/archivio\/wp-json\/wp\/v2\/tags?post=177088"}],"curies":[{"name":"wp","href":"https:\/\/api.w.org\/{rel}","templated":true}]}}