{"id":18076,"date":"2017-07-05T10:24:27","date_gmt":"2017-07-05T08:24:27","guid":{"rendered":"http:\/\/www.anteprima24.it\/?p=18076"},"modified":"2017-07-05T10:24:27","modified_gmt":"2017-07-05T08:24:27","slug":"comune-giacobbe-non-mi-ricandido","status":"publish","type":"post","link":"https:\/\/www.anteprima24.it\/archivio\/avellino\/comune-giacobbe-non-mi-ricandido\/","title":{"rendered":"Comune, Giacobbe: &#8220;Non mi ricandido&#8221;"},"content":{"rendered":"<span class=\"span-reading-time rt-reading-time\" style=\"display: block;\"><span class=\"rt-label rt-prefix\">Tempo di lettura: <\/span> <span class=\"rt-time\"> 2<\/span> <span class=\"rt-label rt-postfix\">minuti<\/span><\/span><p>Avellino &#8211; Ennesimo flop per la riunione di maggioranza fissata dal capogruppo Geppino Giacobbe che \u00e8 apparso perentorio:\u201d Non ho nessuna intenzione di ricandidarmi, \u00e8 sicuro\u201d ha dichiarato a margine dell\u2019incontro. Questa volta \u00e8 deciso tanto da lasciarsi andare ad uno sfogo amaro.<\/p>\n<p>\u201cNon capisco perch\u00e9 si disertano gli incontri che solitamente facciamo in preparazione del consiglio comunale, che tra l\u2019altro mi sono stati richiesti proprio dalla maggioranza, e poi invece si partecipa a riunioni di partito e a convegni \u2013 dice&nbsp; Giacobbe- non ho ancora capito il motivo di questa latitanza visto che tutti dicono di volere risolvere i problemi della citt\u00e0 ma non partecipando al dialogo di fatto si dimostra che non si \u00e8 interessati alle questioni di Avellino. All\u2019incontro \u00e8 intervenuto anche il sindaco, ed era importante. Anche lui, purtroppo deve prendere atto della situazione\u201d.<\/p>\n<p>Nella riunione sono stati analizzati i vari punti che dovranno essere trattati nella sessione consiliare. In particolare l\u2019assessore Iannaccone, parlando delle societ\u00e0 partecipate, ha ricordato che oggi l\u2019Ente \u00e8 strutturalmente deficitario e la sola possibilit\u00e0, secondo la legge, quando per tre esercizi consecutivi si registra una situazione deficitaria, \u00e8 quella di ricorrere alla razionalizzazione della spesa. Questo motiva l\u2019uscita del Comune dalla Medea, dall\u2019Asi e si sta valutando il rapporto con l\u2019Acs. Sul teatro il ragionamento \u00e8 ancora tutto in itinere.<\/p>\n<p>\u201cAbbiamo espresso la necessit\u00e0 di stringere i tempi e condividere insieme questi ultimi mesi di attivit\u00e0 amministrativa \u2013 conclude il capogruppo di maggioranza \u2013 Il mio auspicio \u00e8 che sul bilancio consuntivo ci si ritrovi con almeno 16 voti. Del resto la maggioranza alla fine, nei momenti di difficolt\u00e0, ha sempre trovato una intesa e sicuramente sar\u00e0 cos\u00ec\u201d.<\/p>\n<p>&nbsp;<\/p>\n","protected":false},"excerpt":{"rendered":"<p>Avellino &#8211; Ennesimo flop per la riunione di maggioranza fissata dal capogruppo Geppino Giacobbe che \u00e8 apparso perentorio:\u201d Non ho nessuna intenzione di ricandidarmi, \u00e8 sicuro\u201d ha dichiarato a margine dell\u2019incontro. Questa volta \u00e8 deciso tanto da lasciarsi andare ad uno sfogo amaro. \u201cNon capisco perch\u00e9 si disertano gli incontri che solitamente facciamo in preparazione [&hellip;]<\/p>\n","protected":false},"author":25,"featured_media":5179,"comment_status":"open","ping_status":"open","sticky":false,"template":"","format":"standard","meta":{"_monsterinsights_skip_tracking":false,"_monsterinsights_sitenote_active":false,"_monsterinsights_sitenote_note":"","_monsterinsights_sitenote_category":0,"ngg_post_thumbnail":0,"footnotes":""},"categories":[4,1381],"tags":[4312,583,4311],"class_list":{"0":"post-18076","1":"post","2":"type-post","3":"status-publish","4":"format-standard","5":"has-post-thumbnail","7":"category-avellino","8":"category-politica-avellino","9":"tag-capoguppo","10":"tag-consiglio-comunale","11":"tag-maggioranza"},"yoast_head":"<!-- This site is optimized with the Yoast SEO plugin v26.8 - https:\/\/yoast.com\/product\/yoast-seo-wordpress\/ -->\n<title>Comune, Giacobbe: &quot;Non mi ricandido&quot; - Anteprima24.it<\/title>\n<meta name=\"robots\" content=\"index, follow, max-snippet:-1, max-image-preview:large, max-video-preview:-1\" \/>\n<link rel=\"canonical\" href=\"https:\/\/www.anteprima24.it\/archivio\/avellino\/comune-giacobbe-non-mi-ricandido\/\" \/>\n<meta property=\"og:locale\" content=\"it_IT\" \/>\n<meta property=\"og:type\" content=\"article\" \/>\n<meta property=\"og:title\" content=\"Comune, Giacobbe: &quot;Non mi ricandido&quot; - Anteprima24.it\" \/>\n<meta property=\"og:description\" content=\"Avellino &#8211; Ennesimo flop per la riunione di maggioranza fissata dal capogruppo Geppino Giacobbe che \u00e8 apparso perentorio:\u201d Non ho nessuna intenzione di ricandidarmi, \u00e8 sicuro\u201d ha dichiarato a margine dell\u2019incontro. Questa volta \u00e8 deciso tanto da lasciarsi andare ad uno sfogo amaro. \u201cNon capisco perch\u00e9 si disertano gli incontri che solitamente facciamo in preparazione [&hellip;]\" \/>\n<meta property=\"og:url\" content=\"https:\/\/www.anteprima24.it\/archivio\/avellino\/comune-giacobbe-non-mi-ricandido\/\" \/>\n<meta property=\"og:site_name\" content=\"Anteprima24.it\" \/>\n<meta property=\"article:published_time\" content=\"2017-07-05T08:24:27+00:00\" \/>\n<meta property=\"og:image\" content=\"https:\/\/www.anteprima24.it\/archivio\/wp-content\/uploads\/2017\/06\/comune-avellino1.jpg\" \/>\n\t<meta property=\"og:image:width\" content=\"671\" \/>\n\t<meta property=\"og:image:height\" content=\"437\" \/>\n\t<meta property=\"og:image:type\" content=\"image\/jpeg\" \/>\n<meta name=\"author\" content=\"Paola Ricciarelli\" \/>\n<meta name=\"twitter:card\" content=\"summary_large_image\" \/>\n<meta name=\"twitter:label1\" content=\"Scritto da\" \/>\n\t<meta name=\"twitter:data1\" content=\"Paola Ricciarelli\" \/>\n\t<meta name=\"twitter:label2\" content=\"Tempo di lettura stimato\" \/>\n\t<meta name=\"twitter:data2\" content=\"1 minuto\" \/>\n<script type=\"application\/ld+json\" class=\"yoast-schema-graph\">{\"@context\":\"https:\/\/schema.org\",\"@graph\":[{\"@type\":\"Article\",\"@id\":\"https:\/\/www.anteprima24.it\/archivio\/avellino\/comune-giacobbe-non-mi-ricandido\/#article\",\"isPartOf\":{\"@id\":\"https:\/\/www.anteprima24.it\/archivio\/avellino\/comune-giacobbe-non-mi-ricandido\/\"},\"author\":{\"name\":\"Paola Ricciarelli\",\"@id\":\"https:\/\/www.anteprima24.it\/archivio\/#\/schema\/person\/6bef30886cb2d9a0960471ab12d3c4ae\"},\"headline\":\"Comune, Giacobbe: &#8220;Non mi ricandido&#8221;\",\"datePublished\":\"2017-07-05T08:24:27+00:00\",\"mainEntityOfPage\":{\"@id\":\"https:\/\/www.anteprima24.it\/archivio\/avellino\/comune-giacobbe-non-mi-ricandido\/\"},\"wordCount\":279,\"commentCount\":0,\"image\":{\"@id\":\"https:\/\/www.anteprima24.it\/archivio\/avellino\/comune-giacobbe-non-mi-ricandido\/#primaryimage\"},\"thumbnailUrl\":\"https:\/\/www.anteprima24.it\/archivio\/wp-content\/uploads\/2017\/06\/comune-avellino1.jpg\",\"keywords\":[\"capoguppo\",\"Consiglio Comunale\",\"maggioranza\"],\"articleSection\":[\"Avellino\",\"Politica Avellino\"],\"inLanguage\":\"it-IT\",\"potentialAction\":[{\"@type\":\"CommentAction\",\"name\":\"Comment\",\"target\":[\"https:\/\/www.anteprima24.it\/archivio\/avellino\/comune-giacobbe-non-mi-ricandido\/#respond\"]}]},{\"@type\":\"WebPage\",\"@id\":\"https:\/\/www.anteprima24.it\/archivio\/avellino\/comune-giacobbe-non-mi-ricandido\/\",\"url\":\"https:\/\/www.anteprima24.it\/archivio\/avellino\/comune-giacobbe-non-mi-ricandido\/\",\"name\":\"Comune, Giacobbe: \\\"Non mi ricandido\\\" - Anteprima24.it\",\"isPartOf\":{\"@id\":\"https:\/\/www.anteprima24.it\/archivio\/#website\"},\"primaryImageOfPage\":{\"@id\":\"https:\/\/www.anteprima24.it\/archivio\/avellino\/comune-giacobbe-non-mi-ricandido\/#primaryimage\"},\"image\":{\"@id\":\"https:\/\/www.anteprima24.it\/archivio\/avellino\/comune-giacobbe-non-mi-ricandido\/#primaryimage\"},\"thumbnailUrl\":\"https:\/\/www.anteprima24.it\/archivio\/wp-content\/uploads\/2017\/06\/comune-avellino1.jpg\",\"datePublished\":\"2017-07-05T08:24:27+00:00\",\"author\":{\"@id\":\"https:\/\/www.anteprima24.it\/archivio\/#\/schema\/person\/6bef30886cb2d9a0960471ab12d3c4ae\"},\"breadcrumb\":{\"@id\":\"https:\/\/www.anteprima24.it\/archivio\/avellino\/comune-giacobbe-non-mi-ricandido\/#breadcrumb\"},\"inLanguage\":\"it-IT\",\"potentialAction\":[{\"@type\":\"ReadAction\",\"target\":[\"https:\/\/www.anteprima24.it\/archivio\/avellino\/comune-giacobbe-non-mi-ricandido\/\"]}]},{\"@type\":\"ImageObject\",\"inLanguage\":\"it-IT\",\"@id\":\"https:\/\/www.anteprima24.it\/archivio\/avellino\/comune-giacobbe-non-mi-ricandido\/#primaryimage\",\"url\":\"https:\/\/www.anteprima24.it\/archivio\/wp-content\/uploads\/2017\/06\/comune-avellino1.jpg\",\"contentUrl\":\"https:\/\/www.anteprima24.it\/archivio\/wp-content\/uploads\/2017\/06\/comune-avellino1.jpg\",\"width\":671,\"height\":437},{\"@type\":\"BreadcrumbList\",\"@id\":\"https:\/\/www.anteprima24.it\/archivio\/avellino\/comune-giacobbe-non-mi-ricandido\/#breadcrumb\",\"itemListElement\":[{\"@type\":\"ListItem\",\"position\":1,\"name\":\"Home\",\"item\":\"https:\/\/www.anteprima24.it\/archivio\/\"},{\"@type\":\"ListItem\",\"position\":2,\"name\":\"Comune, Giacobbe: &#8220;Non mi ricandido&#8221;\"}]},{\"@type\":\"WebSite\",\"@id\":\"https:\/\/www.anteprima24.it\/archivio\/#website\",\"url\":\"https:\/\/www.anteprima24.it\/archivio\/\",\"name\":\"Anteprima24.it\",\"description\":\"\",\"potentialAction\":[{\"@type\":\"SearchAction\",\"target\":{\"@type\":\"EntryPoint\",\"urlTemplate\":\"https:\/\/www.anteprima24.it\/archivio\/?s={search_term_string}\"},\"query-input\":{\"@type\":\"PropertyValueSpecification\",\"valueRequired\":true,\"valueName\":\"search_term_string\"}}],\"inLanguage\":\"it-IT\"},{\"@type\":\"Person\",\"@id\":\"https:\/\/www.anteprima24.it\/archivio\/#\/schema\/person\/6bef30886cb2d9a0960471ab12d3c4ae\",\"name\":\"Paola Ricciarelli\",\"image\":{\"@type\":\"ImageObject\",\"inLanguage\":\"it-IT\",\"@id\":\"https:\/\/www.anteprima24.it\/archivio\/#\/schema\/person\/image\/\",\"url\":\"https:\/\/secure.gravatar.com\/avatar\/cffb04e317029dc9edb33c1475497c3a84618c115d9e14d513cc204dae1bad2f?s=96&d=mm&r=g\",\"contentUrl\":\"https:\/\/secure.gravatar.com\/avatar\/cffb04e317029dc9edb33c1475497c3a84618c115d9e14d513cc204dae1bad2f?s=96&d=mm&r=g\",\"caption\":\"Paola Ricciarelli\"},\"url\":\"https:\/\/www.anteprima24.it\/archivio\/author\/paola-ricciarelli\/\"}]}<\/script>\n<!-- \/ Yoast SEO plugin. -->","yoast_head_json":{"title":"Comune, Giacobbe: \"Non mi ricandido\" - Anteprima24.it","robots":{"index":"index","follow":"follow","max-snippet":"max-snippet:-1","max-image-preview":"max-image-preview:large","max-video-preview":"max-video-preview:-1"},"canonical":"https:\/\/www.anteprima24.it\/archivio\/avellino\/comune-giacobbe-non-mi-ricandido\/","og_locale":"it_IT","og_type":"article","og_title":"Comune, Giacobbe: \"Non mi ricandido\" - Anteprima24.it","og_description":"Avellino &#8211; Ennesimo flop per la riunione di maggioranza fissata dal capogruppo Geppino Giacobbe che \u00e8 apparso perentorio:\u201d Non ho nessuna intenzione di ricandidarmi, \u00e8 sicuro\u201d ha dichiarato a margine dell\u2019incontro. Questa volta \u00e8 deciso tanto da lasciarsi andare ad uno sfogo amaro. \u201cNon capisco perch\u00e9 si disertano gli incontri che solitamente facciamo in preparazione [&hellip;]","og_url":"https:\/\/www.anteprima24.it\/archivio\/avellino\/comune-giacobbe-non-mi-ricandido\/","og_site_name":"Anteprima24.it","article_published_time":"2017-07-05T08:24:27+00:00","og_image":[{"width":671,"height":437,"url":"https:\/\/www.anteprima24.it\/archivio\/wp-content\/uploads\/2017\/06\/comune-avellino1.jpg","type":"image\/jpeg"}],"author":"Paola Ricciarelli","twitter_card":"summary_large_image","twitter_misc":{"Scritto da":"Paola Ricciarelli","Tempo di lettura stimato":"1 minuto"},"schema":{"@context":"https:\/\/schema.org","@graph":[{"@type":"Article","@id":"https:\/\/www.anteprima24.it\/archivio\/avellino\/comune-giacobbe-non-mi-ricandido\/#article","isPartOf":{"@id":"https:\/\/www.anteprima24.it\/archivio\/avellino\/comune-giacobbe-non-mi-ricandido\/"},"author":{"name":"Paola Ricciarelli","@id":"https:\/\/www.anteprima24.it\/archivio\/#\/schema\/person\/6bef30886cb2d9a0960471ab12d3c4ae"},"headline":"Comune, Giacobbe: &#8220;Non mi ricandido&#8221;","datePublished":"2017-07-05T08:24:27+00:00","mainEntityOfPage":{"@id":"https:\/\/www.anteprima24.it\/archivio\/avellino\/comune-giacobbe-non-mi-ricandido\/"},"wordCount":279,"commentCount":0,"image":{"@id":"https:\/\/www.anteprima24.it\/archivio\/avellino\/comune-giacobbe-non-mi-ricandido\/#primaryimage"},"thumbnailUrl":"https:\/\/www.anteprima24.it\/archivio\/wp-content\/uploads\/2017\/06\/comune-avellino1.jpg","keywords":["capoguppo","Consiglio Comunale","maggioranza"],"articleSection":["Avellino","Politica Avellino"],"inLanguage":"it-IT","potentialAction":[{"@type":"CommentAction","name":"Comment","target":["https:\/\/www.anteprima24.it\/archivio\/avellino\/comune-giacobbe-non-mi-ricandido\/#respond"]}]},{"@type":"WebPage","@id":"https:\/\/www.anteprima24.it\/archivio\/avellino\/comune-giacobbe-non-mi-ricandido\/","url":"https:\/\/www.anteprima24.it\/archivio\/avellino\/comune-giacobbe-non-mi-ricandido\/","name":"Comune, Giacobbe: \"Non mi ricandido\" - Anteprima24.it","isPartOf":{"@id":"https:\/\/www.anteprima24.it\/archivio\/#website"},"primaryImageOfPage":{"@id":"https:\/\/www.anteprima24.it\/archivio\/avellino\/comune-giacobbe-non-mi-ricandido\/#primaryimage"},"image":{"@id":"https:\/\/www.anteprima24.it\/archivio\/avellino\/comune-giacobbe-non-mi-ricandido\/#primaryimage"},"thumbnailUrl":"https:\/\/www.anteprima24.it\/archivio\/wp-content\/uploads\/2017\/06\/comune-avellino1.jpg","datePublished":"2017-07-05T08:24:27+00:00","author":{"@id":"https:\/\/www.anteprima24.it\/archivio\/#\/schema\/person\/6bef30886cb2d9a0960471ab12d3c4ae"},"breadcrumb":{"@id":"https:\/\/www.anteprima24.it\/archivio\/avellino\/comune-giacobbe-non-mi-ricandido\/#breadcrumb"},"inLanguage":"it-IT","potentialAction":[{"@type":"ReadAction","target":["https:\/\/www.anteprima24.it\/archivio\/avellino\/comune-giacobbe-non-mi-ricandido\/"]}]},{"@type":"ImageObject","inLanguage":"it-IT","@id":"https:\/\/www.anteprima24.it\/archivio\/avellino\/comune-giacobbe-non-mi-ricandido\/#primaryimage","url":"https:\/\/www.anteprima24.it\/archivio\/wp-content\/uploads\/2017\/06\/comune-avellino1.jpg","contentUrl":"https:\/\/www.anteprima24.it\/archivio\/wp-content\/uploads\/2017\/06\/comune-avellino1.jpg","width":671,"height":437},{"@type":"BreadcrumbList","@id":"https:\/\/www.anteprima24.it\/archivio\/avellino\/comune-giacobbe-non-mi-ricandido\/#breadcrumb","itemListElement":[{"@type":"ListItem","position":1,"name":"Home","item":"https:\/\/www.anteprima24.it\/archivio\/"},{"@type":"ListItem","position":2,"name":"Comune, Giacobbe: &#8220;Non mi ricandido&#8221;"}]},{"@type":"WebSite","@id":"https:\/\/www.anteprima24.it\/archivio\/#website","url":"https:\/\/www.anteprima24.it\/archivio\/","name":"Anteprima24.it","description":"","potentialAction":[{"@type":"SearchAction","target":{"@type":"EntryPoint","urlTemplate":"https:\/\/www.anteprima24.it\/archivio\/?s={search_term_string}"},"query-input":{"@type":"PropertyValueSpecification","valueRequired":true,"valueName":"search_term_string"}}],"inLanguage":"it-IT"},{"@type":"Person","@id":"https:\/\/www.anteprima24.it\/archivio\/#\/schema\/person\/6bef30886cb2d9a0960471ab12d3c4ae","name":"Paola Ricciarelli","image":{"@type":"ImageObject","inLanguage":"it-IT","@id":"https:\/\/www.anteprima24.it\/archivio\/#\/schema\/person\/image\/","url":"https:\/\/secure.gravatar.com\/avatar\/cffb04e317029dc9edb33c1475497c3a84618c115d9e14d513cc204dae1bad2f?s=96&d=mm&r=g","contentUrl":"https:\/\/secure.gravatar.com\/avatar\/cffb04e317029dc9edb33c1475497c3a84618c115d9e14d513cc204dae1bad2f?s=96&d=mm&r=g","caption":"Paola Ricciarelli"},"url":"https:\/\/www.anteprima24.it\/archivio\/author\/paola-ricciarelli\/"}]}},"_links":{"self":[{"href":"https:\/\/www.anteprima24.it\/archivio\/wp-json\/wp\/v2\/posts\/18076","targetHints":{"allow":["GET"]}}],"collection":[{"href":"https:\/\/www.anteprima24.it\/archivio\/wp-json\/wp\/v2\/posts"}],"about":[{"href":"https:\/\/www.anteprima24.it\/archivio\/wp-json\/wp\/v2\/types\/post"}],"author":[{"embeddable":true,"href":"https:\/\/www.anteprima24.it\/archivio\/wp-json\/wp\/v2\/users\/25"}],"replies":[{"embeddable":true,"href":"https:\/\/www.anteprima24.it\/archivio\/wp-json\/wp\/v2\/comments?post=18076"}],"version-history":[{"count":0,"href":"https:\/\/www.anteprima24.it\/archivio\/wp-json\/wp\/v2\/posts\/18076\/revisions"}],"wp:featuredmedia":[{"embeddable":true,"href":"https:\/\/www.anteprima24.it\/archivio\/wp-json\/wp\/v2\/media\/5179"}],"wp:attachment":[{"href":"https:\/\/www.anteprima24.it\/archivio\/wp-json\/wp\/v2\/media?parent=18076"}],"wp:term":[{"taxonomy":"category","embeddable":true,"href":"https:\/\/www.anteprima24.it\/archivio\/wp-json\/wp\/v2\/categories?post=18076"},{"taxonomy":"post_tag","embeddable":true,"href":"https:\/\/www.anteprima24.it\/archivio\/wp-json\/wp\/v2\/tags?post=18076"}],"curies":[{"name":"wp","href":"https:\/\/api.w.org\/{rel}","templated":true}]}}