{"id":209219,"date":"2018-09-10T13:09:10","date_gmt":"2018-09-10T11:09:10","guid":{"rendered":"https:\/\/www.anteprima24.it\/?p=209219"},"modified":"2018-09-10T13:09:10","modified_gmt":"2018-09-10T11:09:10","slug":"avellino-graziani-15","status":"publish","type":"post","link":"https:\/\/www.anteprima24.it\/archivio\/avellino\/avellino-graziani-15\/","title":{"rendered":"Avellino, domani la ripresa della Graziani band. Musa a caccia della punta"},"content":{"rendered":"<span class=\"span-reading-time rt-reading-time\" style=\"display: block;\"><span class=\"rt-label rt-prefix\">Tempo di lettura: <\/span> <span class=\"rt-time\"> 2<\/span> <span class=\"rt-label rt-postfix\">minuti<\/span><\/span><p style=\"text-align: justify;\">Avellino &#8211; Una domenica di &#8220;vacanza&#8221; in attesa del via al campionato, in programma il 16 settembre sul campo del <strong>Ladispoli<\/strong>. Salvo colpi di scena in attesa della decisione del <strong>Collegio di Garanzia del Coni<\/strong>. Nella giornata di domani, <strong>Archimede Graziani<\/strong>, ritrover\u00e0 i suoi uomini. Da capire se Morero e soci si alleneranno al Partenio-Lombardi o altrove. Escluso il Country Sport di Picarelli per via delle dimensioni del campo non&nbsp;regolamentari.<\/p>\n<p style=\"text-align: justify;\">Graziani dovr\u00e0 verificare le condizioni di alcuni elementi:&nbsp;<strong>Acampora<\/strong>, <strong>Moreschini<\/strong>, <strong>Gerbaudo<\/strong> e <strong>Totaro<\/strong>. Quest&#8217;ultimi fermi ai box per diversi acciacchi. L&#8217;inizio della nuova settimana di lavora si va verso la definizione della rosa a disposizione del tecnico toscano. All&#8217;appello mancano altri due tasselli. Carlo Musa, direttore sportivo dei lupi, lavora per trovare l&#8217;accordo con <strong>Marten Wilmtos&nbsp;<\/strong>(classe &#8217;99) visto all&#8217;opera in estate con l&#8217;<strong>Us Avellino 1912<\/strong>. Da sciogliere il nodo che riguarda la punta. Il matrimonio con <strong>Ferdinando Sforzini<\/strong> non s&#8217;ha da fare. Restano in piedi, invece, gli abboccamenti con <strong>Antonio Montella<\/strong> e <strong>Luigi Scotto<\/strong>.<\/p>\n<p style=\"text-align: justify;\"><strong>PAROLA DI CAPITANO &#8211; <\/strong>Nei giorni scorsi, l&#8217;Avellino, ha annunciato il nome del capitano. La scelta \u00e8 ricaduta su <strong>Santiago Morero<\/strong> unico, almeno per ora, superstite della formazione dello scorso anno. &#8220;Gi\u00e0 il solo avere la possibilit\u00e0 di indossare questa maglia \u00e8 tanto. Essere il capitano mi d\u00e0 ancora pi\u00f9 carica e responsabilit\u00e0 nel voler portare insieme ai miei compagni l\u2019Avellino dove realmente merita di stare: in alto&#8221; ha ammesso il difensore argentino.<\/p>\n","protected":false},"excerpt":{"rendered":"<p>Avellino &#8211; Una domenica di &#8220;vacanza&#8221; in attesa del via al campionato, in programma il 16 settembre sul campo del Ladispoli. Salvo colpi di scena in attesa della decisione del Collegio di Garanzia del Coni. Nella giornata di domani, Archimede Graziani, ritrover\u00e0 i suoi uomini. Da capire se Morero e soci si alleneranno al Partenio-Lombardi [&hellip;]<\/p>\n","protected":false},"author":24,"featured_media":209230,"comment_status":"open","ping_status":"open","sticky":false,"template":"","format":"standard","meta":{"_monsterinsights_skip_tracking":false,"_monsterinsights_sitenote_active":false,"_monsterinsights_sitenote_note":"","_monsterinsights_sitenote_category":0,"ngg_post_thumbnail":0,"footnotes":""},"categories":[4,788,1455,1384,275],"tags":[28391,285,897,28511],"class_list":{"0":"post-209219","1":"post","2":"type-post","3":"status-publish","4":"format-standard","5":"has-post-thumbnail","7":"category-avellino","8":"category-primo-piano-avellino","9":"category-serie-d-sport-avellino","10":"category-sport-avellino","11":"category-sport","12":"tag-archimede-graziani","13":"tag-avellino","14":"tag-avellino-calcio","15":"tag-s-s-d-calcio-avellino"},"yoast_head":"<!-- This site is optimized with the Yoast SEO plugin v26.8 - https:\/\/yoast.com\/product\/yoast-seo-wordpress\/ -->\n<title>Avellino, domani la ripresa della Graziani band. Musa a caccia della punta<\/title>\n<meta name=\"description\" content=\"Una domenica di &quot;vacanza&quot; in attesa del via al campionato, in programma il 16 settembre sul campo del Ladispoli. Musa a caccia della punta.\" \/>\n<meta name=\"robots\" content=\"index, follow, max-snippet:-1, max-image-preview:large, max-video-preview:-1\" \/>\n<link rel=\"canonical\" href=\"https:\/\/www.anteprima24.it\/archivio\/avellino\/avellino-graziani-15\/\" \/>\n<meta property=\"og:locale\" content=\"it_IT\" \/>\n<meta property=\"og:type\" content=\"article\" \/>\n<meta property=\"og:title\" content=\"Avellino, domani la ripresa della Graziani band. Musa a caccia della punta\" \/>\n<meta property=\"og:description\" content=\"Una domenica di &quot;vacanza&quot; in attesa del via al campionato, in programma il 16 settembre sul campo del Ladispoli. Musa a caccia della punta.\" \/>\n<meta property=\"og:url\" content=\"https:\/\/www.anteprima24.it\/archivio\/avellino\/avellino-graziani-15\/\" \/>\n<meta property=\"og:site_name\" content=\"Anteprima24.it\" \/>\n<meta property=\"article:published_time\" content=\"2018-09-10T11:09:10+00:00\" \/>\n<meta property=\"og:image\" content=\"https:\/\/www.anteprima24.it\/archivio\/wp-content\/uploads\/2018\/09\/Dondoni.jpg\" \/>\n\t<meta property=\"og:image:width\" content=\"941\" \/>\n\t<meta property=\"og:image:height\" content=\"720\" \/>\n\t<meta property=\"og:image:type\" content=\"image\/jpeg\" \/>\n<meta name=\"author\" content=\"Antonio Tedeschi\" \/>\n<meta name=\"twitter:card\" content=\"summary_large_image\" \/>\n<meta name=\"twitter:label1\" content=\"Scritto da\" \/>\n\t<meta name=\"twitter:data1\" content=\"Antonio Tedeschi\" \/>\n\t<meta name=\"twitter:label2\" content=\"Tempo di lettura stimato\" \/>\n\t<meta name=\"twitter:data2\" content=\"1 minuto\" \/>\n<script type=\"application\/ld+json\" class=\"yoast-schema-graph\">{\"@context\":\"https:\/\/schema.org\",\"@graph\":[{\"@type\":\"Article\",\"@id\":\"https:\/\/www.anteprima24.it\/archivio\/avellino\/avellino-graziani-15\/#article\",\"isPartOf\":{\"@id\":\"https:\/\/www.anteprima24.it\/archivio\/avellino\/avellino-graziani-15\/\"},\"author\":{\"name\":\"Antonio Tedeschi\",\"@id\":\"https:\/\/www.anteprima24.it\/archivio\/#\/schema\/person\/30fcc8a4138521844ae98ad9d137afdf\"},\"headline\":\"Avellino, domani la ripresa della Graziani band. Musa a caccia della punta\",\"datePublished\":\"2018-09-10T11:09:10+00:00\",\"mainEntityOfPage\":{\"@id\":\"https:\/\/www.anteprima24.it\/archivio\/avellino\/avellino-graziani-15\/\"},\"wordCount\":258,\"commentCount\":0,\"image\":{\"@id\":\"https:\/\/www.anteprima24.it\/archivio\/avellino\/avellino-graziani-15\/#primaryimage\"},\"thumbnailUrl\":\"https:\/\/www.anteprima24.it\/archivio\/wp-content\/uploads\/2018\/09\/Dondoni.jpg\",\"keywords\":[\"Archimede Graziani\",\"Avellino\",\"Avellino Calcio\",\"S.S.D Calcio Avellino\"],\"articleSection\":[\"Avellino\",\"Primo Piano Avellino\",\"Serie C Avellino\",\"Sport Avellino\",\"Sport Regione\"],\"inLanguage\":\"it-IT\",\"potentialAction\":[{\"@type\":\"CommentAction\",\"name\":\"Comment\",\"target\":[\"https:\/\/www.anteprima24.it\/archivio\/avellino\/avellino-graziani-15\/#respond\"]}]},{\"@type\":\"WebPage\",\"@id\":\"https:\/\/www.anteprima24.it\/archivio\/avellino\/avellino-graziani-15\/\",\"url\":\"https:\/\/www.anteprima24.it\/archivio\/avellino\/avellino-graziani-15\/\",\"name\":\"Avellino, domani la ripresa della Graziani band. Musa a caccia della punta\",\"isPartOf\":{\"@id\":\"https:\/\/www.anteprima24.it\/archivio\/#website\"},\"primaryImageOfPage\":{\"@id\":\"https:\/\/www.anteprima24.it\/archivio\/avellino\/avellino-graziani-15\/#primaryimage\"},\"image\":{\"@id\":\"https:\/\/www.anteprima24.it\/archivio\/avellino\/avellino-graziani-15\/#primaryimage\"},\"thumbnailUrl\":\"https:\/\/www.anteprima24.it\/archivio\/wp-content\/uploads\/2018\/09\/Dondoni.jpg\",\"datePublished\":\"2018-09-10T11:09:10+00:00\",\"author\":{\"@id\":\"https:\/\/www.anteprima24.it\/archivio\/#\/schema\/person\/30fcc8a4138521844ae98ad9d137afdf\"},\"description\":\"Una domenica di \\\"vacanza\\\" in attesa del via al campionato, in programma il 16 settembre sul campo del Ladispoli. Musa a caccia della punta.\",\"breadcrumb\":{\"@id\":\"https:\/\/www.anteprima24.it\/archivio\/avellino\/avellino-graziani-15\/#breadcrumb\"},\"inLanguage\":\"it-IT\",\"potentialAction\":[{\"@type\":\"ReadAction\",\"target\":[\"https:\/\/www.anteprima24.it\/archivio\/avellino\/avellino-graziani-15\/\"]}]},{\"@type\":\"ImageObject\",\"inLanguage\":\"it-IT\",\"@id\":\"https:\/\/www.anteprima24.it\/archivio\/avellino\/avellino-graziani-15\/#primaryimage\",\"url\":\"https:\/\/www.anteprima24.it\/archivio\/wp-content\/uploads\/2018\/09\/Dondoni.jpg\",\"contentUrl\":\"https:\/\/www.anteprima24.it\/archivio\/wp-content\/uploads\/2018\/09\/Dondoni.jpg\",\"width\":941,\"height\":720},{\"@type\":\"BreadcrumbList\",\"@id\":\"https:\/\/www.anteprima24.it\/archivio\/avellino\/avellino-graziani-15\/#breadcrumb\",\"itemListElement\":[{\"@type\":\"ListItem\",\"position\":1,\"name\":\"Home\",\"item\":\"https:\/\/www.anteprima24.it\/archivio\/\"},{\"@type\":\"ListItem\",\"position\":2,\"name\":\"Avellino, domani la ripresa della Graziani band. Musa a caccia della punta\"}]},{\"@type\":\"WebSite\",\"@id\":\"https:\/\/www.anteprima24.it\/archivio\/#website\",\"url\":\"https:\/\/www.anteprima24.it\/archivio\/\",\"name\":\"Anteprima24.it\",\"description\":\"\",\"potentialAction\":[{\"@type\":\"SearchAction\",\"target\":{\"@type\":\"EntryPoint\",\"urlTemplate\":\"https:\/\/www.anteprima24.it\/archivio\/?s={search_term_string}\"},\"query-input\":{\"@type\":\"PropertyValueSpecification\",\"valueRequired\":true,\"valueName\":\"search_term_string\"}}],\"inLanguage\":\"it-IT\"},{\"@type\":\"Person\",\"@id\":\"https:\/\/www.anteprima24.it\/archivio\/#\/schema\/person\/30fcc8a4138521844ae98ad9d137afdf\",\"name\":\"Antonio Tedeschi\",\"image\":{\"@type\":\"ImageObject\",\"inLanguage\":\"it-IT\",\"@id\":\"https:\/\/www.anteprima24.it\/archivio\/#\/schema\/person\/image\/\",\"url\":\"https:\/\/secure.gravatar.com\/avatar\/45372818180df7341e181ce77faeeb16e07236ab151a43b41f99b910f3582b12?s=96&d=mm&r=g\",\"contentUrl\":\"https:\/\/secure.gravatar.com\/avatar\/45372818180df7341e181ce77faeeb16e07236ab151a43b41f99b910f3582b12?s=96&d=mm&r=g\",\"caption\":\"Antonio Tedeschi\"},\"url\":\"https:\/\/www.anteprima24.it\/archivio\/author\/antoniotedeschi\/\"}]}<\/script>\n<!-- \/ Yoast SEO plugin. -->","yoast_head_json":{"title":"Avellino, domani la ripresa della Graziani band. Musa a caccia della punta","description":"Una domenica di \"vacanza\" in attesa del via al campionato, in programma il 16 settembre sul campo del Ladispoli. Musa a caccia della punta.","robots":{"index":"index","follow":"follow","max-snippet":"max-snippet:-1","max-image-preview":"max-image-preview:large","max-video-preview":"max-video-preview:-1"},"canonical":"https:\/\/www.anteprima24.it\/archivio\/avellino\/avellino-graziani-15\/","og_locale":"it_IT","og_type":"article","og_title":"Avellino, domani la ripresa della Graziani band. Musa a caccia della punta","og_description":"Una domenica di \"vacanza\" in attesa del via al campionato, in programma il 16 settembre sul campo del Ladispoli. Musa a caccia della punta.","og_url":"https:\/\/www.anteprima24.it\/archivio\/avellino\/avellino-graziani-15\/","og_site_name":"Anteprima24.it","article_published_time":"2018-09-10T11:09:10+00:00","og_image":[{"width":941,"height":720,"url":"https:\/\/www.anteprima24.it\/archivio\/wp-content\/uploads\/2018\/09\/Dondoni.jpg","type":"image\/jpeg"}],"author":"Antonio Tedeschi","twitter_card":"summary_large_image","twitter_misc":{"Scritto da":"Antonio Tedeschi","Tempo di lettura stimato":"1 minuto"},"schema":{"@context":"https:\/\/schema.org","@graph":[{"@type":"Article","@id":"https:\/\/www.anteprima24.it\/archivio\/avellino\/avellino-graziani-15\/#article","isPartOf":{"@id":"https:\/\/www.anteprima24.it\/archivio\/avellino\/avellino-graziani-15\/"},"author":{"name":"Antonio Tedeschi","@id":"https:\/\/www.anteprima24.it\/archivio\/#\/schema\/person\/30fcc8a4138521844ae98ad9d137afdf"},"headline":"Avellino, domani la ripresa della Graziani band. Musa a caccia della punta","datePublished":"2018-09-10T11:09:10+00:00","mainEntityOfPage":{"@id":"https:\/\/www.anteprima24.it\/archivio\/avellino\/avellino-graziani-15\/"},"wordCount":258,"commentCount":0,"image":{"@id":"https:\/\/www.anteprima24.it\/archivio\/avellino\/avellino-graziani-15\/#primaryimage"},"thumbnailUrl":"https:\/\/www.anteprima24.it\/archivio\/wp-content\/uploads\/2018\/09\/Dondoni.jpg","keywords":["Archimede Graziani","Avellino","Avellino Calcio","S.S.D Calcio Avellino"],"articleSection":["Avellino","Primo Piano Avellino","Serie C Avellino","Sport Avellino","Sport Regione"],"inLanguage":"it-IT","potentialAction":[{"@type":"CommentAction","name":"Comment","target":["https:\/\/www.anteprima24.it\/archivio\/avellino\/avellino-graziani-15\/#respond"]}]},{"@type":"WebPage","@id":"https:\/\/www.anteprima24.it\/archivio\/avellino\/avellino-graziani-15\/","url":"https:\/\/www.anteprima24.it\/archivio\/avellino\/avellino-graziani-15\/","name":"Avellino, domani la ripresa della Graziani band. Musa a caccia della punta","isPartOf":{"@id":"https:\/\/www.anteprima24.it\/archivio\/#website"},"primaryImageOfPage":{"@id":"https:\/\/www.anteprima24.it\/archivio\/avellino\/avellino-graziani-15\/#primaryimage"},"image":{"@id":"https:\/\/www.anteprima24.it\/archivio\/avellino\/avellino-graziani-15\/#primaryimage"},"thumbnailUrl":"https:\/\/www.anteprima24.it\/archivio\/wp-content\/uploads\/2018\/09\/Dondoni.jpg","datePublished":"2018-09-10T11:09:10+00:00","author":{"@id":"https:\/\/www.anteprima24.it\/archivio\/#\/schema\/person\/30fcc8a4138521844ae98ad9d137afdf"},"description":"Una domenica di \"vacanza\" in attesa del via al campionato, in programma il 16 settembre sul campo del Ladispoli. Musa a caccia della punta.","breadcrumb":{"@id":"https:\/\/www.anteprima24.it\/archivio\/avellino\/avellino-graziani-15\/#breadcrumb"},"inLanguage":"it-IT","potentialAction":[{"@type":"ReadAction","target":["https:\/\/www.anteprima24.it\/archivio\/avellino\/avellino-graziani-15\/"]}]},{"@type":"ImageObject","inLanguage":"it-IT","@id":"https:\/\/www.anteprima24.it\/archivio\/avellino\/avellino-graziani-15\/#primaryimage","url":"https:\/\/www.anteprima24.it\/archivio\/wp-content\/uploads\/2018\/09\/Dondoni.jpg","contentUrl":"https:\/\/www.anteprima24.it\/archivio\/wp-content\/uploads\/2018\/09\/Dondoni.jpg","width":941,"height":720},{"@type":"BreadcrumbList","@id":"https:\/\/www.anteprima24.it\/archivio\/avellino\/avellino-graziani-15\/#breadcrumb","itemListElement":[{"@type":"ListItem","position":1,"name":"Home","item":"https:\/\/www.anteprima24.it\/archivio\/"},{"@type":"ListItem","position":2,"name":"Avellino, domani la ripresa della Graziani band. Musa a caccia della punta"}]},{"@type":"WebSite","@id":"https:\/\/www.anteprima24.it\/archivio\/#website","url":"https:\/\/www.anteprima24.it\/archivio\/","name":"Anteprima24.it","description":"","potentialAction":[{"@type":"SearchAction","target":{"@type":"EntryPoint","urlTemplate":"https:\/\/www.anteprima24.it\/archivio\/?s={search_term_string}"},"query-input":{"@type":"PropertyValueSpecification","valueRequired":true,"valueName":"search_term_string"}}],"inLanguage":"it-IT"},{"@type":"Person","@id":"https:\/\/www.anteprima24.it\/archivio\/#\/schema\/person\/30fcc8a4138521844ae98ad9d137afdf","name":"Antonio Tedeschi","image":{"@type":"ImageObject","inLanguage":"it-IT","@id":"https:\/\/www.anteprima24.it\/archivio\/#\/schema\/person\/image\/","url":"https:\/\/secure.gravatar.com\/avatar\/45372818180df7341e181ce77faeeb16e07236ab151a43b41f99b910f3582b12?s=96&d=mm&r=g","contentUrl":"https:\/\/secure.gravatar.com\/avatar\/45372818180df7341e181ce77faeeb16e07236ab151a43b41f99b910f3582b12?s=96&d=mm&r=g","caption":"Antonio Tedeschi"},"url":"https:\/\/www.anteprima24.it\/archivio\/author\/antoniotedeschi\/"}]}},"_links":{"self":[{"href":"https:\/\/www.anteprima24.it\/archivio\/wp-json\/wp\/v2\/posts\/209219","targetHints":{"allow":["GET"]}}],"collection":[{"href":"https:\/\/www.anteprima24.it\/archivio\/wp-json\/wp\/v2\/posts"}],"about":[{"href":"https:\/\/www.anteprima24.it\/archivio\/wp-json\/wp\/v2\/types\/post"}],"author":[{"embeddable":true,"href":"https:\/\/www.anteprima24.it\/archivio\/wp-json\/wp\/v2\/users\/24"}],"replies":[{"embeddable":true,"href":"https:\/\/www.anteprima24.it\/archivio\/wp-json\/wp\/v2\/comments?post=209219"}],"version-history":[{"count":0,"href":"https:\/\/www.anteprima24.it\/archivio\/wp-json\/wp\/v2\/posts\/209219\/revisions"}],"wp:featuredmedia":[{"embeddable":true,"href":"https:\/\/www.anteprima24.it\/archivio\/wp-json\/wp\/v2\/media\/209230"}],"wp:attachment":[{"href":"https:\/\/www.anteprima24.it\/archivio\/wp-json\/wp\/v2\/media?parent=209219"}],"wp:term":[{"taxonomy":"category","embeddable":true,"href":"https:\/\/www.anteprima24.it\/archivio\/wp-json\/wp\/v2\/categories?post=209219"},{"taxonomy":"post_tag","embeddable":true,"href":"https:\/\/www.anteprima24.it\/archivio\/wp-json\/wp\/v2\/tags?post=209219"}],"curies":[{"name":"wp","href":"https:\/\/api.w.org\/{rel}","templated":true}]}}