{"id":400381,"date":"2019-12-13T20:07:13","date_gmt":"2019-12-13T19:07:13","guid":{"rendered":"https:\/\/www.anteprima24.it\/?p=400381"},"modified":"2019-12-13T20:07:13","modified_gmt":"2019-12-13T19:07:13","slug":"soldi-selfie-ex-ministra-m5s-lega","status":"publish","type":"post","link":"https:\/\/www.anteprima24.it\/archivio\/napoli\/soldi-selfie-ex-ministra-m5s-lega\/","title":{"rendered":"\u201cSoldi, selfie e cene con l\u2019ex ministra: perch\u00e9 i 3 M5s sono passati con la Lega\u201d"},"content":{"rendered":"<span class=\"span-reading-time rt-reading-time\" style=\"display: block;\"><span class=\"rt-label rt-prefix\">Tempo di lettura: <\/span> <span class=\"rt-time\"> 3<\/span> <span class=\"rt-label rt-postfix\">minuti<\/span><\/span><p style=\"font-weight: 400; text-align: justify;\">Selfie negati, restituzioni mal digerite, cene. Dario&nbsp;<strong>De Falco<\/strong>, braccio destro di Luigi&nbsp;<strong>Di Maio<\/strong>, consigliere comunale a Pomigliano D\u2019Arco, ex capo della segreteria politica del leader del M5s, attualmente nello staff del sottosegretario alla presidenza del consiglio, Riccardo&nbsp;<strong>Fraccaro<\/strong>, attraverso un post su Facebook attacca pesantemente i tre senatori passati ieri dal M5s alla Lega, Francesco&nbsp;<strong>Urraro<\/strong>, Ugo&nbsp;<strong>Grassi&nbsp;<\/strong>e Stefano<strong>&nbsp;Lucidi<\/strong>. Un post che non mancher\u00e0 di suscitare polemiche, considerato che De Falco ha vissuto dall\u2019interno le ore convulse dell\u2019addio dei tre parlamentari.<\/p>\n<p style=\"font-weight: 400; text-align: justify;\">Vi racconto chi sono i traditori che ieri hanno abbandonato il M5s\u201d, scrive&nbsp;<strong>De Falco<\/strong>, \u201cper passare con quella Lega Nord a cui nello scorso governo abbiamo impedito, tra le altre porcate, di spaccare il Paese in due con il Nord sempre pi\u00f9 ricco e il Sud sempre pi\u00f9 povero. Due senatori sono campani, il che vista la politica secessionista della Lega rappresenta un tradimento, oltre che della forza politica che ha permesso loro di sedere in parlamento, anche del popolo che li ha eletti, il tradimento della propria terra, della mia terra. Li ho incontrati l\u2019altro ieri, quando si vociferava che fossero in dissenso con la politica del Movimento tanto da lasciare\u201d.<\/p>\n<p style=\"font-weight: 400; text-align: justify;\">\u201cFrancesco&nbsp;<strong>Urraro<\/strong>\u201d, rivela&nbsp;<strong>De Falco<\/strong>, \u201cmi ha raccontato che il suo&nbsp;<em>problema politico<\/em>&nbsp;fosse l\u2019entrata in vigore della nuova legge sull\u2019interruzione dei termini di prescrizione dopo la sentenza di primo grado, voluta dal Movimento e da lui stesso votata un anno fa in parlamento, per evitare che le lungaggini della giustizia penale provochino la prescrizione dei reati. Ci aveva ripensato, non era pi\u00f9 d\u2019accordo e l\u2019ho invitato ad incontrarci l\u2019indomani per discutere del tema anche con il ministro&nbsp;<strong>Bonafede<\/strong>, ma qualche minuto dopo esserci salutati ho capito che quello era solo un pretesto perch\u00e9 subito dopo in aula ha votato contro la risoluzione per bloccare l\u2019introduzione del Mes sempre osteggiato dal Movimento. Nella stessa giornata si era pure astenuto sulla votazione del Dl Sisma e la sera \u00e8 andato a cena con la<strong>&nbsp;Stefani<\/strong>, ex ministro leghista madrina del federalismo. Non era un problema politico, \u00e8 stato proprio un cambio di casacca. Il termine giornalistico per descriverlo \u00e8&nbsp;<em>voltagabbana<\/em>\u201d.<\/p>\n<p style=\"font-weight: 400; text-align: justify;\">\u201cPer Ugo&nbsp;<strong>Grassi<\/strong>\u201d, aggiunge&nbsp;<strong>De Falco<\/strong>, \u201cnon mi dilungher\u00f2 affatto. Vi basti sapere che l\u2019ho incontrato a luglio dello scorso anno perch\u00e9 era critico sulle restituzioni di parte dello stipendio, cos\u00ec come previsto per gli eletti del Movimento, era agitatissimo e in quella circostanza piangendo mi disse che &lt;cos\u00ec non si riusciva a campare&gt;. Gli risposi &nbsp;&lt;vai a dirlo a chi non lavora o a chi si fa il mazzo per 12 ore al giorno a 700\/800 euro al mese!&gt;. Rinsav\u00ec, ma l\u2019epilogo di ieri lo conoscete\u201d.<\/p>\n<p style=\"font-weight: 400; text-align: justify;\">\u201cIn ultimo\u201d, conclude&nbsp;<strong>De Falco<\/strong>, \u201cho incontrato Stefano<strong>&nbsp;Lucidi<\/strong>, arrabbiatissimo, perch\u00e9 quando Luigi&nbsp;<strong>Di Maio<\/strong>&nbsp;\u00e8 stato in Umbria, la sua regione, &lt;non ha scattato neppure un selfie con lui e con questo un parlamentare dimostra di non contare un caxxo!&gt;, cosa che mi ha ripetuto dieci volte in mezz\u2019ora. Ora di selfie se ne potr\u00e0 fare quanti ne vuole con<strong>&nbsp;Salvini<\/strong>, che non fa altro da mattino a sera\u201d.<\/p>\n<p><img loading=\"lazy\" decoding=\"async\" class=\"alignnone size-full wp-image-400386\" src=\"https:\/\/www.anteprima24.it\/wp-content\/uploads\/2019\/12\/de-falco-.jpg\" alt=\"\" width=\"960\" height=\"809\" srcset=\"https:\/\/www.anteprima24.it\/archivio\/wp-content\/uploads\/2019\/12\/de-falco-.jpg 960w, https:\/\/www.anteprima24.it\/archivio\/wp-content\/uploads\/2019\/12\/de-falco--300x253.jpg 300w, https:\/\/www.anteprima24.it\/archivio\/wp-content\/uploads\/2019\/12\/de-falco--768x647.jpg 768w, https:\/\/www.anteprima24.it\/archivio\/wp-content\/uploads\/2019\/12\/de-falco--30x25.jpg 30w, https:\/\/www.anteprima24.it\/archivio\/wp-content\/uploads\/2019\/12\/de-falco--696x587.jpg 696w, https:\/\/www.anteprima24.it\/archivio\/wp-content\/uploads\/2019\/12\/de-falco--498x420.jpg 498w\" sizes=\"auto, (max-width: 960px) 100vw, 960px\" \/> <img loading=\"lazy\" decoding=\"async\" class=\"alignnone size-full wp-image-400387\" src=\"https:\/\/www.anteprima24.it\/wp-content\/uploads\/2019\/12\/grassi-e1518531664912-1440x564_c.jpg\" alt=\"\" width=\"1440\" height=\"564\" srcset=\"https:\/\/www.anteprima24.it\/archivio\/wp-content\/uploads\/2019\/12\/grassi-e1518531664912-1440x564_c.jpg 1440w, https:\/\/www.anteprima24.it\/archivio\/wp-content\/uploads\/2019\/12\/grassi-e1518531664912-1440x564_c-300x118.jpg 300w, https:\/\/www.anteprima24.it\/archivio\/wp-content\/uploads\/2019\/12\/grassi-e1518531664912-1440x564_c-768x301.jpg 768w, https:\/\/www.anteprima24.it\/archivio\/wp-content\/uploads\/2019\/12\/grassi-e1518531664912-1440x564_c-1024x401.jpg 1024w, https:\/\/www.anteprima24.it\/archivio\/wp-content\/uploads\/2019\/12\/grassi-e1518531664912-1440x564_c-30x12.jpg 30w, https:\/\/www.anteprima24.it\/archivio\/wp-content\/uploads\/2019\/12\/grassi-e1518531664912-1440x564_c-696x273.jpg 696w, https:\/\/www.anteprima24.it\/archivio\/wp-content\/uploads\/2019\/12\/grassi-e1518531664912-1440x564_c-1392x545.jpg 1392w, https:\/\/www.anteprima24.it\/archivio\/wp-content\/uploads\/2019\/12\/grassi-e1518531664912-1440x564_c-1068x418.jpg 1068w, https:\/\/www.anteprima24.it\/archivio\/wp-content\/uploads\/2019\/12\/grassi-e1518531664912-1440x564_c-1072x420.jpg 1072w\" sizes=\"auto, (max-width: 1440px) 100vw, 1440px\" \/>&nbsp;<img loading=\"lazy\" decoding=\"async\" class=\"alignnone size-full wp-image-400389\" src=\"https:\/\/www.anteprima24.it\/wp-content\/uploads\/2019\/12\/stefani-1-1.jpg\" alt=\"\" width=\"648\" height=\"432\" srcset=\"https:\/\/www.anteprima24.it\/archivio\/wp-content\/uploads\/2019\/12\/stefani-1-1.jpg 648w, https:\/\/www.anteprima24.it\/archivio\/wp-content\/uploads\/2019\/12\/stefani-1-1-300x200.jpg 300w, https:\/\/www.anteprima24.it\/archivio\/wp-content\/uploads\/2019\/12\/stefani-1-1-30x20.jpg 30w, https:\/\/www.anteprima24.it\/archivio\/wp-content\/uploads\/2019\/12\/stefani-1-1-630x420.jpg 630w\" sizes=\"auto, (max-width: 648px) 100vw, 648px\" \/> <img loading=\"lazy\" decoding=\"async\" class=\"alignnone size-full wp-image-400390\" src=\"https:\/\/www.anteprima24.it\/wp-content\/uploads\/2019\/12\/urraro.jpg\" alt=\"\" width=\"489\" height=\"294\" srcset=\"https:\/\/www.anteprima24.it\/archivio\/wp-content\/uploads\/2019\/12\/urraro.jpg 489w, https:\/\/www.anteprima24.it\/archivio\/wp-content\/uploads\/2019\/12\/urraro-300x180.jpg 300w, https:\/\/www.anteprima24.it\/archivio\/wp-content\/uploads\/2019\/12\/urraro-30x18.jpg 30w\" sizes=\"auto, (max-width: 489px) 100vw, 489px\" \/><\/p>\n<p><img loading=\"lazy\" decoding=\"async\" class=\"alignnone size-full wp-image-400388\" src=\"https:\/\/www.anteprima24.it\/wp-content\/uploads\/2019\/12\/lucidi.jpg\" alt=\"\" width=\"400\" height=\"400\" srcset=\"https:\/\/www.anteprima24.it\/archivio\/wp-content\/uploads\/2019\/12\/lucidi.jpg 400w, https:\/\/www.anteprima24.it\/archivio\/wp-content\/uploads\/2019\/12\/lucidi-150x150.jpg 150w, https:\/\/www.anteprima24.it\/archivio\/wp-content\/uploads\/2019\/12\/lucidi-300x300.jpg 300w, https:\/\/www.anteprima24.it\/archivio\/wp-content\/uploads\/2019\/12\/lucidi-30x30.jpg 30w\" sizes=\"auto, (max-width: 400px) 100vw, 400px\" \/><\/p>\n","protected":false},"excerpt":{"rendered":"<p>Selfie negati, restituzioni mal digerite, cene. Dario&nbsp;De Falco, braccio destro di Luigi&nbsp;Di Maio, consigliere comunale a Pomigliano D\u2019Arco, ex capo della segreteria politica del leader del M5s, attualmente nello staff del sottosegretario alla presidenza del consiglio, Riccardo&nbsp;Fraccaro, attraverso un post su Facebook attacca pesantemente i tre senatori passati ieri dal M5s alla Lega, Francesco&nbsp;Urraro, Ugo&nbsp;Grassi&nbsp;e [&hellip;]<\/p>\n","protected":false},"author":68,"featured_media":400383,"comment_status":"open","ping_status":"open","sticky":false,"template":"","format":"standard","meta":{"_monsterinsights_skip_tracking":false,"_monsterinsights_sitenote_active":false,"_monsterinsights_sitenote_note":"","_monsterinsights_sitenote_category":0,"ngg_post_thumbnail":0,"footnotes":""},"categories":[6,1393,272,791,787,271],"tags":[452,9810,324,4010],"class_list":{"0":"post-400381","1":"post","2":"type-post","3":"status-publish","4":"format-standard","5":"has-post-thumbnail","7":"category-napoli","8":"category-politica-napoli","9":"category-politica","10":"category-primo-piano-napoli","11":"category-primo-piano-regione","12":"category-regione","13":"tag-lega","14":"tag-luigi-di-maio","15":"tag-m5s","16":"tag-pomigliano-darco"},"yoast_head":"<!-- This site is optimized with the Yoast SEO plugin v26.8 - https:\/\/yoast.com\/product\/yoast-seo-wordpress\/ -->\n<title>\u201cSoldi, selfie e cene con l\u2019ex ministra: perch\u00e9 i 3 M5s sono passati con la Lega\u201d<\/title>\n<meta name=\"robots\" content=\"index, follow, max-snippet:-1, max-image-preview:large, max-video-preview:-1\" \/>\n<link rel=\"canonical\" href=\"https:\/\/www.anteprima24.it\/archivio\/napoli\/soldi-selfie-ex-ministra-m5s-lega\/\" \/>\n<meta property=\"og:locale\" content=\"it_IT\" \/>\n<meta property=\"og:type\" content=\"article\" \/>\n<meta property=\"og:title\" content=\"\u201cSoldi, selfie e cene con l\u2019ex ministra: perch\u00e9 i 3 M5s sono passati con la Lega\u201d\" \/>\n<meta property=\"og:description\" content=\"Selfie negati, restituzioni mal digerite, cene. Dario&nbsp;De Falco, braccio destro di Luigi&nbsp;Di Maio, consigliere comunale a Pomigliano D\u2019Arco, ex capo della segreteria politica del leader del M5s, attualmente nello staff del sottosegretario alla presidenza del consiglio, Riccardo&nbsp;Fraccaro, attraverso un post su Facebook attacca pesantemente i tre senatori passati ieri dal M5s alla Lega, Francesco&nbsp;Urraro, Ugo&nbsp;Grassi&nbsp;e [&hellip;]\" \/>\n<meta property=\"og:url\" content=\"https:\/\/www.anteprima24.it\/archivio\/napoli\/soldi-selfie-ex-ministra-m5s-lega\/\" \/>\n<meta property=\"og:site_name\" content=\"Anteprima24.it\" \/>\n<meta property=\"article:published_time\" content=\"2019-12-13T19:07:13+00:00\" \/>\n<meta property=\"og:image\" content=\"https:\/\/www.anteprima24.it\/archivio\/wp-content\/uploads\/2019\/12\/stefani.jpg\" \/>\n\t<meta property=\"og:image:width\" content=\"1800\" \/>\n\t<meta property=\"og:image:height\" content=\"1200\" \/>\n\t<meta property=\"og:image:type\" content=\"image\/jpeg\" \/>\n<meta name=\"author\" content=\"Carlo Tarallo\" \/>\n<meta name=\"twitter:card\" content=\"summary_large_image\" \/>\n<meta name=\"twitter:label1\" content=\"Scritto da\" \/>\n\t<meta name=\"twitter:data1\" content=\"Carlo Tarallo\" \/>\n\t<meta name=\"twitter:label2\" content=\"Tempo di lettura stimato\" \/>\n\t<meta name=\"twitter:data2\" content=\"3 minuti\" \/>\n<script type=\"application\/ld+json\" class=\"yoast-schema-graph\">{\"@context\":\"https:\/\/schema.org\",\"@graph\":[{\"@type\":\"Article\",\"@id\":\"https:\/\/www.anteprima24.it\/archivio\/napoli\/soldi-selfie-ex-ministra-m5s-lega\/#article\",\"isPartOf\":{\"@id\":\"https:\/\/www.anteprima24.it\/archivio\/napoli\/soldi-selfie-ex-ministra-m5s-lega\/\"},\"author\":{\"name\":\"Carlo Tarallo\",\"@id\":\"https:\/\/www.anteprima24.it\/archivio\/#\/schema\/person\/fce510995c1b00c4e491e02d1ad5c7b4\"},\"headline\":\"\u201cSoldi, selfie e cene con l\u2019ex ministra: perch\u00e9 i 3 M5s sono passati con la Lega\u201d\",\"datePublished\":\"2019-12-13T19:07:13+00:00\",\"mainEntityOfPage\":{\"@id\":\"https:\/\/www.anteprima24.it\/archivio\/napoli\/soldi-selfie-ex-ministra-m5s-lega\/\"},\"wordCount\":571,\"commentCount\":0,\"image\":{\"@id\":\"https:\/\/www.anteprima24.it\/archivio\/napoli\/soldi-selfie-ex-ministra-m5s-lega\/#primaryimage\"},\"thumbnailUrl\":\"https:\/\/www.anteprima24.it\/archivio\/wp-content\/uploads\/2019\/12\/stefani.jpg\",\"keywords\":[\"Lega\",\"luigi di maio\",\"M5S\",\"Pomigliano d'Arco\"],\"articleSection\":[\"Napoli\",\"Politica Napoli\",\"Politica Regione\",\"Primo Piano Napoli\",\"Primo Piano Regione\",\"Regione\"],\"inLanguage\":\"it-IT\",\"potentialAction\":[{\"@type\":\"CommentAction\",\"name\":\"Comment\",\"target\":[\"https:\/\/www.anteprima24.it\/archivio\/napoli\/soldi-selfie-ex-ministra-m5s-lega\/#respond\"]}]},{\"@type\":\"WebPage\",\"@id\":\"https:\/\/www.anteprima24.it\/archivio\/napoli\/soldi-selfie-ex-ministra-m5s-lega\/\",\"url\":\"https:\/\/www.anteprima24.it\/archivio\/napoli\/soldi-selfie-ex-ministra-m5s-lega\/\",\"name\":\"\u201cSoldi, selfie e cene con l\u2019ex ministra: perch\u00e9 i 3 M5s sono passati con la Lega\u201d\",\"isPartOf\":{\"@id\":\"https:\/\/www.anteprima24.it\/archivio\/#website\"},\"primaryImageOfPage\":{\"@id\":\"https:\/\/www.anteprima24.it\/archivio\/napoli\/soldi-selfie-ex-ministra-m5s-lega\/#primaryimage\"},\"image\":{\"@id\":\"https:\/\/www.anteprima24.it\/archivio\/napoli\/soldi-selfie-ex-ministra-m5s-lega\/#primaryimage\"},\"thumbnailUrl\":\"https:\/\/www.anteprima24.it\/archivio\/wp-content\/uploads\/2019\/12\/stefani.jpg\",\"datePublished\":\"2019-12-13T19:07:13+00:00\",\"author\":{\"@id\":\"https:\/\/www.anteprima24.it\/archivio\/#\/schema\/person\/fce510995c1b00c4e491e02d1ad5c7b4\"},\"breadcrumb\":{\"@id\":\"https:\/\/www.anteprima24.it\/archivio\/napoli\/soldi-selfie-ex-ministra-m5s-lega\/#breadcrumb\"},\"inLanguage\":\"it-IT\",\"potentialAction\":[{\"@type\":\"ReadAction\",\"target\":[\"https:\/\/www.anteprima24.it\/archivio\/napoli\/soldi-selfie-ex-ministra-m5s-lega\/\"]}]},{\"@type\":\"ImageObject\",\"inLanguage\":\"it-IT\",\"@id\":\"https:\/\/www.anteprima24.it\/archivio\/napoli\/soldi-selfie-ex-ministra-m5s-lega\/#primaryimage\",\"url\":\"https:\/\/www.anteprima24.it\/archivio\/wp-content\/uploads\/2019\/12\/stefani.jpg\",\"contentUrl\":\"https:\/\/www.anteprima24.it\/archivio\/wp-content\/uploads\/2019\/12\/stefani.jpg\",\"width\":1800,\"height\":1200},{\"@type\":\"BreadcrumbList\",\"@id\":\"https:\/\/www.anteprima24.it\/archivio\/napoli\/soldi-selfie-ex-ministra-m5s-lega\/#breadcrumb\",\"itemListElement\":[{\"@type\":\"ListItem\",\"position\":1,\"name\":\"Home\",\"item\":\"https:\/\/www.anteprima24.it\/archivio\/\"},{\"@type\":\"ListItem\",\"position\":2,\"name\":\"\u201cSoldi, selfie e cene con l\u2019ex ministra: perch\u00e9 i 3 M5s sono passati con la Lega\u201d\"}]},{\"@type\":\"WebSite\",\"@id\":\"https:\/\/www.anteprima24.it\/archivio\/#website\",\"url\":\"https:\/\/www.anteprima24.it\/archivio\/\",\"name\":\"Anteprima24.it\",\"description\":\"\",\"potentialAction\":[{\"@type\":\"SearchAction\",\"target\":{\"@type\":\"EntryPoint\",\"urlTemplate\":\"https:\/\/www.anteprima24.it\/archivio\/?s={search_term_string}\"},\"query-input\":{\"@type\":\"PropertyValueSpecification\",\"valueRequired\":true,\"valueName\":\"search_term_string\"}}],\"inLanguage\":\"it-IT\"},{\"@type\":\"Person\",\"@id\":\"https:\/\/www.anteprima24.it\/archivio\/#\/schema\/person\/fce510995c1b00c4e491e02d1ad5c7b4\",\"name\":\"Carlo Tarallo\",\"image\":{\"@type\":\"ImageObject\",\"inLanguage\":\"it-IT\",\"@id\":\"https:\/\/www.anteprima24.it\/archivio\/#\/schema\/person\/image\/\",\"url\":\"https:\/\/secure.gravatar.com\/avatar\/5196706997a3016559ee752a329a41e4ef5973f71cf1371b074af086435bd295?s=96&d=mm&r=g\",\"contentUrl\":\"https:\/\/secure.gravatar.com\/avatar\/5196706997a3016559ee752a329a41e4ef5973f71cf1371b074af086435bd295?s=96&d=mm&r=g\",\"caption\":\"Carlo Tarallo\"},\"url\":\"https:\/\/www.anteprima24.it\/archivio\/author\/carlo-tarallo\/\"}]}<\/script>\n<!-- \/ Yoast SEO plugin. -->","yoast_head_json":{"title":"\u201cSoldi, selfie e cene con l\u2019ex ministra: perch\u00e9 i 3 M5s sono passati con la Lega\u201d","robots":{"index":"index","follow":"follow","max-snippet":"max-snippet:-1","max-image-preview":"max-image-preview:large","max-video-preview":"max-video-preview:-1"},"canonical":"https:\/\/www.anteprima24.it\/archivio\/napoli\/soldi-selfie-ex-ministra-m5s-lega\/","og_locale":"it_IT","og_type":"article","og_title":"\u201cSoldi, selfie e cene con l\u2019ex ministra: perch\u00e9 i 3 M5s sono passati con la Lega\u201d","og_description":"Selfie negati, restituzioni mal digerite, cene. Dario&nbsp;De Falco, braccio destro di Luigi&nbsp;Di Maio, consigliere comunale a Pomigliano D\u2019Arco, ex capo della segreteria politica del leader del M5s, attualmente nello staff del sottosegretario alla presidenza del consiglio, Riccardo&nbsp;Fraccaro, attraverso un post su Facebook attacca pesantemente i tre senatori passati ieri dal M5s alla Lega, Francesco&nbsp;Urraro, Ugo&nbsp;Grassi&nbsp;e [&hellip;]","og_url":"https:\/\/www.anteprima24.it\/archivio\/napoli\/soldi-selfie-ex-ministra-m5s-lega\/","og_site_name":"Anteprima24.it","article_published_time":"2019-12-13T19:07:13+00:00","og_image":[{"width":1800,"height":1200,"url":"https:\/\/www.anteprima24.it\/archivio\/wp-content\/uploads\/2019\/12\/stefani.jpg","type":"image\/jpeg"}],"author":"Carlo Tarallo","twitter_card":"summary_large_image","twitter_misc":{"Scritto da":"Carlo Tarallo","Tempo di lettura stimato":"3 minuti"},"schema":{"@context":"https:\/\/schema.org","@graph":[{"@type":"Article","@id":"https:\/\/www.anteprima24.it\/archivio\/napoli\/soldi-selfie-ex-ministra-m5s-lega\/#article","isPartOf":{"@id":"https:\/\/www.anteprima24.it\/archivio\/napoli\/soldi-selfie-ex-ministra-m5s-lega\/"},"author":{"name":"Carlo Tarallo","@id":"https:\/\/www.anteprima24.it\/archivio\/#\/schema\/person\/fce510995c1b00c4e491e02d1ad5c7b4"},"headline":"\u201cSoldi, selfie e cene con l\u2019ex ministra: perch\u00e9 i 3 M5s sono passati con la Lega\u201d","datePublished":"2019-12-13T19:07:13+00:00","mainEntityOfPage":{"@id":"https:\/\/www.anteprima24.it\/archivio\/napoli\/soldi-selfie-ex-ministra-m5s-lega\/"},"wordCount":571,"commentCount":0,"image":{"@id":"https:\/\/www.anteprima24.it\/archivio\/napoli\/soldi-selfie-ex-ministra-m5s-lega\/#primaryimage"},"thumbnailUrl":"https:\/\/www.anteprima24.it\/archivio\/wp-content\/uploads\/2019\/12\/stefani.jpg","keywords":["Lega","luigi di maio","M5S","Pomigliano d'Arco"],"articleSection":["Napoli","Politica Napoli","Politica Regione","Primo Piano Napoli","Primo Piano Regione","Regione"],"inLanguage":"it-IT","potentialAction":[{"@type":"CommentAction","name":"Comment","target":["https:\/\/www.anteprima24.it\/archivio\/napoli\/soldi-selfie-ex-ministra-m5s-lega\/#respond"]}]},{"@type":"WebPage","@id":"https:\/\/www.anteprima24.it\/archivio\/napoli\/soldi-selfie-ex-ministra-m5s-lega\/","url":"https:\/\/www.anteprima24.it\/archivio\/napoli\/soldi-selfie-ex-ministra-m5s-lega\/","name":"\u201cSoldi, selfie e cene con l\u2019ex ministra: perch\u00e9 i 3 M5s sono passati con la Lega\u201d","isPartOf":{"@id":"https:\/\/www.anteprima24.it\/archivio\/#website"},"primaryImageOfPage":{"@id":"https:\/\/www.anteprima24.it\/archivio\/napoli\/soldi-selfie-ex-ministra-m5s-lega\/#primaryimage"},"image":{"@id":"https:\/\/www.anteprima24.it\/archivio\/napoli\/soldi-selfie-ex-ministra-m5s-lega\/#primaryimage"},"thumbnailUrl":"https:\/\/www.anteprima24.it\/archivio\/wp-content\/uploads\/2019\/12\/stefani.jpg","datePublished":"2019-12-13T19:07:13+00:00","author":{"@id":"https:\/\/www.anteprima24.it\/archivio\/#\/schema\/person\/fce510995c1b00c4e491e02d1ad5c7b4"},"breadcrumb":{"@id":"https:\/\/www.anteprima24.it\/archivio\/napoli\/soldi-selfie-ex-ministra-m5s-lega\/#breadcrumb"},"inLanguage":"it-IT","potentialAction":[{"@type":"ReadAction","target":["https:\/\/www.anteprima24.it\/archivio\/napoli\/soldi-selfie-ex-ministra-m5s-lega\/"]}]},{"@type":"ImageObject","inLanguage":"it-IT","@id":"https:\/\/www.anteprima24.it\/archivio\/napoli\/soldi-selfie-ex-ministra-m5s-lega\/#primaryimage","url":"https:\/\/www.anteprima24.it\/archivio\/wp-content\/uploads\/2019\/12\/stefani.jpg","contentUrl":"https:\/\/www.anteprima24.it\/archivio\/wp-content\/uploads\/2019\/12\/stefani.jpg","width":1800,"height":1200},{"@type":"BreadcrumbList","@id":"https:\/\/www.anteprima24.it\/archivio\/napoli\/soldi-selfie-ex-ministra-m5s-lega\/#breadcrumb","itemListElement":[{"@type":"ListItem","position":1,"name":"Home","item":"https:\/\/www.anteprima24.it\/archivio\/"},{"@type":"ListItem","position":2,"name":"\u201cSoldi, selfie e cene con l\u2019ex ministra: perch\u00e9 i 3 M5s sono passati con la Lega\u201d"}]},{"@type":"WebSite","@id":"https:\/\/www.anteprima24.it\/archivio\/#website","url":"https:\/\/www.anteprima24.it\/archivio\/","name":"Anteprima24.it","description":"","potentialAction":[{"@type":"SearchAction","target":{"@type":"EntryPoint","urlTemplate":"https:\/\/www.anteprima24.it\/archivio\/?s={search_term_string}"},"query-input":{"@type":"PropertyValueSpecification","valueRequired":true,"valueName":"search_term_string"}}],"inLanguage":"it-IT"},{"@type":"Person","@id":"https:\/\/www.anteprima24.it\/archivio\/#\/schema\/person\/fce510995c1b00c4e491e02d1ad5c7b4","name":"Carlo Tarallo","image":{"@type":"ImageObject","inLanguage":"it-IT","@id":"https:\/\/www.anteprima24.it\/archivio\/#\/schema\/person\/image\/","url":"https:\/\/secure.gravatar.com\/avatar\/5196706997a3016559ee752a329a41e4ef5973f71cf1371b074af086435bd295?s=96&d=mm&r=g","contentUrl":"https:\/\/secure.gravatar.com\/avatar\/5196706997a3016559ee752a329a41e4ef5973f71cf1371b074af086435bd295?s=96&d=mm&r=g","caption":"Carlo Tarallo"},"url":"https:\/\/www.anteprima24.it\/archivio\/author\/carlo-tarallo\/"}]}},"_links":{"self":[{"href":"https:\/\/www.anteprima24.it\/archivio\/wp-json\/wp\/v2\/posts\/400381","targetHints":{"allow":["GET"]}}],"collection":[{"href":"https:\/\/www.anteprima24.it\/archivio\/wp-json\/wp\/v2\/posts"}],"about":[{"href":"https:\/\/www.anteprima24.it\/archivio\/wp-json\/wp\/v2\/types\/post"}],"author":[{"embeddable":true,"href":"https:\/\/www.anteprima24.it\/archivio\/wp-json\/wp\/v2\/users\/68"}],"replies":[{"embeddable":true,"href":"https:\/\/www.anteprima24.it\/archivio\/wp-json\/wp\/v2\/comments?post=400381"}],"version-history":[{"count":0,"href":"https:\/\/www.anteprima24.it\/archivio\/wp-json\/wp\/v2\/posts\/400381\/revisions"}],"wp:featuredmedia":[{"embeddable":true,"href":"https:\/\/www.anteprima24.it\/archivio\/wp-json\/wp\/v2\/media\/400383"}],"wp:attachment":[{"href":"https:\/\/www.anteprima24.it\/archivio\/wp-json\/wp\/v2\/media?parent=400381"}],"wp:term":[{"taxonomy":"category","embeddable":true,"href":"https:\/\/www.anteprima24.it\/archivio\/wp-json\/wp\/v2\/categories?post=400381"},{"taxonomy":"post_tag","embeddable":true,"href":"https:\/\/www.anteprima24.it\/archivio\/wp-json\/wp\/v2\/tags?post=400381"}],"curies":[{"name":"wp","href":"https:\/\/api.w.org\/{rel}","templated":true}]}}