{"id":407019,"date":"2019-12-28T12:04:33","date_gmt":"2019-12-28T11:04:33","guid":{"rendered":"https:\/\/www.anteprima24.it\/?p=407019"},"modified":"2019-12-28T12:04:33","modified_gmt":"2019-12-28T11:04:33","slug":"napoli-campania-patto-unesco","status":"publish","type":"post","link":"https:\/\/www.anteprima24.it\/archivio\/napoli\/napoli-campania-patto-unesco\/","title":{"rendered":"Patto tra cattedre Unesco Campania per la salute dell\u2019uomo e del paesaggio"},"content":{"rendered":"<span class=\"span-reading-time rt-reading-time\" style=\"display: block;\"><span class=\"rt-label rt-prefix\">Tempo di lettura: <\/span> <span class=\"rt-time\"> 4<\/span> <span class=\"rt-label rt-postfix\">minuti<\/span><\/span><div style=\"text-align: justify;\">Napoli &#8211; \u00c8 stato siglato stamane l&#8217;accordo istituzionale tra le due cattedre <strong>Unesco<\/strong> della Campania. Eccellenze nel campo della ricerca che rappresentano uno strumento fondamentale per la ricerca e per la tutela dei cittadini e del territorio nel quale vivono. Il patto \u00e8 stato firmato da Annamaria Colao e Carmine Gambardella alla presenza dell&#8217;ex ministro dell&#8217;istruzione Stefania Giannini, oggi responsabile europeo educational Unesco che ha aperto la giornata: <em>\u201cIniziativa che mostra l\u2019attivismo dell\u2019Italia. Coniugare educazione alla salute e educazione alla consapevolezza del patrimonio culturale e dunque le infrastrutture della conoscenza saranno sempre pi\u00f9 al centro delle politiche dell\u2019agenda 2030 per migliorare il futuro e dunque centrale sempre pi\u00f9 deve essere il ruolo delle universit\u00e0\u201d.<\/em><\/div>\n<div style=\"text-align: justify;\">&nbsp;<\/div>\n<div style=\"text-align: justify;\">Il Sud purtroppo pu\u00f2 vantare in tutto solo tre cattedre Unesco sulle 29 italiane e le 760 presenti nel mondo. \u00c8 a maggior ragione ancor pi\u00f9 importante lavorare uniti. In tal senso sono solo sei le cattedre dedicate a medicina e quella della <strong>Federico II<\/strong> \u00e8 quella che pi\u00f9 immediatamente si relaziona con i cittadini attraverso il Campus della salute.<\/div>\n<div style=\"text-align: justify;\">&nbsp;<\/div>\n<div style=\"text-align: justify;\"><em>\u201cLa gravit\u00e0 delle patologie indotte dall&#8217;inquinamento ambientale impone a tutti una sorveglianza altissima. Massimo dunque deve essere il sostegno dei ricercatori per ridurre l&#8217;impatto degli inquinanti sull&#8217;uomo. Questa \u00e8 una occasione straordinaria per presentarci uniti in una rete virtuosa che ci permetta di trovare presto soluzioni intelligenti e innovative nel rispetto dell&#8217;economia globale e dello sfruttamento sostenibile delle risorse del pianeta. Mettere insieme tutela della salute e dell\u2019ambiente con le nostre due cattedre diventa una grande opportunit\u00e0 e una sfida fondamentale in questo momento\u201d,<\/em> ha commentato Annamaria Colao. Erano presenti alla firma dell\u2019accordo i Rettori della Federico II Gaetano Manfredi e della \u201cLuigi Vanvitelli\u201d Luigi Paolisso.<\/div>\n<div style=\"text-align: justify;\">&nbsp;<\/div>\n<div style=\"text-align: justify;\"><em>\u201cL\u2019universit\u00e0 vive una fase nuova e deve essere oggi una nuova piattaforma di conoscenze nella societ\u00e0 per trasformare le competenze di una \u00e9lite in una competenza della societ\u00e0 soprattutto in un momento in cui tra sapere e popolo c\u2019\u00e8 un conflitto. Oggi parlare di salute alimentazione e ambiente \u00e8 fondamentale\u201d, sottolinea Manfredi cos\u00ec come Paolisso \u201centusiasta per l\u2019accordo siglato tra i due atenei campani che favorir\u00e0 lo sviluppo della ricerca. Fondamentale \u00e8 il travaso dei sapere e altrettanto lo \u00e8 quello della valorizzazione del patrimonio culturale\u201d<\/em>. <em>\u201cAbitare la terra in modo corretto \u00e8 una grande priorit\u00e0 ed \u00e8 su questo che bisogna puntare con determinazione tutti insieme. L\u2019importanza della salubrit\u00e0 dei luoghi, dell\u2019aria e delle acque sulla salute dell\u2019uomo \u00e8 un argomento traversale che coinvolge diversi ambiti del sapere e delle professioni: \u00e8 quindi fondamentale che i futuri laureati ricevano un\u2019adeguata preparazione sul tema \u2018ambiente-salute\u2019 per sviluppare le necessarie conoscenze e sensibilit\u00e0\u201d,<\/em> ha osservato Carmine Gambardella, coordinatore della cattedra Unesco sulla tutela del paesaggio.<\/div>\n<div style=\"text-align: justify;\">&nbsp;<\/div>\n<div style=\"text-align: justify;\"><em>&#8220;La Cattedra Unesco per l\u2019Educazione alla Salute e allo Sviluppo Sostenibile ha, tra i suoi compiti strategici, l\u2019individuazione di percorsi per limitare l\u2019effetto negativo degli inquinanti ambientali e promuovere la qualit\u00e0 ambientale del Paese. Il lavoro in sinergia delle due cattedre UNESCO ci permetter\u00e0 di raggiungere gli obiettivi di ricerca di un equilibrio tra salute umana, sostenibilit\u00e0 ambientale e tutela del territorio e del paesaggio con maggiore efficacia. \u00c8 solo un primo importante passo in avanti\u201d<\/em>, ha concluso Annamaria Colao, coordinatore della Cattedra UNESCO sull&#8217;educazione alla salute e allo sviluppo sostenibile dell\u2019Universit\u00e0 degli Studi di Napoli Federico II, che si sta impegnando in questa nuova collaborazione con il professore Carmine Gambardella, titolare della cattedra UNESCO per il Paesaggio dell\u2019Universit\u00e0 Luigi Vanvitelli. L&#8217;evento si \u00e8 concluso con una tavola rotonda sull\u2019educazione ambientale e l\u2019educazione alla salute moderata da Antonello Perillo Responsabile Tgr della Campania. Sono intervenuti tra gli altri Alfonso Andria, Maurizio Bifulco, Roberto Cogliandro, Pucci Romano e Prisco Piscitelli.<\/div>\n","protected":false},"excerpt":{"rendered":"<p>Napoli &#8211; \u00c8 stato siglato stamane l&#8217;accordo istituzionale tra le due cattedre Unesco della Campania. Eccellenze nel campo della ricerca che rappresentano uno strumento fondamentale per la ricerca e per la tutela dei cittadini e del territorio nel quale vivono. Il patto \u00e8 stato firmato da Annamaria Colao e Carmine Gambardella alla presenza dell&#8217;ex ministro [&hellip;]<\/p>\n","protected":false},"author":18,"featured_media":407020,"comment_status":"open","ping_status":"open","sticky":false,"template":"","format":"standard","meta":{"_monsterinsights_skip_tracking":false,"_monsterinsights_sitenote_active":false,"_monsterinsights_sitenote_note":"","_monsterinsights_sitenote_category":0,"ngg_post_thumbnail":0,"footnotes":""},"categories":[1392,390,6,271],"tags":[570,671,1923],"class_list":{"0":"post-407019","1":"post","2":"type-post","3":"status-publish","4":"format-standard","5":"has-post-thumbnail","7":"category-attualita-napoli","8":"category-attualita-regione","9":"category-napoli","10":"category-regione","11":"tag-campania","12":"tag-federico-ii","13":"tag-unesco"},"yoast_head":"<!-- This site is optimized with the Yoast SEO plugin v26.8 - https:\/\/yoast.com\/product\/yoast-seo-wordpress\/ -->\n<title>Patto tra cattedre Unesco Campania per la salute dell\u2019uomo e del paesaggio<\/title>\n<meta name=\"description\" content=\"\u00c8 stato siglato stamane l&#039;accordo istituzionale tra le due cattedre Unesco della Campania. Eccellenze nel campo della ricerca\" \/>\n<meta name=\"robots\" content=\"index, follow, max-snippet:-1, max-image-preview:large, max-video-preview:-1\" \/>\n<link rel=\"canonical\" href=\"https:\/\/www.anteprima24.it\/archivio\/napoli\/napoli-campania-patto-unesco\/\" \/>\n<meta property=\"og:locale\" content=\"it_IT\" \/>\n<meta property=\"og:type\" content=\"article\" \/>\n<meta property=\"og:title\" content=\"Patto tra cattedre Unesco Campania per la salute dell\u2019uomo e del paesaggio\" \/>\n<meta property=\"og:description\" content=\"\u00c8 stato siglato stamane l&#039;accordo istituzionale tra le due cattedre Unesco della Campania. Eccellenze nel campo della ricerca\" \/>\n<meta property=\"og:url\" content=\"https:\/\/www.anteprima24.it\/archivio\/napoli\/napoli-campania-patto-unesco\/\" \/>\n<meta property=\"og:site_name\" content=\"Anteprima24.it\" \/>\n<meta property=\"article:published_time\" content=\"2019-12-28T11:04:33+00:00\" \/>\n<meta property=\"og:image\" content=\"https:\/\/www.anteprima24.it\/archivio\/wp-content\/uploads\/2019\/12\/image0-1-1.jpeg\" \/>\n\t<meta property=\"og:image:width\" content=\"640\" \/>\n\t<meta property=\"og:image:height\" content=\"480\" \/>\n\t<meta property=\"og:image:type\" content=\"image\/jpeg\" \/>\n<meta name=\"author\" content=\"Redazione\" \/>\n<meta name=\"twitter:card\" content=\"summary_large_image\" \/>\n<meta name=\"twitter:label1\" content=\"Scritto da\" \/>\n\t<meta name=\"twitter:data1\" content=\"Redazione\" \/>\n\t<meta name=\"twitter:label2\" content=\"Tempo di lettura stimato\" \/>\n\t<meta name=\"twitter:data2\" content=\"3 minuti\" \/>\n<script type=\"application\/ld+json\" class=\"yoast-schema-graph\">{\"@context\":\"https:\/\/schema.org\",\"@graph\":[{\"@type\":\"Article\",\"@id\":\"https:\/\/www.anteprima24.it\/archivio\/napoli\/napoli-campania-patto-unesco\/#article\",\"isPartOf\":{\"@id\":\"https:\/\/www.anteprima24.it\/archivio\/napoli\/napoli-campania-patto-unesco\/\"},\"author\":{\"name\":\"Redazione\",\"@id\":\"https:\/\/www.anteprima24.it\/archivio\/#\/schema\/person\/82cb05184ce534850be490e88d61c793\"},\"headline\":\"Patto tra cattedre Unesco Campania per la salute dell\u2019uomo e del paesaggio\",\"datePublished\":\"2019-12-28T11:04:33+00:00\",\"mainEntityOfPage\":{\"@id\":\"https:\/\/www.anteprima24.it\/archivio\/napoli\/napoli-campania-patto-unesco\/\"},\"wordCount\":630,\"commentCount\":0,\"image\":{\"@id\":\"https:\/\/www.anteprima24.it\/archivio\/napoli\/napoli-campania-patto-unesco\/#primaryimage\"},\"thumbnailUrl\":\"https:\/\/www.anteprima24.it\/archivio\/wp-content\/uploads\/2019\/12\/image0-1-1.jpeg\",\"keywords\":[\"Campania\",\"Federico II\",\"unesco\"],\"articleSection\":[\"Attualit\u00e0 Napoli\",\"Attualit\u00e0 Regione\",\"Napoli\",\"Regione\"],\"inLanguage\":\"it-IT\",\"potentialAction\":[{\"@type\":\"CommentAction\",\"name\":\"Comment\",\"target\":[\"https:\/\/www.anteprima24.it\/archivio\/napoli\/napoli-campania-patto-unesco\/#respond\"]}]},{\"@type\":\"WebPage\",\"@id\":\"https:\/\/www.anteprima24.it\/archivio\/napoli\/napoli-campania-patto-unesco\/\",\"url\":\"https:\/\/www.anteprima24.it\/archivio\/napoli\/napoli-campania-patto-unesco\/\",\"name\":\"Patto tra cattedre Unesco Campania per la salute dell\u2019uomo e del paesaggio\",\"isPartOf\":{\"@id\":\"https:\/\/www.anteprima24.it\/archivio\/#website\"},\"primaryImageOfPage\":{\"@id\":\"https:\/\/www.anteprima24.it\/archivio\/napoli\/napoli-campania-patto-unesco\/#primaryimage\"},\"image\":{\"@id\":\"https:\/\/www.anteprima24.it\/archivio\/napoli\/napoli-campania-patto-unesco\/#primaryimage\"},\"thumbnailUrl\":\"https:\/\/www.anteprima24.it\/archivio\/wp-content\/uploads\/2019\/12\/image0-1-1.jpeg\",\"datePublished\":\"2019-12-28T11:04:33+00:00\",\"author\":{\"@id\":\"https:\/\/www.anteprima24.it\/archivio\/#\/schema\/person\/82cb05184ce534850be490e88d61c793\"},\"description\":\"\u00c8 stato siglato stamane l'accordo istituzionale tra le due cattedre Unesco della Campania. Eccellenze nel campo della ricerca\",\"breadcrumb\":{\"@id\":\"https:\/\/www.anteprima24.it\/archivio\/napoli\/napoli-campania-patto-unesco\/#breadcrumb\"},\"inLanguage\":\"it-IT\",\"potentialAction\":[{\"@type\":\"ReadAction\",\"target\":[\"https:\/\/www.anteprima24.it\/archivio\/napoli\/napoli-campania-patto-unesco\/\"]}]},{\"@type\":\"ImageObject\",\"inLanguage\":\"it-IT\",\"@id\":\"https:\/\/www.anteprima24.it\/archivio\/napoli\/napoli-campania-patto-unesco\/#primaryimage\",\"url\":\"https:\/\/www.anteprima24.it\/archivio\/wp-content\/uploads\/2019\/12\/image0-1-1.jpeg\",\"contentUrl\":\"https:\/\/www.anteprima24.it\/archivio\/wp-content\/uploads\/2019\/12\/image0-1-1.jpeg\",\"width\":640,\"height\":480},{\"@type\":\"BreadcrumbList\",\"@id\":\"https:\/\/www.anteprima24.it\/archivio\/napoli\/napoli-campania-patto-unesco\/#breadcrumb\",\"itemListElement\":[{\"@type\":\"ListItem\",\"position\":1,\"name\":\"Home\",\"item\":\"https:\/\/www.anteprima24.it\/archivio\/\"},{\"@type\":\"ListItem\",\"position\":2,\"name\":\"Patto tra cattedre Unesco Campania per la salute dell\u2019uomo e del paesaggio\"}]},{\"@type\":\"WebSite\",\"@id\":\"https:\/\/www.anteprima24.it\/archivio\/#website\",\"url\":\"https:\/\/www.anteprima24.it\/archivio\/\",\"name\":\"Anteprima24.it\",\"description\":\"\",\"potentialAction\":[{\"@type\":\"SearchAction\",\"target\":{\"@type\":\"EntryPoint\",\"urlTemplate\":\"https:\/\/www.anteprima24.it\/archivio\/?s={search_term_string}\"},\"query-input\":{\"@type\":\"PropertyValueSpecification\",\"valueRequired\":true,\"valueName\":\"search_term_string\"}}],\"inLanguage\":\"it-IT\"},{\"@type\":\"Person\",\"@id\":\"https:\/\/www.anteprima24.it\/archivio\/#\/schema\/person\/82cb05184ce534850be490e88d61c793\",\"name\":\"Redazione\",\"image\":{\"@type\":\"ImageObject\",\"inLanguage\":\"it-IT\",\"@id\":\"https:\/\/www.anteprima24.it\/archivio\/#\/schema\/person\/image\/\",\"url\":\"https:\/\/secure.gravatar.com\/avatar\/7b3d8f1c4b28bc2839d55e726cab88bfcfbc47e9a2e00ac362599ab1a5deaa44?s=96&d=mm&r=g\",\"contentUrl\":\"https:\/\/secure.gravatar.com\/avatar\/7b3d8f1c4b28bc2839d55e726cab88bfcfbc47e9a2e00ac362599ab1a5deaa44?s=96&d=mm&r=g\",\"caption\":\"Redazione\"},\"url\":\"https:\/\/www.anteprima24.it\/archivio\/author\/redazione\/\"}]}<\/script>\n<!-- \/ Yoast SEO plugin. -->","yoast_head_json":{"title":"Patto tra cattedre Unesco Campania per la salute dell\u2019uomo e del paesaggio","description":"\u00c8 stato siglato stamane l'accordo istituzionale tra le due cattedre Unesco della Campania. Eccellenze nel campo della ricerca","robots":{"index":"index","follow":"follow","max-snippet":"max-snippet:-1","max-image-preview":"max-image-preview:large","max-video-preview":"max-video-preview:-1"},"canonical":"https:\/\/www.anteprima24.it\/archivio\/napoli\/napoli-campania-patto-unesco\/","og_locale":"it_IT","og_type":"article","og_title":"Patto tra cattedre Unesco Campania per la salute dell\u2019uomo e del paesaggio","og_description":"\u00c8 stato siglato stamane l'accordo istituzionale tra le due cattedre Unesco della Campania. Eccellenze nel campo della ricerca","og_url":"https:\/\/www.anteprima24.it\/archivio\/napoli\/napoli-campania-patto-unesco\/","og_site_name":"Anteprima24.it","article_published_time":"2019-12-28T11:04:33+00:00","og_image":[{"width":640,"height":480,"url":"https:\/\/www.anteprima24.it\/archivio\/wp-content\/uploads\/2019\/12\/image0-1-1.jpeg","type":"image\/jpeg"}],"author":"Redazione","twitter_card":"summary_large_image","twitter_misc":{"Scritto da":"Redazione","Tempo di lettura stimato":"3 minuti"},"schema":{"@context":"https:\/\/schema.org","@graph":[{"@type":"Article","@id":"https:\/\/www.anteprima24.it\/archivio\/napoli\/napoli-campania-patto-unesco\/#article","isPartOf":{"@id":"https:\/\/www.anteprima24.it\/archivio\/napoli\/napoli-campania-patto-unesco\/"},"author":{"name":"Redazione","@id":"https:\/\/www.anteprima24.it\/archivio\/#\/schema\/person\/82cb05184ce534850be490e88d61c793"},"headline":"Patto tra cattedre Unesco Campania per la salute dell\u2019uomo e del paesaggio","datePublished":"2019-12-28T11:04:33+00:00","mainEntityOfPage":{"@id":"https:\/\/www.anteprima24.it\/archivio\/napoli\/napoli-campania-patto-unesco\/"},"wordCount":630,"commentCount":0,"image":{"@id":"https:\/\/www.anteprima24.it\/archivio\/napoli\/napoli-campania-patto-unesco\/#primaryimage"},"thumbnailUrl":"https:\/\/www.anteprima24.it\/archivio\/wp-content\/uploads\/2019\/12\/image0-1-1.jpeg","keywords":["Campania","Federico II","unesco"],"articleSection":["Attualit\u00e0 Napoli","Attualit\u00e0 Regione","Napoli","Regione"],"inLanguage":"it-IT","potentialAction":[{"@type":"CommentAction","name":"Comment","target":["https:\/\/www.anteprima24.it\/archivio\/napoli\/napoli-campania-patto-unesco\/#respond"]}]},{"@type":"WebPage","@id":"https:\/\/www.anteprima24.it\/archivio\/napoli\/napoli-campania-patto-unesco\/","url":"https:\/\/www.anteprima24.it\/archivio\/napoli\/napoli-campania-patto-unesco\/","name":"Patto tra cattedre Unesco Campania per la salute dell\u2019uomo e del paesaggio","isPartOf":{"@id":"https:\/\/www.anteprima24.it\/archivio\/#website"},"primaryImageOfPage":{"@id":"https:\/\/www.anteprima24.it\/archivio\/napoli\/napoli-campania-patto-unesco\/#primaryimage"},"image":{"@id":"https:\/\/www.anteprima24.it\/archivio\/napoli\/napoli-campania-patto-unesco\/#primaryimage"},"thumbnailUrl":"https:\/\/www.anteprima24.it\/archivio\/wp-content\/uploads\/2019\/12\/image0-1-1.jpeg","datePublished":"2019-12-28T11:04:33+00:00","author":{"@id":"https:\/\/www.anteprima24.it\/archivio\/#\/schema\/person\/82cb05184ce534850be490e88d61c793"},"description":"\u00c8 stato siglato stamane l'accordo istituzionale tra le due cattedre Unesco della Campania. Eccellenze nel campo della ricerca","breadcrumb":{"@id":"https:\/\/www.anteprima24.it\/archivio\/napoli\/napoli-campania-patto-unesco\/#breadcrumb"},"inLanguage":"it-IT","potentialAction":[{"@type":"ReadAction","target":["https:\/\/www.anteprima24.it\/archivio\/napoli\/napoli-campania-patto-unesco\/"]}]},{"@type":"ImageObject","inLanguage":"it-IT","@id":"https:\/\/www.anteprima24.it\/archivio\/napoli\/napoli-campania-patto-unesco\/#primaryimage","url":"https:\/\/www.anteprima24.it\/archivio\/wp-content\/uploads\/2019\/12\/image0-1-1.jpeg","contentUrl":"https:\/\/www.anteprima24.it\/archivio\/wp-content\/uploads\/2019\/12\/image0-1-1.jpeg","width":640,"height":480},{"@type":"BreadcrumbList","@id":"https:\/\/www.anteprima24.it\/archivio\/napoli\/napoli-campania-patto-unesco\/#breadcrumb","itemListElement":[{"@type":"ListItem","position":1,"name":"Home","item":"https:\/\/www.anteprima24.it\/archivio\/"},{"@type":"ListItem","position":2,"name":"Patto tra cattedre Unesco Campania per la salute dell\u2019uomo e del paesaggio"}]},{"@type":"WebSite","@id":"https:\/\/www.anteprima24.it\/archivio\/#website","url":"https:\/\/www.anteprima24.it\/archivio\/","name":"Anteprima24.it","description":"","potentialAction":[{"@type":"SearchAction","target":{"@type":"EntryPoint","urlTemplate":"https:\/\/www.anteprima24.it\/archivio\/?s={search_term_string}"},"query-input":{"@type":"PropertyValueSpecification","valueRequired":true,"valueName":"search_term_string"}}],"inLanguage":"it-IT"},{"@type":"Person","@id":"https:\/\/www.anteprima24.it\/archivio\/#\/schema\/person\/82cb05184ce534850be490e88d61c793","name":"Redazione","image":{"@type":"ImageObject","inLanguage":"it-IT","@id":"https:\/\/www.anteprima24.it\/archivio\/#\/schema\/person\/image\/","url":"https:\/\/secure.gravatar.com\/avatar\/7b3d8f1c4b28bc2839d55e726cab88bfcfbc47e9a2e00ac362599ab1a5deaa44?s=96&d=mm&r=g","contentUrl":"https:\/\/secure.gravatar.com\/avatar\/7b3d8f1c4b28bc2839d55e726cab88bfcfbc47e9a2e00ac362599ab1a5deaa44?s=96&d=mm&r=g","caption":"Redazione"},"url":"https:\/\/www.anteprima24.it\/archivio\/author\/redazione\/"}]}},"_links":{"self":[{"href":"https:\/\/www.anteprima24.it\/archivio\/wp-json\/wp\/v2\/posts\/407019","targetHints":{"allow":["GET"]}}],"collection":[{"href":"https:\/\/www.anteprima24.it\/archivio\/wp-json\/wp\/v2\/posts"}],"about":[{"href":"https:\/\/www.anteprima24.it\/archivio\/wp-json\/wp\/v2\/types\/post"}],"author":[{"embeddable":true,"href":"https:\/\/www.anteprima24.it\/archivio\/wp-json\/wp\/v2\/users\/18"}],"replies":[{"embeddable":true,"href":"https:\/\/www.anteprima24.it\/archivio\/wp-json\/wp\/v2\/comments?post=407019"}],"version-history":[{"count":0,"href":"https:\/\/www.anteprima24.it\/archivio\/wp-json\/wp\/v2\/posts\/407019\/revisions"}],"wp:featuredmedia":[{"embeddable":true,"href":"https:\/\/www.anteprima24.it\/archivio\/wp-json\/wp\/v2\/media\/407020"}],"wp:attachment":[{"href":"https:\/\/www.anteprima24.it\/archivio\/wp-json\/wp\/v2\/media?parent=407019"}],"wp:term":[{"taxonomy":"category","embeddable":true,"href":"https:\/\/www.anteprima24.it\/archivio\/wp-json\/wp\/v2\/categories?post=407019"},{"taxonomy":"post_tag","embeddable":true,"href":"https:\/\/www.anteprima24.it\/archivio\/wp-json\/wp\/v2\/tags?post=407019"}],"curies":[{"name":"wp","href":"https:\/\/api.w.org\/{rel}","templated":true}]}}