{"id":418640,"date":"2020-01-24T15:07:07","date_gmt":"2020-01-24T14:07:07","guid":{"rendered":"https:\/\/www.anteprima24.it\/?p=418640"},"modified":"2020-01-24T15:07:07","modified_gmt":"2020-01-24T14:07:07","slug":"iren-avellino","status":"publish","type":"post","link":"https:\/\/www.anteprima24.it\/archivio\/avellino\/iren-avellino\/","title":{"rendered":"Iren rileva la Sidigas con 55.000 clienti gas in provincia Avellino"},"content":{"rendered":"<span class=\"span-reading-time rt-reading-time\" style=\"display: block;\"><span class=\"rt-label rt-prefix\">Tempo di lettura: <\/span> <span class=\"rt-time\"> 2<\/span> <span class=\"rt-label rt-postfix\">minuti<\/span><\/span><p style=\"text-align: justify;\">Avellino &#8211; La <strong>Iren spa&nbsp;<\/strong>\u00e8 pronta a rilevare la <strong>Sidigas<\/strong>. L&#8217;azienda operante quale multiservizi, in particolare nella produzione e distribuzione di energia elettrica operante a Reggio Emilia dal 2010. La conferma arriva attraverso una nota stampa redatta dalla stessa azienda emiliana: &#8220;Societ\u00e0 Irpina Distribuzione Gas S.p.A., in data 24 gennaio 2020, ha accettato la manifestazione d&#8217;interesse vincolante presentata da Iren S.p.A. e avente ad oggetto l&#8217;acquisizione del Ramo d&#8217;Azienda di Sidigas.com S.r.l. operativo nella vendita di gas naturale.<\/p>\n<p class=\"canvas-atom canvas-text Mb(1.0em) Mb(0)--sm Mt(0.8em)--sm\" style=\"text-align: justify;\" data-reactid=\"12\">L&#8217;operazione, che si colloca nell&#8217;ambito di un complessivo piano di soluzione della crisi del Gruppo Sidigas, \u00e8 subordinata al verificarsi di alcune condizioni sospensive (tra le quali l&#8217;omologa dell&#8217;accordo di ristrutturazione dei debiti), verificatesi le quali il Ramo d&#8217;Azienda \u2013 nel frattempo conferito in un veicolo societario di nuova costituzione (NewCO) \u2013 sar\u00e0 acquisito da una societ\u00e0 controllata da Iren S.p.A..<\/p>\n<p class=\"canvas-atom canvas-text Mb(1.0em) Mb(0)--sm Mt(0.8em)--sm\" style=\"text-align: justify;\" data-reactid=\"13\">Il Ramo d&#8217;Azienda \u00e8 composto da circa 55 mila clienti gas, dei quali circa il 95% domestici, distribuiti su 78 Comuni prevalentemente nella Provincia di Avellino. L&#8217;acquisizione dei nuovi clienti, consentir\u00e0 al Gruppo Iren di incrementare il portafoglio clienti, rafforzando la propria presenza in Campania e di potenziare lo sviluppo sul territorio del Centro-Sud Italia coperto dalla controllata SEV S.p.A. (Gruppo Iren). Sidigas S.p.A. e IREN S.p.A. hanno concordato un periodo di esclusiva per la finalizzazione dell&#8217;operazione. Il&nbsp;<strong>Presidente di Iren Renato Boero e l&#8217;Amministratore Delegato Massimiliano Bianco<\/strong>&nbsp;hanno congiuntamente dichiarato: &#8220;L&#8217;operazione permetter\u00e0 al Gruppo di aumentare la propria base clienti, di sviluppare ulteriormente la strategia commerciale national approvata nel recente Piano Industriale e di rafforzare il ruolo di fornitore di servizi per il cittadino nella Provincia di Avellino ed in tutto il Centro-Sud Italia&#8221;.<\/p>\n<p style=\"text-align: justify;\" data-reactid=\"13\">L&#8217;azienda attualmente guidata dall&#8217;amministratore delegato Dario <strong>Scalella<\/strong>, dopo il ciclone giudiziario che ha coinvolto Giannandrea <strong>De Cesare<\/strong>, \u00e8 vicino al cambio di propriet\u00e0. L&#8217;offerta, al momento non se ne conoscono i dettagli, sar\u00e0 inserita nel piano di ristrutturazione del debito.<\/p>\n","protected":false},"excerpt":{"rendered":"<p>Avellino &#8211; La Iren spa&nbsp;\u00e8 pronta a rilevare la Sidigas. L&#8217;azienda operante quale multiservizi, in particolare nella produzione e distribuzione di energia elettrica operante a Reggio Emilia dal 2010. La conferma arriva attraverso una nota stampa redatta dalla stessa azienda emiliana: &#8220;Societ\u00e0 Irpina Distribuzione Gas S.p.A., in data 24 gennaio 2020, ha accettato la manifestazione [&hellip;]<\/p>\n","protected":false},"author":18,"featured_media":418644,"comment_status":"open","ping_status":"open","sticky":false,"template":"","format":"standard","meta":{"_monsterinsights_skip_tracking":false,"_monsterinsights_sitenote_active":false,"_monsterinsights_sitenote_note":"","_monsterinsights_sitenote_category":0,"ngg_post_thumbnail":0,"footnotes":""},"categories":[4,1383,274,271],"tags":[285,12395,824],"class_list":{"0":"post-418640","1":"post","2":"type-post","3":"status-publish","4":"format-standard","5":"has-post-thumbnail","7":"category-avellino","8":"category-economia-avellino","9":"category-affari-economia","10":"category-regione","11":"tag-avellino","12":"tag-iren","13":"tag-sidigas"},"yoast_head":"<!-- This site is optimized with the Yoast SEO plugin v26.8 - https:\/\/yoast.com\/product\/yoast-seo-wordpress\/ -->\n<title>Iren rileva la Sidigas con 55.000 clienti gas in provincia Avellino<\/title>\n<meta name=\"robots\" content=\"index, follow, max-snippet:-1, max-image-preview:large, max-video-preview:-1\" \/>\n<link rel=\"canonical\" href=\"https:\/\/www.anteprima24.it\/archivio\/avellino\/iren-avellino\/\" \/>\n<meta property=\"og:locale\" content=\"it_IT\" \/>\n<meta property=\"og:type\" content=\"article\" \/>\n<meta property=\"og:title\" content=\"Iren rileva la Sidigas con 55.000 clienti gas in provincia Avellino\" \/>\n<meta property=\"og:description\" content=\"Avellino &#8211; La Iren spa&nbsp;\u00e8 pronta a rilevare la Sidigas. L&#8217;azienda operante quale multiservizi, in particolare nella produzione e distribuzione di energia elettrica operante a Reggio Emilia dal 2010. La conferma arriva attraverso una nota stampa redatta dalla stessa azienda emiliana: &#8220;Societ\u00e0 Irpina Distribuzione Gas S.p.A., in data 24 gennaio 2020, ha accettato la manifestazione [&hellip;]\" \/>\n<meta property=\"og:url\" content=\"https:\/\/www.anteprima24.it\/archivio\/avellino\/iren-avellino\/\" \/>\n<meta property=\"og:site_name\" content=\"Anteprima24.it\" \/>\n<meta property=\"article:published_time\" content=\"2020-01-24T14:07:07+00:00\" \/>\n<meta property=\"og:image\" content=\"https:\/\/www.anteprima24.it\/archivio\/wp-content\/uploads\/2020\/01\/sidigas-logo-1200x900.jpg\" \/>\n\t<meta property=\"og:image:width\" content=\"1200\" \/>\n\t<meta property=\"og:image:height\" content=\"900\" \/>\n\t<meta property=\"og:image:type\" content=\"image\/jpeg\" \/>\n<meta name=\"author\" content=\"Redazione\" \/>\n<meta name=\"twitter:card\" content=\"summary_large_image\" \/>\n<meta name=\"twitter:label1\" content=\"Scritto da\" \/>\n\t<meta name=\"twitter:data1\" content=\"Redazione\" \/>\n\t<meta name=\"twitter:label2\" content=\"Tempo di lettura stimato\" \/>\n\t<meta name=\"twitter:data2\" content=\"2 minuti\" \/>\n<script type=\"application\/ld+json\" class=\"yoast-schema-graph\">{\"@context\":\"https:\/\/schema.org\",\"@graph\":[{\"@type\":\"Article\",\"@id\":\"https:\/\/www.anteprima24.it\/archivio\/avellino\/iren-avellino\/#article\",\"isPartOf\":{\"@id\":\"https:\/\/www.anteprima24.it\/archivio\/avellino\/iren-avellino\/\"},\"author\":{\"name\":\"Redazione\",\"@id\":\"https:\/\/www.anteprima24.it\/archivio\/#\/schema\/person\/82cb05184ce534850be490e88d61c793\"},\"headline\":\"Iren rileva la Sidigas con 55.000 clienti gas in provincia Avellino\",\"datePublished\":\"2020-01-24T14:07:07+00:00\",\"mainEntityOfPage\":{\"@id\":\"https:\/\/www.anteprima24.it\/archivio\/avellino\/iren-avellino\/\"},\"wordCount\":348,\"commentCount\":0,\"image\":{\"@id\":\"https:\/\/www.anteprima24.it\/archivio\/avellino\/iren-avellino\/#primaryimage\"},\"thumbnailUrl\":\"https:\/\/www.anteprima24.it\/archivio\/wp-content\/uploads\/2020\/01\/sidigas-logo-1200x900.jpg\",\"keywords\":[\"Avellino\",\"iren\",\"Sidigas\"],\"articleSection\":[\"Avellino\",\"Economia e Lavoro Avellino\",\"Economia Regione\",\"Regione\"],\"inLanguage\":\"it-IT\",\"potentialAction\":[{\"@type\":\"CommentAction\",\"name\":\"Comment\",\"target\":[\"https:\/\/www.anteprima24.it\/archivio\/avellino\/iren-avellino\/#respond\"]}]},{\"@type\":\"WebPage\",\"@id\":\"https:\/\/www.anteprima24.it\/archivio\/avellino\/iren-avellino\/\",\"url\":\"https:\/\/www.anteprima24.it\/archivio\/avellino\/iren-avellino\/\",\"name\":\"Iren rileva la Sidigas con 55.000 clienti gas in provincia Avellino\",\"isPartOf\":{\"@id\":\"https:\/\/www.anteprima24.it\/archivio\/#website\"},\"primaryImageOfPage\":{\"@id\":\"https:\/\/www.anteprima24.it\/archivio\/avellino\/iren-avellino\/#primaryimage\"},\"image\":{\"@id\":\"https:\/\/www.anteprima24.it\/archivio\/avellino\/iren-avellino\/#primaryimage\"},\"thumbnailUrl\":\"https:\/\/www.anteprima24.it\/archivio\/wp-content\/uploads\/2020\/01\/sidigas-logo-1200x900.jpg\",\"datePublished\":\"2020-01-24T14:07:07+00:00\",\"author\":{\"@id\":\"https:\/\/www.anteprima24.it\/archivio\/#\/schema\/person\/82cb05184ce534850be490e88d61c793\"},\"breadcrumb\":{\"@id\":\"https:\/\/www.anteprima24.it\/archivio\/avellino\/iren-avellino\/#breadcrumb\"},\"inLanguage\":\"it-IT\",\"potentialAction\":[{\"@type\":\"ReadAction\",\"target\":[\"https:\/\/www.anteprima24.it\/archivio\/avellino\/iren-avellino\/\"]}]},{\"@type\":\"ImageObject\",\"inLanguage\":\"it-IT\",\"@id\":\"https:\/\/www.anteprima24.it\/archivio\/avellino\/iren-avellino\/#primaryimage\",\"url\":\"https:\/\/www.anteprima24.it\/archivio\/wp-content\/uploads\/2020\/01\/sidigas-logo-1200x900.jpg\",\"contentUrl\":\"https:\/\/www.anteprima24.it\/archivio\/wp-content\/uploads\/2020\/01\/sidigas-logo-1200x900.jpg\",\"width\":1200,\"height\":900},{\"@type\":\"BreadcrumbList\",\"@id\":\"https:\/\/www.anteprima24.it\/archivio\/avellino\/iren-avellino\/#breadcrumb\",\"itemListElement\":[{\"@type\":\"ListItem\",\"position\":1,\"name\":\"Home\",\"item\":\"https:\/\/www.anteprima24.it\/archivio\/\"},{\"@type\":\"ListItem\",\"position\":2,\"name\":\"Iren rileva la Sidigas con 55.000 clienti gas in provincia Avellino\"}]},{\"@type\":\"WebSite\",\"@id\":\"https:\/\/www.anteprima24.it\/archivio\/#website\",\"url\":\"https:\/\/www.anteprima24.it\/archivio\/\",\"name\":\"Anteprima24.it\",\"description\":\"\",\"potentialAction\":[{\"@type\":\"SearchAction\",\"target\":{\"@type\":\"EntryPoint\",\"urlTemplate\":\"https:\/\/www.anteprima24.it\/archivio\/?s={search_term_string}\"},\"query-input\":{\"@type\":\"PropertyValueSpecification\",\"valueRequired\":true,\"valueName\":\"search_term_string\"}}],\"inLanguage\":\"it-IT\"},{\"@type\":\"Person\",\"@id\":\"https:\/\/www.anteprima24.it\/archivio\/#\/schema\/person\/82cb05184ce534850be490e88d61c793\",\"name\":\"Redazione\",\"image\":{\"@type\":\"ImageObject\",\"inLanguage\":\"it-IT\",\"@id\":\"https:\/\/www.anteprima24.it\/archivio\/#\/schema\/person\/image\/\",\"url\":\"https:\/\/secure.gravatar.com\/avatar\/7b3d8f1c4b28bc2839d55e726cab88bfcfbc47e9a2e00ac362599ab1a5deaa44?s=96&d=mm&r=g\",\"contentUrl\":\"https:\/\/secure.gravatar.com\/avatar\/7b3d8f1c4b28bc2839d55e726cab88bfcfbc47e9a2e00ac362599ab1a5deaa44?s=96&d=mm&r=g\",\"caption\":\"Redazione\"},\"url\":\"https:\/\/www.anteprima24.it\/archivio\/author\/redazione\/\"}]}<\/script>\n<!-- \/ Yoast SEO plugin. -->","yoast_head_json":{"title":"Iren rileva la Sidigas con 55.000 clienti gas in provincia Avellino","robots":{"index":"index","follow":"follow","max-snippet":"max-snippet:-1","max-image-preview":"max-image-preview:large","max-video-preview":"max-video-preview:-1"},"canonical":"https:\/\/www.anteprima24.it\/archivio\/avellino\/iren-avellino\/","og_locale":"it_IT","og_type":"article","og_title":"Iren rileva la Sidigas con 55.000 clienti gas in provincia Avellino","og_description":"Avellino &#8211; La Iren spa&nbsp;\u00e8 pronta a rilevare la Sidigas. L&#8217;azienda operante quale multiservizi, in particolare nella produzione e distribuzione di energia elettrica operante a Reggio Emilia dal 2010. La conferma arriva attraverso una nota stampa redatta dalla stessa azienda emiliana: &#8220;Societ\u00e0 Irpina Distribuzione Gas S.p.A., in data 24 gennaio 2020, ha accettato la manifestazione [&hellip;]","og_url":"https:\/\/www.anteprima24.it\/archivio\/avellino\/iren-avellino\/","og_site_name":"Anteprima24.it","article_published_time":"2020-01-24T14:07:07+00:00","og_image":[{"width":1200,"height":900,"url":"https:\/\/www.anteprima24.it\/archivio\/wp-content\/uploads\/2020\/01\/sidigas-logo-1200x900.jpg","type":"image\/jpeg"}],"author":"Redazione","twitter_card":"summary_large_image","twitter_misc":{"Scritto da":"Redazione","Tempo di lettura stimato":"2 minuti"},"schema":{"@context":"https:\/\/schema.org","@graph":[{"@type":"Article","@id":"https:\/\/www.anteprima24.it\/archivio\/avellino\/iren-avellino\/#article","isPartOf":{"@id":"https:\/\/www.anteprima24.it\/archivio\/avellino\/iren-avellino\/"},"author":{"name":"Redazione","@id":"https:\/\/www.anteprima24.it\/archivio\/#\/schema\/person\/82cb05184ce534850be490e88d61c793"},"headline":"Iren rileva la Sidigas con 55.000 clienti gas in provincia Avellino","datePublished":"2020-01-24T14:07:07+00:00","mainEntityOfPage":{"@id":"https:\/\/www.anteprima24.it\/archivio\/avellino\/iren-avellino\/"},"wordCount":348,"commentCount":0,"image":{"@id":"https:\/\/www.anteprima24.it\/archivio\/avellino\/iren-avellino\/#primaryimage"},"thumbnailUrl":"https:\/\/www.anteprima24.it\/archivio\/wp-content\/uploads\/2020\/01\/sidigas-logo-1200x900.jpg","keywords":["Avellino","iren","Sidigas"],"articleSection":["Avellino","Economia e Lavoro Avellino","Economia Regione","Regione"],"inLanguage":"it-IT","potentialAction":[{"@type":"CommentAction","name":"Comment","target":["https:\/\/www.anteprima24.it\/archivio\/avellino\/iren-avellino\/#respond"]}]},{"@type":"WebPage","@id":"https:\/\/www.anteprima24.it\/archivio\/avellino\/iren-avellino\/","url":"https:\/\/www.anteprima24.it\/archivio\/avellino\/iren-avellino\/","name":"Iren rileva la Sidigas con 55.000 clienti gas in provincia Avellino","isPartOf":{"@id":"https:\/\/www.anteprima24.it\/archivio\/#website"},"primaryImageOfPage":{"@id":"https:\/\/www.anteprima24.it\/archivio\/avellino\/iren-avellino\/#primaryimage"},"image":{"@id":"https:\/\/www.anteprima24.it\/archivio\/avellino\/iren-avellino\/#primaryimage"},"thumbnailUrl":"https:\/\/www.anteprima24.it\/archivio\/wp-content\/uploads\/2020\/01\/sidigas-logo-1200x900.jpg","datePublished":"2020-01-24T14:07:07+00:00","author":{"@id":"https:\/\/www.anteprima24.it\/archivio\/#\/schema\/person\/82cb05184ce534850be490e88d61c793"},"breadcrumb":{"@id":"https:\/\/www.anteprima24.it\/archivio\/avellino\/iren-avellino\/#breadcrumb"},"inLanguage":"it-IT","potentialAction":[{"@type":"ReadAction","target":["https:\/\/www.anteprima24.it\/archivio\/avellino\/iren-avellino\/"]}]},{"@type":"ImageObject","inLanguage":"it-IT","@id":"https:\/\/www.anteprima24.it\/archivio\/avellino\/iren-avellino\/#primaryimage","url":"https:\/\/www.anteprima24.it\/archivio\/wp-content\/uploads\/2020\/01\/sidigas-logo-1200x900.jpg","contentUrl":"https:\/\/www.anteprima24.it\/archivio\/wp-content\/uploads\/2020\/01\/sidigas-logo-1200x900.jpg","width":1200,"height":900},{"@type":"BreadcrumbList","@id":"https:\/\/www.anteprima24.it\/archivio\/avellino\/iren-avellino\/#breadcrumb","itemListElement":[{"@type":"ListItem","position":1,"name":"Home","item":"https:\/\/www.anteprima24.it\/archivio\/"},{"@type":"ListItem","position":2,"name":"Iren rileva la Sidigas con 55.000 clienti gas in provincia Avellino"}]},{"@type":"WebSite","@id":"https:\/\/www.anteprima24.it\/archivio\/#website","url":"https:\/\/www.anteprima24.it\/archivio\/","name":"Anteprima24.it","description":"","potentialAction":[{"@type":"SearchAction","target":{"@type":"EntryPoint","urlTemplate":"https:\/\/www.anteprima24.it\/archivio\/?s={search_term_string}"},"query-input":{"@type":"PropertyValueSpecification","valueRequired":true,"valueName":"search_term_string"}}],"inLanguage":"it-IT"},{"@type":"Person","@id":"https:\/\/www.anteprima24.it\/archivio\/#\/schema\/person\/82cb05184ce534850be490e88d61c793","name":"Redazione","image":{"@type":"ImageObject","inLanguage":"it-IT","@id":"https:\/\/www.anteprima24.it\/archivio\/#\/schema\/person\/image\/","url":"https:\/\/secure.gravatar.com\/avatar\/7b3d8f1c4b28bc2839d55e726cab88bfcfbc47e9a2e00ac362599ab1a5deaa44?s=96&d=mm&r=g","contentUrl":"https:\/\/secure.gravatar.com\/avatar\/7b3d8f1c4b28bc2839d55e726cab88bfcfbc47e9a2e00ac362599ab1a5deaa44?s=96&d=mm&r=g","caption":"Redazione"},"url":"https:\/\/www.anteprima24.it\/archivio\/author\/redazione\/"}]}},"_links":{"self":[{"href":"https:\/\/www.anteprima24.it\/archivio\/wp-json\/wp\/v2\/posts\/418640","targetHints":{"allow":["GET"]}}],"collection":[{"href":"https:\/\/www.anteprima24.it\/archivio\/wp-json\/wp\/v2\/posts"}],"about":[{"href":"https:\/\/www.anteprima24.it\/archivio\/wp-json\/wp\/v2\/types\/post"}],"author":[{"embeddable":true,"href":"https:\/\/www.anteprima24.it\/archivio\/wp-json\/wp\/v2\/users\/18"}],"replies":[{"embeddable":true,"href":"https:\/\/www.anteprima24.it\/archivio\/wp-json\/wp\/v2\/comments?post=418640"}],"version-history":[{"count":0,"href":"https:\/\/www.anteprima24.it\/archivio\/wp-json\/wp\/v2\/posts\/418640\/revisions"}],"wp:featuredmedia":[{"embeddable":true,"href":"https:\/\/www.anteprima24.it\/archivio\/wp-json\/wp\/v2\/media\/418644"}],"wp:attachment":[{"href":"https:\/\/www.anteprima24.it\/archivio\/wp-json\/wp\/v2\/media?parent=418640"}],"wp:term":[{"taxonomy":"category","embeddable":true,"href":"https:\/\/www.anteprima24.it\/archivio\/wp-json\/wp\/v2\/categories?post=418640"},{"taxonomy":"post_tag","embeddable":true,"href":"https:\/\/www.anteprima24.it\/archivio\/wp-json\/wp\/v2\/tags?post=418640"}],"curies":[{"name":"wp","href":"https:\/\/api.w.org\/{rel}","templated":true}]}}