{"id":436880,"date":"2020-03-03T13:17:11","date_gmt":"2020-03-03T12:17:11","guid":{"rendered":"https:\/\/www.anteprima24.it\/?p=436880"},"modified":"2020-03-03T13:17:11","modified_gmt":"2020-03-03T12:17:11","slug":"mastella-dimissioni-m5s-desistenza","status":"publish","type":"post","link":"https:\/\/www.anteprima24.it\/archivio\/benevento\/mastella-dimissioni-m5s-desistenza\/","title":{"rendered":"Mastella ed il ritiro delle dimissioni: il M5S contro i politici della desistenza"},"content":{"rendered":"<span class=\"span-reading-time rt-reading-time\" style=\"display: block;\"><span class=\"rt-label rt-prefix\">Tempo di lettura: <\/span> <span class=\"rt-time\"> 2<\/span> <span class=\"rt-label rt-postfix\">minuti<\/span><\/span><p style=\"text-align: justify;\">Grazie all\u2019indisponibilit\u00e0 del <strong>Pd<\/strong> a firmare la richiesta di convocazione del <strong>Consiglio Comunale<\/strong> con mozione di sfiducia, il <strong>sindaco Mastella<\/strong> non sar\u00e0 tenuto a spiegare natura e responsabilit\u00e0 delle pressioni ricevute da componenti della sua maggioranza, alla base delle dimissioni poi mediaticamente ritirate, e la cittadinanza non potr\u00e0 capire chi oggi appoggia e chi contrasta l\u2019amministrazione da lui presieduta.<\/p>\n<p style=\"text-align: justify;\">Complimenti all\u2019alto profilo di <strong>Del Basso,<\/strong> che attacca nervosamente il <em>MoVimento 5 Stelle<\/em> per giustificare un <strong>Pd, Partito Desistente,<\/strong> il quale pi\u00f9 che aspirare ad essere <em>\u201cbaricentrico\u201d<\/em> si mostra <em>\u201cnapolicentrico\u201d,<\/em> favorendo l\u2019accordo di <strong>Mastella<\/strong> con il governatore in bilico <strong>De Luca,<\/strong> che ha pubblicamente caldeggiato la sua continuazione amministrativa a <strong>Benevento!<\/strong><\/p>\n<p style=\"text-align: justify;\"><strong>Del Basso<\/strong> e <strong>Mastella<\/strong> hanno reagito come monarchi assoluti all\u2019azione del <strong>MoVimento 5 Stelle,<\/strong> accusando di lesa maest\u00e0 iniziative politiche, come la nostra, che mettono in discussione la loro corona arrugginita!<\/p>\n<p style=\"text-align: justify;\">I meriti della mozione di sfiducia, presentata con tempestivit\u00e0 e coerenza dal gruppo consiliare del <strong>M5S,<\/strong> sono stati riconosciuti da un<em> \u201ccampo largo\u201d<\/em> di soggetti politici e dallo stesso responsabile cittadino del <strong>Pd,<\/strong> il quale ha per\u00f2 finito per firmare un documento che esprime una posizione sostanzialmente contraria al suo orientamento precedente.<\/p>\n<p style=\"text-align: justify;\">Il &nbsp;<em>MoVimento 5 Stelle, <\/em>dopo aver fatto da apripista, presentando una mozione che credeva fosse condivisibile da parte delle opposizioni in&nbsp; virt\u00f9 del ruolo da loro esercitato in consiglio comunale, non si \u00e8 sottratto al dibattito innescato sul proprio atto politico, ma si \u00e8 detto subito disposto a firmare una mozione ancora pi\u00f9 articolata e partecipata, senza pretendere alcuna primogenitura.<\/p>\n<p style=\"text-align: justify;\">Ma il plurititolato <strong>Pd<\/strong> di <strong>Benevento,<\/strong> che accusa gli altri di analfabetismo politico e rivendica ad ogni costo la supremazia nel campo dell\u2019opposizione, finisce per salvare anche la poltrona del finto avversario Mastella, che non ha in questo momento una chiara maggioranza consiliare.<\/p>\n<p style=\"text-align: justify;\">Il &nbsp;<em>MoVimento 5 Stelle<\/em>, gi\u00e0 attento al dialogo con associazioni e soggetti civici impegnati a tutelare i cittadini e i beni comuni, continuer\u00e0 a lottare con forza per mandare a casa questa arrogante Amministrazione in perenne conflitto interno, contrastando i suoi progetti inaccettabili che minacciano la qualit\u00e0 della vita collettiva.<\/p>\n","protected":false},"excerpt":{"rendered":"<p>Grazie all\u2019indisponibilit\u00e0 del Pd a firmare la richiesta di convocazione del Consiglio Comunale con mozione di sfiducia, il sindaco Mastella non sar\u00e0 tenuto a spiegare natura e responsabilit\u00e0 delle pressioni ricevute da componenti della sua maggioranza, alla base delle dimissioni poi mediaticamente ritirate, e la cittadinanza non potr\u00e0 capire chi oggi appoggia e chi contrasta [&hellip;]<\/p>\n","protected":false},"author":18,"featured_media":156449,"comment_status":"open","ping_status":"open","sticky":false,"template":"","format":"standard","meta":{"_monsterinsights_skip_tracking":false,"_monsterinsights_sitenote_active":false,"_monsterinsights_sitenote_note":"","_monsterinsights_sitenote_category":0,"ngg_post_thumbnail":0,"footnotes":""},"categories":[2,1375],"tags":[40,989,376,41],"class_list":{"0":"post-436880","1":"post","2":"type-post","3":"status-publish","4":"format-standard","5":"has-post-thumbnail","7":"category-benevento","8":"category-politica-benevento","9":"tag-benevento","10":"tag-dimissioni","11":"tag-grillini","12":"tag-mastella"},"yoast_head":"<!-- This site is optimized with the Yoast SEO plugin v26.8 - https:\/\/yoast.com\/product\/yoast-seo-wordpress\/ -->\n<title>Mastella ed il ritiro delle dimissioni: il M5S contro i politici della desistenza<\/title>\n<meta name=\"robots\" content=\"index, follow, max-snippet:-1, max-image-preview:large, max-video-preview:-1\" \/>\n<link rel=\"canonical\" href=\"https:\/\/www.anteprima24.it\/archivio\/benevento\/mastella-dimissioni-m5s-desistenza\/\" \/>\n<meta property=\"og:locale\" content=\"it_IT\" \/>\n<meta property=\"og:type\" content=\"article\" \/>\n<meta property=\"og:title\" content=\"Mastella ed il ritiro delle dimissioni: il M5S contro i politici della desistenza\" \/>\n<meta property=\"og:description\" content=\"Grazie all\u2019indisponibilit\u00e0 del Pd a firmare la richiesta di convocazione del Consiglio Comunale con mozione di sfiducia, il sindaco Mastella non sar\u00e0 tenuto a spiegare natura e responsabilit\u00e0 delle pressioni ricevute da componenti della sua maggioranza, alla base delle dimissioni poi mediaticamente ritirate, e la cittadinanza non potr\u00e0 capire chi oggi appoggia e chi contrasta [&hellip;]\" \/>\n<meta property=\"og:url\" content=\"https:\/\/www.anteprima24.it\/archivio\/benevento\/mastella-dimissioni-m5s-desistenza\/\" \/>\n<meta property=\"og:site_name\" content=\"Anteprima24.it\" \/>\n<meta property=\"article:published_time\" content=\"2020-03-03T12:17:11+00:00\" \/>\n<meta property=\"og:image\" content=\"https:\/\/www.anteprima24.it\/archivio\/wp-content\/uploads\/2018\/04\/bandiera-m5s-e1554042907837.jpg\" \/>\n\t<meta property=\"og:image:width\" content=\"924\" \/>\n\t<meta property=\"og:image:height\" content=\"459\" \/>\n\t<meta property=\"og:image:type\" content=\"image\/jpeg\" \/>\n<meta name=\"author\" content=\"Redazione\" \/>\n<meta name=\"twitter:card\" content=\"summary_large_image\" \/>\n<meta name=\"twitter:label1\" content=\"Scritto da\" \/>\n\t<meta name=\"twitter:data1\" content=\"Redazione\" \/>\n\t<meta name=\"twitter:label2\" content=\"Tempo di lettura stimato\" \/>\n\t<meta name=\"twitter:data2\" content=\"2 minuti\" \/>\n<script type=\"application\/ld+json\" class=\"yoast-schema-graph\">{\"@context\":\"https:\/\/schema.org\",\"@graph\":[{\"@type\":\"Article\",\"@id\":\"https:\/\/www.anteprima24.it\/archivio\/benevento\/mastella-dimissioni-m5s-desistenza\/#article\",\"isPartOf\":{\"@id\":\"https:\/\/www.anteprima24.it\/archivio\/benevento\/mastella-dimissioni-m5s-desistenza\/\"},\"author\":{\"name\":\"Redazione\",\"@id\":\"https:\/\/www.anteprima24.it\/archivio\/#\/schema\/person\/82cb05184ce534850be490e88d61c793\"},\"headline\":\"Mastella ed il ritiro delle dimissioni: il M5S contro i politici della desistenza\",\"datePublished\":\"2020-03-03T12:17:11+00:00\",\"mainEntityOfPage\":{\"@id\":\"https:\/\/www.anteprima24.it\/archivio\/benevento\/mastella-dimissioni-m5s-desistenza\/\"},\"wordCount\":364,\"commentCount\":0,\"image\":{\"@id\":\"https:\/\/www.anteprima24.it\/archivio\/benevento\/mastella-dimissioni-m5s-desistenza\/#primaryimage\"},\"thumbnailUrl\":\"https:\/\/www.anteprima24.it\/archivio\/wp-content\/uploads\/2018\/04\/bandiera-m5s-e1554042907837.jpg\",\"keywords\":[\"Benevento\",\"Dimissioni\",\"grillini\",\"Mastella\"],\"articleSection\":[\"Benevento\",\"Politica Benevento\"],\"inLanguage\":\"it-IT\",\"potentialAction\":[{\"@type\":\"CommentAction\",\"name\":\"Comment\",\"target\":[\"https:\/\/www.anteprima24.it\/archivio\/benevento\/mastella-dimissioni-m5s-desistenza\/#respond\"]}]},{\"@type\":\"WebPage\",\"@id\":\"https:\/\/www.anteprima24.it\/archivio\/benevento\/mastella-dimissioni-m5s-desistenza\/\",\"url\":\"https:\/\/www.anteprima24.it\/archivio\/benevento\/mastella-dimissioni-m5s-desistenza\/\",\"name\":\"Mastella ed il ritiro delle dimissioni: il M5S contro i politici della desistenza\",\"isPartOf\":{\"@id\":\"https:\/\/www.anteprima24.it\/archivio\/#website\"},\"primaryImageOfPage\":{\"@id\":\"https:\/\/www.anteprima24.it\/archivio\/benevento\/mastella-dimissioni-m5s-desistenza\/#primaryimage\"},\"image\":{\"@id\":\"https:\/\/www.anteprima24.it\/archivio\/benevento\/mastella-dimissioni-m5s-desistenza\/#primaryimage\"},\"thumbnailUrl\":\"https:\/\/www.anteprima24.it\/archivio\/wp-content\/uploads\/2018\/04\/bandiera-m5s-e1554042907837.jpg\",\"datePublished\":\"2020-03-03T12:17:11+00:00\",\"author\":{\"@id\":\"https:\/\/www.anteprima24.it\/archivio\/#\/schema\/person\/82cb05184ce534850be490e88d61c793\"},\"breadcrumb\":{\"@id\":\"https:\/\/www.anteprima24.it\/archivio\/benevento\/mastella-dimissioni-m5s-desistenza\/#breadcrumb\"},\"inLanguage\":\"it-IT\",\"potentialAction\":[{\"@type\":\"ReadAction\",\"target\":[\"https:\/\/www.anteprima24.it\/archivio\/benevento\/mastella-dimissioni-m5s-desistenza\/\"]}]},{\"@type\":\"ImageObject\",\"inLanguage\":\"it-IT\",\"@id\":\"https:\/\/www.anteprima24.it\/archivio\/benevento\/mastella-dimissioni-m5s-desistenza\/#primaryimage\",\"url\":\"https:\/\/www.anteprima24.it\/archivio\/wp-content\/uploads\/2018\/04\/bandiera-m5s-e1554042907837.jpg\",\"contentUrl\":\"https:\/\/www.anteprima24.it\/archivio\/wp-content\/uploads\/2018\/04\/bandiera-m5s-e1554042907837.jpg\",\"width\":924,\"height\":459},{\"@type\":\"BreadcrumbList\",\"@id\":\"https:\/\/www.anteprima24.it\/archivio\/benevento\/mastella-dimissioni-m5s-desistenza\/#breadcrumb\",\"itemListElement\":[{\"@type\":\"ListItem\",\"position\":1,\"name\":\"Home\",\"item\":\"https:\/\/www.anteprima24.it\/archivio\/\"},{\"@type\":\"ListItem\",\"position\":2,\"name\":\"Mastella ed il ritiro delle dimissioni: il M5S contro i politici della desistenza\"}]},{\"@type\":\"WebSite\",\"@id\":\"https:\/\/www.anteprima24.it\/archivio\/#website\",\"url\":\"https:\/\/www.anteprima24.it\/archivio\/\",\"name\":\"Anteprima24.it\",\"description\":\"\",\"potentialAction\":[{\"@type\":\"SearchAction\",\"target\":{\"@type\":\"EntryPoint\",\"urlTemplate\":\"https:\/\/www.anteprima24.it\/archivio\/?s={search_term_string}\"},\"query-input\":{\"@type\":\"PropertyValueSpecification\",\"valueRequired\":true,\"valueName\":\"search_term_string\"}}],\"inLanguage\":\"it-IT\"},{\"@type\":\"Person\",\"@id\":\"https:\/\/www.anteprima24.it\/archivio\/#\/schema\/person\/82cb05184ce534850be490e88d61c793\",\"name\":\"Redazione\",\"image\":{\"@type\":\"ImageObject\",\"inLanguage\":\"it-IT\",\"@id\":\"https:\/\/www.anteprima24.it\/archivio\/#\/schema\/person\/image\/\",\"url\":\"https:\/\/secure.gravatar.com\/avatar\/7b3d8f1c4b28bc2839d55e726cab88bfcfbc47e9a2e00ac362599ab1a5deaa44?s=96&d=mm&r=g\",\"contentUrl\":\"https:\/\/secure.gravatar.com\/avatar\/7b3d8f1c4b28bc2839d55e726cab88bfcfbc47e9a2e00ac362599ab1a5deaa44?s=96&d=mm&r=g\",\"caption\":\"Redazione\"},\"url\":\"https:\/\/www.anteprima24.it\/archivio\/author\/redazione\/\"}]}<\/script>\n<!-- \/ Yoast SEO plugin. -->","yoast_head_json":{"title":"Mastella ed il ritiro delle dimissioni: il M5S contro i politici della desistenza","robots":{"index":"index","follow":"follow","max-snippet":"max-snippet:-1","max-image-preview":"max-image-preview:large","max-video-preview":"max-video-preview:-1"},"canonical":"https:\/\/www.anteprima24.it\/archivio\/benevento\/mastella-dimissioni-m5s-desistenza\/","og_locale":"it_IT","og_type":"article","og_title":"Mastella ed il ritiro delle dimissioni: il M5S contro i politici della desistenza","og_description":"Grazie all\u2019indisponibilit\u00e0 del Pd a firmare la richiesta di convocazione del Consiglio Comunale con mozione di sfiducia, il sindaco Mastella non sar\u00e0 tenuto a spiegare natura e responsabilit\u00e0 delle pressioni ricevute da componenti della sua maggioranza, alla base delle dimissioni poi mediaticamente ritirate, e la cittadinanza non potr\u00e0 capire chi oggi appoggia e chi contrasta [&hellip;]","og_url":"https:\/\/www.anteprima24.it\/archivio\/benevento\/mastella-dimissioni-m5s-desistenza\/","og_site_name":"Anteprima24.it","article_published_time":"2020-03-03T12:17:11+00:00","og_image":[{"width":924,"height":459,"url":"https:\/\/www.anteprima24.it\/archivio\/wp-content\/uploads\/2018\/04\/bandiera-m5s-e1554042907837.jpg","type":"image\/jpeg"}],"author":"Redazione","twitter_card":"summary_large_image","twitter_misc":{"Scritto da":"Redazione","Tempo di lettura stimato":"2 minuti"},"schema":{"@context":"https:\/\/schema.org","@graph":[{"@type":"Article","@id":"https:\/\/www.anteprima24.it\/archivio\/benevento\/mastella-dimissioni-m5s-desistenza\/#article","isPartOf":{"@id":"https:\/\/www.anteprima24.it\/archivio\/benevento\/mastella-dimissioni-m5s-desistenza\/"},"author":{"name":"Redazione","@id":"https:\/\/www.anteprima24.it\/archivio\/#\/schema\/person\/82cb05184ce534850be490e88d61c793"},"headline":"Mastella ed il ritiro delle dimissioni: il M5S contro i politici della desistenza","datePublished":"2020-03-03T12:17:11+00:00","mainEntityOfPage":{"@id":"https:\/\/www.anteprima24.it\/archivio\/benevento\/mastella-dimissioni-m5s-desistenza\/"},"wordCount":364,"commentCount":0,"image":{"@id":"https:\/\/www.anteprima24.it\/archivio\/benevento\/mastella-dimissioni-m5s-desistenza\/#primaryimage"},"thumbnailUrl":"https:\/\/www.anteprima24.it\/archivio\/wp-content\/uploads\/2018\/04\/bandiera-m5s-e1554042907837.jpg","keywords":["Benevento","Dimissioni","grillini","Mastella"],"articleSection":["Benevento","Politica Benevento"],"inLanguage":"it-IT","potentialAction":[{"@type":"CommentAction","name":"Comment","target":["https:\/\/www.anteprima24.it\/archivio\/benevento\/mastella-dimissioni-m5s-desistenza\/#respond"]}]},{"@type":"WebPage","@id":"https:\/\/www.anteprima24.it\/archivio\/benevento\/mastella-dimissioni-m5s-desistenza\/","url":"https:\/\/www.anteprima24.it\/archivio\/benevento\/mastella-dimissioni-m5s-desistenza\/","name":"Mastella ed il ritiro delle dimissioni: il M5S contro i politici della desistenza","isPartOf":{"@id":"https:\/\/www.anteprima24.it\/archivio\/#website"},"primaryImageOfPage":{"@id":"https:\/\/www.anteprima24.it\/archivio\/benevento\/mastella-dimissioni-m5s-desistenza\/#primaryimage"},"image":{"@id":"https:\/\/www.anteprima24.it\/archivio\/benevento\/mastella-dimissioni-m5s-desistenza\/#primaryimage"},"thumbnailUrl":"https:\/\/www.anteprima24.it\/archivio\/wp-content\/uploads\/2018\/04\/bandiera-m5s-e1554042907837.jpg","datePublished":"2020-03-03T12:17:11+00:00","author":{"@id":"https:\/\/www.anteprima24.it\/archivio\/#\/schema\/person\/82cb05184ce534850be490e88d61c793"},"breadcrumb":{"@id":"https:\/\/www.anteprima24.it\/archivio\/benevento\/mastella-dimissioni-m5s-desistenza\/#breadcrumb"},"inLanguage":"it-IT","potentialAction":[{"@type":"ReadAction","target":["https:\/\/www.anteprima24.it\/archivio\/benevento\/mastella-dimissioni-m5s-desistenza\/"]}]},{"@type":"ImageObject","inLanguage":"it-IT","@id":"https:\/\/www.anteprima24.it\/archivio\/benevento\/mastella-dimissioni-m5s-desistenza\/#primaryimage","url":"https:\/\/www.anteprima24.it\/archivio\/wp-content\/uploads\/2018\/04\/bandiera-m5s-e1554042907837.jpg","contentUrl":"https:\/\/www.anteprima24.it\/archivio\/wp-content\/uploads\/2018\/04\/bandiera-m5s-e1554042907837.jpg","width":924,"height":459},{"@type":"BreadcrumbList","@id":"https:\/\/www.anteprima24.it\/archivio\/benevento\/mastella-dimissioni-m5s-desistenza\/#breadcrumb","itemListElement":[{"@type":"ListItem","position":1,"name":"Home","item":"https:\/\/www.anteprima24.it\/archivio\/"},{"@type":"ListItem","position":2,"name":"Mastella ed il ritiro delle dimissioni: il M5S contro i politici della desistenza"}]},{"@type":"WebSite","@id":"https:\/\/www.anteprima24.it\/archivio\/#website","url":"https:\/\/www.anteprima24.it\/archivio\/","name":"Anteprima24.it","description":"","potentialAction":[{"@type":"SearchAction","target":{"@type":"EntryPoint","urlTemplate":"https:\/\/www.anteprima24.it\/archivio\/?s={search_term_string}"},"query-input":{"@type":"PropertyValueSpecification","valueRequired":true,"valueName":"search_term_string"}}],"inLanguage":"it-IT"},{"@type":"Person","@id":"https:\/\/www.anteprima24.it\/archivio\/#\/schema\/person\/82cb05184ce534850be490e88d61c793","name":"Redazione","image":{"@type":"ImageObject","inLanguage":"it-IT","@id":"https:\/\/www.anteprima24.it\/archivio\/#\/schema\/person\/image\/","url":"https:\/\/secure.gravatar.com\/avatar\/7b3d8f1c4b28bc2839d55e726cab88bfcfbc47e9a2e00ac362599ab1a5deaa44?s=96&d=mm&r=g","contentUrl":"https:\/\/secure.gravatar.com\/avatar\/7b3d8f1c4b28bc2839d55e726cab88bfcfbc47e9a2e00ac362599ab1a5deaa44?s=96&d=mm&r=g","caption":"Redazione"},"url":"https:\/\/www.anteprima24.it\/archivio\/author\/redazione\/"}]}},"_links":{"self":[{"href":"https:\/\/www.anteprima24.it\/archivio\/wp-json\/wp\/v2\/posts\/436880","targetHints":{"allow":["GET"]}}],"collection":[{"href":"https:\/\/www.anteprima24.it\/archivio\/wp-json\/wp\/v2\/posts"}],"about":[{"href":"https:\/\/www.anteprima24.it\/archivio\/wp-json\/wp\/v2\/types\/post"}],"author":[{"embeddable":true,"href":"https:\/\/www.anteprima24.it\/archivio\/wp-json\/wp\/v2\/users\/18"}],"replies":[{"embeddable":true,"href":"https:\/\/www.anteprima24.it\/archivio\/wp-json\/wp\/v2\/comments?post=436880"}],"version-history":[{"count":0,"href":"https:\/\/www.anteprima24.it\/archivio\/wp-json\/wp\/v2\/posts\/436880\/revisions"}],"wp:featuredmedia":[{"embeddable":true,"href":"https:\/\/www.anteprima24.it\/archivio\/wp-json\/wp\/v2\/media\/156449"}],"wp:attachment":[{"href":"https:\/\/www.anteprima24.it\/archivio\/wp-json\/wp\/v2\/media?parent=436880"}],"wp:term":[{"taxonomy":"category","embeddable":true,"href":"https:\/\/www.anteprima24.it\/archivio\/wp-json\/wp\/v2\/categories?post=436880"},{"taxonomy":"post_tag","embeddable":true,"href":"https:\/\/www.anteprima24.it\/archivio\/wp-json\/wp\/v2\/tags?post=436880"}],"curies":[{"name":"wp","href":"https:\/\/api.w.org\/{rel}","templated":true}]}}