{"id":439224,"date":"2020-03-08T11:36:00","date_gmt":"2020-03-08T10:36:00","guid":{"rendered":"https:\/\/www.anteprima24.it\/?p=439224"},"modified":"2020-03-08T11:36:00","modified_gmt":"2020-03-08T10:36:00","slug":"regione-ordinanza-quarantena","status":"publish","type":"post","link":"https:\/\/www.anteprima24.it\/archivio\/regione\/regione-ordinanza-quarantena\/","title":{"rendered":"Regione Campania, emessa nuova ordinanza: quarantena obbligatoria per chi torna dal Nord"},"content":{"rendered":"<span class=\"span-reading-time rt-reading-time\" style=\"display: block;\"><span class=\"rt-label rt-prefix\">Tempo di lettura: <\/span> <span class=\"rt-time\"> &lt; 1<\/span> <span class=\"rt-label rt-postfix\">minuto<\/span><\/span><p>Dopo l&#8217;estensione della zona rossa adottata dal governo nella serata di ieri, si \u00e8 messo in moto un fuggi fuggi generale dalle zone oggetto dell&#8217;ordinanza,<\/p>\n<p>Stamane la Regione Campania ha emesso un&#8217;ordinanza con la quale &#8211; tra le altre cose &#8211; si dispone la quarantena fiduciaria obbligatoria per tutti coloro che fanno rientro dalla Lombardia e dalle 14 province individuate come zona rossa. Inoltre, fino al 3 aprile, viene disposta la chiusura di piscine, palestre e centri benessere.&nbsp;<\/p>\n<p>Di seguito l&#8217;ordinanza integrale:&nbsp;<\/p>\n<p><img loading=\"lazy\" decoding=\"async\" class=\"alignnone wp-image-439228 size-full\" src=\"https:\/\/www.anteprima24.it\/wp-content\/uploads\/2020\/03\/ordinanza-pagina1.jpg\" alt=\"\" width=\"562\" height=\"776\" srcset=\"https:\/\/www.anteprima24.it\/archivio\/wp-content\/uploads\/2020\/03\/ordinanza-pagina1.jpg 562w, https:\/\/www.anteprima24.it\/archivio\/wp-content\/uploads\/2020\/03\/ordinanza-pagina1-217x300.jpg 217w, https:\/\/www.anteprima24.it\/archivio\/wp-content\/uploads\/2020\/03\/ordinanza-pagina1-22x30.jpg 22w, https:\/\/www.anteprima24.it\/archivio\/wp-content\/uploads\/2020\/03\/ordinanza-pagina1-304x420.jpg 304w\" sizes=\"auto, (max-width: 562px) 100vw, 562px\" \/><\/p>\n<p><img loading=\"lazy\" decoding=\"async\" class=\"alignnone wp-image-439230 size-full\" src=\"https:\/\/www.anteprima24.it\/wp-content\/uploads\/2020\/03\/ordinanza-pagina2.jpg\" alt=\"\" width=\"522\" height=\"749\" srcset=\"https:\/\/www.anteprima24.it\/archivio\/wp-content\/uploads\/2020\/03\/ordinanza-pagina2.jpg 522w, https:\/\/www.anteprima24.it\/archivio\/wp-content\/uploads\/2020\/03\/ordinanza-pagina2-209x300.jpg 209w, https:\/\/www.anteprima24.it\/archivio\/wp-content\/uploads\/2020\/03\/ordinanza-pagina2-21x30.jpg 21w, https:\/\/www.anteprima24.it\/archivio\/wp-content\/uploads\/2020\/03\/ordinanza-pagina2-293x420.jpg 293w\" sizes=\"auto, (max-width: 522px) 100vw, 522px\" \/><\/p>\n<p><img loading=\"lazy\" decoding=\"async\" class=\"alignnone wp-image-439231 size-full\" src=\"https:\/\/www.anteprima24.it\/wp-content\/uploads\/2020\/03\/ordinanza-pagina3.jpg\" alt=\"\" width=\"549\" height=\"762\" srcset=\"https:\/\/www.anteprima24.it\/archivio\/wp-content\/uploads\/2020\/03\/ordinanza-pagina3.jpg 549w, https:\/\/www.anteprima24.it\/archivio\/wp-content\/uploads\/2020\/03\/ordinanza-pagina3-216x300.jpg 216w, https:\/\/www.anteprima24.it\/archivio\/wp-content\/uploads\/2020\/03\/ordinanza-pagina3-22x30.jpg 22w, https:\/\/www.anteprima24.it\/archivio\/wp-content\/uploads\/2020\/03\/ordinanza-pagina3-303x420.jpg 303w\" sizes=\"auto, (max-width: 549px) 100vw, 549px\" \/><\/p>\n<p><img loading=\"lazy\" decoding=\"async\" class=\"alignnone wp-image-439232 size-full\" src=\"https:\/\/www.anteprima24.it\/wp-content\/uploads\/2020\/03\/ordinanza-pagina4.jpg\" alt=\"\" width=\"565\" height=\"763\" srcset=\"https:\/\/www.anteprima24.it\/archivio\/wp-content\/uploads\/2020\/03\/ordinanza-pagina4.jpg 565w, https:\/\/www.anteprima24.it\/archivio\/wp-content\/uploads\/2020\/03\/ordinanza-pagina4-222x300.jpg 222w, https:\/\/www.anteprima24.it\/archivio\/wp-content\/uploads\/2020\/03\/ordinanza-pagina4-22x30.jpg 22w, https:\/\/www.anteprima24.it\/archivio\/wp-content\/uploads\/2020\/03\/ordinanza-pagina4-311x420.jpg 311w\" sizes=\"auto, (max-width: 565px) 100vw, 565px\" \/><\/p>\n<p><img loading=\"lazy\" decoding=\"async\" class=\"alignnone wp-image-439233 size-full\" src=\"https:\/\/www.anteprima24.it\/wp-content\/uploads\/2020\/03\/ordinanza-pagina5.jpg\" alt=\"\" width=\"542\" height=\"551\" srcset=\"https:\/\/www.anteprima24.it\/archivio\/wp-content\/uploads\/2020\/03\/ordinanza-pagina5.jpg 542w, https:\/\/www.anteprima24.it\/archivio\/wp-content\/uploads\/2020\/03\/ordinanza-pagina5-295x300.jpg 295w, https:\/\/www.anteprima24.it\/archivio\/wp-content\/uploads\/2020\/03\/ordinanza-pagina5-30x30.jpg 30w, https:\/\/www.anteprima24.it\/archivio\/wp-content\/uploads\/2020\/03\/ordinanza-pagina5-413x420.jpg 413w\" sizes=\"auto, (max-width: 542px) 100vw, 542px\" \/><\/p>\n","protected":false},"excerpt":{"rendered":"<p>Dopo l&#8217;estensione della zona rossa adottata dal governo nella serata di ieri, si \u00e8 messo in moto un fuggi fuggi generale dalle zone oggetto dell&#8217;ordinanza, Stamane la Regione Campania ha emesso un&#8217;ordinanza con la quale &#8211; tra le altre cose &#8211; si dispone la quarantena fiduciaria obbligatoria per tutti coloro che fanno rientro dalla Lombardia [&hellip;]<\/p>\n","protected":false},"author":76,"featured_media":428240,"comment_status":"open","ping_status":"open","sticky":false,"template":"","format":"standard","meta":{"_monsterinsights_skip_tracking":false,"_monsterinsights_sitenote_active":false,"_monsterinsights_sitenote_note":"","_monsterinsights_sitenote_category":0,"ngg_post_thumbnail":0,"footnotes":""},"categories":[1380,1374,1386,1392,390,1398,4,2,3,6,788,789,790,791,787,792,271,5],"tags":[570,5263,50375],"class_list":{"0":"post-439224","1":"post","2":"type-post","3":"status-publish","4":"format-standard","5":"has-post-thumbnail","7":"category-attualita-avellino","8":"category-attualita-benevento","9":"category-attualita-caserta","10":"category-attualita-napoli","11":"category-attualita-regione","12":"category-attualita-salerno","13":"category-avellino","14":"category-benevento","15":"category-caserta","16":"category-napoli","17":"category-primo-piano-avellino","18":"category-primo-piano-benevento","19":"category-primo-piano-caserta","20":"category-primo-piano-napoli","21":"category-primo-piano-regione","22":"category-primo-piano-salerno","23":"category-regione","24":"category-salerno","25":"tag-campania","26":"tag-ordinanza","27":"tag-quarantena"},"yoast_head":"<!-- This site is optimized with the Yoast SEO plugin v26.8 - https:\/\/yoast.com\/product\/yoast-seo-wordpress\/ -->\n<title>Regione Campania, emessa nuova ordinanza: quarantena obbligatoria per chi torna dal Nord<\/title>\n<meta name=\"robots\" content=\"index, follow, max-snippet:-1, max-image-preview:large, max-video-preview:-1\" \/>\n<link rel=\"canonical\" href=\"https:\/\/www.anteprima24.it\/archivio\/regione\/regione-ordinanza-quarantena\/\" \/>\n<meta property=\"og:locale\" content=\"it_IT\" \/>\n<meta property=\"og:type\" content=\"article\" \/>\n<meta property=\"og:title\" content=\"Regione Campania, emessa nuova ordinanza: quarantena obbligatoria per chi torna dal Nord\" \/>\n<meta property=\"og:description\" content=\"Dopo l&#8217;estensione della zona rossa adottata dal governo nella serata di ieri, si \u00e8 messo in moto un fuggi fuggi generale dalle zone oggetto dell&#8217;ordinanza, Stamane la Regione Campania ha emesso un&#8217;ordinanza con la quale &#8211; tra le altre cose &#8211; si dispone la quarantena fiduciaria obbligatoria per tutti coloro che fanno rientro dalla Lombardia [&hellip;]\" \/>\n<meta property=\"og:url\" content=\"https:\/\/www.anteprima24.it\/archivio\/regione\/regione-ordinanza-quarantena\/\" \/>\n<meta property=\"og:site_name\" content=\"Anteprima24.it\" \/>\n<meta property=\"article:published_time\" content=\"2020-03-08T10:36:00+00:00\" \/>\n<meta property=\"og:image\" content=\"https:\/\/www.anteprima24.it\/archivio\/wp-content\/uploads\/2020\/02\/De-Luca.jpg\" \/>\n\t<meta property=\"og:image:width\" content=\"850\" \/>\n\t<meta property=\"og:image:height\" content=\"500\" \/>\n\t<meta property=\"og:image:type\" content=\"image\/jpeg\" \/>\n<meta name=\"author\" content=\"Rocco Corvaglia\" \/>\n<meta name=\"twitter:card\" content=\"summary_large_image\" \/>\n<meta name=\"twitter:label1\" content=\"Scritto da\" \/>\n\t<meta name=\"twitter:data1\" content=\"Rocco Corvaglia\" \/>\n<script type=\"application\/ld+json\" class=\"yoast-schema-graph\">{\"@context\":\"https:\/\/schema.org\",\"@graph\":[{\"@type\":\"Article\",\"@id\":\"https:\/\/www.anteprima24.it\/archivio\/regione\/regione-ordinanza-quarantena\/#article\",\"isPartOf\":{\"@id\":\"https:\/\/www.anteprima24.it\/archivio\/regione\/regione-ordinanza-quarantena\/\"},\"author\":{\"name\":\"Rocco Corvaglia\",\"@id\":\"https:\/\/www.anteprima24.it\/archivio\/#\/schema\/person\/6f00d583e787f6f9ab06bc8961f30806\"},\"headline\":\"Regione Campania, emessa nuova ordinanza: quarantena obbligatoria per chi torna dal Nord\",\"datePublished\":\"2020-03-08T10:36:00+00:00\",\"mainEntityOfPage\":{\"@id\":\"https:\/\/www.anteprima24.it\/archivio\/regione\/regione-ordinanza-quarantena\/\"},\"wordCount\":97,\"commentCount\":0,\"image\":{\"@id\":\"https:\/\/www.anteprima24.it\/archivio\/regione\/regione-ordinanza-quarantena\/#primaryimage\"},\"thumbnailUrl\":\"https:\/\/www.anteprima24.it\/archivio\/wp-content\/uploads\/2020\/02\/De-Luca.jpg\",\"keywords\":[\"Campania\",\"ordinanza\",\"quarantena\"],\"articleSection\":[\"Attualit\u00e0 Avellino\",\"Attualit\u00e0 Benevento\",\"Attualit\u00e0 Caserta\",\"Attualit\u00e0 Napoli\",\"Attualit\u00e0 Regione\",\"Attualit\u00e0 Salerno\",\"Avellino\",\"Benevento\",\"Caserta\",\"Napoli\",\"Primo Piano Avellino\",\"Primo Piano Benevento\",\"Primo Piano Caserta\",\"Primo Piano Napoli\",\"Primo Piano Regione\",\"Primo Piano Salerno\",\"Regione\",\"Salerno\"],\"inLanguage\":\"it-IT\",\"potentialAction\":[{\"@type\":\"CommentAction\",\"name\":\"Comment\",\"target\":[\"https:\/\/www.anteprima24.it\/archivio\/regione\/regione-ordinanza-quarantena\/#respond\"]}]},{\"@type\":\"WebPage\",\"@id\":\"https:\/\/www.anteprima24.it\/archivio\/regione\/regione-ordinanza-quarantena\/\",\"url\":\"https:\/\/www.anteprima24.it\/archivio\/regione\/regione-ordinanza-quarantena\/\",\"name\":\"Regione Campania, emessa nuova ordinanza: quarantena obbligatoria per chi torna dal Nord\",\"isPartOf\":{\"@id\":\"https:\/\/www.anteprima24.it\/archivio\/#website\"},\"primaryImageOfPage\":{\"@id\":\"https:\/\/www.anteprima24.it\/archivio\/regione\/regione-ordinanza-quarantena\/#primaryimage\"},\"image\":{\"@id\":\"https:\/\/www.anteprima24.it\/archivio\/regione\/regione-ordinanza-quarantena\/#primaryimage\"},\"thumbnailUrl\":\"https:\/\/www.anteprima24.it\/archivio\/wp-content\/uploads\/2020\/02\/De-Luca.jpg\",\"datePublished\":\"2020-03-08T10:36:00+00:00\",\"author\":{\"@id\":\"https:\/\/www.anteprima24.it\/archivio\/#\/schema\/person\/6f00d583e787f6f9ab06bc8961f30806\"},\"breadcrumb\":{\"@id\":\"https:\/\/www.anteprima24.it\/archivio\/regione\/regione-ordinanza-quarantena\/#breadcrumb\"},\"inLanguage\":\"it-IT\",\"potentialAction\":[{\"@type\":\"ReadAction\",\"target\":[\"https:\/\/www.anteprima24.it\/archivio\/regione\/regione-ordinanza-quarantena\/\"]}]},{\"@type\":\"ImageObject\",\"inLanguage\":\"it-IT\",\"@id\":\"https:\/\/www.anteprima24.it\/archivio\/regione\/regione-ordinanza-quarantena\/#primaryimage\",\"url\":\"https:\/\/www.anteprima24.it\/archivio\/wp-content\/uploads\/2020\/02\/De-Luca.jpg\",\"contentUrl\":\"https:\/\/www.anteprima24.it\/archivio\/wp-content\/uploads\/2020\/02\/De-Luca.jpg\",\"width\":850,\"height\":500},{\"@type\":\"BreadcrumbList\",\"@id\":\"https:\/\/www.anteprima24.it\/archivio\/regione\/regione-ordinanza-quarantena\/#breadcrumb\",\"itemListElement\":[{\"@type\":\"ListItem\",\"position\":1,\"name\":\"Home\",\"item\":\"https:\/\/www.anteprima24.it\/archivio\/\"},{\"@type\":\"ListItem\",\"position\":2,\"name\":\"Regione Campania, emessa nuova ordinanza: quarantena obbligatoria per chi torna dal Nord\"}]},{\"@type\":\"WebSite\",\"@id\":\"https:\/\/www.anteprima24.it\/archivio\/#website\",\"url\":\"https:\/\/www.anteprima24.it\/archivio\/\",\"name\":\"Anteprima24.it\",\"description\":\"\",\"potentialAction\":[{\"@type\":\"SearchAction\",\"target\":{\"@type\":\"EntryPoint\",\"urlTemplate\":\"https:\/\/www.anteprima24.it\/archivio\/?s={search_term_string}\"},\"query-input\":{\"@type\":\"PropertyValueSpecification\",\"valueRequired\":true,\"valueName\":\"search_term_string\"}}],\"inLanguage\":\"it-IT\"},{\"@type\":\"Person\",\"@id\":\"https:\/\/www.anteprima24.it\/archivio\/#\/schema\/person\/6f00d583e787f6f9ab06bc8961f30806\",\"name\":\"Rocco Corvaglia\",\"image\":{\"@type\":\"ImageObject\",\"inLanguage\":\"it-IT\",\"@id\":\"https:\/\/www.anteprima24.it\/archivio\/#\/schema\/person\/image\/\",\"url\":\"https:\/\/secure.gravatar.com\/avatar\/c95b9480b1bdda27c340ae9f0bede459f4be8014fdead3e48e1b77c847f8207e?s=96&d=mm&r=g\",\"contentUrl\":\"https:\/\/secure.gravatar.com\/avatar\/c95b9480b1bdda27c340ae9f0bede459f4be8014fdead3e48e1b77c847f8207e?s=96&d=mm&r=g\",\"caption\":\"Rocco Corvaglia\"},\"url\":\"https:\/\/www.anteprima24.it\/archivio\/author\/rocco-corvaglia\/\"}]}<\/script>\n<!-- \/ Yoast SEO plugin. -->","yoast_head_json":{"title":"Regione Campania, emessa nuova ordinanza: quarantena obbligatoria per chi torna dal Nord","robots":{"index":"index","follow":"follow","max-snippet":"max-snippet:-1","max-image-preview":"max-image-preview:large","max-video-preview":"max-video-preview:-1"},"canonical":"https:\/\/www.anteprima24.it\/archivio\/regione\/regione-ordinanza-quarantena\/","og_locale":"it_IT","og_type":"article","og_title":"Regione Campania, emessa nuova ordinanza: quarantena obbligatoria per chi torna dal Nord","og_description":"Dopo l&#8217;estensione della zona rossa adottata dal governo nella serata di ieri, si \u00e8 messo in moto un fuggi fuggi generale dalle zone oggetto dell&#8217;ordinanza, Stamane la Regione Campania ha emesso un&#8217;ordinanza con la quale &#8211; tra le altre cose &#8211; si dispone la quarantena fiduciaria obbligatoria per tutti coloro che fanno rientro dalla Lombardia [&hellip;]","og_url":"https:\/\/www.anteprima24.it\/archivio\/regione\/regione-ordinanza-quarantena\/","og_site_name":"Anteprima24.it","article_published_time":"2020-03-08T10:36:00+00:00","og_image":[{"width":850,"height":500,"url":"https:\/\/www.anteprima24.it\/archivio\/wp-content\/uploads\/2020\/02\/De-Luca.jpg","type":"image\/jpeg"}],"author":"Rocco Corvaglia","twitter_card":"summary_large_image","twitter_misc":{"Scritto da":"Rocco Corvaglia"},"schema":{"@context":"https:\/\/schema.org","@graph":[{"@type":"Article","@id":"https:\/\/www.anteprima24.it\/archivio\/regione\/regione-ordinanza-quarantena\/#article","isPartOf":{"@id":"https:\/\/www.anteprima24.it\/archivio\/regione\/regione-ordinanza-quarantena\/"},"author":{"name":"Rocco Corvaglia","@id":"https:\/\/www.anteprima24.it\/archivio\/#\/schema\/person\/6f00d583e787f6f9ab06bc8961f30806"},"headline":"Regione Campania, emessa nuova ordinanza: quarantena obbligatoria per chi torna dal Nord","datePublished":"2020-03-08T10:36:00+00:00","mainEntityOfPage":{"@id":"https:\/\/www.anteprima24.it\/archivio\/regione\/regione-ordinanza-quarantena\/"},"wordCount":97,"commentCount":0,"image":{"@id":"https:\/\/www.anteprima24.it\/archivio\/regione\/regione-ordinanza-quarantena\/#primaryimage"},"thumbnailUrl":"https:\/\/www.anteprima24.it\/archivio\/wp-content\/uploads\/2020\/02\/De-Luca.jpg","keywords":["Campania","ordinanza","quarantena"],"articleSection":["Attualit\u00e0 Avellino","Attualit\u00e0 Benevento","Attualit\u00e0 Caserta","Attualit\u00e0 Napoli","Attualit\u00e0 Regione","Attualit\u00e0 Salerno","Avellino","Benevento","Caserta","Napoli","Primo Piano Avellino","Primo Piano Benevento","Primo Piano Caserta","Primo Piano Napoli","Primo Piano Regione","Primo Piano Salerno","Regione","Salerno"],"inLanguage":"it-IT","potentialAction":[{"@type":"CommentAction","name":"Comment","target":["https:\/\/www.anteprima24.it\/archivio\/regione\/regione-ordinanza-quarantena\/#respond"]}]},{"@type":"WebPage","@id":"https:\/\/www.anteprima24.it\/archivio\/regione\/regione-ordinanza-quarantena\/","url":"https:\/\/www.anteprima24.it\/archivio\/regione\/regione-ordinanza-quarantena\/","name":"Regione Campania, emessa nuova ordinanza: quarantena obbligatoria per chi torna dal Nord","isPartOf":{"@id":"https:\/\/www.anteprima24.it\/archivio\/#website"},"primaryImageOfPage":{"@id":"https:\/\/www.anteprima24.it\/archivio\/regione\/regione-ordinanza-quarantena\/#primaryimage"},"image":{"@id":"https:\/\/www.anteprima24.it\/archivio\/regione\/regione-ordinanza-quarantena\/#primaryimage"},"thumbnailUrl":"https:\/\/www.anteprima24.it\/archivio\/wp-content\/uploads\/2020\/02\/De-Luca.jpg","datePublished":"2020-03-08T10:36:00+00:00","author":{"@id":"https:\/\/www.anteprima24.it\/archivio\/#\/schema\/person\/6f00d583e787f6f9ab06bc8961f30806"},"breadcrumb":{"@id":"https:\/\/www.anteprima24.it\/archivio\/regione\/regione-ordinanza-quarantena\/#breadcrumb"},"inLanguage":"it-IT","potentialAction":[{"@type":"ReadAction","target":["https:\/\/www.anteprima24.it\/archivio\/regione\/regione-ordinanza-quarantena\/"]}]},{"@type":"ImageObject","inLanguage":"it-IT","@id":"https:\/\/www.anteprima24.it\/archivio\/regione\/regione-ordinanza-quarantena\/#primaryimage","url":"https:\/\/www.anteprima24.it\/archivio\/wp-content\/uploads\/2020\/02\/De-Luca.jpg","contentUrl":"https:\/\/www.anteprima24.it\/archivio\/wp-content\/uploads\/2020\/02\/De-Luca.jpg","width":850,"height":500},{"@type":"BreadcrumbList","@id":"https:\/\/www.anteprima24.it\/archivio\/regione\/regione-ordinanza-quarantena\/#breadcrumb","itemListElement":[{"@type":"ListItem","position":1,"name":"Home","item":"https:\/\/www.anteprima24.it\/archivio\/"},{"@type":"ListItem","position":2,"name":"Regione Campania, emessa nuova ordinanza: quarantena obbligatoria per chi torna dal Nord"}]},{"@type":"WebSite","@id":"https:\/\/www.anteprima24.it\/archivio\/#website","url":"https:\/\/www.anteprima24.it\/archivio\/","name":"Anteprima24.it","description":"","potentialAction":[{"@type":"SearchAction","target":{"@type":"EntryPoint","urlTemplate":"https:\/\/www.anteprima24.it\/archivio\/?s={search_term_string}"},"query-input":{"@type":"PropertyValueSpecification","valueRequired":true,"valueName":"search_term_string"}}],"inLanguage":"it-IT"},{"@type":"Person","@id":"https:\/\/www.anteprima24.it\/archivio\/#\/schema\/person\/6f00d583e787f6f9ab06bc8961f30806","name":"Rocco Corvaglia","image":{"@type":"ImageObject","inLanguage":"it-IT","@id":"https:\/\/www.anteprima24.it\/archivio\/#\/schema\/person\/image\/","url":"https:\/\/secure.gravatar.com\/avatar\/c95b9480b1bdda27c340ae9f0bede459f4be8014fdead3e48e1b77c847f8207e?s=96&d=mm&r=g","contentUrl":"https:\/\/secure.gravatar.com\/avatar\/c95b9480b1bdda27c340ae9f0bede459f4be8014fdead3e48e1b77c847f8207e?s=96&d=mm&r=g","caption":"Rocco Corvaglia"},"url":"https:\/\/www.anteprima24.it\/archivio\/author\/rocco-corvaglia\/"}]}},"_links":{"self":[{"href":"https:\/\/www.anteprima24.it\/archivio\/wp-json\/wp\/v2\/posts\/439224","targetHints":{"allow":["GET"]}}],"collection":[{"href":"https:\/\/www.anteprima24.it\/archivio\/wp-json\/wp\/v2\/posts"}],"about":[{"href":"https:\/\/www.anteprima24.it\/archivio\/wp-json\/wp\/v2\/types\/post"}],"author":[{"embeddable":true,"href":"https:\/\/www.anteprima24.it\/archivio\/wp-json\/wp\/v2\/users\/76"}],"replies":[{"embeddable":true,"href":"https:\/\/www.anteprima24.it\/archivio\/wp-json\/wp\/v2\/comments?post=439224"}],"version-history":[{"count":0,"href":"https:\/\/www.anteprima24.it\/archivio\/wp-json\/wp\/v2\/posts\/439224\/revisions"}],"wp:featuredmedia":[{"embeddable":true,"href":"https:\/\/www.anteprima24.it\/archivio\/wp-json\/wp\/v2\/media\/428240"}],"wp:attachment":[{"href":"https:\/\/www.anteprima24.it\/archivio\/wp-json\/wp\/v2\/media?parent=439224"}],"wp:term":[{"taxonomy":"category","embeddable":true,"href":"https:\/\/www.anteprima24.it\/archivio\/wp-json\/wp\/v2\/categories?post=439224"},{"taxonomy":"post_tag","embeddable":true,"href":"https:\/\/www.anteprima24.it\/archivio\/wp-json\/wp\/v2\/tags?post=439224"}],"curies":[{"name":"wp","href":"https:\/\/api.w.org\/{rel}","templated":true}]}}