{"id":475091,"date":"2020-06-12T14:16:49","date_gmt":"2020-06-12T12:16:49","guid":{"rendered":"https:\/\/www.anteprima24.it\/?p=475091"},"modified":"2020-06-12T14:16:49","modified_gmt":"2020-06-12T12:16:49","slug":"divisione-calcio-a-5-fadda-di-berardino-e-dario-annunciano-le-dimissioni","status":"publish","type":"post","link":"https:\/\/www.anteprima24.it\/archivio\/avellino\/divisione-calcio-a-5-fadda-di-berardino-e-dario-annunciano-le-dimissioni\/","title":{"rendered":"Divisione Calcio a 5: Fadda, Di Berardino e Dario annunciano le dimissioni"},"content":{"rendered":"<span class=\"span-reading-time rt-reading-time\" style=\"display: block;\"><span class=\"rt-label rt-prefix\">Tempo di lettura: <\/span> <span class=\"rt-time\"> 2<\/span> <span class=\"rt-label rt-postfix\">minuti<\/span><\/span><p style=\"text-align: justify;\">Antonio <strong>Dario<\/strong>, Alessandro <strong>Di Berardino<\/strong> e Luca <strong>Fadda<\/strong> hanno annunciato le loro dimissioni dal ruolo di consiglieri della <strong>Divisione Calcio a 5<\/strong>. &#8220;Nella giornata odierna, prima dell\u2019inizio del Consiglio Direttivo, abbiamo comunicato la nostra decisione di rimettere il mandato dalla carica di Consiglieri &#8211; si legge nella nota &#8211; \u00c8 una decisione ponderata e sofferta, maturata in questi ultimi giorni, quale inevitabile epilogo della sia pur breve convivenza con il Consiglio Direttivo dopo le dimissioni del Presidente. Non abbiamo mai fatto mancare la nostra presenza e il nostro contributo nei tre anni e mezzo trascorsi, mantenendo sempre una posizione defilata, e concentrati solo sul lavoro e sulle iniziative a noi delegate.<\/p>\n<p style=\"text-align: justify;\">Abbiamo svolto assieme a tutti (quasi) gli altri Consiglieri un intenso e proficuo lavoro nel mese scorso, di consultazioni con i rappresentanti delle varie categorie, ricavandone indicazioni chiare e precise nei contenuti e nelle relative aspettative. Ma oggi, fra le altre cose, ci ritroviamo un Consiglio Direttivo allargato ad altre quattro persone (su otto Consiglieri) che dovrebbero, ci \u00e8 stato detto, rappresentare la voce delle societ\u00e0. Al netto del fatto che vi sono all\u2019ordine del giorno temi, come ad esempio il criterio dei ripescaggi o delle promozioni e retrocessioni, che non dovrebbero avere la partecipazione di rappresentanti di societ\u00e0 per un evidente potenziale conflitto di interessi, rimane il punto che cos\u00ec si crea una notevole confusione nell\u2019operato del Consiglio direttivo e si vanifica il lavoro precedente, disconoscendo di fatto la rappresentativit\u00e0 di quei Presidenti che abbiamo incontrato ed ascoltato nel mese scorso (non certo un anno fa).<\/p>\n<p>Non condividiamo questo atto di autoritarismo, non ci pare rispettoso del nostro ruolo e anche delle societ\u00e0 che di recente avevano individuato altri rappresentanti, eventualmente pi\u00f9 legittimati a partecipare con funzione consultiva all&#8217;attivit\u00e0 del Consiglio Direttivo. \u00c8 venuta meno la fiducia e la serenit\u00e0 necessarie per completare proficuamente questa parte finale del nostro mandato. Pertanto, consapevoli di non compromettere comunque il funzionamento dell\u2019organo deliberante fino alle prossime elezioni, lasciamo con amarezza il nostro incarico.<\/p>\n","protected":false},"excerpt":{"rendered":"<p>Antonio Dario, Alessandro Di Berardino e Luca Fadda hanno annunciato le loro dimissioni dal ruolo di consiglieri della Divisione Calcio a 5. &#8220;Nella giornata odierna, prima dell\u2019inizio del Consiglio Direttivo, abbiamo comunicato la nostra decisione di rimettere il mandato dalla carica di Consiglieri &#8211; si legge nella nota &#8211; \u00c8 una decisione ponderata e sofferta, [&hellip;]<\/p>\n","protected":false},"author":18,"featured_media":475101,"comment_status":"open","ping_status":"open","sticky":false,"template":"","format":"standard","meta":{"_monsterinsights_skip_tracking":false,"_monsterinsights_sitenote_active":false,"_monsterinsights_sitenote_note":"","_monsterinsights_sitenote_category":0,"ngg_post_thumbnail":0,"footnotes":""},"categories":[4,13183,13186,271,1384,275],"tags":[2079,55706,8580],"class_list":{"0":"post-475091","1":"post","2":"type-post","3":"status-publish","4":"format-standard","5":"has-post-thumbnail","7":"category-avellino","8":"category-calcio-a-5-sport-avellino","9":"category-calcio-a-5-sport","10":"category-regione","11":"category-sport-avellino","12":"category-sport","13":"tag-calcio-a-5","14":"tag-divisione-calcio-a-5","15":"tag-futsal"},"yoast_head":"<!-- This site is optimized with the Yoast SEO plugin v26.8 - https:\/\/yoast.com\/product\/yoast-seo-wordpress\/ -->\n<title>Divisione Calcio a 5: Fadda, Di Berardino e Dario annunciano le dimissioni - Anteprima24.it<\/title>\n<meta name=\"robots\" content=\"index, follow, max-snippet:-1, max-image-preview:large, max-video-preview:-1\" \/>\n<link rel=\"canonical\" href=\"https:\/\/www.anteprima24.it\/archivio\/avellino\/divisione-calcio-a-5-fadda-di-berardino-e-dario-annunciano-le-dimissioni\/\" \/>\n<meta property=\"og:locale\" content=\"it_IT\" \/>\n<meta property=\"og:type\" content=\"article\" \/>\n<meta property=\"og:title\" content=\"Divisione Calcio a 5: Fadda, Di Berardino e Dario annunciano le dimissioni - Anteprima24.it\" \/>\n<meta property=\"og:description\" content=\"Antonio Dario, Alessandro Di Berardino e Luca Fadda hanno annunciato le loro dimissioni dal ruolo di consiglieri della Divisione Calcio a 5. &#8220;Nella giornata odierna, prima dell\u2019inizio del Consiglio Direttivo, abbiamo comunicato la nostra decisione di rimettere il mandato dalla carica di Consiglieri &#8211; si legge nella nota &#8211; \u00c8 una decisione ponderata e sofferta, [&hellip;]\" \/>\n<meta property=\"og:url\" content=\"https:\/\/www.anteprima24.it\/archivio\/avellino\/divisione-calcio-a-5-fadda-di-berardino-e-dario-annunciano-le-dimissioni\/\" \/>\n<meta property=\"og:site_name\" content=\"Anteprima24.it\" \/>\n<meta property=\"article:published_time\" content=\"2020-06-12T12:16:49+00:00\" \/>\n<meta property=\"og:image\" content=\"https:\/\/www.anteprima24.it\/archivio\/wp-content\/uploads\/2020\/06\/e6de6950-8963-4ff4-8d50-85f71bc6259f.jpg\" \/>\n\t<meta property=\"og:image:width\" content=\"750\" \/>\n\t<meta property=\"og:image:height\" content=\"550\" \/>\n\t<meta property=\"og:image:type\" content=\"image\/jpeg\" \/>\n<meta name=\"author\" content=\"Redazione\" \/>\n<meta name=\"twitter:card\" content=\"summary_large_image\" \/>\n<meta name=\"twitter:label1\" content=\"Scritto da\" \/>\n\t<meta name=\"twitter:data1\" content=\"Redazione\" \/>\n\t<meta name=\"twitter:label2\" content=\"Tempo di lettura stimato\" \/>\n\t<meta name=\"twitter:data2\" content=\"2 minuti\" \/>\n<script type=\"application\/ld+json\" class=\"yoast-schema-graph\">{\"@context\":\"https:\/\/schema.org\",\"@graph\":[{\"@type\":\"Article\",\"@id\":\"https:\/\/www.anteprima24.it\/archivio\/avellino\/divisione-calcio-a-5-fadda-di-berardino-e-dario-annunciano-le-dimissioni\/#article\",\"isPartOf\":{\"@id\":\"https:\/\/www.anteprima24.it\/archivio\/avellino\/divisione-calcio-a-5-fadda-di-berardino-e-dario-annunciano-le-dimissioni\/\"},\"author\":{\"name\":\"Redazione\",\"@id\":\"https:\/\/www.anteprima24.it\/archivio\/#\/schema\/person\/82cb05184ce534850be490e88d61c793\"},\"headline\":\"Divisione Calcio a 5: Fadda, Di Berardino e Dario annunciano le dimissioni\",\"datePublished\":\"2020-06-12T12:16:49+00:00\",\"mainEntityOfPage\":{\"@id\":\"https:\/\/www.anteprima24.it\/archivio\/avellino\/divisione-calcio-a-5-fadda-di-berardino-e-dario-annunciano-le-dimissioni\/\"},\"wordCount\":344,\"commentCount\":0,\"image\":{\"@id\":\"https:\/\/www.anteprima24.it\/archivio\/avellino\/divisione-calcio-a-5-fadda-di-berardino-e-dario-annunciano-le-dimissioni\/#primaryimage\"},\"thumbnailUrl\":\"https:\/\/www.anteprima24.it\/archivio\/wp-content\/uploads\/2020\/06\/e6de6950-8963-4ff4-8d50-85f71bc6259f.jpg\",\"keywords\":[\"Calcio a 5\",\"Divisione Calcio a 5\",\"futsal\"],\"articleSection\":[\"Avellino\",\"Calcio a 5 Avellino\",\"Calcio a 5 Regione\",\"Regione\",\"Sport Avellino\",\"Sport Regione\"],\"inLanguage\":\"it-IT\",\"potentialAction\":[{\"@type\":\"CommentAction\",\"name\":\"Comment\",\"target\":[\"https:\/\/www.anteprima24.it\/archivio\/avellino\/divisione-calcio-a-5-fadda-di-berardino-e-dario-annunciano-le-dimissioni\/#respond\"]}]},{\"@type\":\"WebPage\",\"@id\":\"https:\/\/www.anteprima24.it\/archivio\/avellino\/divisione-calcio-a-5-fadda-di-berardino-e-dario-annunciano-le-dimissioni\/\",\"url\":\"https:\/\/www.anteprima24.it\/archivio\/avellino\/divisione-calcio-a-5-fadda-di-berardino-e-dario-annunciano-le-dimissioni\/\",\"name\":\"Divisione Calcio a 5: Fadda, Di Berardino e Dario annunciano le dimissioni - Anteprima24.it\",\"isPartOf\":{\"@id\":\"https:\/\/www.anteprima24.it\/archivio\/#website\"},\"primaryImageOfPage\":{\"@id\":\"https:\/\/www.anteprima24.it\/archivio\/avellino\/divisione-calcio-a-5-fadda-di-berardino-e-dario-annunciano-le-dimissioni\/#primaryimage\"},\"image\":{\"@id\":\"https:\/\/www.anteprima24.it\/archivio\/avellino\/divisione-calcio-a-5-fadda-di-berardino-e-dario-annunciano-le-dimissioni\/#primaryimage\"},\"thumbnailUrl\":\"https:\/\/www.anteprima24.it\/archivio\/wp-content\/uploads\/2020\/06\/e6de6950-8963-4ff4-8d50-85f71bc6259f.jpg\",\"datePublished\":\"2020-06-12T12:16:49+00:00\",\"author\":{\"@id\":\"https:\/\/www.anteprima24.it\/archivio\/#\/schema\/person\/82cb05184ce534850be490e88d61c793\"},\"breadcrumb\":{\"@id\":\"https:\/\/www.anteprima24.it\/archivio\/avellino\/divisione-calcio-a-5-fadda-di-berardino-e-dario-annunciano-le-dimissioni\/#breadcrumb\"},\"inLanguage\":\"it-IT\",\"potentialAction\":[{\"@type\":\"ReadAction\",\"target\":[\"https:\/\/www.anteprima24.it\/archivio\/avellino\/divisione-calcio-a-5-fadda-di-berardino-e-dario-annunciano-le-dimissioni\/\"]}]},{\"@type\":\"ImageObject\",\"inLanguage\":\"it-IT\",\"@id\":\"https:\/\/www.anteprima24.it\/archivio\/avellino\/divisione-calcio-a-5-fadda-di-berardino-e-dario-annunciano-le-dimissioni\/#primaryimage\",\"url\":\"https:\/\/www.anteprima24.it\/archivio\/wp-content\/uploads\/2020\/06\/e6de6950-8963-4ff4-8d50-85f71bc6259f.jpg\",\"contentUrl\":\"https:\/\/www.anteprima24.it\/archivio\/wp-content\/uploads\/2020\/06\/e6de6950-8963-4ff4-8d50-85f71bc6259f.jpg\",\"width\":750,\"height\":550},{\"@type\":\"BreadcrumbList\",\"@id\":\"https:\/\/www.anteprima24.it\/archivio\/avellino\/divisione-calcio-a-5-fadda-di-berardino-e-dario-annunciano-le-dimissioni\/#breadcrumb\",\"itemListElement\":[{\"@type\":\"ListItem\",\"position\":1,\"name\":\"Home\",\"item\":\"https:\/\/www.anteprima24.it\/archivio\/\"},{\"@type\":\"ListItem\",\"position\":2,\"name\":\"Divisione Calcio a 5: Fadda, Di Berardino e Dario annunciano le dimissioni\"}]},{\"@type\":\"WebSite\",\"@id\":\"https:\/\/www.anteprima24.it\/archivio\/#website\",\"url\":\"https:\/\/www.anteprima24.it\/archivio\/\",\"name\":\"Anteprima24.it\",\"description\":\"\",\"potentialAction\":[{\"@type\":\"SearchAction\",\"target\":{\"@type\":\"EntryPoint\",\"urlTemplate\":\"https:\/\/www.anteprima24.it\/archivio\/?s={search_term_string}\"},\"query-input\":{\"@type\":\"PropertyValueSpecification\",\"valueRequired\":true,\"valueName\":\"search_term_string\"}}],\"inLanguage\":\"it-IT\"},{\"@type\":\"Person\",\"@id\":\"https:\/\/www.anteprima24.it\/archivio\/#\/schema\/person\/82cb05184ce534850be490e88d61c793\",\"name\":\"Redazione\",\"image\":{\"@type\":\"ImageObject\",\"inLanguage\":\"it-IT\",\"@id\":\"https:\/\/www.anteprima24.it\/archivio\/#\/schema\/person\/image\/\",\"url\":\"https:\/\/secure.gravatar.com\/avatar\/7b3d8f1c4b28bc2839d55e726cab88bfcfbc47e9a2e00ac362599ab1a5deaa44?s=96&d=mm&r=g\",\"contentUrl\":\"https:\/\/secure.gravatar.com\/avatar\/7b3d8f1c4b28bc2839d55e726cab88bfcfbc47e9a2e00ac362599ab1a5deaa44?s=96&d=mm&r=g\",\"caption\":\"Redazione\"},\"url\":\"https:\/\/www.anteprima24.it\/archivio\/author\/redazione\/\"}]}<\/script>\n<!-- \/ Yoast SEO plugin. -->","yoast_head_json":{"title":"Divisione Calcio a 5: Fadda, Di Berardino e Dario annunciano le dimissioni - Anteprima24.it","robots":{"index":"index","follow":"follow","max-snippet":"max-snippet:-1","max-image-preview":"max-image-preview:large","max-video-preview":"max-video-preview:-1"},"canonical":"https:\/\/www.anteprima24.it\/archivio\/avellino\/divisione-calcio-a-5-fadda-di-berardino-e-dario-annunciano-le-dimissioni\/","og_locale":"it_IT","og_type":"article","og_title":"Divisione Calcio a 5: Fadda, Di Berardino e Dario annunciano le dimissioni - Anteprima24.it","og_description":"Antonio Dario, Alessandro Di Berardino e Luca Fadda hanno annunciato le loro dimissioni dal ruolo di consiglieri della Divisione Calcio a 5. &#8220;Nella giornata odierna, prima dell\u2019inizio del Consiglio Direttivo, abbiamo comunicato la nostra decisione di rimettere il mandato dalla carica di Consiglieri &#8211; si legge nella nota &#8211; \u00c8 una decisione ponderata e sofferta, [&hellip;]","og_url":"https:\/\/www.anteprima24.it\/archivio\/avellino\/divisione-calcio-a-5-fadda-di-berardino-e-dario-annunciano-le-dimissioni\/","og_site_name":"Anteprima24.it","article_published_time":"2020-06-12T12:16:49+00:00","og_image":[{"width":750,"height":550,"url":"https:\/\/www.anteprima24.it\/archivio\/wp-content\/uploads\/2020\/06\/e6de6950-8963-4ff4-8d50-85f71bc6259f.jpg","type":"image\/jpeg"}],"author":"Redazione","twitter_card":"summary_large_image","twitter_misc":{"Scritto da":"Redazione","Tempo di lettura stimato":"2 minuti"},"schema":{"@context":"https:\/\/schema.org","@graph":[{"@type":"Article","@id":"https:\/\/www.anteprima24.it\/archivio\/avellino\/divisione-calcio-a-5-fadda-di-berardino-e-dario-annunciano-le-dimissioni\/#article","isPartOf":{"@id":"https:\/\/www.anteprima24.it\/archivio\/avellino\/divisione-calcio-a-5-fadda-di-berardino-e-dario-annunciano-le-dimissioni\/"},"author":{"name":"Redazione","@id":"https:\/\/www.anteprima24.it\/archivio\/#\/schema\/person\/82cb05184ce534850be490e88d61c793"},"headline":"Divisione Calcio a 5: Fadda, Di Berardino e Dario annunciano le dimissioni","datePublished":"2020-06-12T12:16:49+00:00","mainEntityOfPage":{"@id":"https:\/\/www.anteprima24.it\/archivio\/avellino\/divisione-calcio-a-5-fadda-di-berardino-e-dario-annunciano-le-dimissioni\/"},"wordCount":344,"commentCount":0,"image":{"@id":"https:\/\/www.anteprima24.it\/archivio\/avellino\/divisione-calcio-a-5-fadda-di-berardino-e-dario-annunciano-le-dimissioni\/#primaryimage"},"thumbnailUrl":"https:\/\/www.anteprima24.it\/archivio\/wp-content\/uploads\/2020\/06\/e6de6950-8963-4ff4-8d50-85f71bc6259f.jpg","keywords":["Calcio a 5","Divisione Calcio a 5","futsal"],"articleSection":["Avellino","Calcio a 5 Avellino","Calcio a 5 Regione","Regione","Sport Avellino","Sport Regione"],"inLanguage":"it-IT","potentialAction":[{"@type":"CommentAction","name":"Comment","target":["https:\/\/www.anteprima24.it\/archivio\/avellino\/divisione-calcio-a-5-fadda-di-berardino-e-dario-annunciano-le-dimissioni\/#respond"]}]},{"@type":"WebPage","@id":"https:\/\/www.anteprima24.it\/archivio\/avellino\/divisione-calcio-a-5-fadda-di-berardino-e-dario-annunciano-le-dimissioni\/","url":"https:\/\/www.anteprima24.it\/archivio\/avellino\/divisione-calcio-a-5-fadda-di-berardino-e-dario-annunciano-le-dimissioni\/","name":"Divisione Calcio a 5: Fadda, Di Berardino e Dario annunciano le dimissioni - Anteprima24.it","isPartOf":{"@id":"https:\/\/www.anteprima24.it\/archivio\/#website"},"primaryImageOfPage":{"@id":"https:\/\/www.anteprima24.it\/archivio\/avellino\/divisione-calcio-a-5-fadda-di-berardino-e-dario-annunciano-le-dimissioni\/#primaryimage"},"image":{"@id":"https:\/\/www.anteprima24.it\/archivio\/avellino\/divisione-calcio-a-5-fadda-di-berardino-e-dario-annunciano-le-dimissioni\/#primaryimage"},"thumbnailUrl":"https:\/\/www.anteprima24.it\/archivio\/wp-content\/uploads\/2020\/06\/e6de6950-8963-4ff4-8d50-85f71bc6259f.jpg","datePublished":"2020-06-12T12:16:49+00:00","author":{"@id":"https:\/\/www.anteprima24.it\/archivio\/#\/schema\/person\/82cb05184ce534850be490e88d61c793"},"breadcrumb":{"@id":"https:\/\/www.anteprima24.it\/archivio\/avellino\/divisione-calcio-a-5-fadda-di-berardino-e-dario-annunciano-le-dimissioni\/#breadcrumb"},"inLanguage":"it-IT","potentialAction":[{"@type":"ReadAction","target":["https:\/\/www.anteprima24.it\/archivio\/avellino\/divisione-calcio-a-5-fadda-di-berardino-e-dario-annunciano-le-dimissioni\/"]}]},{"@type":"ImageObject","inLanguage":"it-IT","@id":"https:\/\/www.anteprima24.it\/archivio\/avellino\/divisione-calcio-a-5-fadda-di-berardino-e-dario-annunciano-le-dimissioni\/#primaryimage","url":"https:\/\/www.anteprima24.it\/archivio\/wp-content\/uploads\/2020\/06\/e6de6950-8963-4ff4-8d50-85f71bc6259f.jpg","contentUrl":"https:\/\/www.anteprima24.it\/archivio\/wp-content\/uploads\/2020\/06\/e6de6950-8963-4ff4-8d50-85f71bc6259f.jpg","width":750,"height":550},{"@type":"BreadcrumbList","@id":"https:\/\/www.anteprima24.it\/archivio\/avellino\/divisione-calcio-a-5-fadda-di-berardino-e-dario-annunciano-le-dimissioni\/#breadcrumb","itemListElement":[{"@type":"ListItem","position":1,"name":"Home","item":"https:\/\/www.anteprima24.it\/archivio\/"},{"@type":"ListItem","position":2,"name":"Divisione Calcio a 5: Fadda, Di Berardino e Dario annunciano le dimissioni"}]},{"@type":"WebSite","@id":"https:\/\/www.anteprima24.it\/archivio\/#website","url":"https:\/\/www.anteprima24.it\/archivio\/","name":"Anteprima24.it","description":"","potentialAction":[{"@type":"SearchAction","target":{"@type":"EntryPoint","urlTemplate":"https:\/\/www.anteprima24.it\/archivio\/?s={search_term_string}"},"query-input":{"@type":"PropertyValueSpecification","valueRequired":true,"valueName":"search_term_string"}}],"inLanguage":"it-IT"},{"@type":"Person","@id":"https:\/\/www.anteprima24.it\/archivio\/#\/schema\/person\/82cb05184ce534850be490e88d61c793","name":"Redazione","image":{"@type":"ImageObject","inLanguage":"it-IT","@id":"https:\/\/www.anteprima24.it\/archivio\/#\/schema\/person\/image\/","url":"https:\/\/secure.gravatar.com\/avatar\/7b3d8f1c4b28bc2839d55e726cab88bfcfbc47e9a2e00ac362599ab1a5deaa44?s=96&d=mm&r=g","contentUrl":"https:\/\/secure.gravatar.com\/avatar\/7b3d8f1c4b28bc2839d55e726cab88bfcfbc47e9a2e00ac362599ab1a5deaa44?s=96&d=mm&r=g","caption":"Redazione"},"url":"https:\/\/www.anteprima24.it\/archivio\/author\/redazione\/"}]}},"_links":{"self":[{"href":"https:\/\/www.anteprima24.it\/archivio\/wp-json\/wp\/v2\/posts\/475091","targetHints":{"allow":["GET"]}}],"collection":[{"href":"https:\/\/www.anteprima24.it\/archivio\/wp-json\/wp\/v2\/posts"}],"about":[{"href":"https:\/\/www.anteprima24.it\/archivio\/wp-json\/wp\/v2\/types\/post"}],"author":[{"embeddable":true,"href":"https:\/\/www.anteprima24.it\/archivio\/wp-json\/wp\/v2\/users\/18"}],"replies":[{"embeddable":true,"href":"https:\/\/www.anteprima24.it\/archivio\/wp-json\/wp\/v2\/comments?post=475091"}],"version-history":[{"count":0,"href":"https:\/\/www.anteprima24.it\/archivio\/wp-json\/wp\/v2\/posts\/475091\/revisions"}],"wp:featuredmedia":[{"embeddable":true,"href":"https:\/\/www.anteprima24.it\/archivio\/wp-json\/wp\/v2\/media\/475101"}],"wp:attachment":[{"href":"https:\/\/www.anteprima24.it\/archivio\/wp-json\/wp\/v2\/media?parent=475091"}],"wp:term":[{"taxonomy":"category","embeddable":true,"href":"https:\/\/www.anteprima24.it\/archivio\/wp-json\/wp\/v2\/categories?post=475091"},{"taxonomy":"post_tag","embeddable":true,"href":"https:\/\/www.anteprima24.it\/archivio\/wp-json\/wp\/v2\/tags?post=475091"}],"curies":[{"name":"wp","href":"https:\/\/api.w.org\/{rel}","templated":true}]}}