{"id":613381,"date":"2021-05-12T17:28:48","date_gmt":"2021-05-12T15:28:48","guid":{"rendered":"https:\/\/www.anteprima24.it\/?p=613381"},"modified":"2021-05-12T17:28:48","modified_gmt":"2021-05-12T15:28:48","slug":"fioretti-relazione-fine-mandato","status":"publish","type":"post","link":"https:\/\/www.anteprima24.it\/archivio\/benevento\/fioretti-relazione-fine-mandato\/","title":{"rendered":"Fioretti: &#8220;Perch\u00e9 amministrazione non pubblica relazione fine mandato&#8221;?"},"content":{"rendered":"<span class=\"span-reading-time rt-reading-time\" style=\"display: block;\"><span class=\"rt-label rt-prefix\">Tempo di lettura: <\/span> <span class=\"rt-time\"> 3<\/span> <span class=\"rt-label rt-postfix\">minuti<\/span><\/span><p style=\"text-align: justify;\">Benevento &#8211; Di seguito una nota stampa della capogruppo in <strong>consiglio comunale dei &#8216;Democratici per l&#8217;Alternativa&#8217; Floriana Fioretti.&nbsp;<\/strong><\/p>\n<p style=\"text-align: justify;\">&#8220;Con nota prot. n. 49777 del 12\/05\/2021 ho richiesto chiarimenti al segretario comunale, al presidente del Collegio dei Revisori dei Conti e per conoscenza al sindaco Mastella, in merito alla redazione e pubblicazione della relazione di fine mandato.<\/p>\n<div style=\"text-align: justify;\">Ai sensi dell\u2019articolo 4 del Decreto legislativo n. 149\/2011 (come modificato dall\u2019art. 1-bis del Dl. n. 174\/2012, convertito dalla Legge n. 213\/2012, e successivamente sostituito dall\u2019art. 11, comma 1 del Dl. n. 16\/2014, convertito dalla Legge n. 68\/2014), il Comune di Benevento entro lo scorso 19 aprile avrebbe dovuto presentare la relazione di fine mandato. Un documento che dovrebbe consentire al cittadino elettore di valutare l\u2019operato dell\u2019amministrazione uscente e garantire a quella eventualmente subentrante un\u2019analisi approfondita sulla stato di salute dell\u2019ente. La suddetta relazione, predisposta dal responsabile finanziario o dal segretario generale, sottoscritta dal Sindaco, certificata dall\u2019organo di revisione e trasmessa alla Corte di Conti, avrebbe dovuto essere pubblicata sul sito istituzionale del Comune di Benevento nella sezione &#8220;Amministrazione Trasparente&#8221; entro sette giorni successivi alla data di certificazione effettuata dall\u2019organo di revisione, con l\u2019indicazione della data di trasmissione alla sezione regionale di controllo della Corte di Conti. Si tratta di un atto necessario, imposto dal legislatore, al fine di garantire il coordinamento della finanza pubblica, il rispetto dell\u2019unit\u00e0 economica e giuridica, il principio di trasparenza delle decisioni di entrata e di spesa. Ebbene sul sito del Comune di Benevento di questa relazione non c&#8217;\u00e8 traccia, a differenza di altri comuni della provincia di Benevento che invece l\u2019hanno regolarmente pubblicata sul proprio sito. Lo slittamento delle elezioni ha determinato una nuova ed eccezionale ipotesi di \u201cprorogatio\u201d delle funzioni, in deroga a quella ordinariamente prevista dal\u2019art. 1 del D.L. n. 293\/1991 (con. L. n. 444\/1994), ma non del mandato e dunque non inciderebbe sullo scivolamento del termine ultimo di presentazione della relazione, che resta fissato al 19 aprile per i comuni che hanno avuto il ballottaggio e quindi per le amministrazioni, come quella di Benevento, che si sono insediate il 20 giugno del 2016. Ergo sarebbe opportuno sapere se questo documento \u00e8 stato redatto e, se s\u00ec, come mai non \u00e8 stato pubblicato. L&#8217; art. 3-ter del D.D.L. di conversione in legge del DL marzo 2021, n. 25, recante disposizioni urgenti per il differimento di consultazioni elettorali per l\u2019anno 2021, approvato dal Senato il 7 aprile 2021, ha di fatto cancellato il regime sanzionatorio (che avrebbe comportato la riduzione dell\u2019indennit\u00e0 del sindaco per la mancata pubblicazione e, per il responsabile del servizio finanziario del comune o il segretario generale, ridotto della met\u00e0, con riferimento alle tre successive mensilit\u00e0, rispettivamente, l\u2019importo dell\u2019indennit\u00e0 di mandato e degli emolumenti, qualora la relazione non fosse stata predisposta), ma resta l&#8217;obbligo di redazione e pubblicazione nel sito istituzionale dell&#8217;Ente della relazione di fine mandato. Il legislatore \u00e8 chiaro al riguardo: si tratta di passaggi formali obbligatori, correttezza vuole che vengano effettuati anche per riportare chiaramente quanto realizzato in questi cinque anni, in modo da consentire al popolo elettore di valutare l\u2019operato di questa amministrazione&#8221;.<\/div>\n","protected":false},"excerpt":{"rendered":"<p>Benevento &#8211; Di seguito una nota stampa della capogruppo in consiglio comunale dei &#8216;Democratici per l&#8217;Alternativa&#8217; Floriana Fioretti.&nbsp; &#8220;Con nota prot. n. 49777 del 12\/05\/2021 ho richiesto chiarimenti al segretario comunale, al presidente del Collegio dei Revisori dei Conti e per conoscenza al sindaco Mastella, in merito alla redazione e pubblicazione della relazione di fine [&hellip;]<\/p>\n","protected":false},"author":18,"featured_media":340368,"comment_status":"open","ping_status":"open","sticky":false,"template":"","format":"standard","meta":{"_monsterinsights_skip_tracking":false,"_monsterinsights_sitenote_active":false,"_monsterinsights_sitenote_note":"","_monsterinsights_sitenote_category":0,"ngg_post_thumbnail":0,"footnotes":""},"categories":[2,1375],"tags":[50809,9019,9558],"class_list":{"0":"post-613381","1":"post","2":"type-post","3":"status-publish","4":"format-standard","5":"has-post-thumbnail","7":"category-benevento","8":"category-politica-benevento","9":"tag-fine-mandato","10":"tag-fioretti","11":"tag-relazione"},"yoast_head":"<!-- This site is optimized with the Yoast SEO plugin v26.8 - https:\/\/yoast.com\/product\/yoast-seo-wordpress\/ -->\n<title>Fioretti: &quot;Perch\u00e9 amministrazione non pubblica relazione fine mandato&quot;?<\/title>\n<meta name=\"robots\" content=\"index, follow, max-snippet:-1, max-image-preview:large, max-video-preview:-1\" \/>\n<link rel=\"canonical\" href=\"https:\/\/www.anteprima24.it\/archivio\/benevento\/fioretti-relazione-fine-mandato\/\" \/>\n<meta property=\"og:locale\" content=\"it_IT\" \/>\n<meta property=\"og:type\" content=\"article\" \/>\n<meta property=\"og:title\" content=\"Fioretti: &quot;Perch\u00e9 amministrazione non pubblica relazione fine mandato&quot;?\" \/>\n<meta property=\"og:description\" content=\"Benevento &#8211; Di seguito una nota stampa della capogruppo in consiglio comunale dei &#8216;Democratici per l&#8217;Alternativa&#8217; Floriana Fioretti.&nbsp; &#8220;Con nota prot. n. 49777 del 12\/05\/2021 ho richiesto chiarimenti al segretario comunale, al presidente del Collegio dei Revisori dei Conti e per conoscenza al sindaco Mastella, in merito alla redazione e pubblicazione della relazione di fine [&hellip;]\" \/>\n<meta property=\"og:url\" content=\"https:\/\/www.anteprima24.it\/archivio\/benevento\/fioretti-relazione-fine-mandato\/\" \/>\n<meta property=\"og:site_name\" content=\"Anteprima24.it\" \/>\n<meta property=\"article:published_time\" content=\"2021-05-12T15:28:48+00:00\" \/>\n<meta property=\"og:image\" content=\"https:\/\/www.anteprima24.it\/archivio\/wp-content\/uploads\/2019\/07\/francesco-de-pierro-floriana-fioretti-e1636715748148.jpg\" \/>\n\t<meta property=\"og:image:width\" content=\"1200\" \/>\n\t<meta property=\"og:image:height\" content=\"843\" \/>\n\t<meta property=\"og:image:type\" content=\"image\/jpeg\" \/>\n<meta name=\"author\" content=\"Redazione\" \/>\n<meta name=\"twitter:card\" content=\"summary_large_image\" \/>\n<meta name=\"twitter:label1\" content=\"Scritto da\" \/>\n\t<meta name=\"twitter:data1\" content=\"Redazione\" \/>\n\t<meta name=\"twitter:label2\" content=\"Tempo di lettura stimato\" \/>\n\t<meta name=\"twitter:data2\" content=\"3 minuti\" \/>\n<script type=\"application\/ld+json\" class=\"yoast-schema-graph\">{\"@context\":\"https:\/\/schema.org\",\"@graph\":[{\"@type\":\"Article\",\"@id\":\"https:\/\/www.anteprima24.it\/archivio\/benevento\/fioretti-relazione-fine-mandato\/#article\",\"isPartOf\":{\"@id\":\"https:\/\/www.anteprima24.it\/archivio\/benevento\/fioretti-relazione-fine-mandato\/\"},\"author\":{\"name\":\"Redazione\",\"@id\":\"https:\/\/www.anteprima24.it\/archivio\/#\/schema\/person\/82cb05184ce534850be490e88d61c793\"},\"headline\":\"Fioretti: &#8220;Perch\u00e9 amministrazione non pubblica relazione fine mandato&#8221;?\",\"datePublished\":\"2021-05-12T15:28:48+00:00\",\"mainEntityOfPage\":{\"@id\":\"https:\/\/www.anteprima24.it\/archivio\/benevento\/fioretti-relazione-fine-mandato\/\"},\"wordCount\":521,\"commentCount\":0,\"image\":{\"@id\":\"https:\/\/www.anteprima24.it\/archivio\/benevento\/fioretti-relazione-fine-mandato\/#primaryimage\"},\"thumbnailUrl\":\"https:\/\/www.anteprima24.it\/archivio\/wp-content\/uploads\/2019\/07\/francesco-de-pierro-floriana-fioretti-e1636715748148.jpg\",\"keywords\":[\"fine mandato\",\"Fioretti\",\"relazione\"],\"articleSection\":[\"Benevento\",\"Politica Benevento\"],\"inLanguage\":\"it-IT\",\"potentialAction\":[{\"@type\":\"CommentAction\",\"name\":\"Comment\",\"target\":[\"https:\/\/www.anteprima24.it\/archivio\/benevento\/fioretti-relazione-fine-mandato\/#respond\"]}]},{\"@type\":\"WebPage\",\"@id\":\"https:\/\/www.anteprima24.it\/archivio\/benevento\/fioretti-relazione-fine-mandato\/\",\"url\":\"https:\/\/www.anteprima24.it\/archivio\/benevento\/fioretti-relazione-fine-mandato\/\",\"name\":\"Fioretti: \\\"Perch\u00e9 amministrazione non pubblica relazione fine mandato\\\"?\",\"isPartOf\":{\"@id\":\"https:\/\/www.anteprima24.it\/archivio\/#website\"},\"primaryImageOfPage\":{\"@id\":\"https:\/\/www.anteprima24.it\/archivio\/benevento\/fioretti-relazione-fine-mandato\/#primaryimage\"},\"image\":{\"@id\":\"https:\/\/www.anteprima24.it\/archivio\/benevento\/fioretti-relazione-fine-mandato\/#primaryimage\"},\"thumbnailUrl\":\"https:\/\/www.anteprima24.it\/archivio\/wp-content\/uploads\/2019\/07\/francesco-de-pierro-floriana-fioretti-e1636715748148.jpg\",\"datePublished\":\"2021-05-12T15:28:48+00:00\",\"author\":{\"@id\":\"https:\/\/www.anteprima24.it\/archivio\/#\/schema\/person\/82cb05184ce534850be490e88d61c793\"},\"breadcrumb\":{\"@id\":\"https:\/\/www.anteprima24.it\/archivio\/benevento\/fioretti-relazione-fine-mandato\/#breadcrumb\"},\"inLanguage\":\"it-IT\",\"potentialAction\":[{\"@type\":\"ReadAction\",\"target\":[\"https:\/\/www.anteprima24.it\/archivio\/benevento\/fioretti-relazione-fine-mandato\/\"]}]},{\"@type\":\"ImageObject\",\"inLanguage\":\"it-IT\",\"@id\":\"https:\/\/www.anteprima24.it\/archivio\/benevento\/fioretti-relazione-fine-mandato\/#primaryimage\",\"url\":\"https:\/\/www.anteprima24.it\/archivio\/wp-content\/uploads\/2019\/07\/francesco-de-pierro-floriana-fioretti-e1636715748148.jpg\",\"contentUrl\":\"https:\/\/www.anteprima24.it\/archivio\/wp-content\/uploads\/2019\/07\/francesco-de-pierro-floriana-fioretti-e1636715748148.jpg\",\"width\":1200,\"height\":843},{\"@type\":\"BreadcrumbList\",\"@id\":\"https:\/\/www.anteprima24.it\/archivio\/benevento\/fioretti-relazione-fine-mandato\/#breadcrumb\",\"itemListElement\":[{\"@type\":\"ListItem\",\"position\":1,\"name\":\"Home\",\"item\":\"https:\/\/www.anteprima24.it\/archivio\/\"},{\"@type\":\"ListItem\",\"position\":2,\"name\":\"Fioretti: &#8220;Perch\u00e9 amministrazione non pubblica relazione fine mandato&#8221;?\"}]},{\"@type\":\"WebSite\",\"@id\":\"https:\/\/www.anteprima24.it\/archivio\/#website\",\"url\":\"https:\/\/www.anteprima24.it\/archivio\/\",\"name\":\"Anteprima24.it\",\"description\":\"\",\"potentialAction\":[{\"@type\":\"SearchAction\",\"target\":{\"@type\":\"EntryPoint\",\"urlTemplate\":\"https:\/\/www.anteprima24.it\/archivio\/?s={search_term_string}\"},\"query-input\":{\"@type\":\"PropertyValueSpecification\",\"valueRequired\":true,\"valueName\":\"search_term_string\"}}],\"inLanguage\":\"it-IT\"},{\"@type\":\"Person\",\"@id\":\"https:\/\/www.anteprima24.it\/archivio\/#\/schema\/person\/82cb05184ce534850be490e88d61c793\",\"name\":\"Redazione\",\"image\":{\"@type\":\"ImageObject\",\"inLanguage\":\"it-IT\",\"@id\":\"https:\/\/www.anteprima24.it\/archivio\/#\/schema\/person\/image\/\",\"url\":\"https:\/\/secure.gravatar.com\/avatar\/7b3d8f1c4b28bc2839d55e726cab88bfcfbc47e9a2e00ac362599ab1a5deaa44?s=96&d=mm&r=g\",\"contentUrl\":\"https:\/\/secure.gravatar.com\/avatar\/7b3d8f1c4b28bc2839d55e726cab88bfcfbc47e9a2e00ac362599ab1a5deaa44?s=96&d=mm&r=g\",\"caption\":\"Redazione\"},\"url\":\"https:\/\/www.anteprima24.it\/archivio\/author\/redazione\/\"}]}<\/script>\n<!-- \/ Yoast SEO plugin. -->","yoast_head_json":{"title":"Fioretti: \"Perch\u00e9 amministrazione non pubblica relazione fine mandato\"?","robots":{"index":"index","follow":"follow","max-snippet":"max-snippet:-1","max-image-preview":"max-image-preview:large","max-video-preview":"max-video-preview:-1"},"canonical":"https:\/\/www.anteprima24.it\/archivio\/benevento\/fioretti-relazione-fine-mandato\/","og_locale":"it_IT","og_type":"article","og_title":"Fioretti: \"Perch\u00e9 amministrazione non pubblica relazione fine mandato\"?","og_description":"Benevento &#8211; Di seguito una nota stampa della capogruppo in consiglio comunale dei &#8216;Democratici per l&#8217;Alternativa&#8217; Floriana Fioretti.&nbsp; &#8220;Con nota prot. n. 49777 del 12\/05\/2021 ho richiesto chiarimenti al segretario comunale, al presidente del Collegio dei Revisori dei Conti e per conoscenza al sindaco Mastella, in merito alla redazione e pubblicazione della relazione di fine [&hellip;]","og_url":"https:\/\/www.anteprima24.it\/archivio\/benevento\/fioretti-relazione-fine-mandato\/","og_site_name":"Anteprima24.it","article_published_time":"2021-05-12T15:28:48+00:00","og_image":[{"width":1200,"height":843,"url":"https:\/\/www.anteprima24.it\/archivio\/wp-content\/uploads\/2019\/07\/francesco-de-pierro-floriana-fioretti-e1636715748148.jpg","type":"image\/jpeg"}],"author":"Redazione","twitter_card":"summary_large_image","twitter_misc":{"Scritto da":"Redazione","Tempo di lettura stimato":"3 minuti"},"schema":{"@context":"https:\/\/schema.org","@graph":[{"@type":"Article","@id":"https:\/\/www.anteprima24.it\/archivio\/benevento\/fioretti-relazione-fine-mandato\/#article","isPartOf":{"@id":"https:\/\/www.anteprima24.it\/archivio\/benevento\/fioretti-relazione-fine-mandato\/"},"author":{"name":"Redazione","@id":"https:\/\/www.anteprima24.it\/archivio\/#\/schema\/person\/82cb05184ce534850be490e88d61c793"},"headline":"Fioretti: &#8220;Perch\u00e9 amministrazione non pubblica relazione fine mandato&#8221;?","datePublished":"2021-05-12T15:28:48+00:00","mainEntityOfPage":{"@id":"https:\/\/www.anteprima24.it\/archivio\/benevento\/fioretti-relazione-fine-mandato\/"},"wordCount":521,"commentCount":0,"image":{"@id":"https:\/\/www.anteprima24.it\/archivio\/benevento\/fioretti-relazione-fine-mandato\/#primaryimage"},"thumbnailUrl":"https:\/\/www.anteprima24.it\/archivio\/wp-content\/uploads\/2019\/07\/francesco-de-pierro-floriana-fioretti-e1636715748148.jpg","keywords":["fine mandato","Fioretti","relazione"],"articleSection":["Benevento","Politica Benevento"],"inLanguage":"it-IT","potentialAction":[{"@type":"CommentAction","name":"Comment","target":["https:\/\/www.anteprima24.it\/archivio\/benevento\/fioretti-relazione-fine-mandato\/#respond"]}]},{"@type":"WebPage","@id":"https:\/\/www.anteprima24.it\/archivio\/benevento\/fioretti-relazione-fine-mandato\/","url":"https:\/\/www.anteprima24.it\/archivio\/benevento\/fioretti-relazione-fine-mandato\/","name":"Fioretti: \"Perch\u00e9 amministrazione non pubblica relazione fine mandato\"?","isPartOf":{"@id":"https:\/\/www.anteprima24.it\/archivio\/#website"},"primaryImageOfPage":{"@id":"https:\/\/www.anteprima24.it\/archivio\/benevento\/fioretti-relazione-fine-mandato\/#primaryimage"},"image":{"@id":"https:\/\/www.anteprima24.it\/archivio\/benevento\/fioretti-relazione-fine-mandato\/#primaryimage"},"thumbnailUrl":"https:\/\/www.anteprima24.it\/archivio\/wp-content\/uploads\/2019\/07\/francesco-de-pierro-floriana-fioretti-e1636715748148.jpg","datePublished":"2021-05-12T15:28:48+00:00","author":{"@id":"https:\/\/www.anteprima24.it\/archivio\/#\/schema\/person\/82cb05184ce534850be490e88d61c793"},"breadcrumb":{"@id":"https:\/\/www.anteprima24.it\/archivio\/benevento\/fioretti-relazione-fine-mandato\/#breadcrumb"},"inLanguage":"it-IT","potentialAction":[{"@type":"ReadAction","target":["https:\/\/www.anteprima24.it\/archivio\/benevento\/fioretti-relazione-fine-mandato\/"]}]},{"@type":"ImageObject","inLanguage":"it-IT","@id":"https:\/\/www.anteprima24.it\/archivio\/benevento\/fioretti-relazione-fine-mandato\/#primaryimage","url":"https:\/\/www.anteprima24.it\/archivio\/wp-content\/uploads\/2019\/07\/francesco-de-pierro-floriana-fioretti-e1636715748148.jpg","contentUrl":"https:\/\/www.anteprima24.it\/archivio\/wp-content\/uploads\/2019\/07\/francesco-de-pierro-floriana-fioretti-e1636715748148.jpg","width":1200,"height":843},{"@type":"BreadcrumbList","@id":"https:\/\/www.anteprima24.it\/archivio\/benevento\/fioretti-relazione-fine-mandato\/#breadcrumb","itemListElement":[{"@type":"ListItem","position":1,"name":"Home","item":"https:\/\/www.anteprima24.it\/archivio\/"},{"@type":"ListItem","position":2,"name":"Fioretti: &#8220;Perch\u00e9 amministrazione non pubblica relazione fine mandato&#8221;?"}]},{"@type":"WebSite","@id":"https:\/\/www.anteprima24.it\/archivio\/#website","url":"https:\/\/www.anteprima24.it\/archivio\/","name":"Anteprima24.it","description":"","potentialAction":[{"@type":"SearchAction","target":{"@type":"EntryPoint","urlTemplate":"https:\/\/www.anteprima24.it\/archivio\/?s={search_term_string}"},"query-input":{"@type":"PropertyValueSpecification","valueRequired":true,"valueName":"search_term_string"}}],"inLanguage":"it-IT"},{"@type":"Person","@id":"https:\/\/www.anteprima24.it\/archivio\/#\/schema\/person\/82cb05184ce534850be490e88d61c793","name":"Redazione","image":{"@type":"ImageObject","inLanguage":"it-IT","@id":"https:\/\/www.anteprima24.it\/archivio\/#\/schema\/person\/image\/","url":"https:\/\/secure.gravatar.com\/avatar\/7b3d8f1c4b28bc2839d55e726cab88bfcfbc47e9a2e00ac362599ab1a5deaa44?s=96&d=mm&r=g","contentUrl":"https:\/\/secure.gravatar.com\/avatar\/7b3d8f1c4b28bc2839d55e726cab88bfcfbc47e9a2e00ac362599ab1a5deaa44?s=96&d=mm&r=g","caption":"Redazione"},"url":"https:\/\/www.anteprima24.it\/archivio\/author\/redazione\/"}]}},"_links":{"self":[{"href":"https:\/\/www.anteprima24.it\/archivio\/wp-json\/wp\/v2\/posts\/613381","targetHints":{"allow":["GET"]}}],"collection":[{"href":"https:\/\/www.anteprima24.it\/archivio\/wp-json\/wp\/v2\/posts"}],"about":[{"href":"https:\/\/www.anteprima24.it\/archivio\/wp-json\/wp\/v2\/types\/post"}],"author":[{"embeddable":true,"href":"https:\/\/www.anteprima24.it\/archivio\/wp-json\/wp\/v2\/users\/18"}],"replies":[{"embeddable":true,"href":"https:\/\/www.anteprima24.it\/archivio\/wp-json\/wp\/v2\/comments?post=613381"}],"version-history":[{"count":0,"href":"https:\/\/www.anteprima24.it\/archivio\/wp-json\/wp\/v2\/posts\/613381\/revisions"}],"wp:featuredmedia":[{"embeddable":true,"href":"https:\/\/www.anteprima24.it\/archivio\/wp-json\/wp\/v2\/media\/340368"}],"wp:attachment":[{"href":"https:\/\/www.anteprima24.it\/archivio\/wp-json\/wp\/v2\/media?parent=613381"}],"wp:term":[{"taxonomy":"category","embeddable":true,"href":"https:\/\/www.anteprima24.it\/archivio\/wp-json\/wp\/v2\/categories?post=613381"},{"taxonomy":"post_tag","embeddable":true,"href":"https:\/\/www.anteprima24.it\/archivio\/wp-json\/wp\/v2\/tags?post=613381"}],"curies":[{"name":"wp","href":"https:\/\/api.w.org\/{rel}","templated":true}]}}