{"id":637881,"date":"2021-07-24T13:27:41","date_gmt":"2021-07-24T11:27:41","guid":{"rendered":"https:\/\/www.anteprima24.it\/?p=637881"},"modified":"2021-07-24T13:27:41","modified_gmt":"2021-07-24T11:27:41","slug":"paralimpiadi-allenamenti-pasquino","status":"publish","type":"post","link":"https:\/\/www.anteprima24.it\/archivio\/benevento\/paralimpiadi-allenamenti-pasquino\/","title":{"rendered":"Paralimpiadi, allenamenti serrati per la sannita Pasquino"},"content":{"rendered":"<span class=\"span-reading-time rt-reading-time\" style=\"display: block;\"><span class=\"rt-label rt-prefix\">Tempo di lettura: <\/span> <span class=\"rt-time\"> 2<\/span> <span class=\"rt-label rt-postfix\">minuti<\/span><\/span><p style=\"text-align: justify;\">Benevento &#8211;&nbsp;Tra un mese, dal 24 agosto al 5 settembre, si svolgeranno le <strong>Paralimpiadi di Tokyo2020<\/strong>. La delegazione italiana che vi prender\u00e0 parte sar\u00e0 la pi\u00f9 numerosa di sempre.<\/p>\n<p style=\"text-align: justify;\">Gli azzurri impegnati nella rassegna giapponese saranno infatti 113, con una maggioranza femminile per la prima volta: partiranno infatti 61 atlete e 52 atleti, suddivisi in 16 discipline diverse.<\/p>\n<p style=\"text-align: justify;\">Tra di loro sono 8 gli italiani della scherma e tra essi c\u2019\u00e8 anche la <strong>campionessa beneventana Rossana Pasquino.<\/strong><\/p>\n<p style=\"text-align: justify;\">La spadista e sciabolatrice sannita in questi giorni si sta allenando con grande lena e passione presso la palestra dell\u2019<strong>Accademia Olimpica Beneventana Maestro Antonio Furno<\/strong> sotto la guida tecnica del Maestro <strong>Dino Meglio<\/strong> e sotto gli occhi vigili della sua amica e campionessa <strong>Francesca Boscarelli.<\/strong><\/p>\n<p style=\"text-align: justify;\">Per Rossana si tratta della prima Olimpiade che affronter\u00e0 forte dei due titoli italiani conquistati recentemente, oltre che della vittoria nella prova di Coppa del Mondo di sciabola ad Amsterdam nel 2019 prima dell\u2019inizio della pandemia.<\/p>\n<p style=\"text-align: justify;\">Successi che hanno consentito alla schermitrice sannita di vivere l\u2019emozione di un Olimpiade con l\u2019intento di scendere in pedana per qualcosa di importante.<\/p>\n<p style=\"text-align: justify;\">L\u2019atleta beneventana partir\u00e0 alla volta di Tokyo il prossimo 9 agosto mentre domani sar\u00e0 presso il Centro di Preparazione Olimpica di Tirrenia per l\u2019ultima rifinitura in vista dell\u2019inizio dei Giochi Paralimpici.<\/p>\n<p><img loading=\"lazy\" decoding=\"async\" class=\"alignnone wp-image-637882 size-large\" src=\"https:\/\/www.anteprima24.it\/wp-content\/uploads\/2021\/07\/accademia-furno-1024x768.jpg\" alt=\"\" width=\"696\" height=\"522\" srcset=\"https:\/\/www.anteprima24.it\/archivio\/wp-content\/uploads\/2021\/07\/accademia-furno-1024x768.jpg 1024w, https:\/\/www.anteprima24.it\/archivio\/wp-content\/uploads\/2021\/07\/accademia-furno-300x225.jpg 300w, https:\/\/www.anteprima24.it\/archivio\/wp-content\/uploads\/2021\/07\/accademia-furno-768x576.jpg 768w, https:\/\/www.anteprima24.it\/archivio\/wp-content\/uploads\/2021\/07\/accademia-furno-80x60.jpg 80w, https:\/\/www.anteprima24.it\/archivio\/wp-content\/uploads\/2021\/07\/accademia-furno-160x120.jpg 160w, https:\/\/www.anteprima24.it\/archivio\/wp-content\/uploads\/2021\/07\/accademia-furno-265x198.jpg 265w, https:\/\/www.anteprima24.it\/archivio\/wp-content\/uploads\/2021\/07\/accademia-furno-696x522.jpg 696w, https:\/\/www.anteprima24.it\/archivio\/wp-content\/uploads\/2021\/07\/accademia-furno-1392x1044.jpg 1392w, https:\/\/www.anteprima24.it\/archivio\/wp-content\/uploads\/2021\/07\/accademia-furno-1068x801.jpg 1068w, https:\/\/www.anteprima24.it\/archivio\/wp-content\/uploads\/2021\/07\/accademia-furno-560x420.jpg 560w, https:\/\/www.anteprima24.it\/archivio\/wp-content\/uploads\/2021\/07\/accademia-furno-1120x840.jpg 1120w, https:\/\/www.anteprima24.it\/archivio\/wp-content\/uploads\/2021\/07\/accademia-furno.jpg 1440w\" sizes=\"auto, (max-width: 696px) 100vw, 696px\" \/> <img loading=\"lazy\" decoding=\"async\" class=\"alignnone wp-image-637883 size-large\" src=\"https:\/\/www.anteprima24.it\/wp-content\/uploads\/2021\/07\/accademia-furno2-1024x768.jpg\" alt=\"\" width=\"696\" height=\"522\" srcset=\"https:\/\/www.anteprima24.it\/archivio\/wp-content\/uploads\/2021\/07\/accademia-furno2-1024x768.jpg 1024w, https:\/\/www.anteprima24.it\/archivio\/wp-content\/uploads\/2021\/07\/accademia-furno2-300x225.jpg 300w, https:\/\/www.anteprima24.it\/archivio\/wp-content\/uploads\/2021\/07\/accademia-furno2-768x576.jpg 768w, https:\/\/www.anteprima24.it\/archivio\/wp-content\/uploads\/2021\/07\/accademia-furno2-80x60.jpg 80w, https:\/\/www.anteprima24.it\/archivio\/wp-content\/uploads\/2021\/07\/accademia-furno2-160x120.jpg 160w, https:\/\/www.anteprima24.it\/archivio\/wp-content\/uploads\/2021\/07\/accademia-furno2-265x198.jpg 265w, https:\/\/www.anteprima24.it\/archivio\/wp-content\/uploads\/2021\/07\/accademia-furno2-696x522.jpg 696w, https:\/\/www.anteprima24.it\/archivio\/wp-content\/uploads\/2021\/07\/accademia-furno2-1392x1044.jpg 1392w, https:\/\/www.anteprima24.it\/archivio\/wp-content\/uploads\/2021\/07\/accademia-furno2-1068x801.jpg 1068w, https:\/\/www.anteprima24.it\/archivio\/wp-content\/uploads\/2021\/07\/accademia-furno2-560x420.jpg 560w, https:\/\/www.anteprima24.it\/archivio\/wp-content\/uploads\/2021\/07\/accademia-furno2-1120x840.jpg 1120w, https:\/\/www.anteprima24.it\/archivio\/wp-content\/uploads\/2021\/07\/accademia-furno2.jpg 1440w\" sizes=\"auto, (max-width: 696px) 100vw, 696px\" \/><\/p>\n","protected":false},"excerpt":{"rendered":"<p>Benevento &#8211;&nbsp;Tra un mese, dal 24 agosto al 5 settembre, si svolgeranno le Paralimpiadi di Tokyo2020. La delegazione italiana che vi prender\u00e0 parte sar\u00e0 la pi\u00f9 numerosa di sempre. Gli azzurri impegnati nella rassegna giapponese saranno infatti 113, con una maggioranza femminile per la prima volta: partiranno infatti 61 atlete e 52 atleti, suddivisi in [&hellip;]<\/p>\n","protected":false},"author":18,"featured_media":637882,"comment_status":"open","ping_status":"open","sticky":false,"template":"","format":"standard","meta":{"_monsterinsights_skip_tracking":false,"_monsterinsights_sitenote_active":false,"_monsterinsights_sitenote_note":"","_monsterinsights_sitenote_category":0,"ngg_post_thumbnail":0,"footnotes":""},"categories":[1989,2,1378],"tags":[7228,32531,37902,46467,13482,3686,67591],"class_list":{"0":"post-637881","1":"post","2":"type-post","3":"status-publish","4":"format-standard","5":"has-post-thumbnail","7":"category-altri-sport-sport-benevento","8":"category-benevento","9":"category-sport-benevento","10":"tag-allenamenti","11":"tag-boscarelli","12":"tag-dino-meglio","13":"tag-paralimpiadi","14":"tag-pasquino","15":"tag-sannita","16":"tag-tokyo-2020"},"yoast_head":"<!-- This site is optimized with the Yoast SEO plugin v26.8 - https:\/\/yoast.com\/product\/yoast-seo-wordpress\/ -->\n<title>Paralimpiadi, allenamenti serrati per la sannita Pasquino<\/title>\n<meta name=\"robots\" content=\"index, follow, max-snippet:-1, max-image-preview:large, max-video-preview:-1\" \/>\n<link rel=\"canonical\" href=\"https:\/\/www.anteprima24.it\/archivio\/benevento\/paralimpiadi-allenamenti-pasquino\/\" \/>\n<meta property=\"og:locale\" content=\"it_IT\" \/>\n<meta property=\"og:type\" content=\"article\" \/>\n<meta property=\"og:title\" content=\"Paralimpiadi, allenamenti serrati per la sannita Pasquino\" \/>\n<meta property=\"og:description\" content=\"Benevento &#8211;&nbsp;Tra un mese, dal 24 agosto al 5 settembre, si svolgeranno le Paralimpiadi di Tokyo2020. La delegazione italiana che vi prender\u00e0 parte sar\u00e0 la pi\u00f9 numerosa di sempre. Gli azzurri impegnati nella rassegna giapponese saranno infatti 113, con una maggioranza femminile per la prima volta: partiranno infatti 61 atlete e 52 atleti, suddivisi in [&hellip;]\" \/>\n<meta property=\"og:url\" content=\"https:\/\/www.anteprima24.it\/archivio\/benevento\/paralimpiadi-allenamenti-pasquino\/\" \/>\n<meta property=\"og:site_name\" content=\"Anteprima24.it\" \/>\n<meta property=\"article:published_time\" content=\"2021-07-24T11:27:41+00:00\" \/>\n<meta property=\"og:image\" content=\"https:\/\/www.anteprima24.it\/archivio\/wp-content\/uploads\/2021\/07\/accademia-furno.jpg\" \/>\n\t<meta property=\"og:image:width\" content=\"1440\" \/>\n\t<meta property=\"og:image:height\" content=\"1080\" \/>\n\t<meta property=\"og:image:type\" content=\"image\/jpeg\" \/>\n<meta name=\"author\" content=\"Redazione\" \/>\n<meta name=\"twitter:card\" content=\"summary_large_image\" \/>\n<meta name=\"twitter:label1\" content=\"Scritto da\" \/>\n\t<meta name=\"twitter:data1\" content=\"Redazione\" \/>\n\t<meta name=\"twitter:label2\" content=\"Tempo di lettura stimato\" \/>\n\t<meta name=\"twitter:data2\" content=\"1 minuto\" \/>\n<script type=\"application\/ld+json\" class=\"yoast-schema-graph\">{\"@context\":\"https:\/\/schema.org\",\"@graph\":[{\"@type\":\"Article\",\"@id\":\"https:\/\/www.anteprima24.it\/archivio\/benevento\/paralimpiadi-allenamenti-pasquino\/#article\",\"isPartOf\":{\"@id\":\"https:\/\/www.anteprima24.it\/archivio\/benevento\/paralimpiadi-allenamenti-pasquino\/\"},\"author\":{\"name\":\"Redazione\",\"@id\":\"https:\/\/www.anteprima24.it\/archivio\/#\/schema\/person\/82cb05184ce534850be490e88d61c793\"},\"headline\":\"Paralimpiadi, allenamenti serrati per la sannita Pasquino\",\"datePublished\":\"2021-07-24T11:27:41+00:00\",\"mainEntityOfPage\":{\"@id\":\"https:\/\/www.anteprima24.it\/archivio\/benevento\/paralimpiadi-allenamenti-pasquino\/\"},\"wordCount\":219,\"commentCount\":0,\"image\":{\"@id\":\"https:\/\/www.anteprima24.it\/archivio\/benevento\/paralimpiadi-allenamenti-pasquino\/#primaryimage\"},\"thumbnailUrl\":\"https:\/\/www.anteprima24.it\/archivio\/wp-content\/uploads\/2021\/07\/accademia-furno.jpg\",\"keywords\":[\"Allenamenti\",\"boscarelli\",\"dino meglio\",\"Paralimpiadi\",\"pasquino\",\"sannita\",\"Tokyo 2020\"],\"articleSection\":[\"Altri Sport Benevento\",\"Benevento\",\"Sport Benevento\"],\"inLanguage\":\"it-IT\",\"potentialAction\":[{\"@type\":\"CommentAction\",\"name\":\"Comment\",\"target\":[\"https:\/\/www.anteprima24.it\/archivio\/benevento\/paralimpiadi-allenamenti-pasquino\/#respond\"]}]},{\"@type\":\"WebPage\",\"@id\":\"https:\/\/www.anteprima24.it\/archivio\/benevento\/paralimpiadi-allenamenti-pasquino\/\",\"url\":\"https:\/\/www.anteprima24.it\/archivio\/benevento\/paralimpiadi-allenamenti-pasquino\/\",\"name\":\"Paralimpiadi, allenamenti serrati per la sannita Pasquino\",\"isPartOf\":{\"@id\":\"https:\/\/www.anteprima24.it\/archivio\/#website\"},\"primaryImageOfPage\":{\"@id\":\"https:\/\/www.anteprima24.it\/archivio\/benevento\/paralimpiadi-allenamenti-pasquino\/#primaryimage\"},\"image\":{\"@id\":\"https:\/\/www.anteprima24.it\/archivio\/benevento\/paralimpiadi-allenamenti-pasquino\/#primaryimage\"},\"thumbnailUrl\":\"https:\/\/www.anteprima24.it\/archivio\/wp-content\/uploads\/2021\/07\/accademia-furno.jpg\",\"datePublished\":\"2021-07-24T11:27:41+00:00\",\"author\":{\"@id\":\"https:\/\/www.anteprima24.it\/archivio\/#\/schema\/person\/82cb05184ce534850be490e88d61c793\"},\"breadcrumb\":{\"@id\":\"https:\/\/www.anteprima24.it\/archivio\/benevento\/paralimpiadi-allenamenti-pasquino\/#breadcrumb\"},\"inLanguage\":\"it-IT\",\"potentialAction\":[{\"@type\":\"ReadAction\",\"target\":[\"https:\/\/www.anteprima24.it\/archivio\/benevento\/paralimpiadi-allenamenti-pasquino\/\"]}]},{\"@type\":\"ImageObject\",\"inLanguage\":\"it-IT\",\"@id\":\"https:\/\/www.anteprima24.it\/archivio\/benevento\/paralimpiadi-allenamenti-pasquino\/#primaryimage\",\"url\":\"https:\/\/www.anteprima24.it\/archivio\/wp-content\/uploads\/2021\/07\/accademia-furno.jpg\",\"contentUrl\":\"https:\/\/www.anteprima24.it\/archivio\/wp-content\/uploads\/2021\/07\/accademia-furno.jpg\",\"width\":1440,\"height\":1080},{\"@type\":\"BreadcrumbList\",\"@id\":\"https:\/\/www.anteprima24.it\/archivio\/benevento\/paralimpiadi-allenamenti-pasquino\/#breadcrumb\",\"itemListElement\":[{\"@type\":\"ListItem\",\"position\":1,\"name\":\"Home\",\"item\":\"https:\/\/www.anteprima24.it\/archivio\/\"},{\"@type\":\"ListItem\",\"position\":2,\"name\":\"Paralimpiadi, allenamenti serrati per la sannita Pasquino\"}]},{\"@type\":\"WebSite\",\"@id\":\"https:\/\/www.anteprima24.it\/archivio\/#website\",\"url\":\"https:\/\/www.anteprima24.it\/archivio\/\",\"name\":\"Anteprima24.it\",\"description\":\"\",\"potentialAction\":[{\"@type\":\"SearchAction\",\"target\":{\"@type\":\"EntryPoint\",\"urlTemplate\":\"https:\/\/www.anteprima24.it\/archivio\/?s={search_term_string}\"},\"query-input\":{\"@type\":\"PropertyValueSpecification\",\"valueRequired\":true,\"valueName\":\"search_term_string\"}}],\"inLanguage\":\"it-IT\"},{\"@type\":\"Person\",\"@id\":\"https:\/\/www.anteprima24.it\/archivio\/#\/schema\/person\/82cb05184ce534850be490e88d61c793\",\"name\":\"Redazione\",\"image\":{\"@type\":\"ImageObject\",\"inLanguage\":\"it-IT\",\"@id\":\"https:\/\/www.anteprima24.it\/archivio\/#\/schema\/person\/image\/\",\"url\":\"https:\/\/secure.gravatar.com\/avatar\/7b3d8f1c4b28bc2839d55e726cab88bfcfbc47e9a2e00ac362599ab1a5deaa44?s=96&d=mm&r=g\",\"contentUrl\":\"https:\/\/secure.gravatar.com\/avatar\/7b3d8f1c4b28bc2839d55e726cab88bfcfbc47e9a2e00ac362599ab1a5deaa44?s=96&d=mm&r=g\",\"caption\":\"Redazione\"},\"url\":\"https:\/\/www.anteprima24.it\/archivio\/author\/redazione\/\"}]}<\/script>\n<!-- \/ Yoast SEO plugin. -->","yoast_head_json":{"title":"Paralimpiadi, allenamenti serrati per la sannita Pasquino","robots":{"index":"index","follow":"follow","max-snippet":"max-snippet:-1","max-image-preview":"max-image-preview:large","max-video-preview":"max-video-preview:-1"},"canonical":"https:\/\/www.anteprima24.it\/archivio\/benevento\/paralimpiadi-allenamenti-pasquino\/","og_locale":"it_IT","og_type":"article","og_title":"Paralimpiadi, allenamenti serrati per la sannita Pasquino","og_description":"Benevento &#8211;&nbsp;Tra un mese, dal 24 agosto al 5 settembre, si svolgeranno le Paralimpiadi di Tokyo2020. La delegazione italiana che vi prender\u00e0 parte sar\u00e0 la pi\u00f9 numerosa di sempre. Gli azzurri impegnati nella rassegna giapponese saranno infatti 113, con una maggioranza femminile per la prima volta: partiranno infatti 61 atlete e 52 atleti, suddivisi in [&hellip;]","og_url":"https:\/\/www.anteprima24.it\/archivio\/benevento\/paralimpiadi-allenamenti-pasquino\/","og_site_name":"Anteprima24.it","article_published_time":"2021-07-24T11:27:41+00:00","og_image":[{"width":1440,"height":1080,"url":"https:\/\/www.anteprima24.it\/archivio\/wp-content\/uploads\/2021\/07\/accademia-furno.jpg","type":"image\/jpeg"}],"author":"Redazione","twitter_card":"summary_large_image","twitter_misc":{"Scritto da":"Redazione","Tempo di lettura stimato":"1 minuto"},"schema":{"@context":"https:\/\/schema.org","@graph":[{"@type":"Article","@id":"https:\/\/www.anteprima24.it\/archivio\/benevento\/paralimpiadi-allenamenti-pasquino\/#article","isPartOf":{"@id":"https:\/\/www.anteprima24.it\/archivio\/benevento\/paralimpiadi-allenamenti-pasquino\/"},"author":{"name":"Redazione","@id":"https:\/\/www.anteprima24.it\/archivio\/#\/schema\/person\/82cb05184ce534850be490e88d61c793"},"headline":"Paralimpiadi, allenamenti serrati per la sannita Pasquino","datePublished":"2021-07-24T11:27:41+00:00","mainEntityOfPage":{"@id":"https:\/\/www.anteprima24.it\/archivio\/benevento\/paralimpiadi-allenamenti-pasquino\/"},"wordCount":219,"commentCount":0,"image":{"@id":"https:\/\/www.anteprima24.it\/archivio\/benevento\/paralimpiadi-allenamenti-pasquino\/#primaryimage"},"thumbnailUrl":"https:\/\/www.anteprima24.it\/archivio\/wp-content\/uploads\/2021\/07\/accademia-furno.jpg","keywords":["Allenamenti","boscarelli","dino meglio","Paralimpiadi","pasquino","sannita","Tokyo 2020"],"articleSection":["Altri Sport Benevento","Benevento","Sport Benevento"],"inLanguage":"it-IT","potentialAction":[{"@type":"CommentAction","name":"Comment","target":["https:\/\/www.anteprima24.it\/archivio\/benevento\/paralimpiadi-allenamenti-pasquino\/#respond"]}]},{"@type":"WebPage","@id":"https:\/\/www.anteprima24.it\/archivio\/benevento\/paralimpiadi-allenamenti-pasquino\/","url":"https:\/\/www.anteprima24.it\/archivio\/benevento\/paralimpiadi-allenamenti-pasquino\/","name":"Paralimpiadi, allenamenti serrati per la sannita Pasquino","isPartOf":{"@id":"https:\/\/www.anteprima24.it\/archivio\/#website"},"primaryImageOfPage":{"@id":"https:\/\/www.anteprima24.it\/archivio\/benevento\/paralimpiadi-allenamenti-pasquino\/#primaryimage"},"image":{"@id":"https:\/\/www.anteprima24.it\/archivio\/benevento\/paralimpiadi-allenamenti-pasquino\/#primaryimage"},"thumbnailUrl":"https:\/\/www.anteprima24.it\/archivio\/wp-content\/uploads\/2021\/07\/accademia-furno.jpg","datePublished":"2021-07-24T11:27:41+00:00","author":{"@id":"https:\/\/www.anteprima24.it\/archivio\/#\/schema\/person\/82cb05184ce534850be490e88d61c793"},"breadcrumb":{"@id":"https:\/\/www.anteprima24.it\/archivio\/benevento\/paralimpiadi-allenamenti-pasquino\/#breadcrumb"},"inLanguage":"it-IT","potentialAction":[{"@type":"ReadAction","target":["https:\/\/www.anteprima24.it\/archivio\/benevento\/paralimpiadi-allenamenti-pasquino\/"]}]},{"@type":"ImageObject","inLanguage":"it-IT","@id":"https:\/\/www.anteprima24.it\/archivio\/benevento\/paralimpiadi-allenamenti-pasquino\/#primaryimage","url":"https:\/\/www.anteprima24.it\/archivio\/wp-content\/uploads\/2021\/07\/accademia-furno.jpg","contentUrl":"https:\/\/www.anteprima24.it\/archivio\/wp-content\/uploads\/2021\/07\/accademia-furno.jpg","width":1440,"height":1080},{"@type":"BreadcrumbList","@id":"https:\/\/www.anteprima24.it\/archivio\/benevento\/paralimpiadi-allenamenti-pasquino\/#breadcrumb","itemListElement":[{"@type":"ListItem","position":1,"name":"Home","item":"https:\/\/www.anteprima24.it\/archivio\/"},{"@type":"ListItem","position":2,"name":"Paralimpiadi, allenamenti serrati per la sannita Pasquino"}]},{"@type":"WebSite","@id":"https:\/\/www.anteprima24.it\/archivio\/#website","url":"https:\/\/www.anteprima24.it\/archivio\/","name":"Anteprima24.it","description":"","potentialAction":[{"@type":"SearchAction","target":{"@type":"EntryPoint","urlTemplate":"https:\/\/www.anteprima24.it\/archivio\/?s={search_term_string}"},"query-input":{"@type":"PropertyValueSpecification","valueRequired":true,"valueName":"search_term_string"}}],"inLanguage":"it-IT"},{"@type":"Person","@id":"https:\/\/www.anteprima24.it\/archivio\/#\/schema\/person\/82cb05184ce534850be490e88d61c793","name":"Redazione","image":{"@type":"ImageObject","inLanguage":"it-IT","@id":"https:\/\/www.anteprima24.it\/archivio\/#\/schema\/person\/image\/","url":"https:\/\/secure.gravatar.com\/avatar\/7b3d8f1c4b28bc2839d55e726cab88bfcfbc47e9a2e00ac362599ab1a5deaa44?s=96&d=mm&r=g","contentUrl":"https:\/\/secure.gravatar.com\/avatar\/7b3d8f1c4b28bc2839d55e726cab88bfcfbc47e9a2e00ac362599ab1a5deaa44?s=96&d=mm&r=g","caption":"Redazione"},"url":"https:\/\/www.anteprima24.it\/archivio\/author\/redazione\/"}]}},"_links":{"self":[{"href":"https:\/\/www.anteprima24.it\/archivio\/wp-json\/wp\/v2\/posts\/637881","targetHints":{"allow":["GET"]}}],"collection":[{"href":"https:\/\/www.anteprima24.it\/archivio\/wp-json\/wp\/v2\/posts"}],"about":[{"href":"https:\/\/www.anteprima24.it\/archivio\/wp-json\/wp\/v2\/types\/post"}],"author":[{"embeddable":true,"href":"https:\/\/www.anteprima24.it\/archivio\/wp-json\/wp\/v2\/users\/18"}],"replies":[{"embeddable":true,"href":"https:\/\/www.anteprima24.it\/archivio\/wp-json\/wp\/v2\/comments?post=637881"}],"version-history":[{"count":0,"href":"https:\/\/www.anteprima24.it\/archivio\/wp-json\/wp\/v2\/posts\/637881\/revisions"}],"wp:featuredmedia":[{"embeddable":true,"href":"https:\/\/www.anteprima24.it\/archivio\/wp-json\/wp\/v2\/media\/637882"}],"wp:attachment":[{"href":"https:\/\/www.anteprima24.it\/archivio\/wp-json\/wp\/v2\/media?parent=637881"}],"wp:term":[{"taxonomy":"category","embeddable":true,"href":"https:\/\/www.anteprima24.it\/archivio\/wp-json\/wp\/v2\/categories?post=637881"},{"taxonomy":"post_tag","embeddable":true,"href":"https:\/\/www.anteprima24.it\/archivio\/wp-json\/wp\/v2\/tags?post=637881"}],"curies":[{"name":"wp","href":"https:\/\/api.w.org\/{rel}","templated":true}]}}