{"id":643769,"date":"2021-08-14T08:19:17","date_gmt":"2021-08-14T06:19:17","guid":{"rendered":"https:\/\/www.anteprima24.it\/?p=643769"},"modified":"2021-08-14T08:19:17","modified_gmt":"2021-08-14T06:19:17","slug":"annuncio-conte-m5s","status":"publish","type":"post","link":"https:\/\/www.anteprima24.it\/archivio\/benevento\/annuncio-conte-m5s\/","title":{"rendered":"L&#8217;annuncio di Giuseppe Conte: il M5S non parteciper\u00e0 alle elezioni a Benevento"},"content":{"rendered":"<span class=\"span-reading-time rt-reading-time\" style=\"display: block;\"><span class=\"rt-label rt-prefix\">Tempo di lettura: <\/span> <span class=\"rt-time\"> 2<\/span> <span class=\"rt-label rt-postfix\">minuti<\/span><\/span><p style=\"text-align: justify;\">Benevento &#8211;&nbsp;Il dado \u00e8 tratto: il <strong>Movimento Cinque Stelle<\/strong> non parteciper\u00e0 alle elezioni comunali di <strong>Benevento<\/strong>. Che significa: nessun sostegno a Luigi Diego <strong>Perifano<\/strong>, come pure era stato annunciato lo scorso 17 luglio ma neanche &#8216;corsa in solitaria&#8217;. Semplicemente, i grillini non parteciperanno alla contesa elettorale. Ad annunciarlo \u00e8 il nuovo leader dei pentastellati Giuseppe <strong>Conte<\/strong>. L&#8217;ex presidente del Consiglio ha infatti diramato una nota in cui motiva la decisione con la necessit\u00e0 di convogliare tutte le energie nella riorganizzazione del movimento sul territorio. Scrive Conte: &#8220;<em>Il Movimento 5 Stelle non parteciper\u00e0 alle elezioni comunali di Benevento, previste il 3 e 4 ottobre prossimi. Una decisione sicuramente sofferta, nata a seguito di un confronto costante e diretto con gli eletti del territorio e gli attivisti, ai quali ho chiesto, pur consapevole dell\u2019importante lavoro svolto in questi mesi, di investire tutte le energie disponibili per lavorare insieme alla riorganizzazione, anche territoriale, del Movimento 5 Stelle.<\/em><\/p>\n<p style=\"text-align: justify;\"><em>La costruzione di una struttura territoriale solida, attiva e soprattutto partecipata \u00e8 un&#8217;attivit\u00e0 che in questo momento richiede la massima attenzione e dedizione da parte di tutti.<\/em><\/p>\n<p style=\"text-align: justify;\"><em>L&#8217;ho detto pi\u00f9 volte e lo ribadisco con convinzione: i territori devono essere l&#8217;anima del nuovo Movimento 5 Stelle, la risorsa principale su cui investire. Ma per far questo \u00e8 necessario dare loro gli strumenti utili a definire i processi politici e ad elaborare percorsi virtuosi nella definizione della nostra rappresentanza nelle Istituzioni.<\/em><\/p>\n<p style=\"text-align: justify;\"><em>\u00c8 questo il modo migliore per ripartire con sempre maggiore forza, determinazione e compattezza&#8221;.<\/em><\/p>\n","protected":false},"excerpt":{"rendered":"<p>Benevento &#8211;&nbsp;Il dado \u00e8 tratto: il Movimento Cinque Stelle non parteciper\u00e0 alle elezioni comunali di Benevento. Che significa: nessun sostegno a Luigi Diego Perifano, come pure era stato annunciato lo scorso 17 luglio ma neanche &#8216;corsa in solitaria&#8217;. Semplicemente, i grillini non parteciperanno alla contesa elettorale. Ad annunciarlo \u00e8 il nuovo leader dei pentastellati Giuseppe [&hellip;]<\/p>\n","protected":false},"author":19,"featured_media":624666,"comment_status":"open","ping_status":"open","sticky":false,"template":"","format":"standard","meta":{"_monsterinsights_skip_tracking":false,"_monsterinsights_sitenote_active":false,"_monsterinsights_sitenote_note":"","_monsterinsights_sitenote_category":0,"ngg_post_thumbnail":0,"footnotes":""},"categories":[2,1375,272,789,787,271],"tags":[2064,40,8265,653,918,33308],"class_list":{"0":"post-643769","1":"post","2":"type-post","3":"status-publish","4":"format-standard","5":"has-post-thumbnail","7":"category-benevento","8":"category-politica-benevento","9":"category-politica","10":"category-primo-piano-benevento","11":"category-primo-piano-regione","12":"category-regione","13":"tag-annuncio","14":"tag-benevento","15":"tag-conte","16":"tag-elezioni","17":"tag-movimento-cinque-stelle","18":"tag-perifano"},"yoast_head":"<!-- This site is optimized with the Yoast SEO plugin v26.8 - https:\/\/yoast.com\/product\/yoast-seo-wordpress\/ -->\n<title>L&#039;annuncio di Giuseppe Conte: il M5S non parteciper\u00e0 alle elezioni a Benevento<\/title>\n<meta name=\"robots\" content=\"index, follow, max-snippet:-1, max-image-preview:large, max-video-preview:-1\" \/>\n<link rel=\"canonical\" href=\"https:\/\/www.anteprima24.it\/archivio\/benevento\/annuncio-conte-m5s\/\" \/>\n<meta property=\"og:locale\" content=\"it_IT\" \/>\n<meta property=\"og:type\" content=\"article\" \/>\n<meta property=\"og:title\" content=\"L&#039;annuncio di Giuseppe Conte: il M5S non parteciper\u00e0 alle elezioni a Benevento\" \/>\n<meta property=\"og:description\" content=\"Benevento &#8211;&nbsp;Il dado \u00e8 tratto: il Movimento Cinque Stelle non parteciper\u00e0 alle elezioni comunali di Benevento. Che significa: nessun sostegno a Luigi Diego Perifano, come pure era stato annunciato lo scorso 17 luglio ma neanche &#8216;corsa in solitaria&#8217;. Semplicemente, i grillini non parteciperanno alla contesa elettorale. Ad annunciarlo \u00e8 il nuovo leader dei pentastellati Giuseppe [&hellip;]\" \/>\n<meta property=\"og:url\" content=\"https:\/\/www.anteprima24.it\/archivio\/benevento\/annuncio-conte-m5s\/\" \/>\n<meta property=\"og:site_name\" content=\"Anteprima24.it\" \/>\n<meta property=\"article:published_time\" content=\"2021-08-14T06:19:17+00:00\" \/>\n<meta property=\"og:image\" content=\"https:\/\/www.anteprima24.it\/archivio\/wp-content\/uploads\/2021\/06\/copertina-conte-perifano.jpg\" \/>\n\t<meta property=\"og:image:width\" content=\"381\" \/>\n\t<meta property=\"og:image:height\" content=\"244\" \/>\n\t<meta property=\"og:image:type\" content=\"image\/jpeg\" \/>\n<meta name=\"author\" content=\"Antonio Corbo\" \/>\n<meta name=\"twitter:card\" content=\"summary_large_image\" \/>\n<meta name=\"twitter:label1\" content=\"Scritto da\" \/>\n\t<meta name=\"twitter:data1\" content=\"Antonio Corbo\" \/>\n\t<meta name=\"twitter:label2\" content=\"Tempo di lettura stimato\" \/>\n\t<meta name=\"twitter:data2\" content=\"1 minuto\" \/>\n<script type=\"application\/ld+json\" class=\"yoast-schema-graph\">{\"@context\":\"https:\/\/schema.org\",\"@graph\":[{\"@type\":\"Article\",\"@id\":\"https:\/\/www.anteprima24.it\/archivio\/benevento\/annuncio-conte-m5s\/#article\",\"isPartOf\":{\"@id\":\"https:\/\/www.anteprima24.it\/archivio\/benevento\/annuncio-conte-m5s\/\"},\"author\":{\"name\":\"Antonio Corbo\",\"@id\":\"https:\/\/www.anteprima24.it\/archivio\/#\/schema\/person\/07e04b73b7c116c79ec12cf3dc8ef618\"},\"headline\":\"L&#8217;annuncio di Giuseppe Conte: il M5S non parteciper\u00e0 alle elezioni a Benevento\",\"datePublished\":\"2021-08-14T06:19:17+00:00\",\"mainEntityOfPage\":{\"@id\":\"https:\/\/www.anteprima24.it\/archivio\/benevento\/annuncio-conte-m5s\/\"},\"wordCount\":258,\"commentCount\":0,\"image\":{\"@id\":\"https:\/\/www.anteprima24.it\/archivio\/benevento\/annuncio-conte-m5s\/#primaryimage\"},\"thumbnailUrl\":\"https:\/\/www.anteprima24.it\/archivio\/wp-content\/uploads\/2021\/06\/copertina-conte-perifano.jpg\",\"keywords\":[\"Annuncio\",\"Benevento\",\"Conte\",\"Elezioni\",\"Movimento cinque stelle\",\"Perifano\"],\"articleSection\":[\"Benevento\",\"Politica Benevento\",\"Politica Regione\",\"Primo Piano Benevento\",\"Primo Piano Regione\",\"Regione\"],\"inLanguage\":\"it-IT\",\"potentialAction\":[{\"@type\":\"CommentAction\",\"name\":\"Comment\",\"target\":[\"https:\/\/www.anteprima24.it\/archivio\/benevento\/annuncio-conte-m5s\/#respond\"]}]},{\"@type\":\"WebPage\",\"@id\":\"https:\/\/www.anteprima24.it\/archivio\/benevento\/annuncio-conte-m5s\/\",\"url\":\"https:\/\/www.anteprima24.it\/archivio\/benevento\/annuncio-conte-m5s\/\",\"name\":\"L'annuncio di Giuseppe Conte: il M5S non parteciper\u00e0 alle elezioni a Benevento\",\"isPartOf\":{\"@id\":\"https:\/\/www.anteprima24.it\/archivio\/#website\"},\"primaryImageOfPage\":{\"@id\":\"https:\/\/www.anteprima24.it\/archivio\/benevento\/annuncio-conte-m5s\/#primaryimage\"},\"image\":{\"@id\":\"https:\/\/www.anteprima24.it\/archivio\/benevento\/annuncio-conte-m5s\/#primaryimage\"},\"thumbnailUrl\":\"https:\/\/www.anteprima24.it\/archivio\/wp-content\/uploads\/2021\/06\/copertina-conte-perifano.jpg\",\"datePublished\":\"2021-08-14T06:19:17+00:00\",\"author\":{\"@id\":\"https:\/\/www.anteprima24.it\/archivio\/#\/schema\/person\/07e04b73b7c116c79ec12cf3dc8ef618\"},\"breadcrumb\":{\"@id\":\"https:\/\/www.anteprima24.it\/archivio\/benevento\/annuncio-conte-m5s\/#breadcrumb\"},\"inLanguage\":\"it-IT\",\"potentialAction\":[{\"@type\":\"ReadAction\",\"target\":[\"https:\/\/www.anteprima24.it\/archivio\/benevento\/annuncio-conte-m5s\/\"]}]},{\"@type\":\"ImageObject\",\"inLanguage\":\"it-IT\",\"@id\":\"https:\/\/www.anteprima24.it\/archivio\/benevento\/annuncio-conte-m5s\/#primaryimage\",\"url\":\"https:\/\/www.anteprima24.it\/archivio\/wp-content\/uploads\/2021\/06\/copertina-conte-perifano.jpg\",\"contentUrl\":\"https:\/\/www.anteprima24.it\/archivio\/wp-content\/uploads\/2021\/06\/copertina-conte-perifano.jpg\",\"width\":381,\"height\":244},{\"@type\":\"BreadcrumbList\",\"@id\":\"https:\/\/www.anteprima24.it\/archivio\/benevento\/annuncio-conte-m5s\/#breadcrumb\",\"itemListElement\":[{\"@type\":\"ListItem\",\"position\":1,\"name\":\"Home\",\"item\":\"https:\/\/www.anteprima24.it\/archivio\/\"},{\"@type\":\"ListItem\",\"position\":2,\"name\":\"L&#8217;annuncio di Giuseppe Conte: il M5S non parteciper\u00e0 alle elezioni a Benevento\"}]},{\"@type\":\"WebSite\",\"@id\":\"https:\/\/www.anteprima24.it\/archivio\/#website\",\"url\":\"https:\/\/www.anteprima24.it\/archivio\/\",\"name\":\"Anteprima24.it\",\"description\":\"\",\"potentialAction\":[{\"@type\":\"SearchAction\",\"target\":{\"@type\":\"EntryPoint\",\"urlTemplate\":\"https:\/\/www.anteprima24.it\/archivio\/?s={search_term_string}\"},\"query-input\":{\"@type\":\"PropertyValueSpecification\",\"valueRequired\":true,\"valueName\":\"search_term_string\"}}],\"inLanguage\":\"it-IT\"},{\"@type\":\"Person\",\"@id\":\"https:\/\/www.anteprima24.it\/archivio\/#\/schema\/person\/07e04b73b7c116c79ec12cf3dc8ef618\",\"name\":\"Antonio Corbo\",\"image\":{\"@type\":\"ImageObject\",\"inLanguage\":\"it-IT\",\"@id\":\"https:\/\/www.anteprima24.it\/archivio\/#\/schema\/person\/image\/\",\"url\":\"https:\/\/secure.gravatar.com\/avatar\/5037141d2b5caa3eee42644f6a67c08a1d5339b9c46f9531ac907505d2c8efed?s=96&d=mm&r=g\",\"contentUrl\":\"https:\/\/secure.gravatar.com\/avatar\/5037141d2b5caa3eee42644f6a67c08a1d5339b9c46f9531ac907505d2c8efed?s=96&d=mm&r=g\",\"caption\":\"Antonio Corbo\"},\"url\":\"https:\/\/www.anteprima24.it\/archivio\/author\/antoniocorbo\/\"}]}<\/script>\n<!-- \/ Yoast SEO plugin. -->","yoast_head_json":{"title":"L'annuncio di Giuseppe Conte: il M5S non parteciper\u00e0 alle elezioni a Benevento","robots":{"index":"index","follow":"follow","max-snippet":"max-snippet:-1","max-image-preview":"max-image-preview:large","max-video-preview":"max-video-preview:-1"},"canonical":"https:\/\/www.anteprima24.it\/archivio\/benevento\/annuncio-conte-m5s\/","og_locale":"it_IT","og_type":"article","og_title":"L'annuncio di Giuseppe Conte: il M5S non parteciper\u00e0 alle elezioni a Benevento","og_description":"Benevento &#8211;&nbsp;Il dado \u00e8 tratto: il Movimento Cinque Stelle non parteciper\u00e0 alle elezioni comunali di Benevento. Che significa: nessun sostegno a Luigi Diego Perifano, come pure era stato annunciato lo scorso 17 luglio ma neanche &#8216;corsa in solitaria&#8217;. Semplicemente, i grillini non parteciperanno alla contesa elettorale. Ad annunciarlo \u00e8 il nuovo leader dei pentastellati Giuseppe [&hellip;]","og_url":"https:\/\/www.anteprima24.it\/archivio\/benevento\/annuncio-conte-m5s\/","og_site_name":"Anteprima24.it","article_published_time":"2021-08-14T06:19:17+00:00","og_image":[{"width":381,"height":244,"url":"https:\/\/www.anteprima24.it\/archivio\/wp-content\/uploads\/2021\/06\/copertina-conte-perifano.jpg","type":"image\/jpeg"}],"author":"Antonio Corbo","twitter_card":"summary_large_image","twitter_misc":{"Scritto da":"Antonio Corbo","Tempo di lettura stimato":"1 minuto"},"schema":{"@context":"https:\/\/schema.org","@graph":[{"@type":"Article","@id":"https:\/\/www.anteprima24.it\/archivio\/benevento\/annuncio-conte-m5s\/#article","isPartOf":{"@id":"https:\/\/www.anteprima24.it\/archivio\/benevento\/annuncio-conte-m5s\/"},"author":{"name":"Antonio Corbo","@id":"https:\/\/www.anteprima24.it\/archivio\/#\/schema\/person\/07e04b73b7c116c79ec12cf3dc8ef618"},"headline":"L&#8217;annuncio di Giuseppe Conte: il M5S non parteciper\u00e0 alle elezioni a Benevento","datePublished":"2021-08-14T06:19:17+00:00","mainEntityOfPage":{"@id":"https:\/\/www.anteprima24.it\/archivio\/benevento\/annuncio-conte-m5s\/"},"wordCount":258,"commentCount":0,"image":{"@id":"https:\/\/www.anteprima24.it\/archivio\/benevento\/annuncio-conte-m5s\/#primaryimage"},"thumbnailUrl":"https:\/\/www.anteprima24.it\/archivio\/wp-content\/uploads\/2021\/06\/copertina-conte-perifano.jpg","keywords":["Annuncio","Benevento","Conte","Elezioni","Movimento cinque stelle","Perifano"],"articleSection":["Benevento","Politica Benevento","Politica Regione","Primo Piano Benevento","Primo Piano Regione","Regione"],"inLanguage":"it-IT","potentialAction":[{"@type":"CommentAction","name":"Comment","target":["https:\/\/www.anteprima24.it\/archivio\/benevento\/annuncio-conte-m5s\/#respond"]}]},{"@type":"WebPage","@id":"https:\/\/www.anteprima24.it\/archivio\/benevento\/annuncio-conte-m5s\/","url":"https:\/\/www.anteprima24.it\/archivio\/benevento\/annuncio-conte-m5s\/","name":"L'annuncio di Giuseppe Conte: il M5S non parteciper\u00e0 alle elezioni a Benevento","isPartOf":{"@id":"https:\/\/www.anteprima24.it\/archivio\/#website"},"primaryImageOfPage":{"@id":"https:\/\/www.anteprima24.it\/archivio\/benevento\/annuncio-conte-m5s\/#primaryimage"},"image":{"@id":"https:\/\/www.anteprima24.it\/archivio\/benevento\/annuncio-conte-m5s\/#primaryimage"},"thumbnailUrl":"https:\/\/www.anteprima24.it\/archivio\/wp-content\/uploads\/2021\/06\/copertina-conte-perifano.jpg","datePublished":"2021-08-14T06:19:17+00:00","author":{"@id":"https:\/\/www.anteprima24.it\/archivio\/#\/schema\/person\/07e04b73b7c116c79ec12cf3dc8ef618"},"breadcrumb":{"@id":"https:\/\/www.anteprima24.it\/archivio\/benevento\/annuncio-conte-m5s\/#breadcrumb"},"inLanguage":"it-IT","potentialAction":[{"@type":"ReadAction","target":["https:\/\/www.anteprima24.it\/archivio\/benevento\/annuncio-conte-m5s\/"]}]},{"@type":"ImageObject","inLanguage":"it-IT","@id":"https:\/\/www.anteprima24.it\/archivio\/benevento\/annuncio-conte-m5s\/#primaryimage","url":"https:\/\/www.anteprima24.it\/archivio\/wp-content\/uploads\/2021\/06\/copertina-conte-perifano.jpg","contentUrl":"https:\/\/www.anteprima24.it\/archivio\/wp-content\/uploads\/2021\/06\/copertina-conte-perifano.jpg","width":381,"height":244},{"@type":"BreadcrumbList","@id":"https:\/\/www.anteprima24.it\/archivio\/benevento\/annuncio-conte-m5s\/#breadcrumb","itemListElement":[{"@type":"ListItem","position":1,"name":"Home","item":"https:\/\/www.anteprima24.it\/archivio\/"},{"@type":"ListItem","position":2,"name":"L&#8217;annuncio di Giuseppe Conte: il M5S non parteciper\u00e0 alle elezioni a Benevento"}]},{"@type":"WebSite","@id":"https:\/\/www.anteprima24.it\/archivio\/#website","url":"https:\/\/www.anteprima24.it\/archivio\/","name":"Anteprima24.it","description":"","potentialAction":[{"@type":"SearchAction","target":{"@type":"EntryPoint","urlTemplate":"https:\/\/www.anteprima24.it\/archivio\/?s={search_term_string}"},"query-input":{"@type":"PropertyValueSpecification","valueRequired":true,"valueName":"search_term_string"}}],"inLanguage":"it-IT"},{"@type":"Person","@id":"https:\/\/www.anteprima24.it\/archivio\/#\/schema\/person\/07e04b73b7c116c79ec12cf3dc8ef618","name":"Antonio Corbo","image":{"@type":"ImageObject","inLanguage":"it-IT","@id":"https:\/\/www.anteprima24.it\/archivio\/#\/schema\/person\/image\/","url":"https:\/\/secure.gravatar.com\/avatar\/5037141d2b5caa3eee42644f6a67c08a1d5339b9c46f9531ac907505d2c8efed?s=96&d=mm&r=g","contentUrl":"https:\/\/secure.gravatar.com\/avatar\/5037141d2b5caa3eee42644f6a67c08a1d5339b9c46f9531ac907505d2c8efed?s=96&d=mm&r=g","caption":"Antonio Corbo"},"url":"https:\/\/www.anteprima24.it\/archivio\/author\/antoniocorbo\/"}]}},"_links":{"self":[{"href":"https:\/\/www.anteprima24.it\/archivio\/wp-json\/wp\/v2\/posts\/643769","targetHints":{"allow":["GET"]}}],"collection":[{"href":"https:\/\/www.anteprima24.it\/archivio\/wp-json\/wp\/v2\/posts"}],"about":[{"href":"https:\/\/www.anteprima24.it\/archivio\/wp-json\/wp\/v2\/types\/post"}],"author":[{"embeddable":true,"href":"https:\/\/www.anteprima24.it\/archivio\/wp-json\/wp\/v2\/users\/19"}],"replies":[{"embeddable":true,"href":"https:\/\/www.anteprima24.it\/archivio\/wp-json\/wp\/v2\/comments?post=643769"}],"version-history":[{"count":0,"href":"https:\/\/www.anteprima24.it\/archivio\/wp-json\/wp\/v2\/posts\/643769\/revisions"}],"wp:featuredmedia":[{"embeddable":true,"href":"https:\/\/www.anteprima24.it\/archivio\/wp-json\/wp\/v2\/media\/624666"}],"wp:attachment":[{"href":"https:\/\/www.anteprima24.it\/archivio\/wp-json\/wp\/v2\/media?parent=643769"}],"wp:term":[{"taxonomy":"category","embeddable":true,"href":"https:\/\/www.anteprima24.it\/archivio\/wp-json\/wp\/v2\/categories?post=643769"},{"taxonomy":"post_tag","embeddable":true,"href":"https:\/\/www.anteprima24.it\/archivio\/wp-json\/wp\/v2\/tags?post=643769"}],"curies":[{"name":"wp","href":"https:\/\/api.w.org\/{rel}","templated":true}]}}