{"id":667048,"date":"2021-10-29T17:16:11","date_gmt":"2021-10-29T15:16:11","guid":{"rendered":"https:\/\/www.anteprima24.it\/?p=667048"},"modified":"2021-10-29T17:16:11","modified_gmt":"2021-10-29T15:16:11","slug":"benevento-cancello-pd-sannita","status":"publish","type":"post","link":"https:\/\/www.anteprima24.it\/archivio\/benevento\/benevento-cancello-pd-sannita\/","title":{"rendered":"Benevento-Cancello, il Pd sannita: &#8220;Cosa \u00e8 cambiato in breve periodo?&#8221;"},"content":{"rendered":"<span class=\"span-reading-time rt-reading-time\" style=\"display: block;\"><span class=\"rt-label rt-prefix\">Tempo di lettura: <\/span> <span class=\"rt-time\"> 2<\/span> <span class=\"rt-label rt-postfix\">minuti<\/span><\/span><p style=\"text-align: justify;\">Benevento &#8211; Riceviamo e pubblichiamo la nota stampa del <strong>Gruppo Consiliare Partito Democratico<\/strong>, a firma di Floriana <strong>Fioretti<\/strong>, Raffaele <strong>De Longis<\/strong>, Marialetizia <strong>Varricchio<\/strong> e Giovanni <strong>De Lorenzo<\/strong>.<\/p>\n<p style=\"text-align: justify;\">&#8220;La campagna elettorale \u00e8 finita, ma non sembra essersi conclusa la propaganda mediatica sulla riapertura della linea Benevento-Cancello. Solo il 15 ottobre scorso venivano date ampie rassicurazioni in riferimento al paventato trasferimento dei lavoratori dell\u2019azienda EAV fuori provincia, grazie alle presunte interlocuzioni del Sindaco con l\u2019amministratore delegato EAV, Umberto De Gregorio.<br \/>\nEppure sembra che qualcosa sia cambiato nel giro di poco tempo, visto che l\u2019azienda, durante l&#8217;incontro avuto con le parti sociali, ha comunicato l\u2019interesse di trasferire su altre linee delle maestranze locali impiegate sulla linea Benevento-Cancello. A questo punto ci chiediamo cosa sia cambiato in questo cos\u00ec breve periodo!<br \/>\nI lavori che interesseranno la tratta sono definiti e noti da molto tempo sia per quanto attiene l\u2019investimento da parte della Regione Campania, sia per gli interventi previsti con il PNRR. E\u2019 per questo fondamentale abbandonare la retorica e fare sinergia con tutte le istituzioni e le parti sociali, cos\u00ec come gi\u00e0 proposto da Luigi Diego Perifano, affinch\u00e9 si possano alleggerire il pi\u00f9 possibile i disagi connessi alla sospensione della tratta. I lavoratori residenti, come chiesto dai sindacati, potrebbero essere inseriti in percorsi di formazione e di servizi collegati all\u2019utenza. Occorre fare chiarezza al riguardo e assumere iniziative concrete per dare un contributo risolutivo alle criticit\u00e0 evidenziate dalle Segreterie Provinciali di Filt cgil, Uil trasporti, UGLAT. Un confronto con l\u2019azienda, le parti sociali e le rappresentanze istituzionali \u00e8 l\u2019unico strumento per affrontare nel merito le questioni ed alleviare il pi\u00f9 possibile le problematiche inevitabilmente collegate ad un intervento cos\u00ec importante&#8221;.<\/p>\n","protected":false},"excerpt":{"rendered":"<p>Benevento &#8211; Riceviamo e pubblichiamo la nota stampa del Gruppo Consiliare Partito Democratico, a firma di Floriana Fioretti, Raffaele De Longis, Marialetizia Varricchio e Giovanni De Lorenzo. &#8220;La campagna elettorale \u00e8 finita, ma non sembra essersi conclusa la propaganda mediatica sulla riapertura della linea Benevento-Cancello. Solo il 15 ottobre scorso venivano date ampie rassicurazioni in [&hellip;]<\/p>\n","protected":false},"author":18,"featured_media":666448,"comment_status":"open","ping_status":"open","sticky":false,"template":"","format":"standard","meta":{"_monsterinsights_skip_tracking":false,"_monsterinsights_sitenote_active":false,"_monsterinsights_sitenote_note":"","_monsterinsights_sitenote_category":0,"ngg_post_thumbnail":0,"footnotes":""},"categories":[2,1375],"tags":[40,2419,54182,866,9019,71055,3486,45,1826],"class_list":{"0":"post-667048","1":"post","2":"type-post","3":"status-publish","4":"format-standard","5":"has-post-thumbnail","7":"category-benevento","8":"category-politica-benevento","9":"tag-benevento","10":"tag-cancello","11":"tag-de-longis","12":"tag-de-lorenzo","13":"tag-fioretti","14":"tag-gruppo-consiliare-partito-democratico","15":"tag-partito-democratico","16":"tag-pd","17":"tag-varricchio"},"yoast_head":"<!-- This site is optimized with the Yoast SEO plugin v26.8 - https:\/\/yoast.com\/product\/yoast-seo-wordpress\/ -->\n<title>Benevento-Cancello, il Pd sannita: &quot;Cosa \u00e8 cambiato in breve periodo?&quot;<\/title>\n<meta name=\"robots\" content=\"index, follow, max-snippet:-1, max-image-preview:large, max-video-preview:-1\" \/>\n<link rel=\"canonical\" href=\"https:\/\/www.anteprima24.it\/archivio\/benevento\/benevento-cancello-pd-sannita\/\" \/>\n<meta property=\"og:locale\" content=\"it_IT\" \/>\n<meta property=\"og:type\" content=\"article\" \/>\n<meta property=\"og:title\" content=\"Benevento-Cancello, il Pd sannita: &quot;Cosa \u00e8 cambiato in breve periodo?&quot;\" \/>\n<meta property=\"og:description\" content=\"Benevento &#8211; Riceviamo e pubblichiamo la nota stampa del Gruppo Consiliare Partito Democratico, a firma di Floriana Fioretti, Raffaele De Longis, Marialetizia Varricchio e Giovanni De Lorenzo. &#8220;La campagna elettorale \u00e8 finita, ma non sembra essersi conclusa la propaganda mediatica sulla riapertura della linea Benevento-Cancello. Solo il 15 ottobre scorso venivano date ampie rassicurazioni in [&hellip;]\" \/>\n<meta property=\"og:url\" content=\"https:\/\/www.anteprima24.it\/archivio\/benevento\/benevento-cancello-pd-sannita\/\" \/>\n<meta property=\"og:site_name\" content=\"Anteprima24.it\" \/>\n<meta property=\"article:published_time\" content=\"2021-10-29T15:16:11+00:00\" \/>\n<meta property=\"og:image\" content=\"https:\/\/www.anteprima24.it\/archivio\/wp-content\/uploads\/2021\/10\/consiglieri-comunali-pd-benevento.jpg\" \/>\n\t<meta property=\"og:image:width\" content=\"720\" \/>\n\t<meta property=\"og:image:height\" content=\"480\" \/>\n\t<meta property=\"og:image:type\" content=\"image\/jpeg\" \/>\n<meta name=\"author\" content=\"Redazione\" \/>\n<meta name=\"twitter:card\" content=\"summary_large_image\" \/>\n<meta name=\"twitter:label1\" content=\"Scritto da\" \/>\n\t<meta name=\"twitter:data1\" content=\"Redazione\" \/>\n\t<meta name=\"twitter:label2\" content=\"Tempo di lettura stimato\" \/>\n\t<meta name=\"twitter:data2\" content=\"1 minuto\" \/>\n<script type=\"application\/ld+json\" class=\"yoast-schema-graph\">{\"@context\":\"https:\/\/schema.org\",\"@graph\":[{\"@type\":\"Article\",\"@id\":\"https:\/\/www.anteprima24.it\/archivio\/benevento\/benevento-cancello-pd-sannita\/#article\",\"isPartOf\":{\"@id\":\"https:\/\/www.anteprima24.it\/archivio\/benevento\/benevento-cancello-pd-sannita\/\"},\"author\":{\"name\":\"Redazione\",\"@id\":\"https:\/\/www.anteprima24.it\/archivio\/#\/schema\/person\/82cb05184ce534850be490e88d61c793\"},\"headline\":\"Benevento-Cancello, il Pd sannita: &#8220;Cosa \u00e8 cambiato in breve periodo?&#8221;\",\"datePublished\":\"2021-10-29T15:16:11+00:00\",\"mainEntityOfPage\":{\"@id\":\"https:\/\/www.anteprima24.it\/archivio\/benevento\/benevento-cancello-pd-sannita\/\"},\"wordCount\":292,\"commentCount\":0,\"image\":{\"@id\":\"https:\/\/www.anteprima24.it\/archivio\/benevento\/benevento-cancello-pd-sannita\/#primaryimage\"},\"thumbnailUrl\":\"https:\/\/www.anteprima24.it\/archivio\/wp-content\/uploads\/2021\/10\/consiglieri-comunali-pd-benevento.jpg\",\"keywords\":[\"Benevento\",\"Cancello\",\"de longis\",\"De Lorenzo\",\"Fioretti\",\"Gruppo Consiliare Partito Democratico\",\"Partito democratico\",\"Pd\",\"Varricchio\"],\"articleSection\":[\"Benevento\",\"Politica Benevento\"],\"inLanguage\":\"it-IT\",\"potentialAction\":[{\"@type\":\"CommentAction\",\"name\":\"Comment\",\"target\":[\"https:\/\/www.anteprima24.it\/archivio\/benevento\/benevento-cancello-pd-sannita\/#respond\"]}]},{\"@type\":\"WebPage\",\"@id\":\"https:\/\/www.anteprima24.it\/archivio\/benevento\/benevento-cancello-pd-sannita\/\",\"url\":\"https:\/\/www.anteprima24.it\/archivio\/benevento\/benevento-cancello-pd-sannita\/\",\"name\":\"Benevento-Cancello, il Pd sannita: \\\"Cosa \u00e8 cambiato in breve periodo?\\\"\",\"isPartOf\":{\"@id\":\"https:\/\/www.anteprima24.it\/archivio\/#website\"},\"primaryImageOfPage\":{\"@id\":\"https:\/\/www.anteprima24.it\/archivio\/benevento\/benevento-cancello-pd-sannita\/#primaryimage\"},\"image\":{\"@id\":\"https:\/\/www.anteprima24.it\/archivio\/benevento\/benevento-cancello-pd-sannita\/#primaryimage\"},\"thumbnailUrl\":\"https:\/\/www.anteprima24.it\/archivio\/wp-content\/uploads\/2021\/10\/consiglieri-comunali-pd-benevento.jpg\",\"datePublished\":\"2021-10-29T15:16:11+00:00\",\"author\":{\"@id\":\"https:\/\/www.anteprima24.it\/archivio\/#\/schema\/person\/82cb05184ce534850be490e88d61c793\"},\"breadcrumb\":{\"@id\":\"https:\/\/www.anteprima24.it\/archivio\/benevento\/benevento-cancello-pd-sannita\/#breadcrumb\"},\"inLanguage\":\"it-IT\",\"potentialAction\":[{\"@type\":\"ReadAction\",\"target\":[\"https:\/\/www.anteprima24.it\/archivio\/benevento\/benevento-cancello-pd-sannita\/\"]}]},{\"@type\":\"ImageObject\",\"inLanguage\":\"it-IT\",\"@id\":\"https:\/\/www.anteprima24.it\/archivio\/benevento\/benevento-cancello-pd-sannita\/#primaryimage\",\"url\":\"https:\/\/www.anteprima24.it\/archivio\/wp-content\/uploads\/2021\/10\/consiglieri-comunali-pd-benevento.jpg\",\"contentUrl\":\"https:\/\/www.anteprima24.it\/archivio\/wp-content\/uploads\/2021\/10\/consiglieri-comunali-pd-benevento.jpg\",\"width\":720,\"height\":480},{\"@type\":\"BreadcrumbList\",\"@id\":\"https:\/\/www.anteprima24.it\/archivio\/benevento\/benevento-cancello-pd-sannita\/#breadcrumb\",\"itemListElement\":[{\"@type\":\"ListItem\",\"position\":1,\"name\":\"Home\",\"item\":\"https:\/\/www.anteprima24.it\/archivio\/\"},{\"@type\":\"ListItem\",\"position\":2,\"name\":\"Benevento-Cancello, il Pd sannita: &#8220;Cosa \u00e8 cambiato in breve periodo?&#8221;\"}]},{\"@type\":\"WebSite\",\"@id\":\"https:\/\/www.anteprima24.it\/archivio\/#website\",\"url\":\"https:\/\/www.anteprima24.it\/archivio\/\",\"name\":\"Anteprima24.it\",\"description\":\"\",\"potentialAction\":[{\"@type\":\"SearchAction\",\"target\":{\"@type\":\"EntryPoint\",\"urlTemplate\":\"https:\/\/www.anteprima24.it\/archivio\/?s={search_term_string}\"},\"query-input\":{\"@type\":\"PropertyValueSpecification\",\"valueRequired\":true,\"valueName\":\"search_term_string\"}}],\"inLanguage\":\"it-IT\"},{\"@type\":\"Person\",\"@id\":\"https:\/\/www.anteprima24.it\/archivio\/#\/schema\/person\/82cb05184ce534850be490e88d61c793\",\"name\":\"Redazione\",\"image\":{\"@type\":\"ImageObject\",\"inLanguage\":\"it-IT\",\"@id\":\"https:\/\/www.anteprima24.it\/archivio\/#\/schema\/person\/image\/\",\"url\":\"https:\/\/secure.gravatar.com\/avatar\/7b3d8f1c4b28bc2839d55e726cab88bfcfbc47e9a2e00ac362599ab1a5deaa44?s=96&d=mm&r=g\",\"contentUrl\":\"https:\/\/secure.gravatar.com\/avatar\/7b3d8f1c4b28bc2839d55e726cab88bfcfbc47e9a2e00ac362599ab1a5deaa44?s=96&d=mm&r=g\",\"caption\":\"Redazione\"},\"url\":\"https:\/\/www.anteprima24.it\/archivio\/author\/redazione\/\"}]}<\/script>\n<!-- \/ Yoast SEO plugin. -->","yoast_head_json":{"title":"Benevento-Cancello, il Pd sannita: \"Cosa \u00e8 cambiato in breve periodo?\"","robots":{"index":"index","follow":"follow","max-snippet":"max-snippet:-1","max-image-preview":"max-image-preview:large","max-video-preview":"max-video-preview:-1"},"canonical":"https:\/\/www.anteprima24.it\/archivio\/benevento\/benevento-cancello-pd-sannita\/","og_locale":"it_IT","og_type":"article","og_title":"Benevento-Cancello, il Pd sannita: \"Cosa \u00e8 cambiato in breve periodo?\"","og_description":"Benevento &#8211; Riceviamo e pubblichiamo la nota stampa del Gruppo Consiliare Partito Democratico, a firma di Floriana Fioretti, Raffaele De Longis, Marialetizia Varricchio e Giovanni De Lorenzo. &#8220;La campagna elettorale \u00e8 finita, ma non sembra essersi conclusa la propaganda mediatica sulla riapertura della linea Benevento-Cancello. Solo il 15 ottobre scorso venivano date ampie rassicurazioni in [&hellip;]","og_url":"https:\/\/www.anteprima24.it\/archivio\/benevento\/benevento-cancello-pd-sannita\/","og_site_name":"Anteprima24.it","article_published_time":"2021-10-29T15:16:11+00:00","og_image":[{"width":720,"height":480,"url":"https:\/\/www.anteprima24.it\/archivio\/wp-content\/uploads\/2021\/10\/consiglieri-comunali-pd-benevento.jpg","type":"image\/jpeg"}],"author":"Redazione","twitter_card":"summary_large_image","twitter_misc":{"Scritto da":"Redazione","Tempo di lettura stimato":"1 minuto"},"schema":{"@context":"https:\/\/schema.org","@graph":[{"@type":"Article","@id":"https:\/\/www.anteprima24.it\/archivio\/benevento\/benevento-cancello-pd-sannita\/#article","isPartOf":{"@id":"https:\/\/www.anteprima24.it\/archivio\/benevento\/benevento-cancello-pd-sannita\/"},"author":{"name":"Redazione","@id":"https:\/\/www.anteprima24.it\/archivio\/#\/schema\/person\/82cb05184ce534850be490e88d61c793"},"headline":"Benevento-Cancello, il Pd sannita: &#8220;Cosa \u00e8 cambiato in breve periodo?&#8221;","datePublished":"2021-10-29T15:16:11+00:00","mainEntityOfPage":{"@id":"https:\/\/www.anteprima24.it\/archivio\/benevento\/benevento-cancello-pd-sannita\/"},"wordCount":292,"commentCount":0,"image":{"@id":"https:\/\/www.anteprima24.it\/archivio\/benevento\/benevento-cancello-pd-sannita\/#primaryimage"},"thumbnailUrl":"https:\/\/www.anteprima24.it\/archivio\/wp-content\/uploads\/2021\/10\/consiglieri-comunali-pd-benevento.jpg","keywords":["Benevento","Cancello","de longis","De Lorenzo","Fioretti","Gruppo Consiliare Partito Democratico","Partito democratico","Pd","Varricchio"],"articleSection":["Benevento","Politica Benevento"],"inLanguage":"it-IT","potentialAction":[{"@type":"CommentAction","name":"Comment","target":["https:\/\/www.anteprima24.it\/archivio\/benevento\/benevento-cancello-pd-sannita\/#respond"]}]},{"@type":"WebPage","@id":"https:\/\/www.anteprima24.it\/archivio\/benevento\/benevento-cancello-pd-sannita\/","url":"https:\/\/www.anteprima24.it\/archivio\/benevento\/benevento-cancello-pd-sannita\/","name":"Benevento-Cancello, il Pd sannita: \"Cosa \u00e8 cambiato in breve periodo?\"","isPartOf":{"@id":"https:\/\/www.anteprima24.it\/archivio\/#website"},"primaryImageOfPage":{"@id":"https:\/\/www.anteprima24.it\/archivio\/benevento\/benevento-cancello-pd-sannita\/#primaryimage"},"image":{"@id":"https:\/\/www.anteprima24.it\/archivio\/benevento\/benevento-cancello-pd-sannita\/#primaryimage"},"thumbnailUrl":"https:\/\/www.anteprima24.it\/archivio\/wp-content\/uploads\/2021\/10\/consiglieri-comunali-pd-benevento.jpg","datePublished":"2021-10-29T15:16:11+00:00","author":{"@id":"https:\/\/www.anteprima24.it\/archivio\/#\/schema\/person\/82cb05184ce534850be490e88d61c793"},"breadcrumb":{"@id":"https:\/\/www.anteprima24.it\/archivio\/benevento\/benevento-cancello-pd-sannita\/#breadcrumb"},"inLanguage":"it-IT","potentialAction":[{"@type":"ReadAction","target":["https:\/\/www.anteprima24.it\/archivio\/benevento\/benevento-cancello-pd-sannita\/"]}]},{"@type":"ImageObject","inLanguage":"it-IT","@id":"https:\/\/www.anteprima24.it\/archivio\/benevento\/benevento-cancello-pd-sannita\/#primaryimage","url":"https:\/\/www.anteprima24.it\/archivio\/wp-content\/uploads\/2021\/10\/consiglieri-comunali-pd-benevento.jpg","contentUrl":"https:\/\/www.anteprima24.it\/archivio\/wp-content\/uploads\/2021\/10\/consiglieri-comunali-pd-benevento.jpg","width":720,"height":480},{"@type":"BreadcrumbList","@id":"https:\/\/www.anteprima24.it\/archivio\/benevento\/benevento-cancello-pd-sannita\/#breadcrumb","itemListElement":[{"@type":"ListItem","position":1,"name":"Home","item":"https:\/\/www.anteprima24.it\/archivio\/"},{"@type":"ListItem","position":2,"name":"Benevento-Cancello, il Pd sannita: &#8220;Cosa \u00e8 cambiato in breve periodo?&#8221;"}]},{"@type":"WebSite","@id":"https:\/\/www.anteprima24.it\/archivio\/#website","url":"https:\/\/www.anteprima24.it\/archivio\/","name":"Anteprima24.it","description":"","potentialAction":[{"@type":"SearchAction","target":{"@type":"EntryPoint","urlTemplate":"https:\/\/www.anteprima24.it\/archivio\/?s={search_term_string}"},"query-input":{"@type":"PropertyValueSpecification","valueRequired":true,"valueName":"search_term_string"}}],"inLanguage":"it-IT"},{"@type":"Person","@id":"https:\/\/www.anteprima24.it\/archivio\/#\/schema\/person\/82cb05184ce534850be490e88d61c793","name":"Redazione","image":{"@type":"ImageObject","inLanguage":"it-IT","@id":"https:\/\/www.anteprima24.it\/archivio\/#\/schema\/person\/image\/","url":"https:\/\/secure.gravatar.com\/avatar\/7b3d8f1c4b28bc2839d55e726cab88bfcfbc47e9a2e00ac362599ab1a5deaa44?s=96&d=mm&r=g","contentUrl":"https:\/\/secure.gravatar.com\/avatar\/7b3d8f1c4b28bc2839d55e726cab88bfcfbc47e9a2e00ac362599ab1a5deaa44?s=96&d=mm&r=g","caption":"Redazione"},"url":"https:\/\/www.anteprima24.it\/archivio\/author\/redazione\/"}]}},"_links":{"self":[{"href":"https:\/\/www.anteprima24.it\/archivio\/wp-json\/wp\/v2\/posts\/667048","targetHints":{"allow":["GET"]}}],"collection":[{"href":"https:\/\/www.anteprima24.it\/archivio\/wp-json\/wp\/v2\/posts"}],"about":[{"href":"https:\/\/www.anteprima24.it\/archivio\/wp-json\/wp\/v2\/types\/post"}],"author":[{"embeddable":true,"href":"https:\/\/www.anteprima24.it\/archivio\/wp-json\/wp\/v2\/users\/18"}],"replies":[{"embeddable":true,"href":"https:\/\/www.anteprima24.it\/archivio\/wp-json\/wp\/v2\/comments?post=667048"}],"version-history":[{"count":0,"href":"https:\/\/www.anteprima24.it\/archivio\/wp-json\/wp\/v2\/posts\/667048\/revisions"}],"wp:featuredmedia":[{"embeddable":true,"href":"https:\/\/www.anteprima24.it\/archivio\/wp-json\/wp\/v2\/media\/666448"}],"wp:attachment":[{"href":"https:\/\/www.anteprima24.it\/archivio\/wp-json\/wp\/v2\/media?parent=667048"}],"wp:term":[{"taxonomy":"category","embeddable":true,"href":"https:\/\/www.anteprima24.it\/archivio\/wp-json\/wp\/v2\/categories?post=667048"},{"taxonomy":"post_tag","embeddable":true,"href":"https:\/\/www.anteprima24.it\/archivio\/wp-json\/wp\/v2\/tags?post=667048"}],"curies":[{"name":"wp","href":"https:\/\/api.w.org\/{rel}","templated":true}]}}