{"id":672342,"date":"2021-11-16T15:45:31","date_gmt":"2021-11-16T14:45:31","guid":{"rendered":"https:\/\/www.anteprima24.it\/?p=672342"},"modified":"2021-11-16T15:52:13","modified_gmt":"2021-11-16T14:52:13","slug":"meglio-ct-nazionale-scherma-paralimpica","status":"publish","type":"post","link":"https:\/\/www.anteprima24.it\/archivio\/benevento\/meglio-ct-nazionale-scherma-paralimpica\/","title":{"rendered":"Dino Meglio nuovo CT della Nazionale Paralimpica di scherma"},"content":{"rendered":"<span class=\"span-reading-time rt-reading-time\" style=\"display: block;\"><span class=\"rt-label rt-prefix\">Tempo di lettura: <\/span> <span class=\"rt-time\"> 2<\/span> <span class=\"rt-label rt-postfix\">minuti<\/span><\/span><p style=\"text-align: justify;\">Benevento &#8211; Dino Meglio \u00e8 il nuovo Commissario tecnico e coordinatore del settore della nazionale italiana paralimpica di scherma. La notizia \u00e8 stata accolta con gioia dall&#8217;<strong>Accademia Olimpica Beneventana di Scherma Maestro Antonio Furno<\/strong>, di cui <strong>Meglio<\/strong> \u00e8 esponente insieme all&#8217;azzurra Rossana <strong>Pasquino<\/strong>.&nbsp;<\/p>\n<p style=\"text-align: justify;\">La<strong> Federazione Italiana Scherma<\/strong> ha deciso di puntare sul Maestro beneventano per potenziare ulteriormente la squadra paralimpica di scherma che vanta nella rosa atleti di grande esperienza come Bebe <strong>Vio<\/strong> e la sannita Rosanna <strong>Pasquino<\/strong>.<\/p>\n<p style=\"text-align: justify;\">Per il Maestro <strong>Meglio<\/strong> si tratta della seconda esperienza alla guida della nazionale. La prima \u00e8 stata dal 1994 al 1997 nel ruolo di commissario tecnico della nazionale italiana di sciabola che nel 1995 consegu\u00ec il titolo mondiale.<\/p>\n<p style=\"text-align: justify;\">Un incarico particolarmente prestigioso per il campione olimpico di sciabola e attuale responsabile tecnico della societ\u00e0 beneventana.<\/p>\n<p style=\"text-align: justify;\">Dino <strong>Meglio<\/strong> far\u00e0 il suo debutto nel nuovo ruolo di Commissario Tecnico a Pisa, da gioved\u00ec 18 a domenica 21 novembre, dove si svolger\u00e0 la prima prova di Coppa del Mondo Paralimpica della stagione 2021\/2022.<\/p>\n<p style=\"text-align: justify;\">Si tratta, dunque, di un ulteriore riconoscimento per l\u2019Accademia Olimpica Maestro Antonio <strong>Furno<\/strong> che come centro federale paralimpico da oggi vanta anche la possibilit\u00e0 di annoverare tra le proprie fila la guida tecnica della nazionale italiana.<\/p>\n<p style=\"text-align: justify;\">&nbsp;<\/p>\n<p>&nbsp;<\/p>\n","protected":false},"excerpt":{"rendered":"<p>Benevento &#8211; Dino Meglio \u00e8 il nuovo Commissario tecnico e coordinatore del settore della nazionale italiana paralimpica di scherma. La notizia \u00e8 stata accolta con gioia dall&#8217;Accademia Olimpica Beneventana di Scherma Maestro Antonio Furno, di cui Meglio \u00e8 esponente insieme all&#8217;azzurra Rossana Pasquino.&nbsp; La Federazione Italiana Scherma ha deciso di puntare sul Maestro beneventano per [&hellip;]<\/p>\n","protected":false},"author":18,"featured_media":672344,"comment_status":"open","ping_status":"open","sticky":false,"template":"","format":"standard","meta":{"_monsterinsights_skip_tracking":false,"_monsterinsights_sitenote_active":false,"_monsterinsights_sitenote_note":"","_monsterinsights_sitenote_category":0,"ngg_post_thumbnail":0,"footnotes":""},"categories":[1989,2,1378],"tags":[71357,37902],"class_list":{"0":"post-672342","1":"post","2":"type-post","3":"status-publish","4":"format-standard","5":"has-post-thumbnail","7":"category-altri-sport-sport-benevento","8":"category-benevento","9":"category-sport-benevento","10":"tag-accademia-olimpica-beneventoana","11":"tag-dino-meglio"},"yoast_head":"<!-- This site is optimized with the Yoast SEO plugin v26.8 - https:\/\/yoast.com\/product\/yoast-seo-wordpress\/ -->\n<title>Dino Meglio nuovo CT della Nazionale Paralimpica di scherma<\/title>\n<meta name=\"robots\" content=\"index, follow, max-snippet:-1, max-image-preview:large, max-video-preview:-1\" \/>\n<link rel=\"canonical\" href=\"https:\/\/www.anteprima24.it\/archivio\/benevento\/meglio-ct-nazionale-scherma-paralimpica\/\" \/>\n<meta property=\"og:locale\" content=\"it_IT\" \/>\n<meta property=\"og:type\" content=\"article\" \/>\n<meta property=\"og:title\" content=\"Dino Meglio nuovo CT della Nazionale Paralimpica di scherma\" \/>\n<meta property=\"og:description\" content=\"Benevento &#8211; Dino Meglio \u00e8 il nuovo Commissario tecnico e coordinatore del settore della nazionale italiana paralimpica di scherma. La notizia \u00e8 stata accolta con gioia dall&#8217;Accademia Olimpica Beneventana di Scherma Maestro Antonio Furno, di cui Meglio \u00e8 esponente insieme all&#8217;azzurra Rossana Pasquino.&nbsp; La Federazione Italiana Scherma ha deciso di puntare sul Maestro beneventano per [&hellip;]\" \/>\n<meta property=\"og:url\" content=\"https:\/\/www.anteprima24.it\/archivio\/benevento\/meglio-ct-nazionale-scherma-paralimpica\/\" \/>\n<meta property=\"og:site_name\" content=\"Anteprima24.it\" \/>\n<meta property=\"article:published_time\" content=\"2021-11-16T14:45:31+00:00\" \/>\n<meta property=\"article:modified_time\" content=\"2021-11-16T14:52:13+00:00\" \/>\n<meta property=\"og:image\" content=\"https:\/\/www.anteprima24.it\/archivio\/wp-content\/uploads\/2021\/11\/Meglio-e-Pasquino.jpg\" \/>\n\t<meta property=\"og:image:width\" content=\"700\" \/>\n\t<meta property=\"og:image:height\" content=\"432\" \/>\n\t<meta property=\"og:image:type\" content=\"image\/jpeg\" \/>\n<meta name=\"author\" content=\"Redazione\" \/>\n<meta name=\"twitter:card\" content=\"summary_large_image\" \/>\n<meta name=\"twitter:label1\" content=\"Scritto da\" \/>\n\t<meta name=\"twitter:data1\" content=\"Redazione\" \/>\n\t<meta name=\"twitter:label2\" content=\"Tempo di lettura stimato\" \/>\n\t<meta name=\"twitter:data2\" content=\"1 minuto\" \/>\n<script type=\"application\/ld+json\" class=\"yoast-schema-graph\">{\"@context\":\"https:\/\/schema.org\",\"@graph\":[{\"@type\":\"Article\",\"@id\":\"https:\/\/www.anteprima24.it\/archivio\/benevento\/meglio-ct-nazionale-scherma-paralimpica\/#article\",\"isPartOf\":{\"@id\":\"https:\/\/www.anteprima24.it\/archivio\/benevento\/meglio-ct-nazionale-scherma-paralimpica\/\"},\"author\":{\"name\":\"Redazione\",\"@id\":\"https:\/\/www.anteprima24.it\/archivio\/#\/schema\/person\/82cb05184ce534850be490e88d61c793\"},\"headline\":\"Dino Meglio nuovo CT della Nazionale Paralimpica di scherma\",\"datePublished\":\"2021-11-16T14:45:31+00:00\",\"dateModified\":\"2021-11-16T14:52:13+00:00\",\"mainEntityOfPage\":{\"@id\":\"https:\/\/www.anteprima24.it\/archivio\/benevento\/meglio-ct-nazionale-scherma-paralimpica\/\"},\"wordCount\":209,\"commentCount\":0,\"image\":{\"@id\":\"https:\/\/www.anteprima24.it\/archivio\/benevento\/meglio-ct-nazionale-scherma-paralimpica\/#primaryimage\"},\"thumbnailUrl\":\"https:\/\/www.anteprima24.it\/archivio\/wp-content\/uploads\/2021\/11\/Meglio-e-Pasquino.jpg\",\"keywords\":[\"Accademia Olimpica Beneventoana\",\"dino meglio\"],\"articleSection\":[\"Altri Sport Benevento\",\"Benevento\",\"Sport Benevento\"],\"inLanguage\":\"it-IT\",\"potentialAction\":[{\"@type\":\"CommentAction\",\"name\":\"Comment\",\"target\":[\"https:\/\/www.anteprima24.it\/archivio\/benevento\/meglio-ct-nazionale-scherma-paralimpica\/#respond\"]}]},{\"@type\":\"WebPage\",\"@id\":\"https:\/\/www.anteprima24.it\/archivio\/benevento\/meglio-ct-nazionale-scherma-paralimpica\/\",\"url\":\"https:\/\/www.anteprima24.it\/archivio\/benevento\/meglio-ct-nazionale-scherma-paralimpica\/\",\"name\":\"Dino Meglio nuovo CT della Nazionale Paralimpica di scherma\",\"isPartOf\":{\"@id\":\"https:\/\/www.anteprima24.it\/archivio\/#website\"},\"primaryImageOfPage\":{\"@id\":\"https:\/\/www.anteprima24.it\/archivio\/benevento\/meglio-ct-nazionale-scherma-paralimpica\/#primaryimage\"},\"image\":{\"@id\":\"https:\/\/www.anteprima24.it\/archivio\/benevento\/meglio-ct-nazionale-scherma-paralimpica\/#primaryimage\"},\"thumbnailUrl\":\"https:\/\/www.anteprima24.it\/archivio\/wp-content\/uploads\/2021\/11\/Meglio-e-Pasquino.jpg\",\"datePublished\":\"2021-11-16T14:45:31+00:00\",\"dateModified\":\"2021-11-16T14:52:13+00:00\",\"author\":{\"@id\":\"https:\/\/www.anteprima24.it\/archivio\/#\/schema\/person\/82cb05184ce534850be490e88d61c793\"},\"breadcrumb\":{\"@id\":\"https:\/\/www.anteprima24.it\/archivio\/benevento\/meglio-ct-nazionale-scherma-paralimpica\/#breadcrumb\"},\"inLanguage\":\"it-IT\",\"potentialAction\":[{\"@type\":\"ReadAction\",\"target\":[\"https:\/\/www.anteprima24.it\/archivio\/benevento\/meglio-ct-nazionale-scherma-paralimpica\/\"]}]},{\"@type\":\"ImageObject\",\"inLanguage\":\"it-IT\",\"@id\":\"https:\/\/www.anteprima24.it\/archivio\/benevento\/meglio-ct-nazionale-scherma-paralimpica\/#primaryimage\",\"url\":\"https:\/\/www.anteprima24.it\/archivio\/wp-content\/uploads\/2021\/11\/Meglio-e-Pasquino.jpg\",\"contentUrl\":\"https:\/\/www.anteprima24.it\/archivio\/wp-content\/uploads\/2021\/11\/Meglio-e-Pasquino.jpg\",\"width\":700,\"height\":432},{\"@type\":\"BreadcrumbList\",\"@id\":\"https:\/\/www.anteprima24.it\/archivio\/benevento\/meglio-ct-nazionale-scherma-paralimpica\/#breadcrumb\",\"itemListElement\":[{\"@type\":\"ListItem\",\"position\":1,\"name\":\"Home\",\"item\":\"https:\/\/www.anteprima24.it\/archivio\/\"},{\"@type\":\"ListItem\",\"position\":2,\"name\":\"Dino Meglio nuovo CT della Nazionale Paralimpica di scherma\"}]},{\"@type\":\"WebSite\",\"@id\":\"https:\/\/www.anteprima24.it\/archivio\/#website\",\"url\":\"https:\/\/www.anteprima24.it\/archivio\/\",\"name\":\"Anteprima24.it\",\"description\":\"\",\"potentialAction\":[{\"@type\":\"SearchAction\",\"target\":{\"@type\":\"EntryPoint\",\"urlTemplate\":\"https:\/\/www.anteprima24.it\/archivio\/?s={search_term_string}\"},\"query-input\":{\"@type\":\"PropertyValueSpecification\",\"valueRequired\":true,\"valueName\":\"search_term_string\"}}],\"inLanguage\":\"it-IT\"},{\"@type\":\"Person\",\"@id\":\"https:\/\/www.anteprima24.it\/archivio\/#\/schema\/person\/82cb05184ce534850be490e88d61c793\",\"name\":\"Redazione\",\"image\":{\"@type\":\"ImageObject\",\"inLanguage\":\"it-IT\",\"@id\":\"https:\/\/www.anteprima24.it\/archivio\/#\/schema\/person\/image\/\",\"url\":\"https:\/\/secure.gravatar.com\/avatar\/7b3d8f1c4b28bc2839d55e726cab88bfcfbc47e9a2e00ac362599ab1a5deaa44?s=96&d=mm&r=g\",\"contentUrl\":\"https:\/\/secure.gravatar.com\/avatar\/7b3d8f1c4b28bc2839d55e726cab88bfcfbc47e9a2e00ac362599ab1a5deaa44?s=96&d=mm&r=g\",\"caption\":\"Redazione\"},\"url\":\"https:\/\/www.anteprima24.it\/archivio\/author\/redazione\/\"}]}<\/script>\n<!-- \/ Yoast SEO plugin. -->","yoast_head_json":{"title":"Dino Meglio nuovo CT della Nazionale Paralimpica di scherma","robots":{"index":"index","follow":"follow","max-snippet":"max-snippet:-1","max-image-preview":"max-image-preview:large","max-video-preview":"max-video-preview:-1"},"canonical":"https:\/\/www.anteprima24.it\/archivio\/benevento\/meglio-ct-nazionale-scherma-paralimpica\/","og_locale":"it_IT","og_type":"article","og_title":"Dino Meglio nuovo CT della Nazionale Paralimpica di scherma","og_description":"Benevento &#8211; Dino Meglio \u00e8 il nuovo Commissario tecnico e coordinatore del settore della nazionale italiana paralimpica di scherma. La notizia \u00e8 stata accolta con gioia dall&#8217;Accademia Olimpica Beneventana di Scherma Maestro Antonio Furno, di cui Meglio \u00e8 esponente insieme all&#8217;azzurra Rossana Pasquino.&nbsp; La Federazione Italiana Scherma ha deciso di puntare sul Maestro beneventano per [&hellip;]","og_url":"https:\/\/www.anteprima24.it\/archivio\/benevento\/meglio-ct-nazionale-scherma-paralimpica\/","og_site_name":"Anteprima24.it","article_published_time":"2021-11-16T14:45:31+00:00","article_modified_time":"2021-11-16T14:52:13+00:00","og_image":[{"width":700,"height":432,"url":"https:\/\/www.anteprima24.it\/archivio\/wp-content\/uploads\/2021\/11\/Meglio-e-Pasquino.jpg","type":"image\/jpeg"}],"author":"Redazione","twitter_card":"summary_large_image","twitter_misc":{"Scritto da":"Redazione","Tempo di lettura stimato":"1 minuto"},"schema":{"@context":"https:\/\/schema.org","@graph":[{"@type":"Article","@id":"https:\/\/www.anteprima24.it\/archivio\/benevento\/meglio-ct-nazionale-scherma-paralimpica\/#article","isPartOf":{"@id":"https:\/\/www.anteprima24.it\/archivio\/benevento\/meglio-ct-nazionale-scherma-paralimpica\/"},"author":{"name":"Redazione","@id":"https:\/\/www.anteprima24.it\/archivio\/#\/schema\/person\/82cb05184ce534850be490e88d61c793"},"headline":"Dino Meglio nuovo CT della Nazionale Paralimpica di scherma","datePublished":"2021-11-16T14:45:31+00:00","dateModified":"2021-11-16T14:52:13+00:00","mainEntityOfPage":{"@id":"https:\/\/www.anteprima24.it\/archivio\/benevento\/meglio-ct-nazionale-scherma-paralimpica\/"},"wordCount":209,"commentCount":0,"image":{"@id":"https:\/\/www.anteprima24.it\/archivio\/benevento\/meglio-ct-nazionale-scherma-paralimpica\/#primaryimage"},"thumbnailUrl":"https:\/\/www.anteprima24.it\/archivio\/wp-content\/uploads\/2021\/11\/Meglio-e-Pasquino.jpg","keywords":["Accademia Olimpica Beneventoana","dino meglio"],"articleSection":["Altri Sport Benevento","Benevento","Sport Benevento"],"inLanguage":"it-IT","potentialAction":[{"@type":"CommentAction","name":"Comment","target":["https:\/\/www.anteprima24.it\/archivio\/benevento\/meglio-ct-nazionale-scherma-paralimpica\/#respond"]}]},{"@type":"WebPage","@id":"https:\/\/www.anteprima24.it\/archivio\/benevento\/meglio-ct-nazionale-scherma-paralimpica\/","url":"https:\/\/www.anteprima24.it\/archivio\/benevento\/meglio-ct-nazionale-scherma-paralimpica\/","name":"Dino Meglio nuovo CT della Nazionale Paralimpica di scherma","isPartOf":{"@id":"https:\/\/www.anteprima24.it\/archivio\/#website"},"primaryImageOfPage":{"@id":"https:\/\/www.anteprima24.it\/archivio\/benevento\/meglio-ct-nazionale-scherma-paralimpica\/#primaryimage"},"image":{"@id":"https:\/\/www.anteprima24.it\/archivio\/benevento\/meglio-ct-nazionale-scherma-paralimpica\/#primaryimage"},"thumbnailUrl":"https:\/\/www.anteprima24.it\/archivio\/wp-content\/uploads\/2021\/11\/Meglio-e-Pasquino.jpg","datePublished":"2021-11-16T14:45:31+00:00","dateModified":"2021-11-16T14:52:13+00:00","author":{"@id":"https:\/\/www.anteprima24.it\/archivio\/#\/schema\/person\/82cb05184ce534850be490e88d61c793"},"breadcrumb":{"@id":"https:\/\/www.anteprima24.it\/archivio\/benevento\/meglio-ct-nazionale-scherma-paralimpica\/#breadcrumb"},"inLanguage":"it-IT","potentialAction":[{"@type":"ReadAction","target":["https:\/\/www.anteprima24.it\/archivio\/benevento\/meglio-ct-nazionale-scherma-paralimpica\/"]}]},{"@type":"ImageObject","inLanguage":"it-IT","@id":"https:\/\/www.anteprima24.it\/archivio\/benevento\/meglio-ct-nazionale-scherma-paralimpica\/#primaryimage","url":"https:\/\/www.anteprima24.it\/archivio\/wp-content\/uploads\/2021\/11\/Meglio-e-Pasquino.jpg","contentUrl":"https:\/\/www.anteprima24.it\/archivio\/wp-content\/uploads\/2021\/11\/Meglio-e-Pasquino.jpg","width":700,"height":432},{"@type":"BreadcrumbList","@id":"https:\/\/www.anteprima24.it\/archivio\/benevento\/meglio-ct-nazionale-scherma-paralimpica\/#breadcrumb","itemListElement":[{"@type":"ListItem","position":1,"name":"Home","item":"https:\/\/www.anteprima24.it\/archivio\/"},{"@type":"ListItem","position":2,"name":"Dino Meglio nuovo CT della Nazionale Paralimpica di scherma"}]},{"@type":"WebSite","@id":"https:\/\/www.anteprima24.it\/archivio\/#website","url":"https:\/\/www.anteprima24.it\/archivio\/","name":"Anteprima24.it","description":"","potentialAction":[{"@type":"SearchAction","target":{"@type":"EntryPoint","urlTemplate":"https:\/\/www.anteprima24.it\/archivio\/?s={search_term_string}"},"query-input":{"@type":"PropertyValueSpecification","valueRequired":true,"valueName":"search_term_string"}}],"inLanguage":"it-IT"},{"@type":"Person","@id":"https:\/\/www.anteprima24.it\/archivio\/#\/schema\/person\/82cb05184ce534850be490e88d61c793","name":"Redazione","image":{"@type":"ImageObject","inLanguage":"it-IT","@id":"https:\/\/www.anteprima24.it\/archivio\/#\/schema\/person\/image\/","url":"https:\/\/secure.gravatar.com\/avatar\/7b3d8f1c4b28bc2839d55e726cab88bfcfbc47e9a2e00ac362599ab1a5deaa44?s=96&d=mm&r=g","contentUrl":"https:\/\/secure.gravatar.com\/avatar\/7b3d8f1c4b28bc2839d55e726cab88bfcfbc47e9a2e00ac362599ab1a5deaa44?s=96&d=mm&r=g","caption":"Redazione"},"url":"https:\/\/www.anteprima24.it\/archivio\/author\/redazione\/"}]}},"_links":{"self":[{"href":"https:\/\/www.anteprima24.it\/archivio\/wp-json\/wp\/v2\/posts\/672342","targetHints":{"allow":["GET"]}}],"collection":[{"href":"https:\/\/www.anteprima24.it\/archivio\/wp-json\/wp\/v2\/posts"}],"about":[{"href":"https:\/\/www.anteprima24.it\/archivio\/wp-json\/wp\/v2\/types\/post"}],"author":[{"embeddable":true,"href":"https:\/\/www.anteprima24.it\/archivio\/wp-json\/wp\/v2\/users\/18"}],"replies":[{"embeddable":true,"href":"https:\/\/www.anteprima24.it\/archivio\/wp-json\/wp\/v2\/comments?post=672342"}],"version-history":[{"count":0,"href":"https:\/\/www.anteprima24.it\/archivio\/wp-json\/wp\/v2\/posts\/672342\/revisions"}],"wp:featuredmedia":[{"embeddable":true,"href":"https:\/\/www.anteprima24.it\/archivio\/wp-json\/wp\/v2\/media\/672344"}],"wp:attachment":[{"href":"https:\/\/www.anteprima24.it\/archivio\/wp-json\/wp\/v2\/media?parent=672342"}],"wp:term":[{"taxonomy":"category","embeddable":true,"href":"https:\/\/www.anteprima24.it\/archivio\/wp-json\/wp\/v2\/categories?post=672342"},{"taxonomy":"post_tag","embeddable":true,"href":"https:\/\/www.anteprima24.it\/archivio\/wp-json\/wp\/v2\/tags?post=672342"}],"curies":[{"name":"wp","href":"https:\/\/api.w.org\/{rel}","templated":true}]}}