{"id":674380,"date":"2021-11-22T14:44:56","date_gmt":"2021-11-22T13:44:56","guid":{"rendered":"https:\/\/www.anteprima24.it\/?p=674380"},"modified":"2021-11-22T14:44:56","modified_gmt":"2021-11-22T13:44:56","slug":"carfagna-zes","status":"publish","type":"post","link":"https:\/\/www.anteprima24.it\/archivio\/avellino\/primo-piano-avellino\/carfagna-zes\/","title":{"rendered":"Fondi Zes, il ministro Mara Carfagna ad Avellino: \u201cOccasione irripetibile\u201d"},"content":{"rendered":"<span class=\"span-reading-time rt-reading-time\" style=\"display: block;\"><span class=\"rt-label rt-prefix\">Tempo di lettura: <\/span> <span class=\"rt-time\"> 2<\/span> <span class=\"rt-label rt-postfix\">minuti<\/span><\/span><p style=\"text-align: justify;\">Avellino &#8211; Sviluppo legato alle opportunit\u00e0 offerte dalle nuove importanti infrastrutture che interessano da vicino l&#8217;Irpinia e dalle aree <strong>Zes<\/strong> se n&#8217;\u00e8 parlato questa mattina all&#8217;incontro organizzato da <strong>Confindustria Avellino<\/strong> alla presenza del <strong>Ministro per il Sud<\/strong>, Mara <strong>Carfagna<\/strong>. &#8220;Sono circa 25\/26 milioni di euro, rientrano negli investimenti di 630 milioni di euro che abbiamo inserito nel piano nazionale di ripresa e resilienza per la infrasturazione delle Zone Economiche Speciali &#8211; spiega &#8211; Tra questi ci sono quelli dedicati alla Zes Campania di cui fa appunto parte anche la zona della Valle Ufita. Tali investimenti nella zona, appunto, di Valle Ufita ma anche la realizzazione di alcuni lotti funzionali sulla Napoli-Bari con la stazione Irpinia faranno del territorio di Avellino e provincia non pi\u00f9 isolato ma strategico con la possibilit\u00e0 di valorizzare le grandi potenziali turistico e agroalimentare&#8221;.<\/p>\n<p style=\"text-align: justify;\">&#8220;Ci sono anche gli investimenti per le aree interne &#8211; continua &#8211; All&#8217;interno del piano di ripresa e resilienza c&#8217;\u00e8 un piano di finanziamento pari ad un <strong>1 miliardo 150 milioni di euro<\/strong> per finanziare infrastrutture sociali per le aree interne. C&#8217;\u00e8 anche un finanziamento volto alla trasformazione delle farmacie rurali in veri presidi sanitari di prossimit\u00e0. Tutto ci\u00f2 per spezzare la condizione di isolamento con annesso spopolamento delle aree interne. Ci troviamo davanti &#8211; conclude &#8211; Ad una grande occasione, unica e soprattutto irripetibile. , bisogna remare nella stessa direzione&#8221;.<\/p>\n","protected":false},"excerpt":{"rendered":"<p>Avellino &#8211; Sviluppo legato alle opportunit\u00e0 offerte dalle nuove importanti infrastrutture che interessano da vicino l&#8217;Irpinia e dalle aree Zes se n&#8217;\u00e8 parlato questa mattina all&#8217;incontro organizzato da Confindustria Avellino alla presenza del Ministro per il Sud, Mara Carfagna. &#8220;Sono circa 25\/26 milioni di euro, rientrano negli investimenti di 630 milioni di euro che abbiamo [&hellip;]<\/p>\n","protected":false},"author":24,"featured_media":674383,"comment_status":"open","ping_status":"open","sticky":false,"template":"","format":"standard","meta":{"_monsterinsights_skip_tracking":false,"_monsterinsights_sitenote_active":false,"_monsterinsights_sitenote_note":"","_monsterinsights_sitenote_category":0,"ngg_post_thumbnail":0,"footnotes":""},"categories":[4,1381,272,788,271],"tags":[285,739,71488,8469],"class_list":{"0":"post-674380","1":"post","2":"type-post","3":"status-publish","4":"format-standard","5":"has-post-thumbnail","7":"category-avellino","8":"category-politica-avellino","9":"category-politica","10":"category-primo-piano-avellino","11":"category-regione","12":"tag-avellino","13":"tag-confindustria","14":"tag-fondi-zes","15":"tag-mara-carfagna"},"yoast_head":"<!-- This site is optimized with the Yoast SEO plugin v26.8 - https:\/\/yoast.com\/product\/yoast-seo-wordpress\/ -->\n<title>Fondi Zes, il ministro Mara Carfagna ad Avellino: \u201cOccasione irripetibile\u201d<\/title>\n<meta name=\"description\" content=\"Da vicino l&#039;Irpinia e dalle aree Zes se n&#039;\u00e8 parlato all&#039;incontro organizzato da Confindustria alla presenza del Ministro per il Sud, Mara Carfagna.\" \/>\n<meta name=\"robots\" content=\"index, follow, max-snippet:-1, max-image-preview:large, max-video-preview:-1\" \/>\n<link rel=\"canonical\" href=\"https:\/\/www.anteprima24.it\/archivio\/avellino\/primo-piano-avellino\/carfagna-zes\/\" \/>\n<meta property=\"og:locale\" content=\"it_IT\" \/>\n<meta property=\"og:type\" content=\"article\" \/>\n<meta property=\"og:title\" content=\"Fondi Zes, il ministro Mara Carfagna ad Avellino: \u201cOccasione irripetibile\u201d\" \/>\n<meta property=\"og:description\" content=\"Da vicino l&#039;Irpinia e dalle aree Zes se n&#039;\u00e8 parlato all&#039;incontro organizzato da Confindustria alla presenza del Ministro per il Sud, Mara Carfagna.\" \/>\n<meta property=\"og:url\" content=\"https:\/\/www.anteprima24.it\/archivio\/avellino\/primo-piano-avellino\/carfagna-zes\/\" \/>\n<meta property=\"og:site_name\" content=\"Anteprima24.it\" \/>\n<meta property=\"article:published_time\" content=\"2021-11-22T13:44:56+00:00\" \/>\n<meta property=\"og:image\" content=\"https:\/\/www.anteprima24.it\/archivio\/wp-content\/uploads\/2021\/11\/260163072_4952061441479886_2012718522968648860_n-1.jpeg\" \/>\n\t<meta property=\"og:image:width\" content=\"1920\" \/>\n\t<meta property=\"og:image:height\" content=\"1080\" \/>\n\t<meta property=\"og:image:type\" content=\"image\/jpeg\" \/>\n<meta name=\"author\" content=\"Antonio Tedeschi\" \/>\n<meta name=\"twitter:card\" content=\"summary_large_image\" \/>\n<meta name=\"twitter:label1\" content=\"Scritto da\" \/>\n\t<meta name=\"twitter:data1\" content=\"Antonio Tedeschi\" \/>\n\t<meta name=\"twitter:label2\" content=\"Tempo di lettura stimato\" \/>\n\t<meta name=\"twitter:data2\" content=\"1 minuto\" \/>\n<script type=\"application\/ld+json\" class=\"yoast-schema-graph\">{\"@context\":\"https:\/\/schema.org\",\"@graph\":[{\"@type\":\"Article\",\"@id\":\"https:\/\/www.anteprima24.it\/archivio\/avellino\/primo-piano-avellino\/carfagna-zes\/#article\",\"isPartOf\":{\"@id\":\"https:\/\/www.anteprima24.it\/archivio\/avellino\/primo-piano-avellino\/carfagna-zes\/\"},\"author\":{\"name\":\"Antonio Tedeschi\",\"@id\":\"https:\/\/www.anteprima24.it\/archivio\/#\/schema\/person\/30fcc8a4138521844ae98ad9d137afdf\"},\"headline\":\"Fondi Zes, il ministro Mara Carfagna ad Avellino: \u201cOccasione irripetibile\u201d\",\"datePublished\":\"2021-11-22T13:44:56+00:00\",\"mainEntityOfPage\":{\"@id\":\"https:\/\/www.anteprima24.it\/archivio\/avellino\/primo-piano-avellino\/carfagna-zes\/\"},\"wordCount\":237,\"commentCount\":0,\"image\":{\"@id\":\"https:\/\/www.anteprima24.it\/archivio\/avellino\/primo-piano-avellino\/carfagna-zes\/#primaryimage\"},\"thumbnailUrl\":\"https:\/\/www.anteprima24.it\/archivio\/wp-content\/uploads\/2021\/11\/260163072_4952061441479886_2012718522968648860_n-1.jpeg\",\"keywords\":[\"Avellino\",\"Confindustria\",\"Fondi Zes\",\"Mara Carfagna\"],\"articleSection\":[\"Avellino\",\"Politica Avellino\",\"Politica Regione\",\"Primo Piano Avellino\",\"Regione\"],\"inLanguage\":\"it-IT\",\"potentialAction\":[{\"@type\":\"CommentAction\",\"name\":\"Comment\",\"target\":[\"https:\/\/www.anteprima24.it\/archivio\/avellino\/primo-piano-avellino\/carfagna-zes\/#respond\"]}]},{\"@type\":\"WebPage\",\"@id\":\"https:\/\/www.anteprima24.it\/archivio\/avellino\/primo-piano-avellino\/carfagna-zes\/\",\"url\":\"https:\/\/www.anteprima24.it\/archivio\/avellino\/primo-piano-avellino\/carfagna-zes\/\",\"name\":\"Fondi Zes, il ministro Mara Carfagna ad Avellino: \u201cOccasione irripetibile\u201d\",\"isPartOf\":{\"@id\":\"https:\/\/www.anteprima24.it\/archivio\/#website\"},\"primaryImageOfPage\":{\"@id\":\"https:\/\/www.anteprima24.it\/archivio\/avellino\/primo-piano-avellino\/carfagna-zes\/#primaryimage\"},\"image\":{\"@id\":\"https:\/\/www.anteprima24.it\/archivio\/avellino\/primo-piano-avellino\/carfagna-zes\/#primaryimage\"},\"thumbnailUrl\":\"https:\/\/www.anteprima24.it\/archivio\/wp-content\/uploads\/2021\/11\/260163072_4952061441479886_2012718522968648860_n-1.jpeg\",\"datePublished\":\"2021-11-22T13:44:56+00:00\",\"author\":{\"@id\":\"https:\/\/www.anteprima24.it\/archivio\/#\/schema\/person\/30fcc8a4138521844ae98ad9d137afdf\"},\"description\":\"Da vicino l'Irpinia e dalle aree Zes se n'\u00e8 parlato all'incontro organizzato da Confindustria alla presenza del Ministro per il Sud, Mara Carfagna.\",\"breadcrumb\":{\"@id\":\"https:\/\/www.anteprima24.it\/archivio\/avellino\/primo-piano-avellino\/carfagna-zes\/#breadcrumb\"},\"inLanguage\":\"it-IT\",\"potentialAction\":[{\"@type\":\"ReadAction\",\"target\":[\"https:\/\/www.anteprima24.it\/archivio\/avellino\/primo-piano-avellino\/carfagna-zes\/\"]}]},{\"@type\":\"ImageObject\",\"inLanguage\":\"it-IT\",\"@id\":\"https:\/\/www.anteprima24.it\/archivio\/avellino\/primo-piano-avellino\/carfagna-zes\/#primaryimage\",\"url\":\"https:\/\/www.anteprima24.it\/archivio\/wp-content\/uploads\/2021\/11\/260163072_4952061441479886_2012718522968648860_n-1.jpeg\",\"contentUrl\":\"https:\/\/www.anteprima24.it\/archivio\/wp-content\/uploads\/2021\/11\/260163072_4952061441479886_2012718522968648860_n-1.jpeg\",\"width\":1920,\"height\":1080,\"caption\":\"Carfagna\"},{\"@type\":\"BreadcrumbList\",\"@id\":\"https:\/\/www.anteprima24.it\/archivio\/avellino\/primo-piano-avellino\/carfagna-zes\/#breadcrumb\",\"itemListElement\":[{\"@type\":\"ListItem\",\"position\":1,\"name\":\"Home\",\"item\":\"https:\/\/www.anteprima24.it\/archivio\/\"},{\"@type\":\"ListItem\",\"position\":2,\"name\":\"Fondi Zes, il ministro Mara Carfagna ad Avellino: \u201cOccasione irripetibile\u201d\"}]},{\"@type\":\"WebSite\",\"@id\":\"https:\/\/www.anteprima24.it\/archivio\/#website\",\"url\":\"https:\/\/www.anteprima24.it\/archivio\/\",\"name\":\"Anteprima24.it\",\"description\":\"\",\"potentialAction\":[{\"@type\":\"SearchAction\",\"target\":{\"@type\":\"EntryPoint\",\"urlTemplate\":\"https:\/\/www.anteprima24.it\/archivio\/?s={search_term_string}\"},\"query-input\":{\"@type\":\"PropertyValueSpecification\",\"valueRequired\":true,\"valueName\":\"search_term_string\"}}],\"inLanguage\":\"it-IT\"},{\"@type\":\"Person\",\"@id\":\"https:\/\/www.anteprima24.it\/archivio\/#\/schema\/person\/30fcc8a4138521844ae98ad9d137afdf\",\"name\":\"Antonio Tedeschi\",\"image\":{\"@type\":\"ImageObject\",\"inLanguage\":\"it-IT\",\"@id\":\"https:\/\/www.anteprima24.it\/archivio\/#\/schema\/person\/image\/\",\"url\":\"https:\/\/secure.gravatar.com\/avatar\/45372818180df7341e181ce77faeeb16e07236ab151a43b41f99b910f3582b12?s=96&d=mm&r=g\",\"contentUrl\":\"https:\/\/secure.gravatar.com\/avatar\/45372818180df7341e181ce77faeeb16e07236ab151a43b41f99b910f3582b12?s=96&d=mm&r=g\",\"caption\":\"Antonio Tedeschi\"},\"url\":\"https:\/\/www.anteprima24.it\/archivio\/author\/antoniotedeschi\/\"}]}<\/script>\n<!-- \/ Yoast SEO plugin. -->","yoast_head_json":{"title":"Fondi Zes, il ministro Mara Carfagna ad Avellino: \u201cOccasione irripetibile\u201d","description":"Da vicino l'Irpinia e dalle aree Zes se n'\u00e8 parlato all'incontro organizzato da Confindustria alla presenza del Ministro per il Sud, Mara Carfagna.","robots":{"index":"index","follow":"follow","max-snippet":"max-snippet:-1","max-image-preview":"max-image-preview:large","max-video-preview":"max-video-preview:-1"},"canonical":"https:\/\/www.anteprima24.it\/archivio\/avellino\/primo-piano-avellino\/carfagna-zes\/","og_locale":"it_IT","og_type":"article","og_title":"Fondi Zes, il ministro Mara Carfagna ad Avellino: \u201cOccasione irripetibile\u201d","og_description":"Da vicino l'Irpinia e dalle aree Zes se n'\u00e8 parlato all'incontro organizzato da Confindustria alla presenza del Ministro per il Sud, Mara Carfagna.","og_url":"https:\/\/www.anteprima24.it\/archivio\/avellino\/primo-piano-avellino\/carfagna-zes\/","og_site_name":"Anteprima24.it","article_published_time":"2021-11-22T13:44:56+00:00","og_image":[{"width":1920,"height":1080,"url":"https:\/\/www.anteprima24.it\/archivio\/wp-content\/uploads\/2021\/11\/260163072_4952061441479886_2012718522968648860_n-1.jpeg","type":"image\/jpeg"}],"author":"Antonio Tedeschi","twitter_card":"summary_large_image","twitter_misc":{"Scritto da":"Antonio Tedeschi","Tempo di lettura stimato":"1 minuto"},"schema":{"@context":"https:\/\/schema.org","@graph":[{"@type":"Article","@id":"https:\/\/www.anteprima24.it\/archivio\/avellino\/primo-piano-avellino\/carfagna-zes\/#article","isPartOf":{"@id":"https:\/\/www.anteprima24.it\/archivio\/avellino\/primo-piano-avellino\/carfagna-zes\/"},"author":{"name":"Antonio Tedeschi","@id":"https:\/\/www.anteprima24.it\/archivio\/#\/schema\/person\/30fcc8a4138521844ae98ad9d137afdf"},"headline":"Fondi Zes, il ministro Mara Carfagna ad Avellino: \u201cOccasione irripetibile\u201d","datePublished":"2021-11-22T13:44:56+00:00","mainEntityOfPage":{"@id":"https:\/\/www.anteprima24.it\/archivio\/avellino\/primo-piano-avellino\/carfagna-zes\/"},"wordCount":237,"commentCount":0,"image":{"@id":"https:\/\/www.anteprima24.it\/archivio\/avellino\/primo-piano-avellino\/carfagna-zes\/#primaryimage"},"thumbnailUrl":"https:\/\/www.anteprima24.it\/archivio\/wp-content\/uploads\/2021\/11\/260163072_4952061441479886_2012718522968648860_n-1.jpeg","keywords":["Avellino","Confindustria","Fondi Zes","Mara Carfagna"],"articleSection":["Avellino","Politica Avellino","Politica Regione","Primo Piano Avellino","Regione"],"inLanguage":"it-IT","potentialAction":[{"@type":"CommentAction","name":"Comment","target":["https:\/\/www.anteprima24.it\/archivio\/avellino\/primo-piano-avellino\/carfagna-zes\/#respond"]}]},{"@type":"WebPage","@id":"https:\/\/www.anteprima24.it\/archivio\/avellino\/primo-piano-avellino\/carfagna-zes\/","url":"https:\/\/www.anteprima24.it\/archivio\/avellino\/primo-piano-avellino\/carfagna-zes\/","name":"Fondi Zes, il ministro Mara Carfagna ad Avellino: \u201cOccasione irripetibile\u201d","isPartOf":{"@id":"https:\/\/www.anteprima24.it\/archivio\/#website"},"primaryImageOfPage":{"@id":"https:\/\/www.anteprima24.it\/archivio\/avellino\/primo-piano-avellino\/carfagna-zes\/#primaryimage"},"image":{"@id":"https:\/\/www.anteprima24.it\/archivio\/avellino\/primo-piano-avellino\/carfagna-zes\/#primaryimage"},"thumbnailUrl":"https:\/\/www.anteprima24.it\/archivio\/wp-content\/uploads\/2021\/11\/260163072_4952061441479886_2012718522968648860_n-1.jpeg","datePublished":"2021-11-22T13:44:56+00:00","author":{"@id":"https:\/\/www.anteprima24.it\/archivio\/#\/schema\/person\/30fcc8a4138521844ae98ad9d137afdf"},"description":"Da vicino l'Irpinia e dalle aree Zes se n'\u00e8 parlato all'incontro organizzato da Confindustria alla presenza del Ministro per il Sud, Mara Carfagna.","breadcrumb":{"@id":"https:\/\/www.anteprima24.it\/archivio\/avellino\/primo-piano-avellino\/carfagna-zes\/#breadcrumb"},"inLanguage":"it-IT","potentialAction":[{"@type":"ReadAction","target":["https:\/\/www.anteprima24.it\/archivio\/avellino\/primo-piano-avellino\/carfagna-zes\/"]}]},{"@type":"ImageObject","inLanguage":"it-IT","@id":"https:\/\/www.anteprima24.it\/archivio\/avellino\/primo-piano-avellino\/carfagna-zes\/#primaryimage","url":"https:\/\/www.anteprima24.it\/archivio\/wp-content\/uploads\/2021\/11\/260163072_4952061441479886_2012718522968648860_n-1.jpeg","contentUrl":"https:\/\/www.anteprima24.it\/archivio\/wp-content\/uploads\/2021\/11\/260163072_4952061441479886_2012718522968648860_n-1.jpeg","width":1920,"height":1080,"caption":"Carfagna"},{"@type":"BreadcrumbList","@id":"https:\/\/www.anteprima24.it\/archivio\/avellino\/primo-piano-avellino\/carfagna-zes\/#breadcrumb","itemListElement":[{"@type":"ListItem","position":1,"name":"Home","item":"https:\/\/www.anteprima24.it\/archivio\/"},{"@type":"ListItem","position":2,"name":"Fondi Zes, il ministro Mara Carfagna ad Avellino: \u201cOccasione irripetibile\u201d"}]},{"@type":"WebSite","@id":"https:\/\/www.anteprima24.it\/archivio\/#website","url":"https:\/\/www.anteprima24.it\/archivio\/","name":"Anteprima24.it","description":"","potentialAction":[{"@type":"SearchAction","target":{"@type":"EntryPoint","urlTemplate":"https:\/\/www.anteprima24.it\/archivio\/?s={search_term_string}"},"query-input":{"@type":"PropertyValueSpecification","valueRequired":true,"valueName":"search_term_string"}}],"inLanguage":"it-IT"},{"@type":"Person","@id":"https:\/\/www.anteprima24.it\/archivio\/#\/schema\/person\/30fcc8a4138521844ae98ad9d137afdf","name":"Antonio Tedeschi","image":{"@type":"ImageObject","inLanguage":"it-IT","@id":"https:\/\/www.anteprima24.it\/archivio\/#\/schema\/person\/image\/","url":"https:\/\/secure.gravatar.com\/avatar\/45372818180df7341e181ce77faeeb16e07236ab151a43b41f99b910f3582b12?s=96&d=mm&r=g","contentUrl":"https:\/\/secure.gravatar.com\/avatar\/45372818180df7341e181ce77faeeb16e07236ab151a43b41f99b910f3582b12?s=96&d=mm&r=g","caption":"Antonio Tedeschi"},"url":"https:\/\/www.anteprima24.it\/archivio\/author\/antoniotedeschi\/"}]}},"_links":{"self":[{"href":"https:\/\/www.anteprima24.it\/archivio\/wp-json\/wp\/v2\/posts\/674380","targetHints":{"allow":["GET"]}}],"collection":[{"href":"https:\/\/www.anteprima24.it\/archivio\/wp-json\/wp\/v2\/posts"}],"about":[{"href":"https:\/\/www.anteprima24.it\/archivio\/wp-json\/wp\/v2\/types\/post"}],"author":[{"embeddable":true,"href":"https:\/\/www.anteprima24.it\/archivio\/wp-json\/wp\/v2\/users\/24"}],"replies":[{"embeddable":true,"href":"https:\/\/www.anteprima24.it\/archivio\/wp-json\/wp\/v2\/comments?post=674380"}],"version-history":[{"count":0,"href":"https:\/\/www.anteprima24.it\/archivio\/wp-json\/wp\/v2\/posts\/674380\/revisions"}],"wp:featuredmedia":[{"embeddable":true,"href":"https:\/\/www.anteprima24.it\/archivio\/wp-json\/wp\/v2\/media\/674383"}],"wp:attachment":[{"href":"https:\/\/www.anteprima24.it\/archivio\/wp-json\/wp\/v2\/media?parent=674380"}],"wp:term":[{"taxonomy":"category","embeddable":true,"href":"https:\/\/www.anteprima24.it\/archivio\/wp-json\/wp\/v2\/categories?post=674380"},{"taxonomy":"post_tag","embeddable":true,"href":"https:\/\/www.anteprima24.it\/archivio\/wp-json\/wp\/v2\/tags?post=674380"}],"curies":[{"name":"wp","href":"https:\/\/api.w.org\/{rel}","templated":true}]}}