{"id":685460,"date":"2021-12-31T11:42:11","date_gmt":"2021-12-31T10:42:11","guid":{"rendered":"https:\/\/www.anteprima24.it\/?p=685460"},"modified":"2021-12-31T13:14:43","modified_gmt":"2021-12-31T12:14:43","slug":"san-lorenzello-botti-capodanno-ordinanza","status":"publish","type":"post","link":"https:\/\/www.anteprima24.it\/archivio\/benevento\/san-lorenzello-botti-capodanno-ordinanza\/","title":{"rendered":"San Lorenzello dice &#8220;No&#8221; ai botti di Capodanno: l&#8217;ordinanza del Sindaco"},"content":{"rendered":"<span class=\"span-reading-time rt-reading-time\" style=\"display: block;\"><span class=\"rt-label rt-prefix\">Tempo di lettura: <\/span> <span class=\"rt-time\"> &lt; 1<\/span> <span class=\"rt-label rt-postfix\">minuto<\/span><\/span><p style=\"text-align: justify;\">San Lorenzello (Bn) &#8211; Il sindaco del comune di <strong>San Lorenzello<\/strong>, Antimo <strong>Lavorgna<\/strong>, ha firmato questa mattina l&#8217;ordinanza che vieta l&#8217;esplosione dei botti in occasione della festivit\u00e0 di <strong>Capodanno<\/strong>, sia per la pericolosit\u00e0 di queste pratiche che per il disturbo che creano alle persone e anche agli animali. L&#8217;ordinanza avr\u00e0 effetto dalle ore 18,00 di stasera sino alle ore 24,00 del 2 gennaio 2022.<\/p>\n<p style=\"text-align: justify;\">&#8220;<em>Dalle ore 18.00 del 31 dicembre 2021 fino alle ore 24.00 del 02 gennaio 2022 il divieto di far esplodere fuochi artificiali, petardi, botti, razzi e simili artifizi pirotecnici sul territorio di San Lorenzello, e in particolare nei luoghi stretti e chiusi con presenza di persone e di animali<\/em>&#8220;, \u00e8 quanto si legge nell&#8217;ordinanza firmata dal primo cittadino.<\/p>\n","protected":false},"excerpt":{"rendered":"<p>San Lorenzello (Bn) &#8211; Il sindaco del comune di San Lorenzello, Antimo Lavorgna, ha firmato questa mattina l&#8217;ordinanza che vieta l&#8217;esplosione dei botti in occasione della festivit\u00e0 di Capodanno, sia per la pericolosit\u00e0 di queste pratiche che per il disturbo che creano alle persone e anche agli animali. L&#8217;ordinanza avr\u00e0 effetto dalle ore 18,00 di [&hellip;]<\/p>\n","protected":false},"author":18,"featured_media":301421,"comment_status":"open","ping_status":"open","sticky":false,"template":"","format":"standard","meta":{"_monsterinsights_skip_tracking":false,"_monsterinsights_sitenote_active":false,"_monsterinsights_sitenote_note":"","_monsterinsights_sitenote_category":0,"ngg_post_thumbnail":0,"footnotes":""},"categories":[1374,2],"tags":[9709,25014,5263,9740,12178,16894,797],"class_list":{"0":"post-685460","1":"post","2":"type-post","3":"status-publish","4":"format-standard","5":"has-post-thumbnail","7":"category-attualita-benevento","8":"category-benevento","9":"tag-capodanno","10":"tag-lavorgna","11":"tag-ordinanza","12":"tag-primo-cittadino","13":"tag-san-lorenzello","14":"tag-san-silvestro","15":"tag-sindaco"},"yoast_head":"<!-- This site is optimized with the Yoast SEO plugin v26.8 - https:\/\/yoast.com\/product\/yoast-seo-wordpress\/ -->\n<title>San Lorenzello dice &quot;No&quot; ai botti di Capodanno: l&#039;ordinanza del Sindaco<\/title>\n<meta name=\"robots\" content=\"index, follow, max-snippet:-1, max-image-preview:large, max-video-preview:-1\" \/>\n<link rel=\"canonical\" href=\"https:\/\/www.anteprima24.it\/archivio\/benevento\/san-lorenzello-botti-capodanno-ordinanza\/\" \/>\n<meta property=\"og:locale\" content=\"it_IT\" \/>\n<meta property=\"og:type\" content=\"article\" \/>\n<meta property=\"og:title\" content=\"San Lorenzello dice &quot;No&quot; ai botti di Capodanno: l&#039;ordinanza del Sindaco\" \/>\n<meta property=\"og:description\" content=\"San Lorenzello (Bn) &#8211; Il sindaco del comune di San Lorenzello, Antimo Lavorgna, ha firmato questa mattina l&#8217;ordinanza che vieta l&#8217;esplosione dei botti in occasione della festivit\u00e0 di Capodanno, sia per la pericolosit\u00e0 di queste pratiche che per il disturbo che creano alle persone e anche agli animali. L&#8217;ordinanza avr\u00e0 effetto dalle ore 18,00 di [&hellip;]\" \/>\n<meta property=\"og:url\" content=\"https:\/\/www.anteprima24.it\/archivio\/benevento\/san-lorenzello-botti-capodanno-ordinanza\/\" \/>\n<meta property=\"og:site_name\" content=\"Anteprima24.it\" \/>\n<meta property=\"article:published_time\" content=\"2021-12-31T10:42:11+00:00\" \/>\n<meta property=\"article:modified_time\" content=\"2021-12-31T12:14:43+00:00\" \/>\n<meta property=\"og:image\" content=\"https:\/\/www.anteprima24.it\/archivio\/wp-content\/uploads\/2019\/04\/san-lorenzello.jpg\" \/>\n\t<meta property=\"og:image:width\" content=\"600\" \/>\n\t<meta property=\"og:image:height\" content=\"260\" \/>\n\t<meta property=\"og:image:type\" content=\"image\/jpeg\" \/>\n<meta name=\"author\" content=\"Redazione\" \/>\n<meta name=\"twitter:card\" content=\"summary_large_image\" \/>\n<meta name=\"twitter:label1\" content=\"Scritto da\" \/>\n\t<meta name=\"twitter:data1\" content=\"Redazione\" \/>\n\t<meta name=\"twitter:label2\" content=\"Tempo di lettura stimato\" \/>\n\t<meta name=\"twitter:data2\" content=\"1 minuto\" \/>\n<script type=\"application\/ld+json\" class=\"yoast-schema-graph\">{\"@context\":\"https:\/\/schema.org\",\"@graph\":[{\"@type\":\"Article\",\"@id\":\"https:\/\/www.anteprima24.it\/archivio\/benevento\/san-lorenzello-botti-capodanno-ordinanza\/#article\",\"isPartOf\":{\"@id\":\"https:\/\/www.anteprima24.it\/archivio\/benevento\/san-lorenzello-botti-capodanno-ordinanza\/\"},\"author\":{\"name\":\"Redazione\",\"@id\":\"https:\/\/www.anteprima24.it\/archivio\/#\/schema\/person\/82cb05184ce534850be490e88d61c793\"},\"headline\":\"San Lorenzello dice &#8220;No&#8221; ai botti di Capodanno: l&#8217;ordinanza del Sindaco\",\"datePublished\":\"2021-12-31T10:42:11+00:00\",\"dateModified\":\"2021-12-31T12:14:43+00:00\",\"mainEntityOfPage\":{\"@id\":\"https:\/\/www.anteprima24.it\/archivio\/benevento\/san-lorenzello-botti-capodanno-ordinanza\/\"},\"wordCount\":127,\"commentCount\":0,\"image\":{\"@id\":\"https:\/\/www.anteprima24.it\/archivio\/benevento\/san-lorenzello-botti-capodanno-ordinanza\/#primaryimage\"},\"thumbnailUrl\":\"https:\/\/www.anteprima24.it\/archivio\/wp-content\/uploads\/2019\/04\/san-lorenzello.jpg\",\"keywords\":[\"Capodanno\",\"lavorgna\",\"ordinanza\",\"Primo Cittadino\",\"san lorenzello\",\"san silvestro\",\"Sindaco\"],\"articleSection\":[\"Attualit\u00e0 Benevento\",\"Benevento\"],\"inLanguage\":\"it-IT\",\"potentialAction\":[{\"@type\":\"CommentAction\",\"name\":\"Comment\",\"target\":[\"https:\/\/www.anteprima24.it\/archivio\/benevento\/san-lorenzello-botti-capodanno-ordinanza\/#respond\"]}]},{\"@type\":\"WebPage\",\"@id\":\"https:\/\/www.anteprima24.it\/archivio\/benevento\/san-lorenzello-botti-capodanno-ordinanza\/\",\"url\":\"https:\/\/www.anteprima24.it\/archivio\/benevento\/san-lorenzello-botti-capodanno-ordinanza\/\",\"name\":\"San Lorenzello dice \\\"No\\\" ai botti di Capodanno: l'ordinanza del Sindaco\",\"isPartOf\":{\"@id\":\"https:\/\/www.anteprima24.it\/archivio\/#website\"},\"primaryImageOfPage\":{\"@id\":\"https:\/\/www.anteprima24.it\/archivio\/benevento\/san-lorenzello-botti-capodanno-ordinanza\/#primaryimage\"},\"image\":{\"@id\":\"https:\/\/www.anteprima24.it\/archivio\/benevento\/san-lorenzello-botti-capodanno-ordinanza\/#primaryimage\"},\"thumbnailUrl\":\"https:\/\/www.anteprima24.it\/archivio\/wp-content\/uploads\/2019\/04\/san-lorenzello.jpg\",\"datePublished\":\"2021-12-31T10:42:11+00:00\",\"dateModified\":\"2021-12-31T12:14:43+00:00\",\"author\":{\"@id\":\"https:\/\/www.anteprima24.it\/archivio\/#\/schema\/person\/82cb05184ce534850be490e88d61c793\"},\"breadcrumb\":{\"@id\":\"https:\/\/www.anteprima24.it\/archivio\/benevento\/san-lorenzello-botti-capodanno-ordinanza\/#breadcrumb\"},\"inLanguage\":\"it-IT\",\"potentialAction\":[{\"@type\":\"ReadAction\",\"target\":[\"https:\/\/www.anteprima24.it\/archivio\/benevento\/san-lorenzello-botti-capodanno-ordinanza\/\"]}]},{\"@type\":\"ImageObject\",\"inLanguage\":\"it-IT\",\"@id\":\"https:\/\/www.anteprima24.it\/archivio\/benevento\/san-lorenzello-botti-capodanno-ordinanza\/#primaryimage\",\"url\":\"https:\/\/www.anteprima24.it\/archivio\/wp-content\/uploads\/2019\/04\/san-lorenzello.jpg\",\"contentUrl\":\"https:\/\/www.anteprima24.it\/archivio\/wp-content\/uploads\/2019\/04\/san-lorenzello.jpg\",\"width\":600,\"height\":260},{\"@type\":\"BreadcrumbList\",\"@id\":\"https:\/\/www.anteprima24.it\/archivio\/benevento\/san-lorenzello-botti-capodanno-ordinanza\/#breadcrumb\",\"itemListElement\":[{\"@type\":\"ListItem\",\"position\":1,\"name\":\"Home\",\"item\":\"https:\/\/www.anteprima24.it\/archivio\/\"},{\"@type\":\"ListItem\",\"position\":2,\"name\":\"San Lorenzello dice &#8220;No&#8221; ai botti di Capodanno: l&#8217;ordinanza del Sindaco\"}]},{\"@type\":\"WebSite\",\"@id\":\"https:\/\/www.anteprima24.it\/archivio\/#website\",\"url\":\"https:\/\/www.anteprima24.it\/archivio\/\",\"name\":\"Anteprima24.it\",\"description\":\"\",\"potentialAction\":[{\"@type\":\"SearchAction\",\"target\":{\"@type\":\"EntryPoint\",\"urlTemplate\":\"https:\/\/www.anteprima24.it\/archivio\/?s={search_term_string}\"},\"query-input\":{\"@type\":\"PropertyValueSpecification\",\"valueRequired\":true,\"valueName\":\"search_term_string\"}}],\"inLanguage\":\"it-IT\"},{\"@type\":\"Person\",\"@id\":\"https:\/\/www.anteprima24.it\/archivio\/#\/schema\/person\/82cb05184ce534850be490e88d61c793\",\"name\":\"Redazione\",\"image\":{\"@type\":\"ImageObject\",\"inLanguage\":\"it-IT\",\"@id\":\"https:\/\/www.anteprima24.it\/archivio\/#\/schema\/person\/image\/\",\"url\":\"https:\/\/secure.gravatar.com\/avatar\/7b3d8f1c4b28bc2839d55e726cab88bfcfbc47e9a2e00ac362599ab1a5deaa44?s=96&d=mm&r=g\",\"contentUrl\":\"https:\/\/secure.gravatar.com\/avatar\/7b3d8f1c4b28bc2839d55e726cab88bfcfbc47e9a2e00ac362599ab1a5deaa44?s=96&d=mm&r=g\",\"caption\":\"Redazione\"},\"url\":\"https:\/\/www.anteprima24.it\/archivio\/author\/redazione\/\"}]}<\/script>\n<!-- \/ Yoast SEO plugin. -->","yoast_head_json":{"title":"San Lorenzello dice \"No\" ai botti di Capodanno: l'ordinanza del Sindaco","robots":{"index":"index","follow":"follow","max-snippet":"max-snippet:-1","max-image-preview":"max-image-preview:large","max-video-preview":"max-video-preview:-1"},"canonical":"https:\/\/www.anteprima24.it\/archivio\/benevento\/san-lorenzello-botti-capodanno-ordinanza\/","og_locale":"it_IT","og_type":"article","og_title":"San Lorenzello dice \"No\" ai botti di Capodanno: l'ordinanza del Sindaco","og_description":"San Lorenzello (Bn) &#8211; Il sindaco del comune di San Lorenzello, Antimo Lavorgna, ha firmato questa mattina l&#8217;ordinanza che vieta l&#8217;esplosione dei botti in occasione della festivit\u00e0 di Capodanno, sia per la pericolosit\u00e0 di queste pratiche che per il disturbo che creano alle persone e anche agli animali. L&#8217;ordinanza avr\u00e0 effetto dalle ore 18,00 di [&hellip;]","og_url":"https:\/\/www.anteprima24.it\/archivio\/benevento\/san-lorenzello-botti-capodanno-ordinanza\/","og_site_name":"Anteprima24.it","article_published_time":"2021-12-31T10:42:11+00:00","article_modified_time":"2021-12-31T12:14:43+00:00","og_image":[{"width":600,"height":260,"url":"https:\/\/www.anteprima24.it\/archivio\/wp-content\/uploads\/2019\/04\/san-lorenzello.jpg","type":"image\/jpeg"}],"author":"Redazione","twitter_card":"summary_large_image","twitter_misc":{"Scritto da":"Redazione","Tempo di lettura stimato":"1 minuto"},"schema":{"@context":"https:\/\/schema.org","@graph":[{"@type":"Article","@id":"https:\/\/www.anteprima24.it\/archivio\/benevento\/san-lorenzello-botti-capodanno-ordinanza\/#article","isPartOf":{"@id":"https:\/\/www.anteprima24.it\/archivio\/benevento\/san-lorenzello-botti-capodanno-ordinanza\/"},"author":{"name":"Redazione","@id":"https:\/\/www.anteprima24.it\/archivio\/#\/schema\/person\/82cb05184ce534850be490e88d61c793"},"headline":"San Lorenzello dice &#8220;No&#8221; ai botti di Capodanno: l&#8217;ordinanza del Sindaco","datePublished":"2021-12-31T10:42:11+00:00","dateModified":"2021-12-31T12:14:43+00:00","mainEntityOfPage":{"@id":"https:\/\/www.anteprima24.it\/archivio\/benevento\/san-lorenzello-botti-capodanno-ordinanza\/"},"wordCount":127,"commentCount":0,"image":{"@id":"https:\/\/www.anteprima24.it\/archivio\/benevento\/san-lorenzello-botti-capodanno-ordinanza\/#primaryimage"},"thumbnailUrl":"https:\/\/www.anteprima24.it\/archivio\/wp-content\/uploads\/2019\/04\/san-lorenzello.jpg","keywords":["Capodanno","lavorgna","ordinanza","Primo Cittadino","san lorenzello","san silvestro","Sindaco"],"articleSection":["Attualit\u00e0 Benevento","Benevento"],"inLanguage":"it-IT","potentialAction":[{"@type":"CommentAction","name":"Comment","target":["https:\/\/www.anteprima24.it\/archivio\/benevento\/san-lorenzello-botti-capodanno-ordinanza\/#respond"]}]},{"@type":"WebPage","@id":"https:\/\/www.anteprima24.it\/archivio\/benevento\/san-lorenzello-botti-capodanno-ordinanza\/","url":"https:\/\/www.anteprima24.it\/archivio\/benevento\/san-lorenzello-botti-capodanno-ordinanza\/","name":"San Lorenzello dice \"No\" ai botti di Capodanno: l'ordinanza del Sindaco","isPartOf":{"@id":"https:\/\/www.anteprima24.it\/archivio\/#website"},"primaryImageOfPage":{"@id":"https:\/\/www.anteprima24.it\/archivio\/benevento\/san-lorenzello-botti-capodanno-ordinanza\/#primaryimage"},"image":{"@id":"https:\/\/www.anteprima24.it\/archivio\/benevento\/san-lorenzello-botti-capodanno-ordinanza\/#primaryimage"},"thumbnailUrl":"https:\/\/www.anteprima24.it\/archivio\/wp-content\/uploads\/2019\/04\/san-lorenzello.jpg","datePublished":"2021-12-31T10:42:11+00:00","dateModified":"2021-12-31T12:14:43+00:00","author":{"@id":"https:\/\/www.anteprima24.it\/archivio\/#\/schema\/person\/82cb05184ce534850be490e88d61c793"},"breadcrumb":{"@id":"https:\/\/www.anteprima24.it\/archivio\/benevento\/san-lorenzello-botti-capodanno-ordinanza\/#breadcrumb"},"inLanguage":"it-IT","potentialAction":[{"@type":"ReadAction","target":["https:\/\/www.anteprima24.it\/archivio\/benevento\/san-lorenzello-botti-capodanno-ordinanza\/"]}]},{"@type":"ImageObject","inLanguage":"it-IT","@id":"https:\/\/www.anteprima24.it\/archivio\/benevento\/san-lorenzello-botti-capodanno-ordinanza\/#primaryimage","url":"https:\/\/www.anteprima24.it\/archivio\/wp-content\/uploads\/2019\/04\/san-lorenzello.jpg","contentUrl":"https:\/\/www.anteprima24.it\/archivio\/wp-content\/uploads\/2019\/04\/san-lorenzello.jpg","width":600,"height":260},{"@type":"BreadcrumbList","@id":"https:\/\/www.anteprima24.it\/archivio\/benevento\/san-lorenzello-botti-capodanno-ordinanza\/#breadcrumb","itemListElement":[{"@type":"ListItem","position":1,"name":"Home","item":"https:\/\/www.anteprima24.it\/archivio\/"},{"@type":"ListItem","position":2,"name":"San Lorenzello dice &#8220;No&#8221; ai botti di Capodanno: l&#8217;ordinanza del Sindaco"}]},{"@type":"WebSite","@id":"https:\/\/www.anteprima24.it\/archivio\/#website","url":"https:\/\/www.anteprima24.it\/archivio\/","name":"Anteprima24.it","description":"","potentialAction":[{"@type":"SearchAction","target":{"@type":"EntryPoint","urlTemplate":"https:\/\/www.anteprima24.it\/archivio\/?s={search_term_string}"},"query-input":{"@type":"PropertyValueSpecification","valueRequired":true,"valueName":"search_term_string"}}],"inLanguage":"it-IT"},{"@type":"Person","@id":"https:\/\/www.anteprima24.it\/archivio\/#\/schema\/person\/82cb05184ce534850be490e88d61c793","name":"Redazione","image":{"@type":"ImageObject","inLanguage":"it-IT","@id":"https:\/\/www.anteprima24.it\/archivio\/#\/schema\/person\/image\/","url":"https:\/\/secure.gravatar.com\/avatar\/7b3d8f1c4b28bc2839d55e726cab88bfcfbc47e9a2e00ac362599ab1a5deaa44?s=96&d=mm&r=g","contentUrl":"https:\/\/secure.gravatar.com\/avatar\/7b3d8f1c4b28bc2839d55e726cab88bfcfbc47e9a2e00ac362599ab1a5deaa44?s=96&d=mm&r=g","caption":"Redazione"},"url":"https:\/\/www.anteprima24.it\/archivio\/author\/redazione\/"}]}},"_links":{"self":[{"href":"https:\/\/www.anteprima24.it\/archivio\/wp-json\/wp\/v2\/posts\/685460","targetHints":{"allow":["GET"]}}],"collection":[{"href":"https:\/\/www.anteprima24.it\/archivio\/wp-json\/wp\/v2\/posts"}],"about":[{"href":"https:\/\/www.anteprima24.it\/archivio\/wp-json\/wp\/v2\/types\/post"}],"author":[{"embeddable":true,"href":"https:\/\/www.anteprima24.it\/archivio\/wp-json\/wp\/v2\/users\/18"}],"replies":[{"embeddable":true,"href":"https:\/\/www.anteprima24.it\/archivio\/wp-json\/wp\/v2\/comments?post=685460"}],"version-history":[{"count":0,"href":"https:\/\/www.anteprima24.it\/archivio\/wp-json\/wp\/v2\/posts\/685460\/revisions"}],"wp:featuredmedia":[{"embeddable":true,"href":"https:\/\/www.anteprima24.it\/archivio\/wp-json\/wp\/v2\/media\/301421"}],"wp:attachment":[{"href":"https:\/\/www.anteprima24.it\/archivio\/wp-json\/wp\/v2\/media?parent=685460"}],"wp:term":[{"taxonomy":"category","embeddable":true,"href":"https:\/\/www.anteprima24.it\/archivio\/wp-json\/wp\/v2\/categories?post=685460"},{"taxonomy":"post_tag","embeddable":true,"href":"https:\/\/www.anteprima24.it\/archivio\/wp-json\/wp\/v2\/tags?post=685460"}],"curies":[{"name":"wp","href":"https:\/\/api.w.org\/{rel}","templated":true}]}}