{"id":7314,"date":"2017-06-10T16:11:02","date_gmt":"2017-06-10T14:11:02","guid":{"rendered":"http:\/\/www.anteprima24.it\/?p=7314"},"modified":"2017-06-10T17:02:07","modified_gmt":"2017-06-10T15:02:07","slug":"benevento-serie-lomaggio-del-comune-alla-strega","status":"publish","type":"post","link":"https:\/\/www.anteprima24.it\/archivio\/benevento\/benevento-serie-lomaggio-del-comune-alla-strega\/","title":{"rendered":"Benevento in Serie A, l&#8217;omaggio del Comune alla Strega"},"content":{"rendered":"<span class=\"span-reading-time rt-reading-time\" style=\"display: block;\"><span class=\"rt-label rt-prefix\">Tempo di lettura: <\/span> <span class=\"rt-time\"> 4<\/span> <span class=\"rt-label rt-postfix\">minuti<\/span><\/span><p>Benevento &#8211; \u201cUn sogno da vivere ad occhi aperti\u201d. Questo \u00e8 la Serie A per Benevento. A meno di quarantotto ore dalla storica promozione, nel Sannio si continua a fare festa. E stamattina \u00e8 toccato al Comune rendere il dovuto omaggio alla Strega. A palazzo Paolo V, il sindaco Clemente Mastella, gli assessori e l\u2019intero consiglio, hanno ringraziato e premiato calciatori, tecnico e societ\u00e0. A far da sfondo alla cerimonia, l\u2019entusiasmo dei beneventani confluiti sul corso Garibaldi, folgorati dalla visione del pullman ufficiale del team giallorosso. Un Babbo Natale fuori stagione per tantissimi bambini che hanno potuto raccogliere autografi e fare fotografie con gli idoli del momento.<\/p>\n<p>Gente che ha fatto la storia, sottolinea Mastella. \u201cL\u2019impresa sportiva \u00e8 di quelle enormi. Non per niente, se ne parla non solo in Italia ma anche in Europa\u201d. Una constatazione che trova conferma nei tanti articoli di quotidiani inglesi, francesi, spagnoli, tedeschi postati con orgoglio dai tifosi della Strega sui social network in queste ore. \u201cNon possiamo, quindi, &#8211; ha aggiunto la fascia tricolore &#8211; che essere grati a questi ragazzi, al presidente Vigorito e all\u2019allenatore Baroni per quanto fatto quest\u2019anno perch\u00e9 questo eccezionale risultato sportivo rappresenta un riconoscimento anche per la citt\u00e0 di Benevento che, assieme a Napoli e Crotone, l\u2019anno prossimo rappresenter\u00e0 il Mezzogiorno d\u2019Italia nel campionato di Serie A. Tutto ci\u00f2 ci inorgoglisce\u201d.<\/p>\n<p>La sfida della massima competizione, per\u00f2, richiede un salto di categoria complessivo. \u201cE adesso a noi amministratori spetta il compito di migliorare la citt\u00e0 e porla al passo con la societ\u00e0 calcistica\u201d.<\/p>\n<p>Per il Benevento, il primo a parlare \u00e8 Fabio Lucioni. E\u2019 un legame viscerale quello che si \u00e8 creato tra il capitano e il territorio sannita. Un rapporto cominciato tre estati fa, nell\u2019agosto del 2014. \u201cAncora ricordo la prima telefonata. Quando la societ\u00e0 mi propose di venire a giocare a Benevento non esitai un istante. L\u2019obbiettivo era la Serie B, quello il sogno all\u2019epoca. Il primo anno \u00e8 andata male ma al secondo \u00e8 giunta la promozione. E oggi ci ritroviamo a festeggiare la Serie A, un traguardo a cui neanche pensavamo il 10 luglio scorso, quando \u00e8 cominciato il ritiro per questo gruppo. Col trascorrere del tempo, per\u00f2, guardandoci negli occhi abbiamo cominciato a capire che potevamo farcela. E siamo al punto che la gente ci ferma lungo la strada per chiederci se \u00e8 accaduto veramente. Un sogno che vivremo ad occhi aperti\u201d.<\/p>\n<p>Parla poco, invece, Marco Baroni. L\u2019architetto di questa promozione. \u201cPreferisco ascoltare\u201d \u2013 chiarisce subito, microfono in mano. \u201cIl merito del successo lo lascio ai ragazzi, grandi uomini prima ancora che professionisti. Per me tengo il ricordo di ci\u00f2 che \u00e8 stato fatto. Custodir\u00f2 sempre queste emozioni\u201d.<\/p>\n<p>Emozioni che Oreste Vigorita non fa fatica ad esternare. Un vulcano, il presidente. Che prende la parola e racconta una favola. La favola del suo Benevento. Il suo \u00e8 quello di Ciro, una presenza avvertita in sala, come quella di Carmelo Imbriani.&nbsp; Il loro ricordo \u00e8 accompagnato da un lunghissimo applauso. E da qualche lacrima. Oreste ha una parola buona per tutti, ma qualche minuto in pi\u00f9 lo spende proprio per l\u2019uomo seduto alla sua destra, mister Baroni. La costruzione del primo Benevento in A passa innanzitutto per la volont\u00e0 di restare al timone dell\u2019allenatore toscano. Poi si potr\u00e0 pensare a tutto il resto. Anche a far pi\u00f9 bello e funzionale il Ciro Vigorito. \u201cPer disputare la A, c\u2019\u00e8 bisogno di migliorare le nostre strutture, a partire dall\u2019aumento della capienza dello stadio. Per questo motivo d\u2019ora innanzi ci sar\u00e0 bisogno dell\u2019apporto di tutti\u201d \u2013 chiarisce il presidente. Ringrazia Mastella, Oreste, ricordando le parole di stima che l\u2019attuale sindaco destin\u00f2 a lui e a Ciro quando acquisirono la societ\u00e0. Undici gli anni trascorsi da allora, tante le cose accadute e non sempre positive. \u201cL\u2019altra sera, \u2013 ancora Vigorito \u2013 pi\u00f9 che agli abbracci e ai festeggiamenti, ho prestato molta attenzione agli sguardi delle persone, ai loro occhi, e ho avuto la conferma che ho fatto bene a non essere andato via\u201d.<\/p>\nngg_shortcode_0_placeholder\n","protected":false},"excerpt":{"rendered":"<p>Benevento &#8211; \u201cUn sogno da vivere ad occhi aperti\u201d. Questo \u00e8 la Serie A per Benevento. A meno di quarantotto ore dalla storica promozione, nel Sannio si continua a fare festa. E stamattina \u00e8 toccato al Comune rendere il dovuto omaggio alla Strega. A palazzo Paolo V, il sindaco Clemente Mastella, gli assessori e l\u2019intero [&hellip;]<\/p>\n","protected":false},"author":19,"featured_media":7353,"comment_status":"open","ping_status":"open","sticky":false,"template":"","format":"standard","meta":{"_monsterinsights_skip_tracking":false,"_monsterinsights_sitenote_active":false,"_monsterinsights_sitenote_note":"","_monsterinsights_sitenote_category":0,"ngg_post_thumbnail":0,"footnotes":""},"categories":[2,789,1378],"tags":[661,1555,41,1554,1556,1197],"class_list":{"0":"post-7314","1":"post","2":"type-post","3":"status-publish","4":"format-standard","5":"has-post-thumbnail","7":"category-benevento","8":"category-primo-piano-benevento","9":"category-sport-benevento","10":"tag-baroni","11":"tag-benevento-in-serie-a","12":"tag-mastella","13":"tag-promozione","14":"tag-strega","15":"tag-vigorito"},"yoast_head":"<!-- This site is optimized with the Yoast SEO plugin v26.8 - https:\/\/yoast.com\/product\/yoast-seo-wordpress\/ -->\n<title>Benevento in Serie A, l&#039;omaggio del Comune alla Strega - Anteprima24.it<\/title>\n<meta name=\"robots\" content=\"index, follow, max-snippet:-1, max-image-preview:large, max-video-preview:-1\" \/>\n<link rel=\"canonical\" href=\"https:\/\/www.anteprima24.it\/archivio\/benevento\/benevento-serie-lomaggio-del-comune-alla-strega\/\" \/>\n<meta property=\"og:locale\" content=\"it_IT\" \/>\n<meta property=\"og:type\" content=\"article\" \/>\n<meta property=\"og:title\" content=\"Benevento in Serie A, l&#039;omaggio del Comune alla Strega - Anteprima24.it\" \/>\n<meta property=\"og:description\" content=\"Benevento &#8211; \u201cUn sogno da vivere ad occhi aperti\u201d. Questo \u00e8 la Serie A per Benevento. A meno di quarantotto ore dalla storica promozione, nel Sannio si continua a fare festa. E stamattina \u00e8 toccato al Comune rendere il dovuto omaggio alla Strega. A palazzo Paolo V, il sindaco Clemente Mastella, gli assessori e l\u2019intero [&hellip;]\" \/>\n<meta property=\"og:url\" content=\"https:\/\/www.anteprima24.it\/archivio\/benevento\/benevento-serie-lomaggio-del-comune-alla-strega\/\" \/>\n<meta property=\"og:site_name\" content=\"Anteprima24.it\" \/>\n<meta property=\"article:published_time\" content=\"2017-06-10T14:11:02+00:00\" \/>\n<meta property=\"article:modified_time\" content=\"2017-06-10T15:02:07+00:00\" \/>\n<meta property=\"og:image\" content=\"https:\/\/www.anteprima24.it\/archivio\/wp-content\/uploads\/2017\/06\/bencalcio1.jpg\" \/>\n\t<meta property=\"og:image:width\" content=\"1000\" \/>\n\t<meta property=\"og:image:height\" content=\"750\" \/>\n\t<meta property=\"og:image:type\" content=\"image\/jpeg\" \/>\n<meta name=\"author\" content=\"Antonio Corbo\" \/>\n<meta name=\"twitter:card\" content=\"summary_large_image\" \/>\n<meta name=\"twitter:label1\" content=\"Scritto da\" \/>\n\t<meta name=\"twitter:data1\" content=\"Antonio Corbo\" \/>\n\t<meta name=\"twitter:label2\" content=\"Tempo di lettura stimato\" \/>\n\t<meta name=\"twitter:data2\" content=\"4 minuti\" \/>\n<script type=\"application\/ld+json\" class=\"yoast-schema-graph\">{\"@context\":\"https:\/\/schema.org\",\"@graph\":[{\"@type\":\"Article\",\"@id\":\"https:\/\/www.anteprima24.it\/archivio\/benevento\/benevento-serie-lomaggio-del-comune-alla-strega\/#article\",\"isPartOf\":{\"@id\":\"https:\/\/www.anteprima24.it\/archivio\/benevento\/benevento-serie-lomaggio-del-comune-alla-strega\/\"},\"author\":{\"name\":\"Antonio Corbo\",\"@id\":\"https:\/\/www.anteprima24.it\/archivio\/#\/schema\/person\/07e04b73b7c116c79ec12cf3dc8ef618\"},\"headline\":\"Benevento in Serie A, l&#8217;omaggio del Comune alla Strega\",\"datePublished\":\"2017-06-10T14:11:02+00:00\",\"dateModified\":\"2017-06-10T15:02:07+00:00\",\"mainEntityOfPage\":{\"@id\":\"https:\/\/www.anteprima24.it\/archivio\/benevento\/benevento-serie-lomaggio-del-comune-alla-strega\/\"},\"wordCount\":737,\"commentCount\":0,\"image\":{\"@id\":\"https:\/\/www.anteprima24.it\/archivio\/benevento\/benevento-serie-lomaggio-del-comune-alla-strega\/#primaryimage\"},\"thumbnailUrl\":\"https:\/\/www.anteprima24.it\/archivio\/wp-content\/uploads\/2017\/06\/bencalcio1.jpg\",\"keywords\":[\"Baroni\",\"Benevento in Serie A\",\"Mastella\",\"Promozione\",\"Strega\",\"Vigorito\"],\"articleSection\":[\"Benevento\",\"Primo Piano Benevento\",\"Sport Benevento\"],\"inLanguage\":\"it-IT\",\"potentialAction\":[{\"@type\":\"CommentAction\",\"name\":\"Comment\",\"target\":[\"https:\/\/www.anteprima24.it\/archivio\/benevento\/benevento-serie-lomaggio-del-comune-alla-strega\/#respond\"]}]},{\"@type\":\"WebPage\",\"@id\":\"https:\/\/www.anteprima24.it\/archivio\/benevento\/benevento-serie-lomaggio-del-comune-alla-strega\/\",\"url\":\"https:\/\/www.anteprima24.it\/archivio\/benevento\/benevento-serie-lomaggio-del-comune-alla-strega\/\",\"name\":\"Benevento in Serie A, l'omaggio del Comune alla Strega - Anteprima24.it\",\"isPartOf\":{\"@id\":\"https:\/\/www.anteprima24.it\/archivio\/#website\"},\"primaryImageOfPage\":{\"@id\":\"https:\/\/www.anteprima24.it\/archivio\/benevento\/benevento-serie-lomaggio-del-comune-alla-strega\/#primaryimage\"},\"image\":{\"@id\":\"https:\/\/www.anteprima24.it\/archivio\/benevento\/benevento-serie-lomaggio-del-comune-alla-strega\/#primaryimage\"},\"thumbnailUrl\":\"https:\/\/www.anteprima24.it\/archivio\/wp-content\/uploads\/2017\/06\/bencalcio1.jpg\",\"datePublished\":\"2017-06-10T14:11:02+00:00\",\"dateModified\":\"2017-06-10T15:02:07+00:00\",\"author\":{\"@id\":\"https:\/\/www.anteprima24.it\/archivio\/#\/schema\/person\/07e04b73b7c116c79ec12cf3dc8ef618\"},\"breadcrumb\":{\"@id\":\"https:\/\/www.anteprima24.it\/archivio\/benevento\/benevento-serie-lomaggio-del-comune-alla-strega\/#breadcrumb\"},\"inLanguage\":\"it-IT\",\"potentialAction\":[{\"@type\":\"ReadAction\",\"target\":[\"https:\/\/www.anteprima24.it\/archivio\/benevento\/benevento-serie-lomaggio-del-comune-alla-strega\/\"]}]},{\"@type\":\"ImageObject\",\"inLanguage\":\"it-IT\",\"@id\":\"https:\/\/www.anteprima24.it\/archivio\/benevento\/benevento-serie-lomaggio-del-comune-alla-strega\/#primaryimage\",\"url\":\"https:\/\/www.anteprima24.it\/archivio\/wp-content\/uploads\/2017\/06\/bencalcio1.jpg\",\"contentUrl\":\"https:\/\/www.anteprima24.it\/archivio\/wp-content\/uploads\/2017\/06\/bencalcio1.jpg\",\"width\":1000,\"height\":750},{\"@type\":\"BreadcrumbList\",\"@id\":\"https:\/\/www.anteprima24.it\/archivio\/benevento\/benevento-serie-lomaggio-del-comune-alla-strega\/#breadcrumb\",\"itemListElement\":[{\"@type\":\"ListItem\",\"position\":1,\"name\":\"Home\",\"item\":\"https:\/\/www.anteprima24.it\/archivio\/\"},{\"@type\":\"ListItem\",\"position\":2,\"name\":\"Benevento in Serie A, l&#8217;omaggio del Comune alla Strega\"}]},{\"@type\":\"WebSite\",\"@id\":\"https:\/\/www.anteprima24.it\/archivio\/#website\",\"url\":\"https:\/\/www.anteprima24.it\/archivio\/\",\"name\":\"Anteprima24.it\",\"description\":\"\",\"potentialAction\":[{\"@type\":\"SearchAction\",\"target\":{\"@type\":\"EntryPoint\",\"urlTemplate\":\"https:\/\/www.anteprima24.it\/archivio\/?s={search_term_string}\"},\"query-input\":{\"@type\":\"PropertyValueSpecification\",\"valueRequired\":true,\"valueName\":\"search_term_string\"}}],\"inLanguage\":\"it-IT\"},{\"@type\":\"Person\",\"@id\":\"https:\/\/www.anteprima24.it\/archivio\/#\/schema\/person\/07e04b73b7c116c79ec12cf3dc8ef618\",\"name\":\"Antonio Corbo\",\"image\":{\"@type\":\"ImageObject\",\"inLanguage\":\"it-IT\",\"@id\":\"https:\/\/www.anteprima24.it\/archivio\/#\/schema\/person\/image\/\",\"url\":\"https:\/\/secure.gravatar.com\/avatar\/5037141d2b5caa3eee42644f6a67c08a1d5339b9c46f9531ac907505d2c8efed?s=96&d=mm&r=g\",\"contentUrl\":\"https:\/\/secure.gravatar.com\/avatar\/5037141d2b5caa3eee42644f6a67c08a1d5339b9c46f9531ac907505d2c8efed?s=96&d=mm&r=g\",\"caption\":\"Antonio Corbo\"},\"url\":\"https:\/\/www.anteprima24.it\/archivio\/author\/antoniocorbo\/\"}]}<\/script>\n<!-- \/ Yoast SEO plugin. -->","yoast_head_json":{"title":"Benevento in Serie A, l'omaggio del Comune alla Strega - Anteprima24.it","robots":{"index":"index","follow":"follow","max-snippet":"max-snippet:-1","max-image-preview":"max-image-preview:large","max-video-preview":"max-video-preview:-1"},"canonical":"https:\/\/www.anteprima24.it\/archivio\/benevento\/benevento-serie-lomaggio-del-comune-alla-strega\/","og_locale":"it_IT","og_type":"article","og_title":"Benevento in Serie A, l'omaggio del Comune alla Strega - Anteprima24.it","og_description":"Benevento &#8211; \u201cUn sogno da vivere ad occhi aperti\u201d. Questo \u00e8 la Serie A per Benevento. A meno di quarantotto ore dalla storica promozione, nel Sannio si continua a fare festa. E stamattina \u00e8 toccato al Comune rendere il dovuto omaggio alla Strega. A palazzo Paolo V, il sindaco Clemente Mastella, gli assessori e l\u2019intero [&hellip;]","og_url":"https:\/\/www.anteprima24.it\/archivio\/benevento\/benevento-serie-lomaggio-del-comune-alla-strega\/","og_site_name":"Anteprima24.it","article_published_time":"2017-06-10T14:11:02+00:00","article_modified_time":"2017-06-10T15:02:07+00:00","og_image":[{"width":1000,"height":750,"url":"https:\/\/www.anteprima24.it\/archivio\/wp-content\/uploads\/2017\/06\/bencalcio1.jpg","type":"image\/jpeg"}],"author":"Antonio Corbo","twitter_card":"summary_large_image","twitter_misc":{"Scritto da":"Antonio Corbo","Tempo di lettura stimato":"4 minuti"},"schema":{"@context":"https:\/\/schema.org","@graph":[{"@type":"Article","@id":"https:\/\/www.anteprima24.it\/archivio\/benevento\/benevento-serie-lomaggio-del-comune-alla-strega\/#article","isPartOf":{"@id":"https:\/\/www.anteprima24.it\/archivio\/benevento\/benevento-serie-lomaggio-del-comune-alla-strega\/"},"author":{"name":"Antonio Corbo","@id":"https:\/\/www.anteprima24.it\/archivio\/#\/schema\/person\/07e04b73b7c116c79ec12cf3dc8ef618"},"headline":"Benevento in Serie A, l&#8217;omaggio del Comune alla Strega","datePublished":"2017-06-10T14:11:02+00:00","dateModified":"2017-06-10T15:02:07+00:00","mainEntityOfPage":{"@id":"https:\/\/www.anteprima24.it\/archivio\/benevento\/benevento-serie-lomaggio-del-comune-alla-strega\/"},"wordCount":737,"commentCount":0,"image":{"@id":"https:\/\/www.anteprima24.it\/archivio\/benevento\/benevento-serie-lomaggio-del-comune-alla-strega\/#primaryimage"},"thumbnailUrl":"https:\/\/www.anteprima24.it\/archivio\/wp-content\/uploads\/2017\/06\/bencalcio1.jpg","keywords":["Baroni","Benevento in Serie A","Mastella","Promozione","Strega","Vigorito"],"articleSection":["Benevento","Primo Piano Benevento","Sport Benevento"],"inLanguage":"it-IT","potentialAction":[{"@type":"CommentAction","name":"Comment","target":["https:\/\/www.anteprima24.it\/archivio\/benevento\/benevento-serie-lomaggio-del-comune-alla-strega\/#respond"]}]},{"@type":"WebPage","@id":"https:\/\/www.anteprima24.it\/archivio\/benevento\/benevento-serie-lomaggio-del-comune-alla-strega\/","url":"https:\/\/www.anteprima24.it\/archivio\/benevento\/benevento-serie-lomaggio-del-comune-alla-strega\/","name":"Benevento in Serie A, l'omaggio del Comune alla Strega - Anteprima24.it","isPartOf":{"@id":"https:\/\/www.anteprima24.it\/archivio\/#website"},"primaryImageOfPage":{"@id":"https:\/\/www.anteprima24.it\/archivio\/benevento\/benevento-serie-lomaggio-del-comune-alla-strega\/#primaryimage"},"image":{"@id":"https:\/\/www.anteprima24.it\/archivio\/benevento\/benevento-serie-lomaggio-del-comune-alla-strega\/#primaryimage"},"thumbnailUrl":"https:\/\/www.anteprima24.it\/archivio\/wp-content\/uploads\/2017\/06\/bencalcio1.jpg","datePublished":"2017-06-10T14:11:02+00:00","dateModified":"2017-06-10T15:02:07+00:00","author":{"@id":"https:\/\/www.anteprima24.it\/archivio\/#\/schema\/person\/07e04b73b7c116c79ec12cf3dc8ef618"},"breadcrumb":{"@id":"https:\/\/www.anteprima24.it\/archivio\/benevento\/benevento-serie-lomaggio-del-comune-alla-strega\/#breadcrumb"},"inLanguage":"it-IT","potentialAction":[{"@type":"ReadAction","target":["https:\/\/www.anteprima24.it\/archivio\/benevento\/benevento-serie-lomaggio-del-comune-alla-strega\/"]}]},{"@type":"ImageObject","inLanguage":"it-IT","@id":"https:\/\/www.anteprima24.it\/archivio\/benevento\/benevento-serie-lomaggio-del-comune-alla-strega\/#primaryimage","url":"https:\/\/www.anteprima24.it\/archivio\/wp-content\/uploads\/2017\/06\/bencalcio1.jpg","contentUrl":"https:\/\/www.anteprima24.it\/archivio\/wp-content\/uploads\/2017\/06\/bencalcio1.jpg","width":1000,"height":750},{"@type":"BreadcrumbList","@id":"https:\/\/www.anteprima24.it\/archivio\/benevento\/benevento-serie-lomaggio-del-comune-alla-strega\/#breadcrumb","itemListElement":[{"@type":"ListItem","position":1,"name":"Home","item":"https:\/\/www.anteprima24.it\/archivio\/"},{"@type":"ListItem","position":2,"name":"Benevento in Serie A, l&#8217;omaggio del Comune alla Strega"}]},{"@type":"WebSite","@id":"https:\/\/www.anteprima24.it\/archivio\/#website","url":"https:\/\/www.anteprima24.it\/archivio\/","name":"Anteprima24.it","description":"","potentialAction":[{"@type":"SearchAction","target":{"@type":"EntryPoint","urlTemplate":"https:\/\/www.anteprima24.it\/archivio\/?s={search_term_string}"},"query-input":{"@type":"PropertyValueSpecification","valueRequired":true,"valueName":"search_term_string"}}],"inLanguage":"it-IT"},{"@type":"Person","@id":"https:\/\/www.anteprima24.it\/archivio\/#\/schema\/person\/07e04b73b7c116c79ec12cf3dc8ef618","name":"Antonio Corbo","image":{"@type":"ImageObject","inLanguage":"it-IT","@id":"https:\/\/www.anteprima24.it\/archivio\/#\/schema\/person\/image\/","url":"https:\/\/secure.gravatar.com\/avatar\/5037141d2b5caa3eee42644f6a67c08a1d5339b9c46f9531ac907505d2c8efed?s=96&d=mm&r=g","contentUrl":"https:\/\/secure.gravatar.com\/avatar\/5037141d2b5caa3eee42644f6a67c08a1d5339b9c46f9531ac907505d2c8efed?s=96&d=mm&r=g","caption":"Antonio Corbo"},"url":"https:\/\/www.anteprima24.it\/archivio\/author\/antoniocorbo\/"}]}},"_links":{"self":[{"href":"https:\/\/www.anteprima24.it\/archivio\/wp-json\/wp\/v2\/posts\/7314","targetHints":{"allow":["GET"]}}],"collection":[{"href":"https:\/\/www.anteprima24.it\/archivio\/wp-json\/wp\/v2\/posts"}],"about":[{"href":"https:\/\/www.anteprima24.it\/archivio\/wp-json\/wp\/v2\/types\/post"}],"author":[{"embeddable":true,"href":"https:\/\/www.anteprima24.it\/archivio\/wp-json\/wp\/v2\/users\/19"}],"replies":[{"embeddable":true,"href":"https:\/\/www.anteprima24.it\/archivio\/wp-json\/wp\/v2\/comments?post=7314"}],"version-history":[{"count":0,"href":"https:\/\/www.anteprima24.it\/archivio\/wp-json\/wp\/v2\/posts\/7314\/revisions"}],"wp:featuredmedia":[{"embeddable":true,"href":"https:\/\/www.anteprima24.it\/archivio\/wp-json\/wp\/v2\/media\/7353"}],"wp:attachment":[{"href":"https:\/\/www.anteprima24.it\/archivio\/wp-json\/wp\/v2\/media?parent=7314"}],"wp:term":[{"taxonomy":"category","embeddable":true,"href":"https:\/\/www.anteprima24.it\/archivio\/wp-json\/wp\/v2\/categories?post=7314"},{"taxonomy":"post_tag","embeddable":true,"href":"https:\/\/www.anteprima24.it\/archivio\/wp-json\/wp\/v2\/tags?post=7314"}],"curies":[{"name":"wp","href":"https:\/\/api.w.org\/{rel}","templated":true}]}}