{"id":8531,"date":"2017-06-14T07:51:45","date_gmt":"2017-06-14T05:51:45","guid":{"rendered":"http:\/\/www.anteprima24.it\/?p=8531"},"modified":"2017-06-14T07:51:45","modified_gmt":"2017-06-14T05:51:45","slug":"mazzoni-centrodestra-si-agita-mastella-no","status":"publish","type":"post","link":"https:\/\/www.anteprima24.it\/archivio\/benevento\/mazzoni-centrodestra-si-agita-mastella-no\/","title":{"rendered":"Il dopo Mazzoni: il centrodestra si agita, Mastella no"},"content":{"rendered":"<span class=\"span-reading-time rt-reading-time\" style=\"display: block;\"><span class=\"rt-label rt-prefix\">Tempo di lettura: <\/span> <span class=\"rt-time\"> 2<\/span> <span class=\"rt-label rt-postfix\">minuti<\/span><\/span><p>Soluzione interna o un nome esterno a palazzo Mosti? Politica o societ\u00e0 civile? La corsa per la successione a Erminia Mazzoni \u00e8 aperta e non \u00e8 detto che si concluda a breve. Clemente Mastella ci pensa ma non ha fretta. Quella del vicesindaco \u00e8 una casella ambita, evidentemente. Ci spera Forza Italia, ci spera l\u2019Udc. E pure qualche assessore di stretta osservanza mastelliana un pensierino ce l\u2019ha fatto. Sbattimenti che non sembrano turbare pi\u00f9 di tanto Mastella che in carriera ha navigato acque pi\u00f9 agitate. D\u2019altronde, sulla sua prima esperienza in via Annunziata pende sempre la spada di Damocle della legge Severino: in caso di condanna nel processo Udeur, per il primo cittadino scatta la sospensione. Insomma, chi subentrer\u00e0 a Erminia Mazzoni domani potrebbe sedere \u2013 seppur per breve tempo &#8211; sulla poltrona pi\u00f9 ambita dalla politica cittadina. Ecco perch\u00e9 la soluzione interna si lascia preferire. E in tal caso, a raccogliere gli spifferi provenienti da palazzo Mosti, la scelta ricadrebbe su Vincenzo Russi, oggi assessore all\u2019Ambiente. Il favoritissimo \u00e8 lui. Pi\u00f9 difficile l\u2019unica altra ipotesi presa in considerazione in questi giorni, quella di Mario Pasquariello, altro esponente dell\u2019esecutivo. E allora non ci resta che attendere. Perch\u00e9 Mastella lo sa: in politica, bisogna saper scegliere il tempo.<\/p>\n","protected":false},"excerpt":{"rendered":"<p>Soluzione interna o un nome esterno a palazzo Mosti? Politica o societ\u00e0 civile? La corsa per la successione a Erminia Mazzoni \u00e8 aperta e non \u00e8 detto che si concluda a breve. Clemente Mastella ci pensa ma non ha fretta. Quella del vicesindaco \u00e8 una casella ambita, evidentemente. Ci spera Forza Italia, ci spera l\u2019Udc. [&hellip;]<\/p>\n","protected":false},"author":19,"featured_media":2187,"comment_status":"open","ping_status":"open","sticky":false,"template":"","format":"standard","meta":{"_monsterinsights_skip_tracking":false,"_monsterinsights_sitenote_active":false,"_monsterinsights_sitenote_note":"","_monsterinsights_sitenote_category":0,"ngg_post_thumbnail":0,"footnotes":""},"categories":[2,1375,272,789,271],"tags":[40,41,1559,581],"class_list":{"0":"post-8531","1":"post","2":"type-post","3":"status-publish","4":"format-standard","5":"has-post-thumbnail","7":"category-benevento","8":"category-politica-benevento","9":"category-politica","10":"category-primo-piano-benevento","11":"category-regione","12":"tag-benevento","13":"tag-mastella","14":"tag-mazzoni","15":"tag-palazzo-mosti"},"yoast_head":"<!-- This site is optimized with the Yoast SEO plugin v26.8 - https:\/\/yoast.com\/product\/yoast-seo-wordpress\/ -->\n<title>Il dopo Mazzoni: il centrodestra si agita, Mastella no - Anteprima24.it<\/title>\n<meta name=\"robots\" content=\"index, follow, max-snippet:-1, max-image-preview:large, max-video-preview:-1\" \/>\n<link rel=\"canonical\" href=\"https:\/\/www.anteprima24.it\/archivio\/benevento\/mazzoni-centrodestra-si-agita-mastella-no\/\" \/>\n<meta property=\"og:locale\" content=\"it_IT\" \/>\n<meta property=\"og:type\" content=\"article\" \/>\n<meta property=\"og:title\" content=\"Il dopo Mazzoni: il centrodestra si agita, Mastella no - Anteprima24.it\" \/>\n<meta property=\"og:description\" content=\"Soluzione interna o un nome esterno a palazzo Mosti? Politica o societ\u00e0 civile? La corsa per la successione a Erminia Mazzoni \u00e8 aperta e non \u00e8 detto che si concluda a breve. Clemente Mastella ci pensa ma non ha fretta. Quella del vicesindaco \u00e8 una casella ambita, evidentemente. Ci spera Forza Italia, ci spera l\u2019Udc. [&hellip;]\" \/>\n<meta property=\"og:url\" content=\"https:\/\/www.anteprima24.it\/archivio\/benevento\/mazzoni-centrodestra-si-agita-mastella-no\/\" \/>\n<meta property=\"og:site_name\" content=\"Anteprima24.it\" \/>\n<meta property=\"article:published_time\" content=\"2017-06-14T05:51:45+00:00\" \/>\n<meta property=\"og:image\" content=\"https:\/\/www.anteprima24.it\/archivio\/wp-content\/uploads\/2017\/02\/clemente-mastella-sindaco-beneventio.jpg\" \/>\n\t<meta property=\"og:image:width\" content=\"1200\" \/>\n\t<meta property=\"og:image:height\" content=\"800\" \/>\n\t<meta property=\"og:image:type\" content=\"image\/jpeg\" \/>\n<meta name=\"author\" content=\"Antonio Corbo\" \/>\n<meta name=\"twitter:card\" content=\"summary_large_image\" \/>\n<meta name=\"twitter:label1\" content=\"Scritto da\" \/>\n\t<meta name=\"twitter:data1\" content=\"Antonio Corbo\" \/>\n\t<meta name=\"twitter:label2\" content=\"Tempo di lettura stimato\" \/>\n\t<meta name=\"twitter:data2\" content=\"1 minuto\" \/>\n<script type=\"application\/ld+json\" class=\"yoast-schema-graph\">{\"@context\":\"https:\/\/schema.org\",\"@graph\":[{\"@type\":\"Article\",\"@id\":\"https:\/\/www.anteprima24.it\/archivio\/benevento\/mazzoni-centrodestra-si-agita-mastella-no\/#article\",\"isPartOf\":{\"@id\":\"https:\/\/www.anteprima24.it\/archivio\/benevento\/mazzoni-centrodestra-si-agita-mastella-no\/\"},\"author\":{\"name\":\"Antonio Corbo\",\"@id\":\"https:\/\/www.anteprima24.it\/archivio\/#\/schema\/person\/07e04b73b7c116c79ec12cf3dc8ef618\"},\"headline\":\"Il dopo Mazzoni: il centrodestra si agita, Mastella no\",\"datePublished\":\"2017-06-14T05:51:45+00:00\",\"mainEntityOfPage\":{\"@id\":\"https:\/\/www.anteprima24.it\/archivio\/benevento\/mazzoni-centrodestra-si-agita-mastella-no\/\"},\"wordCount\":217,\"commentCount\":0,\"image\":{\"@id\":\"https:\/\/www.anteprima24.it\/archivio\/benevento\/mazzoni-centrodestra-si-agita-mastella-no\/#primaryimage\"},\"thumbnailUrl\":\"https:\/\/www.anteprima24.it\/archivio\/wp-content\/uploads\/2017\/02\/clemente-mastella-sindaco-beneventio.jpg\",\"keywords\":[\"Benevento\",\"Mastella\",\"Mazzoni\",\"Palazzo Mosti\"],\"articleSection\":[\"Benevento\",\"Politica Benevento\",\"Politica Regione\",\"Primo Piano Benevento\",\"Regione\"],\"inLanguage\":\"it-IT\",\"potentialAction\":[{\"@type\":\"CommentAction\",\"name\":\"Comment\",\"target\":[\"https:\/\/www.anteprima24.it\/archivio\/benevento\/mazzoni-centrodestra-si-agita-mastella-no\/#respond\"]}]},{\"@type\":\"WebPage\",\"@id\":\"https:\/\/www.anteprima24.it\/archivio\/benevento\/mazzoni-centrodestra-si-agita-mastella-no\/\",\"url\":\"https:\/\/www.anteprima24.it\/archivio\/benevento\/mazzoni-centrodestra-si-agita-mastella-no\/\",\"name\":\"Il dopo Mazzoni: il centrodestra si agita, Mastella no - Anteprima24.it\",\"isPartOf\":{\"@id\":\"https:\/\/www.anteprima24.it\/archivio\/#website\"},\"primaryImageOfPage\":{\"@id\":\"https:\/\/www.anteprima24.it\/archivio\/benevento\/mazzoni-centrodestra-si-agita-mastella-no\/#primaryimage\"},\"image\":{\"@id\":\"https:\/\/www.anteprima24.it\/archivio\/benevento\/mazzoni-centrodestra-si-agita-mastella-no\/#primaryimage\"},\"thumbnailUrl\":\"https:\/\/www.anteprima24.it\/archivio\/wp-content\/uploads\/2017\/02\/clemente-mastella-sindaco-beneventio.jpg\",\"datePublished\":\"2017-06-14T05:51:45+00:00\",\"author\":{\"@id\":\"https:\/\/www.anteprima24.it\/archivio\/#\/schema\/person\/07e04b73b7c116c79ec12cf3dc8ef618\"},\"breadcrumb\":{\"@id\":\"https:\/\/www.anteprima24.it\/archivio\/benevento\/mazzoni-centrodestra-si-agita-mastella-no\/#breadcrumb\"},\"inLanguage\":\"it-IT\",\"potentialAction\":[{\"@type\":\"ReadAction\",\"target\":[\"https:\/\/www.anteprima24.it\/archivio\/benevento\/mazzoni-centrodestra-si-agita-mastella-no\/\"]}]},{\"@type\":\"ImageObject\",\"inLanguage\":\"it-IT\",\"@id\":\"https:\/\/www.anteprima24.it\/archivio\/benevento\/mazzoni-centrodestra-si-agita-mastella-no\/#primaryimage\",\"url\":\"https:\/\/www.anteprima24.it\/archivio\/wp-content\/uploads\/2017\/02\/clemente-mastella-sindaco-beneventio.jpg\",\"contentUrl\":\"https:\/\/www.anteprima24.it\/archivio\/wp-content\/uploads\/2017\/02\/clemente-mastella-sindaco-beneventio.jpg\",\"width\":1200,\"height\":800},{\"@type\":\"BreadcrumbList\",\"@id\":\"https:\/\/www.anteprima24.it\/archivio\/benevento\/mazzoni-centrodestra-si-agita-mastella-no\/#breadcrumb\",\"itemListElement\":[{\"@type\":\"ListItem\",\"position\":1,\"name\":\"Home\",\"item\":\"https:\/\/www.anteprima24.it\/archivio\/\"},{\"@type\":\"ListItem\",\"position\":2,\"name\":\"Il dopo Mazzoni: il centrodestra si agita, Mastella no\"}]},{\"@type\":\"WebSite\",\"@id\":\"https:\/\/www.anteprima24.it\/archivio\/#website\",\"url\":\"https:\/\/www.anteprima24.it\/archivio\/\",\"name\":\"Anteprima24.it\",\"description\":\"\",\"potentialAction\":[{\"@type\":\"SearchAction\",\"target\":{\"@type\":\"EntryPoint\",\"urlTemplate\":\"https:\/\/www.anteprima24.it\/archivio\/?s={search_term_string}\"},\"query-input\":{\"@type\":\"PropertyValueSpecification\",\"valueRequired\":true,\"valueName\":\"search_term_string\"}}],\"inLanguage\":\"it-IT\"},{\"@type\":\"Person\",\"@id\":\"https:\/\/www.anteprima24.it\/archivio\/#\/schema\/person\/07e04b73b7c116c79ec12cf3dc8ef618\",\"name\":\"Antonio Corbo\",\"image\":{\"@type\":\"ImageObject\",\"inLanguage\":\"it-IT\",\"@id\":\"https:\/\/www.anteprima24.it\/archivio\/#\/schema\/person\/image\/\",\"url\":\"https:\/\/secure.gravatar.com\/avatar\/5037141d2b5caa3eee42644f6a67c08a1d5339b9c46f9531ac907505d2c8efed?s=96&d=mm&r=g\",\"contentUrl\":\"https:\/\/secure.gravatar.com\/avatar\/5037141d2b5caa3eee42644f6a67c08a1d5339b9c46f9531ac907505d2c8efed?s=96&d=mm&r=g\",\"caption\":\"Antonio Corbo\"},\"url\":\"https:\/\/www.anteprima24.it\/archivio\/author\/antoniocorbo\/\"}]}<\/script>\n<!-- \/ Yoast SEO plugin. -->","yoast_head_json":{"title":"Il dopo Mazzoni: il centrodestra si agita, Mastella no - Anteprima24.it","robots":{"index":"index","follow":"follow","max-snippet":"max-snippet:-1","max-image-preview":"max-image-preview:large","max-video-preview":"max-video-preview:-1"},"canonical":"https:\/\/www.anteprima24.it\/archivio\/benevento\/mazzoni-centrodestra-si-agita-mastella-no\/","og_locale":"it_IT","og_type":"article","og_title":"Il dopo Mazzoni: il centrodestra si agita, Mastella no - Anteprima24.it","og_description":"Soluzione interna o un nome esterno a palazzo Mosti? Politica o societ\u00e0 civile? La corsa per la successione a Erminia Mazzoni \u00e8 aperta e non \u00e8 detto che si concluda a breve. Clemente Mastella ci pensa ma non ha fretta. Quella del vicesindaco \u00e8 una casella ambita, evidentemente. Ci spera Forza Italia, ci spera l\u2019Udc. [&hellip;]","og_url":"https:\/\/www.anteprima24.it\/archivio\/benevento\/mazzoni-centrodestra-si-agita-mastella-no\/","og_site_name":"Anteprima24.it","article_published_time":"2017-06-14T05:51:45+00:00","og_image":[{"width":1200,"height":800,"url":"https:\/\/www.anteprima24.it\/archivio\/wp-content\/uploads\/2017\/02\/clemente-mastella-sindaco-beneventio.jpg","type":"image\/jpeg"}],"author":"Antonio Corbo","twitter_card":"summary_large_image","twitter_misc":{"Scritto da":"Antonio Corbo","Tempo di lettura stimato":"1 minuto"},"schema":{"@context":"https:\/\/schema.org","@graph":[{"@type":"Article","@id":"https:\/\/www.anteprima24.it\/archivio\/benevento\/mazzoni-centrodestra-si-agita-mastella-no\/#article","isPartOf":{"@id":"https:\/\/www.anteprima24.it\/archivio\/benevento\/mazzoni-centrodestra-si-agita-mastella-no\/"},"author":{"name":"Antonio Corbo","@id":"https:\/\/www.anteprima24.it\/archivio\/#\/schema\/person\/07e04b73b7c116c79ec12cf3dc8ef618"},"headline":"Il dopo Mazzoni: il centrodestra si agita, Mastella no","datePublished":"2017-06-14T05:51:45+00:00","mainEntityOfPage":{"@id":"https:\/\/www.anteprima24.it\/archivio\/benevento\/mazzoni-centrodestra-si-agita-mastella-no\/"},"wordCount":217,"commentCount":0,"image":{"@id":"https:\/\/www.anteprima24.it\/archivio\/benevento\/mazzoni-centrodestra-si-agita-mastella-no\/#primaryimage"},"thumbnailUrl":"https:\/\/www.anteprima24.it\/archivio\/wp-content\/uploads\/2017\/02\/clemente-mastella-sindaco-beneventio.jpg","keywords":["Benevento","Mastella","Mazzoni","Palazzo Mosti"],"articleSection":["Benevento","Politica Benevento","Politica Regione","Primo Piano Benevento","Regione"],"inLanguage":"it-IT","potentialAction":[{"@type":"CommentAction","name":"Comment","target":["https:\/\/www.anteprima24.it\/archivio\/benevento\/mazzoni-centrodestra-si-agita-mastella-no\/#respond"]}]},{"@type":"WebPage","@id":"https:\/\/www.anteprima24.it\/archivio\/benevento\/mazzoni-centrodestra-si-agita-mastella-no\/","url":"https:\/\/www.anteprima24.it\/archivio\/benevento\/mazzoni-centrodestra-si-agita-mastella-no\/","name":"Il dopo Mazzoni: il centrodestra si agita, Mastella no - Anteprima24.it","isPartOf":{"@id":"https:\/\/www.anteprima24.it\/archivio\/#website"},"primaryImageOfPage":{"@id":"https:\/\/www.anteprima24.it\/archivio\/benevento\/mazzoni-centrodestra-si-agita-mastella-no\/#primaryimage"},"image":{"@id":"https:\/\/www.anteprima24.it\/archivio\/benevento\/mazzoni-centrodestra-si-agita-mastella-no\/#primaryimage"},"thumbnailUrl":"https:\/\/www.anteprima24.it\/archivio\/wp-content\/uploads\/2017\/02\/clemente-mastella-sindaco-beneventio.jpg","datePublished":"2017-06-14T05:51:45+00:00","author":{"@id":"https:\/\/www.anteprima24.it\/archivio\/#\/schema\/person\/07e04b73b7c116c79ec12cf3dc8ef618"},"breadcrumb":{"@id":"https:\/\/www.anteprima24.it\/archivio\/benevento\/mazzoni-centrodestra-si-agita-mastella-no\/#breadcrumb"},"inLanguage":"it-IT","potentialAction":[{"@type":"ReadAction","target":["https:\/\/www.anteprima24.it\/archivio\/benevento\/mazzoni-centrodestra-si-agita-mastella-no\/"]}]},{"@type":"ImageObject","inLanguage":"it-IT","@id":"https:\/\/www.anteprima24.it\/archivio\/benevento\/mazzoni-centrodestra-si-agita-mastella-no\/#primaryimage","url":"https:\/\/www.anteprima24.it\/archivio\/wp-content\/uploads\/2017\/02\/clemente-mastella-sindaco-beneventio.jpg","contentUrl":"https:\/\/www.anteprima24.it\/archivio\/wp-content\/uploads\/2017\/02\/clemente-mastella-sindaco-beneventio.jpg","width":1200,"height":800},{"@type":"BreadcrumbList","@id":"https:\/\/www.anteprima24.it\/archivio\/benevento\/mazzoni-centrodestra-si-agita-mastella-no\/#breadcrumb","itemListElement":[{"@type":"ListItem","position":1,"name":"Home","item":"https:\/\/www.anteprima24.it\/archivio\/"},{"@type":"ListItem","position":2,"name":"Il dopo Mazzoni: il centrodestra si agita, Mastella no"}]},{"@type":"WebSite","@id":"https:\/\/www.anteprima24.it\/archivio\/#website","url":"https:\/\/www.anteprima24.it\/archivio\/","name":"Anteprima24.it","description":"","potentialAction":[{"@type":"SearchAction","target":{"@type":"EntryPoint","urlTemplate":"https:\/\/www.anteprima24.it\/archivio\/?s={search_term_string}"},"query-input":{"@type":"PropertyValueSpecification","valueRequired":true,"valueName":"search_term_string"}}],"inLanguage":"it-IT"},{"@type":"Person","@id":"https:\/\/www.anteprima24.it\/archivio\/#\/schema\/person\/07e04b73b7c116c79ec12cf3dc8ef618","name":"Antonio Corbo","image":{"@type":"ImageObject","inLanguage":"it-IT","@id":"https:\/\/www.anteprima24.it\/archivio\/#\/schema\/person\/image\/","url":"https:\/\/secure.gravatar.com\/avatar\/5037141d2b5caa3eee42644f6a67c08a1d5339b9c46f9531ac907505d2c8efed?s=96&d=mm&r=g","contentUrl":"https:\/\/secure.gravatar.com\/avatar\/5037141d2b5caa3eee42644f6a67c08a1d5339b9c46f9531ac907505d2c8efed?s=96&d=mm&r=g","caption":"Antonio Corbo"},"url":"https:\/\/www.anteprima24.it\/archivio\/author\/antoniocorbo\/"}]}},"_links":{"self":[{"href":"https:\/\/www.anteprima24.it\/archivio\/wp-json\/wp\/v2\/posts\/8531","targetHints":{"allow":["GET"]}}],"collection":[{"href":"https:\/\/www.anteprima24.it\/archivio\/wp-json\/wp\/v2\/posts"}],"about":[{"href":"https:\/\/www.anteprima24.it\/archivio\/wp-json\/wp\/v2\/types\/post"}],"author":[{"embeddable":true,"href":"https:\/\/www.anteprima24.it\/archivio\/wp-json\/wp\/v2\/users\/19"}],"replies":[{"embeddable":true,"href":"https:\/\/www.anteprima24.it\/archivio\/wp-json\/wp\/v2\/comments?post=8531"}],"version-history":[{"count":0,"href":"https:\/\/www.anteprima24.it\/archivio\/wp-json\/wp\/v2\/posts\/8531\/revisions"}],"wp:featuredmedia":[{"embeddable":true,"href":"https:\/\/www.anteprima24.it\/archivio\/wp-json\/wp\/v2\/media\/2187"}],"wp:attachment":[{"href":"https:\/\/www.anteprima24.it\/archivio\/wp-json\/wp\/v2\/media?parent=8531"}],"wp:term":[{"taxonomy":"category","embeddable":true,"href":"https:\/\/www.anteprima24.it\/archivio\/wp-json\/wp\/v2\/categories?post=8531"},{"taxonomy":"post_tag","embeddable":true,"href":"https:\/\/www.anteprima24.it\/archivio\/wp-json\/wp\/v2\/tags?post=8531"}],"curies":[{"name":"wp","href":"https:\/\/api.w.org\/{rel}","templated":true}]}}