{"id":8533,"date":"2017-06-14T08:46:54","date_gmt":"2017-06-14T06:46:54","guid":{"rendered":"http:\/\/www.anteprima24.it\/?p=8533"},"modified":"2017-06-14T08:46:54","modified_gmt":"2017-06-14T06:46:54","slug":"del-basso-de-caro-ad-atripalda-un-suicidio-politico","status":"publish","type":"post","link":"https:\/\/www.anteprima24.it\/archivio\/avellino\/del-basso-de-caro-ad-atripalda-un-suicidio-politico\/","title":{"rendered":"Del Basso De Caro: &#8220;Ad Atripalda un suicidio politico&#8221;"},"content":{"rendered":"<span class=\"span-reading-time rt-reading-time\" style=\"display: block;\"><span class=\"rt-label rt-prefix\">Tempo di lettura: <\/span> <span class=\"rt-time\"> &lt; 1<\/span> <span class=\"rt-label rt-postfix\">minuto<\/span><\/span><p>\u201cAd Atripalda un suicidio politico\u201d. Non le manda a dire Umberto Del Basso De Caro, sottosegretario alle Infrastrutture del governo Gentiloni. Per l\u2019esponente del Partito democratico, intervistato da \u2018Il Mattino\u2019 di Avellino, il voto di Atripalda rappresenta la pagina nera del voto amministrativo in Irpinia. \u201cUn sindaco uscente non \u00e8 stato eletto per 121 voti mentre a vincere \u00e8 stata una compagine al cui interno c\u2019erano altri iscritti al partito\u201d. Dati incoraggianti, invece, quelli giunti dalle altre realt\u00e0. \u201cIl Pd ha eletto un gran numero di amministratori ed \u00e8 largamente presente in tutti i consigli comunali: un dato che dimostra l\u2019assoluta vitalit\u00e0 del partito\u201d. L\u2019attenzione, per\u00f2, \u00e8 gi\u00e0 tutta per il voto della prossima primavera quando si torner\u00e0 ai seggi anche nel capoluogo Avellino. Come individuare il candidato sindaco? Per De Caro, l\u2019optimum sarebbe \u201cuna soluzione unitaria\u201d. Altrimenti, dovessero emergere pi\u00f9 aspirazioni, \u201csi dovranno organizzare le primarie\u201d.<\/p>\n","protected":false},"excerpt":{"rendered":"<p>\u201cAd Atripalda un suicidio politico\u201d. Non le manda a dire Umberto Del Basso De Caro, sottosegretario alle Infrastrutture del governo Gentiloni. Per l\u2019esponente del Partito democratico, intervistato da \u2018Il Mattino\u2019 di Avellino, il voto di Atripalda rappresenta la pagina nera del voto amministrativo in Irpinia. \u201cUn sindaco uscente non \u00e8 stato eletto per 121 voti [&hellip;]<\/p>\n","protected":false},"author":19,"featured_media":8535,"comment_status":"open","ping_status":"open","sticky":false,"template":"","format":"standard","meta":{"_monsterinsights_skip_tracking":false,"_monsterinsights_sitenote_active":false,"_monsterinsights_sitenote_note":"","_monsterinsights_sitenote_category":0,"ngg_post_thumbnail":0,"footnotes":""},"categories":[4,1381,272,788,787,271],"tags":[1557,885,285,358],"class_list":{"0":"post-8533","1":"post","2":"type-post","3":"status-publish","4":"format-standard","5":"has-post-thumbnail","7":"category-avellino","8":"category-politica-avellino","9":"category-politica","10":"category-primo-piano-avellino","11":"category-primo-piano-regione","12":"category-regione","13":"tag-amministrative-2017","14":"tag-atripalda","15":"tag-avellino","16":"tag-del-basso-de-caro"},"yoast_head":"<!-- This site is optimized with the Yoast SEO plugin v26.8 - https:\/\/yoast.com\/product\/yoast-seo-wordpress\/ -->\n<title>Del Basso De Caro: &quot;Ad Atripalda un suicidio politico&quot; - Anteprima24.it<\/title>\n<meta name=\"robots\" content=\"index, follow, max-snippet:-1, max-image-preview:large, max-video-preview:-1\" \/>\n<link rel=\"canonical\" href=\"https:\/\/www.anteprima24.it\/archivio\/avellino\/del-basso-de-caro-ad-atripalda-un-suicidio-politico\/\" \/>\n<meta property=\"og:locale\" content=\"it_IT\" \/>\n<meta property=\"og:type\" content=\"article\" \/>\n<meta property=\"og:title\" content=\"Del Basso De Caro: &quot;Ad Atripalda un suicidio politico&quot; - Anteprima24.it\" \/>\n<meta property=\"og:description\" content=\"\u201cAd Atripalda un suicidio politico\u201d. Non le manda a dire Umberto Del Basso De Caro, sottosegretario alle Infrastrutture del governo Gentiloni. Per l\u2019esponente del Partito democratico, intervistato da \u2018Il Mattino\u2019 di Avellino, il voto di Atripalda rappresenta la pagina nera del voto amministrativo in Irpinia. \u201cUn sindaco uscente non \u00e8 stato eletto per 121 voti [&hellip;]\" \/>\n<meta property=\"og:url\" content=\"https:\/\/www.anteprima24.it\/archivio\/avellino\/del-basso-de-caro-ad-atripalda-un-suicidio-politico\/\" \/>\n<meta property=\"og:site_name\" content=\"Anteprima24.it\" \/>\n<meta property=\"article:published_time\" content=\"2017-06-14T06:46:54+00:00\" \/>\n<meta property=\"og:image\" content=\"https:\/\/www.anteprima24.it\/archivio\/wp-content\/uploads\/2017\/06\/De-Caro.jpg\" \/>\n\t<meta property=\"og:image:width\" content=\"320\" \/>\n\t<meta property=\"og:image:height\" content=\"240\" \/>\n\t<meta property=\"og:image:type\" content=\"image\/jpeg\" \/>\n<meta name=\"author\" content=\"Antonio Corbo\" \/>\n<meta name=\"twitter:card\" content=\"summary_large_image\" \/>\n<meta name=\"twitter:label1\" content=\"Scritto da\" \/>\n\t<meta name=\"twitter:data1\" content=\"Antonio Corbo\" \/>\n\t<meta name=\"twitter:label2\" content=\"Tempo di lettura stimato\" \/>\n\t<meta name=\"twitter:data2\" content=\"1 minuto\" \/>\n<script type=\"application\/ld+json\" class=\"yoast-schema-graph\">{\"@context\":\"https:\/\/schema.org\",\"@graph\":[{\"@type\":\"Article\",\"@id\":\"https:\/\/www.anteprima24.it\/archivio\/avellino\/del-basso-de-caro-ad-atripalda-un-suicidio-politico\/#article\",\"isPartOf\":{\"@id\":\"https:\/\/www.anteprima24.it\/archivio\/avellino\/del-basso-de-caro-ad-atripalda-un-suicidio-politico\/\"},\"author\":{\"name\":\"Antonio Corbo\",\"@id\":\"https:\/\/www.anteprima24.it\/archivio\/#\/schema\/person\/07e04b73b7c116c79ec12cf3dc8ef618\"},\"headline\":\"Del Basso De Caro: &#8220;Ad Atripalda un suicidio politico&#8221;\",\"datePublished\":\"2017-06-14T06:46:54+00:00\",\"mainEntityOfPage\":{\"@id\":\"https:\/\/www.anteprima24.it\/archivio\/avellino\/del-basso-de-caro-ad-atripalda-un-suicidio-politico\/\"},\"wordCount\":156,\"commentCount\":0,\"image\":{\"@id\":\"https:\/\/www.anteprima24.it\/archivio\/avellino\/del-basso-de-caro-ad-atripalda-un-suicidio-politico\/#primaryimage\"},\"thumbnailUrl\":\"https:\/\/www.anteprima24.it\/archivio\/wp-content\/uploads\/2017\/06\/De-Caro.jpg\",\"keywords\":[\"amministrative 2017\",\"Atripalda\",\"Avellino\",\"del basso de caro\"],\"articleSection\":[\"Avellino\",\"Politica Avellino\",\"Politica Regione\",\"Primo Piano Avellino\",\"Primo Piano Regione\",\"Regione\"],\"inLanguage\":\"it-IT\",\"potentialAction\":[{\"@type\":\"CommentAction\",\"name\":\"Comment\",\"target\":[\"https:\/\/www.anteprima24.it\/archivio\/avellino\/del-basso-de-caro-ad-atripalda-un-suicidio-politico\/#respond\"]}]},{\"@type\":\"WebPage\",\"@id\":\"https:\/\/www.anteprima24.it\/archivio\/avellino\/del-basso-de-caro-ad-atripalda-un-suicidio-politico\/\",\"url\":\"https:\/\/www.anteprima24.it\/archivio\/avellino\/del-basso-de-caro-ad-atripalda-un-suicidio-politico\/\",\"name\":\"Del Basso De Caro: \\\"Ad Atripalda un suicidio politico\\\" - Anteprima24.it\",\"isPartOf\":{\"@id\":\"https:\/\/www.anteprima24.it\/archivio\/#website\"},\"primaryImageOfPage\":{\"@id\":\"https:\/\/www.anteprima24.it\/archivio\/avellino\/del-basso-de-caro-ad-atripalda-un-suicidio-politico\/#primaryimage\"},\"image\":{\"@id\":\"https:\/\/www.anteprima24.it\/archivio\/avellino\/del-basso-de-caro-ad-atripalda-un-suicidio-politico\/#primaryimage\"},\"thumbnailUrl\":\"https:\/\/www.anteprima24.it\/archivio\/wp-content\/uploads\/2017\/06\/De-Caro.jpg\",\"datePublished\":\"2017-06-14T06:46:54+00:00\",\"author\":{\"@id\":\"https:\/\/www.anteprima24.it\/archivio\/#\/schema\/person\/07e04b73b7c116c79ec12cf3dc8ef618\"},\"breadcrumb\":{\"@id\":\"https:\/\/www.anteprima24.it\/archivio\/avellino\/del-basso-de-caro-ad-atripalda-un-suicidio-politico\/#breadcrumb\"},\"inLanguage\":\"it-IT\",\"potentialAction\":[{\"@type\":\"ReadAction\",\"target\":[\"https:\/\/www.anteprima24.it\/archivio\/avellino\/del-basso-de-caro-ad-atripalda-un-suicidio-politico\/\"]}]},{\"@type\":\"ImageObject\",\"inLanguage\":\"it-IT\",\"@id\":\"https:\/\/www.anteprima24.it\/archivio\/avellino\/del-basso-de-caro-ad-atripalda-un-suicidio-politico\/#primaryimage\",\"url\":\"https:\/\/www.anteprima24.it\/archivio\/wp-content\/uploads\/2017\/06\/De-Caro.jpg\",\"contentUrl\":\"https:\/\/www.anteprima24.it\/archivio\/wp-content\/uploads\/2017\/06\/De-Caro.jpg\",\"width\":320,\"height\":240},{\"@type\":\"BreadcrumbList\",\"@id\":\"https:\/\/www.anteprima24.it\/archivio\/avellino\/del-basso-de-caro-ad-atripalda-un-suicidio-politico\/#breadcrumb\",\"itemListElement\":[{\"@type\":\"ListItem\",\"position\":1,\"name\":\"Home\",\"item\":\"https:\/\/www.anteprima24.it\/archivio\/\"},{\"@type\":\"ListItem\",\"position\":2,\"name\":\"Del Basso De Caro: &#8220;Ad Atripalda un suicidio politico&#8221;\"}]},{\"@type\":\"WebSite\",\"@id\":\"https:\/\/www.anteprima24.it\/archivio\/#website\",\"url\":\"https:\/\/www.anteprima24.it\/archivio\/\",\"name\":\"Anteprima24.it\",\"description\":\"\",\"potentialAction\":[{\"@type\":\"SearchAction\",\"target\":{\"@type\":\"EntryPoint\",\"urlTemplate\":\"https:\/\/www.anteprima24.it\/archivio\/?s={search_term_string}\"},\"query-input\":{\"@type\":\"PropertyValueSpecification\",\"valueRequired\":true,\"valueName\":\"search_term_string\"}}],\"inLanguage\":\"it-IT\"},{\"@type\":\"Person\",\"@id\":\"https:\/\/www.anteprima24.it\/archivio\/#\/schema\/person\/07e04b73b7c116c79ec12cf3dc8ef618\",\"name\":\"Antonio Corbo\",\"image\":{\"@type\":\"ImageObject\",\"inLanguage\":\"it-IT\",\"@id\":\"https:\/\/www.anteprima24.it\/archivio\/#\/schema\/person\/image\/\",\"url\":\"https:\/\/secure.gravatar.com\/avatar\/5037141d2b5caa3eee42644f6a67c08a1d5339b9c46f9531ac907505d2c8efed?s=96&d=mm&r=g\",\"contentUrl\":\"https:\/\/secure.gravatar.com\/avatar\/5037141d2b5caa3eee42644f6a67c08a1d5339b9c46f9531ac907505d2c8efed?s=96&d=mm&r=g\",\"caption\":\"Antonio Corbo\"},\"url\":\"https:\/\/www.anteprima24.it\/archivio\/author\/antoniocorbo\/\"}]}<\/script>\n<!-- \/ Yoast SEO plugin. -->","yoast_head_json":{"title":"Del Basso De Caro: \"Ad Atripalda un suicidio politico\" - Anteprima24.it","robots":{"index":"index","follow":"follow","max-snippet":"max-snippet:-1","max-image-preview":"max-image-preview:large","max-video-preview":"max-video-preview:-1"},"canonical":"https:\/\/www.anteprima24.it\/archivio\/avellino\/del-basso-de-caro-ad-atripalda-un-suicidio-politico\/","og_locale":"it_IT","og_type":"article","og_title":"Del Basso De Caro: \"Ad Atripalda un suicidio politico\" - Anteprima24.it","og_description":"\u201cAd Atripalda un suicidio politico\u201d. Non le manda a dire Umberto Del Basso De Caro, sottosegretario alle Infrastrutture del governo Gentiloni. Per l\u2019esponente del Partito democratico, intervistato da \u2018Il Mattino\u2019 di Avellino, il voto di Atripalda rappresenta la pagina nera del voto amministrativo in Irpinia. \u201cUn sindaco uscente non \u00e8 stato eletto per 121 voti [&hellip;]","og_url":"https:\/\/www.anteprima24.it\/archivio\/avellino\/del-basso-de-caro-ad-atripalda-un-suicidio-politico\/","og_site_name":"Anteprima24.it","article_published_time":"2017-06-14T06:46:54+00:00","og_image":[{"width":320,"height":240,"url":"https:\/\/www.anteprima24.it\/archivio\/wp-content\/uploads\/2017\/06\/De-Caro.jpg","type":"image\/jpeg"}],"author":"Antonio Corbo","twitter_card":"summary_large_image","twitter_misc":{"Scritto da":"Antonio Corbo","Tempo di lettura stimato":"1 minuto"},"schema":{"@context":"https:\/\/schema.org","@graph":[{"@type":"Article","@id":"https:\/\/www.anteprima24.it\/archivio\/avellino\/del-basso-de-caro-ad-atripalda-un-suicidio-politico\/#article","isPartOf":{"@id":"https:\/\/www.anteprima24.it\/archivio\/avellino\/del-basso-de-caro-ad-atripalda-un-suicidio-politico\/"},"author":{"name":"Antonio Corbo","@id":"https:\/\/www.anteprima24.it\/archivio\/#\/schema\/person\/07e04b73b7c116c79ec12cf3dc8ef618"},"headline":"Del Basso De Caro: &#8220;Ad Atripalda un suicidio politico&#8221;","datePublished":"2017-06-14T06:46:54+00:00","mainEntityOfPage":{"@id":"https:\/\/www.anteprima24.it\/archivio\/avellino\/del-basso-de-caro-ad-atripalda-un-suicidio-politico\/"},"wordCount":156,"commentCount":0,"image":{"@id":"https:\/\/www.anteprima24.it\/archivio\/avellino\/del-basso-de-caro-ad-atripalda-un-suicidio-politico\/#primaryimage"},"thumbnailUrl":"https:\/\/www.anteprima24.it\/archivio\/wp-content\/uploads\/2017\/06\/De-Caro.jpg","keywords":["amministrative 2017","Atripalda","Avellino","del basso de caro"],"articleSection":["Avellino","Politica Avellino","Politica Regione","Primo Piano Avellino","Primo Piano Regione","Regione"],"inLanguage":"it-IT","potentialAction":[{"@type":"CommentAction","name":"Comment","target":["https:\/\/www.anteprima24.it\/archivio\/avellino\/del-basso-de-caro-ad-atripalda-un-suicidio-politico\/#respond"]}]},{"@type":"WebPage","@id":"https:\/\/www.anteprima24.it\/archivio\/avellino\/del-basso-de-caro-ad-atripalda-un-suicidio-politico\/","url":"https:\/\/www.anteprima24.it\/archivio\/avellino\/del-basso-de-caro-ad-atripalda-un-suicidio-politico\/","name":"Del Basso De Caro: \"Ad Atripalda un suicidio politico\" - Anteprima24.it","isPartOf":{"@id":"https:\/\/www.anteprima24.it\/archivio\/#website"},"primaryImageOfPage":{"@id":"https:\/\/www.anteprima24.it\/archivio\/avellino\/del-basso-de-caro-ad-atripalda-un-suicidio-politico\/#primaryimage"},"image":{"@id":"https:\/\/www.anteprima24.it\/archivio\/avellino\/del-basso-de-caro-ad-atripalda-un-suicidio-politico\/#primaryimage"},"thumbnailUrl":"https:\/\/www.anteprima24.it\/archivio\/wp-content\/uploads\/2017\/06\/De-Caro.jpg","datePublished":"2017-06-14T06:46:54+00:00","author":{"@id":"https:\/\/www.anteprima24.it\/archivio\/#\/schema\/person\/07e04b73b7c116c79ec12cf3dc8ef618"},"breadcrumb":{"@id":"https:\/\/www.anteprima24.it\/archivio\/avellino\/del-basso-de-caro-ad-atripalda-un-suicidio-politico\/#breadcrumb"},"inLanguage":"it-IT","potentialAction":[{"@type":"ReadAction","target":["https:\/\/www.anteprima24.it\/archivio\/avellino\/del-basso-de-caro-ad-atripalda-un-suicidio-politico\/"]}]},{"@type":"ImageObject","inLanguage":"it-IT","@id":"https:\/\/www.anteprima24.it\/archivio\/avellino\/del-basso-de-caro-ad-atripalda-un-suicidio-politico\/#primaryimage","url":"https:\/\/www.anteprima24.it\/archivio\/wp-content\/uploads\/2017\/06\/De-Caro.jpg","contentUrl":"https:\/\/www.anteprima24.it\/archivio\/wp-content\/uploads\/2017\/06\/De-Caro.jpg","width":320,"height":240},{"@type":"BreadcrumbList","@id":"https:\/\/www.anteprima24.it\/archivio\/avellino\/del-basso-de-caro-ad-atripalda-un-suicidio-politico\/#breadcrumb","itemListElement":[{"@type":"ListItem","position":1,"name":"Home","item":"https:\/\/www.anteprima24.it\/archivio\/"},{"@type":"ListItem","position":2,"name":"Del Basso De Caro: &#8220;Ad Atripalda un suicidio politico&#8221;"}]},{"@type":"WebSite","@id":"https:\/\/www.anteprima24.it\/archivio\/#website","url":"https:\/\/www.anteprima24.it\/archivio\/","name":"Anteprima24.it","description":"","potentialAction":[{"@type":"SearchAction","target":{"@type":"EntryPoint","urlTemplate":"https:\/\/www.anteprima24.it\/archivio\/?s={search_term_string}"},"query-input":{"@type":"PropertyValueSpecification","valueRequired":true,"valueName":"search_term_string"}}],"inLanguage":"it-IT"},{"@type":"Person","@id":"https:\/\/www.anteprima24.it\/archivio\/#\/schema\/person\/07e04b73b7c116c79ec12cf3dc8ef618","name":"Antonio Corbo","image":{"@type":"ImageObject","inLanguage":"it-IT","@id":"https:\/\/www.anteprima24.it\/archivio\/#\/schema\/person\/image\/","url":"https:\/\/secure.gravatar.com\/avatar\/5037141d2b5caa3eee42644f6a67c08a1d5339b9c46f9531ac907505d2c8efed?s=96&d=mm&r=g","contentUrl":"https:\/\/secure.gravatar.com\/avatar\/5037141d2b5caa3eee42644f6a67c08a1d5339b9c46f9531ac907505d2c8efed?s=96&d=mm&r=g","caption":"Antonio Corbo"},"url":"https:\/\/www.anteprima24.it\/archivio\/author\/antoniocorbo\/"}]}},"_links":{"self":[{"href":"https:\/\/www.anteprima24.it\/archivio\/wp-json\/wp\/v2\/posts\/8533","targetHints":{"allow":["GET"]}}],"collection":[{"href":"https:\/\/www.anteprima24.it\/archivio\/wp-json\/wp\/v2\/posts"}],"about":[{"href":"https:\/\/www.anteprima24.it\/archivio\/wp-json\/wp\/v2\/types\/post"}],"author":[{"embeddable":true,"href":"https:\/\/www.anteprima24.it\/archivio\/wp-json\/wp\/v2\/users\/19"}],"replies":[{"embeddable":true,"href":"https:\/\/www.anteprima24.it\/archivio\/wp-json\/wp\/v2\/comments?post=8533"}],"version-history":[{"count":0,"href":"https:\/\/www.anteprima24.it\/archivio\/wp-json\/wp\/v2\/posts\/8533\/revisions"}],"wp:featuredmedia":[{"embeddable":true,"href":"https:\/\/www.anteprima24.it\/archivio\/wp-json\/wp\/v2\/media\/8535"}],"wp:attachment":[{"href":"https:\/\/www.anteprima24.it\/archivio\/wp-json\/wp\/v2\/media?parent=8533"}],"wp:term":[{"taxonomy":"category","embeddable":true,"href":"https:\/\/www.anteprima24.it\/archivio\/wp-json\/wp\/v2\/categories?post=8533"},{"taxonomy":"post_tag","embeddable":true,"href":"https:\/\/www.anteprima24.it\/archivio\/wp-json\/wp\/v2\/tags?post=8533"}],"curies":[{"name":"wp","href":"https:\/\/api.w.org\/{rel}","templated":true}]}}