{"id":91940,"date":"2017-11-29T18:33:45","date_gmt":"2017-11-29T16:33:45","guid":{"rendered":"http:\/\/www.anteprima24.it\/?p=91940"},"modified":"2017-11-29T18:33:45","modified_gmt":"2017-11-29T16:33:45","slug":"avellino-capitan","status":"publish","type":"post","link":"https:\/\/www.anteprima24.it\/archivio\/avellino\/avellino-capitan\/","title":{"rendered":"Avellino, capitan D&#8217;Angelo urla: &#8220;Dobbiamo rialzarci immediatamente&#8221;"},"content":{"rendered":"<span class=\"span-reading-time rt-reading-time\" style=\"display: block;\"><span class=\"rt-label rt-prefix\">Tempo di lettura: <\/span> <span class=\"rt-time\"> &lt; 1<\/span> <span class=\"rt-label rt-postfix\">minuto<\/span><\/span><p>Avellino &#8211; &#8220;<em>Abbiamo avuto pochissimo tempo per riflette dopo la sconfitta con il Palermo<\/em>&#8220;. Cos\u00ec il capitano <strong>Angelo D&#8217;Angelo<\/strong> dal ventre del Partenio-Lombardi. &#8220;<em>In dieci uomini ci hanno dominato &#8211; continua &#8211;\u00a0 Ci siamo parlati, da questo bruttissimo schiaffo l&#8217;Avellino si rialzer\u00e0. La strada \u00e8 lunga. Basta fare un filotto di risultati per ritrovarci nelle zone alte. Dobbiamo tornare ad essere quelli di prima dove non avevamo paura di sbagliare. In settimana ho avuto modo di vedere una grande involuzione. Ricordo bene la partita con il Foggia ad oggi \u00e8 un flebile ricordo. Dobbiamo riconquistare tutti con la massima umilt\u00e0 e dedizione. <strong>Ma servir\u00e0 il coraggio<\/strong>. A differenza dello scorso anno abbiamo cinque punti in pi\u00f9 della passata stagione, ma non dobbiamo cullarci<\/em>&#8220;.<\/p>\n<p>&#8220;<em>Dobbiamo costruire la salvezza tra le mura amiche<\/em> &#8211; continua D&#8217;Angelo &#8211;\u00a0\u00a0<span class=\"s1\"><i>Servir\u00e0 il cuore, non servir\u00e0 la rabbia oppure no. Bisogner\u00e0 dimostrare di essere uomini. Solo cos\u00ec possiamo uscire da questo momento particolare. Non dobbiamo crearci alibi\u00a0<\/i>&#8211; continua &#8211;\u00a0<em>In questi anni non ho mai trovato scuse o altro. Le polemiche extra campo devono rimanere fuori dobbiamo pensare solo al campo. Stiamo lavorando testa bassa nel migliore dei modi, qualche sberla in pi\u00f9 ci ha svegliato&#8221;.<\/em><\/span><\/p>\n","protected":false},"excerpt":{"rendered":"<p>Avellino &#8211; &#8220;Abbiamo avuto pochissimo tempo per riflette dopo la sconfitta con il Palermo&#8220;. Cos\u00ec il capitano Angelo D&#8217;Angelo dal ventre del Partenio-Lombardi. &#8220;In dieci uomini ci hanno dominato &#8211; continua &#8211;\u00a0 Ci siamo parlati, da questo bruttissimo schiaffo l&#8217;Avellino si rialzer\u00e0. La strada \u00e8 lunga. Basta fare un filotto di risultati per ritrovarci nelle [&hellip;]<\/p>\n","protected":false},"author":24,"featured_media":91937,"comment_status":"open","ping_status":"open","sticky":false,"template":"","format":"standard","meta":{"_monsterinsights_skip_tracking":false,"_monsterinsights_sitenote_active":false,"_monsterinsights_sitenote_note":"","_monsterinsights_sitenote_category":0,"ngg_post_thumbnail":0,"footnotes":""},"categories":[4,271,1200,1455,1384,275],"tags":[13345,285,897,9531],"class_list":{"0":"post-91940","1":"post","2":"type-post","3":"status-publish","4":"format-standard","5":"has-post-thumbnail","7":"category-avellino","8":"category-regione","9":"category-serie-b","10":"category-serie-d-sport-avellino","11":"category-sport-avellino","12":"category-sport","13":"tag-angelo-dangelo","14":"tag-avellino","15":"tag-avellino-calcio","16":"tag-us-avellino"},"yoast_head":"<!-- This site is optimized with the Yoast SEO plugin v26.8 - https:\/\/yoast.com\/product\/yoast-seo-wordpress\/ -->\n<title>Avellino, capitan D&#039;Angelo urla: &quot;Dobbiamo rialzarci immediatamente&quot;<\/title>\n<meta name=\"description\" content=\"Abbiamo avuto pochissimo tempo per riflette dopo la sconfitta con il Palermo&quot;. Cos\u00ec il capitano Angelo D&#039;Angelo dal ventre del Partenio-Lombardi.\" \/>\n<meta name=\"robots\" content=\"index, follow, max-snippet:-1, max-image-preview:large, max-video-preview:-1\" \/>\n<link rel=\"canonical\" href=\"https:\/\/www.anteprima24.it\/archivio\/avellino\/avellino-capitan\/\" \/>\n<meta property=\"og:locale\" content=\"it_IT\" \/>\n<meta property=\"og:type\" content=\"article\" \/>\n<meta property=\"og:title\" content=\"Avellino, capitan D&#039;Angelo urla: &quot;Dobbiamo rialzarci immediatamente&quot;\" \/>\n<meta property=\"og:description\" content=\"Abbiamo avuto pochissimo tempo per riflette dopo la sconfitta con il Palermo&quot;. Cos\u00ec il capitano Angelo D&#039;Angelo dal ventre del Partenio-Lombardi.\" \/>\n<meta property=\"og:url\" content=\"https:\/\/www.anteprima24.it\/archivio\/avellino\/avellino-capitan\/\" \/>\n<meta property=\"og:site_name\" content=\"Anteprima24.it\" \/>\n<meta property=\"article:published_time\" content=\"2017-11-29T16:33:45+00:00\" \/>\n<meta property=\"og:image\" content=\"https:\/\/www.anteprima24.it\/archivio\/wp-content\/uploads\/2017\/11\/20967973_10212117235078534_672595083_o.jpg\" \/>\n\t<meta property=\"og:image:width\" content=\"2048\" \/>\n\t<meta property=\"og:image:height\" content=\"1365\" \/>\n\t<meta property=\"og:image:type\" content=\"image\/jpeg\" \/>\n<meta name=\"author\" content=\"Antonio Tedeschi\" \/>\n<meta name=\"twitter:card\" content=\"summary_large_image\" \/>\n<meta name=\"twitter:label1\" content=\"Scritto da\" \/>\n\t<meta name=\"twitter:data1\" content=\"Antonio Tedeschi\" \/>\n\t<meta name=\"twitter:label2\" content=\"Tempo di lettura stimato\" \/>\n\t<meta name=\"twitter:data2\" content=\"1 minuto\" \/>\n<script type=\"application\/ld+json\" class=\"yoast-schema-graph\">{\"@context\":\"https:\/\/schema.org\",\"@graph\":[{\"@type\":\"Article\",\"@id\":\"https:\/\/www.anteprima24.it\/archivio\/avellino\/avellino-capitan\/#article\",\"isPartOf\":{\"@id\":\"https:\/\/www.anteprima24.it\/archivio\/avellino\/avellino-capitan\/\"},\"author\":{\"name\":\"Antonio Tedeschi\",\"@id\":\"https:\/\/www.anteprima24.it\/archivio\/#\/schema\/person\/30fcc8a4138521844ae98ad9d137afdf\"},\"headline\":\"Avellino, capitan D&#8217;Angelo urla: &#8220;Dobbiamo rialzarci immediatamente&#8221;\",\"datePublished\":\"2017-11-29T16:33:45+00:00\",\"mainEntityOfPage\":{\"@id\":\"https:\/\/www.anteprima24.it\/archivio\/avellino\/avellino-capitan\/\"},\"wordCount\":210,\"commentCount\":0,\"image\":{\"@id\":\"https:\/\/www.anteprima24.it\/archivio\/avellino\/avellino-capitan\/#primaryimage\"},\"thumbnailUrl\":\"https:\/\/www.anteprima24.it\/archivio\/wp-content\/uploads\/2017\/11\/20967973_10212117235078534_672595083_o.jpg\",\"keywords\":[\"Angelo D'Angelo\",\"Avellino\",\"Avellino Calcio\",\"Us Avellino\"],\"articleSection\":[\"Avellino\",\"Regione\",\"Serie B Regione\",\"Serie C Avellino\",\"Sport Avellino\",\"Sport Regione\"],\"inLanguage\":\"it-IT\",\"potentialAction\":[{\"@type\":\"CommentAction\",\"name\":\"Comment\",\"target\":[\"https:\/\/www.anteprima24.it\/archivio\/avellino\/avellino-capitan\/#respond\"]}]},{\"@type\":\"WebPage\",\"@id\":\"https:\/\/www.anteprima24.it\/archivio\/avellino\/avellino-capitan\/\",\"url\":\"https:\/\/www.anteprima24.it\/archivio\/avellino\/avellino-capitan\/\",\"name\":\"Avellino, capitan D'Angelo urla: \\\"Dobbiamo rialzarci immediatamente\\\"\",\"isPartOf\":{\"@id\":\"https:\/\/www.anteprima24.it\/archivio\/#website\"},\"primaryImageOfPage\":{\"@id\":\"https:\/\/www.anteprima24.it\/archivio\/avellino\/avellino-capitan\/#primaryimage\"},\"image\":{\"@id\":\"https:\/\/www.anteprima24.it\/archivio\/avellino\/avellino-capitan\/#primaryimage\"},\"thumbnailUrl\":\"https:\/\/www.anteprima24.it\/archivio\/wp-content\/uploads\/2017\/11\/20967973_10212117235078534_672595083_o.jpg\",\"datePublished\":\"2017-11-29T16:33:45+00:00\",\"author\":{\"@id\":\"https:\/\/www.anteprima24.it\/archivio\/#\/schema\/person\/30fcc8a4138521844ae98ad9d137afdf\"},\"description\":\"Abbiamo avuto pochissimo tempo per riflette dopo la sconfitta con il Palermo\\\". Cos\u00ec il capitano Angelo D'Angelo dal ventre del Partenio-Lombardi.\",\"breadcrumb\":{\"@id\":\"https:\/\/www.anteprima24.it\/archivio\/avellino\/avellino-capitan\/#breadcrumb\"},\"inLanguage\":\"it-IT\",\"potentialAction\":[{\"@type\":\"ReadAction\",\"target\":[\"https:\/\/www.anteprima24.it\/archivio\/avellino\/avellino-capitan\/\"]}]},{\"@type\":\"ImageObject\",\"inLanguage\":\"it-IT\",\"@id\":\"https:\/\/www.anteprima24.it\/archivio\/avellino\/avellino-capitan\/#primaryimage\",\"url\":\"https:\/\/www.anteprima24.it\/archivio\/wp-content\/uploads\/2017\/11\/20967973_10212117235078534_672595083_o.jpg\",\"contentUrl\":\"https:\/\/www.anteprima24.it\/archivio\/wp-content\/uploads\/2017\/11\/20967973_10212117235078534_672595083_o.jpg\",\"width\":2048,\"height\":1365},{\"@type\":\"BreadcrumbList\",\"@id\":\"https:\/\/www.anteprima24.it\/archivio\/avellino\/avellino-capitan\/#breadcrumb\",\"itemListElement\":[{\"@type\":\"ListItem\",\"position\":1,\"name\":\"Home\",\"item\":\"https:\/\/www.anteprima24.it\/archivio\/\"},{\"@type\":\"ListItem\",\"position\":2,\"name\":\"Avellino, capitan D&#8217;Angelo urla: &#8220;Dobbiamo rialzarci immediatamente&#8221;\"}]},{\"@type\":\"WebSite\",\"@id\":\"https:\/\/www.anteprima24.it\/archivio\/#website\",\"url\":\"https:\/\/www.anteprima24.it\/archivio\/\",\"name\":\"Anteprima24.it\",\"description\":\"\",\"potentialAction\":[{\"@type\":\"SearchAction\",\"target\":{\"@type\":\"EntryPoint\",\"urlTemplate\":\"https:\/\/www.anteprima24.it\/archivio\/?s={search_term_string}\"},\"query-input\":{\"@type\":\"PropertyValueSpecification\",\"valueRequired\":true,\"valueName\":\"search_term_string\"}}],\"inLanguage\":\"it-IT\"},{\"@type\":\"Person\",\"@id\":\"https:\/\/www.anteprima24.it\/archivio\/#\/schema\/person\/30fcc8a4138521844ae98ad9d137afdf\",\"name\":\"Antonio Tedeschi\",\"image\":{\"@type\":\"ImageObject\",\"inLanguage\":\"it-IT\",\"@id\":\"https:\/\/www.anteprima24.it\/archivio\/#\/schema\/person\/image\/\",\"url\":\"https:\/\/secure.gravatar.com\/avatar\/45372818180df7341e181ce77faeeb16e07236ab151a43b41f99b910f3582b12?s=96&d=mm&r=g\",\"contentUrl\":\"https:\/\/secure.gravatar.com\/avatar\/45372818180df7341e181ce77faeeb16e07236ab151a43b41f99b910f3582b12?s=96&d=mm&r=g\",\"caption\":\"Antonio Tedeschi\"},\"url\":\"https:\/\/www.anteprima24.it\/archivio\/author\/antoniotedeschi\/\"}]}<\/script>\n<!-- \/ Yoast SEO plugin. -->","yoast_head_json":{"title":"Avellino, capitan D'Angelo urla: \"Dobbiamo rialzarci immediatamente\"","description":"Abbiamo avuto pochissimo tempo per riflette dopo la sconfitta con il Palermo\". Cos\u00ec il capitano Angelo D'Angelo dal ventre del Partenio-Lombardi.","robots":{"index":"index","follow":"follow","max-snippet":"max-snippet:-1","max-image-preview":"max-image-preview:large","max-video-preview":"max-video-preview:-1"},"canonical":"https:\/\/www.anteprima24.it\/archivio\/avellino\/avellino-capitan\/","og_locale":"it_IT","og_type":"article","og_title":"Avellino, capitan D'Angelo urla: \"Dobbiamo rialzarci immediatamente\"","og_description":"Abbiamo avuto pochissimo tempo per riflette dopo la sconfitta con il Palermo\". Cos\u00ec il capitano Angelo D'Angelo dal ventre del Partenio-Lombardi.","og_url":"https:\/\/www.anteprima24.it\/archivio\/avellino\/avellino-capitan\/","og_site_name":"Anteprima24.it","article_published_time":"2017-11-29T16:33:45+00:00","og_image":[{"width":2048,"height":1365,"url":"https:\/\/www.anteprima24.it\/archivio\/wp-content\/uploads\/2017\/11\/20967973_10212117235078534_672595083_o.jpg","type":"image\/jpeg"}],"author":"Antonio Tedeschi","twitter_card":"summary_large_image","twitter_misc":{"Scritto da":"Antonio Tedeschi","Tempo di lettura stimato":"1 minuto"},"schema":{"@context":"https:\/\/schema.org","@graph":[{"@type":"Article","@id":"https:\/\/www.anteprima24.it\/archivio\/avellino\/avellino-capitan\/#article","isPartOf":{"@id":"https:\/\/www.anteprima24.it\/archivio\/avellino\/avellino-capitan\/"},"author":{"name":"Antonio Tedeschi","@id":"https:\/\/www.anteprima24.it\/archivio\/#\/schema\/person\/30fcc8a4138521844ae98ad9d137afdf"},"headline":"Avellino, capitan D&#8217;Angelo urla: &#8220;Dobbiamo rialzarci immediatamente&#8221;","datePublished":"2017-11-29T16:33:45+00:00","mainEntityOfPage":{"@id":"https:\/\/www.anteprima24.it\/archivio\/avellino\/avellino-capitan\/"},"wordCount":210,"commentCount":0,"image":{"@id":"https:\/\/www.anteprima24.it\/archivio\/avellino\/avellino-capitan\/#primaryimage"},"thumbnailUrl":"https:\/\/www.anteprima24.it\/archivio\/wp-content\/uploads\/2017\/11\/20967973_10212117235078534_672595083_o.jpg","keywords":["Angelo D'Angelo","Avellino","Avellino Calcio","Us Avellino"],"articleSection":["Avellino","Regione","Serie B Regione","Serie C Avellino","Sport Avellino","Sport Regione"],"inLanguage":"it-IT","potentialAction":[{"@type":"CommentAction","name":"Comment","target":["https:\/\/www.anteprima24.it\/archivio\/avellino\/avellino-capitan\/#respond"]}]},{"@type":"WebPage","@id":"https:\/\/www.anteprima24.it\/archivio\/avellino\/avellino-capitan\/","url":"https:\/\/www.anteprima24.it\/archivio\/avellino\/avellino-capitan\/","name":"Avellino, capitan D'Angelo urla: \"Dobbiamo rialzarci immediatamente\"","isPartOf":{"@id":"https:\/\/www.anteprima24.it\/archivio\/#website"},"primaryImageOfPage":{"@id":"https:\/\/www.anteprima24.it\/archivio\/avellino\/avellino-capitan\/#primaryimage"},"image":{"@id":"https:\/\/www.anteprima24.it\/archivio\/avellino\/avellino-capitan\/#primaryimage"},"thumbnailUrl":"https:\/\/www.anteprima24.it\/archivio\/wp-content\/uploads\/2017\/11\/20967973_10212117235078534_672595083_o.jpg","datePublished":"2017-11-29T16:33:45+00:00","author":{"@id":"https:\/\/www.anteprima24.it\/archivio\/#\/schema\/person\/30fcc8a4138521844ae98ad9d137afdf"},"description":"Abbiamo avuto pochissimo tempo per riflette dopo la sconfitta con il Palermo\". Cos\u00ec il capitano Angelo D'Angelo dal ventre del Partenio-Lombardi.","breadcrumb":{"@id":"https:\/\/www.anteprima24.it\/archivio\/avellino\/avellino-capitan\/#breadcrumb"},"inLanguage":"it-IT","potentialAction":[{"@type":"ReadAction","target":["https:\/\/www.anteprima24.it\/archivio\/avellino\/avellino-capitan\/"]}]},{"@type":"ImageObject","inLanguage":"it-IT","@id":"https:\/\/www.anteprima24.it\/archivio\/avellino\/avellino-capitan\/#primaryimage","url":"https:\/\/www.anteprima24.it\/archivio\/wp-content\/uploads\/2017\/11\/20967973_10212117235078534_672595083_o.jpg","contentUrl":"https:\/\/www.anteprima24.it\/archivio\/wp-content\/uploads\/2017\/11\/20967973_10212117235078534_672595083_o.jpg","width":2048,"height":1365},{"@type":"BreadcrumbList","@id":"https:\/\/www.anteprima24.it\/archivio\/avellino\/avellino-capitan\/#breadcrumb","itemListElement":[{"@type":"ListItem","position":1,"name":"Home","item":"https:\/\/www.anteprima24.it\/archivio\/"},{"@type":"ListItem","position":2,"name":"Avellino, capitan D&#8217;Angelo urla: &#8220;Dobbiamo rialzarci immediatamente&#8221;"}]},{"@type":"WebSite","@id":"https:\/\/www.anteprima24.it\/archivio\/#website","url":"https:\/\/www.anteprima24.it\/archivio\/","name":"Anteprima24.it","description":"","potentialAction":[{"@type":"SearchAction","target":{"@type":"EntryPoint","urlTemplate":"https:\/\/www.anteprima24.it\/archivio\/?s={search_term_string}"},"query-input":{"@type":"PropertyValueSpecification","valueRequired":true,"valueName":"search_term_string"}}],"inLanguage":"it-IT"},{"@type":"Person","@id":"https:\/\/www.anteprima24.it\/archivio\/#\/schema\/person\/30fcc8a4138521844ae98ad9d137afdf","name":"Antonio Tedeschi","image":{"@type":"ImageObject","inLanguage":"it-IT","@id":"https:\/\/www.anteprima24.it\/archivio\/#\/schema\/person\/image\/","url":"https:\/\/secure.gravatar.com\/avatar\/45372818180df7341e181ce77faeeb16e07236ab151a43b41f99b910f3582b12?s=96&d=mm&r=g","contentUrl":"https:\/\/secure.gravatar.com\/avatar\/45372818180df7341e181ce77faeeb16e07236ab151a43b41f99b910f3582b12?s=96&d=mm&r=g","caption":"Antonio Tedeschi"},"url":"https:\/\/www.anteprima24.it\/archivio\/author\/antoniotedeschi\/"}]}},"_links":{"self":[{"href":"https:\/\/www.anteprima24.it\/archivio\/wp-json\/wp\/v2\/posts\/91940","targetHints":{"allow":["GET"]}}],"collection":[{"href":"https:\/\/www.anteprima24.it\/archivio\/wp-json\/wp\/v2\/posts"}],"about":[{"href":"https:\/\/www.anteprima24.it\/archivio\/wp-json\/wp\/v2\/types\/post"}],"author":[{"embeddable":true,"href":"https:\/\/www.anteprima24.it\/archivio\/wp-json\/wp\/v2\/users\/24"}],"replies":[{"embeddable":true,"href":"https:\/\/www.anteprima24.it\/archivio\/wp-json\/wp\/v2\/comments?post=91940"}],"version-history":[{"count":0,"href":"https:\/\/www.anteprima24.it\/archivio\/wp-json\/wp\/v2\/posts\/91940\/revisions"}],"wp:featuredmedia":[{"embeddable":true,"href":"https:\/\/www.anteprima24.it\/archivio\/wp-json\/wp\/v2\/media\/91937"}],"wp:attachment":[{"href":"https:\/\/www.anteprima24.it\/archivio\/wp-json\/wp\/v2\/media?parent=91940"}],"wp:term":[{"taxonomy":"category","embeddable":true,"href":"https:\/\/www.anteprima24.it\/archivio\/wp-json\/wp\/v2\/categories?post=91940"},{"taxonomy":"post_tag","embeddable":true,"href":"https:\/\/www.anteprima24.it\/archivio\/wp-json\/wp\/v2\/tags?post=91940"}],"curies":[{"name":"wp","href":"https:\/\/api.w.org\/{rel}","templated":true}]}}