{"id":94839,"date":"2017-12-04T23:01:33","date_gmt":"2017-12-04T21:01:33","guid":{"rendered":"http:\/\/www.anteprima24.it\/?p=94839"},"modified":"2017-12-04T23:01:33","modified_gmt":"2017-12-04T21:01:33","slug":"taccone-gubitosa","status":"publish","type":"post","link":"https:\/\/www.anteprima24.it\/archivio\/avellino\/taccone-gubitosa\/","title":{"rendered":"Avellino, Taccone pronto al passo d&#8217;addio ma Gubitosa chiede garanzie"},"content":{"rendered":"<span class=\"span-reading-time rt-reading-time\" style=\"display: block;\"><span class=\"rt-label rt-prefix\">Tempo di lettura: <\/span> <span class=\"rt-time\"> 2<\/span> <span class=\"rt-label rt-postfix\">minuti<\/span><\/span><p style=\"text-align: justify\">Avellino &#8211; Nessuna novit\u00e0 sul fronte societ\u00e0 per l&#8217;<strong>Avellino<\/strong>. Tra <strong>Walter Taccone<\/strong> e<strong> Michele Gubitosa<\/strong> \u00e8 venuta fuori una fumata grigia a tratti nera. E&#8217; stata una lunga giornata tra rifiuti, ripensamenti e soprattutto colpi di scena. Non per ultimo la volont\u00e0 di Taccone di cedere la societ\u00e0, ma dall&#8217;altra parte Gubitosa chiede garanzie. Tra i due nessun attrito anzi hanno avuto modo di dialogare a margine dell&#8217;incontro presso l&#8217;Hotel de la Ville al margine dell&#8217;incontro di giustizia sportiva promosso da <strong>Bruno Iovino<\/strong>.<\/p>\n<p>&#8220;<em>Evidentemente Michele o qualcuno che sta con lui vuole garanzie economiche per sopravvenienze passive<\/em> &#8211; ha spiegato Taccone &#8211;<strong>\u00a0<\/strong>\u00a0<em>Ho fatto una controproposta e vedremo nei prossimi giorni la sua risposta. La trattativa \u00e8 di difficile attuazione, ma non \u00e8 l\u2019unica in atto, nei prossimi giorni ci potrebbero essere delle novit\u00e0 importanti<\/em>&#8221; ha concluso il massimo esponente biancoverde.<\/p>\n<p style=\"text-align: justify\">&#8220;<em>Taccone ha espresso la sua volont\u00e0 di uscire dalla societ\u00e0\u00a0<\/em>&#8211; ha spiegato Gubitosa &#8211;\u00a0<em>In questo momento la mia premura \u00e8 capire se ci sono &#8216;debiti fuori bilancio&#8217;. Io non ho fretta di acquistare l&#8217;Avellino, sia chiaro, ho avuto modo di studiare approfonditamente la situazione anche per quanto concerne la questione Catanzaro. <strong>Ferullo<\/strong>? E&#8217; un vero enigma per me. Qualche giorno fa si \u00e8 presentato nel mio ufficio millantando di poter gestire il 70% della societ\u00e0, ma non gli ho creduto e l&#8217;ho messo alla porta&#8221;.\u00a0<\/em><\/p>\n","protected":false},"excerpt":{"rendered":"<p>Avellino &#8211; Nessuna novit\u00e0 sul fronte societ\u00e0 per l&#8217;Avellino. Tra Walter Taccone e Michele Gubitosa \u00e8 venuta fuori una fumata grigia a tratti nera. E&#8217; stata una lunga giornata tra rifiuti, ripensamenti e soprattutto colpi di scena. Non per ultimo la volont\u00e0 di Taccone di cedere la societ\u00e0, ma dall&#8217;altra parte Gubitosa chiede garanzie. Tra [&hellip;]<\/p>\n","protected":false},"author":24,"featured_media":94840,"comment_status":"open","ping_status":"open","sticky":false,"template":"","format":"standard","meta":{"_monsterinsights_skip_tracking":false,"_monsterinsights_sitenote_active":false,"_monsterinsights_sitenote_note":"","_monsterinsights_sitenote_category":0,"ngg_post_thumbnail":0,"footnotes":""},"categories":[4,271,1200,1455,1384,275],"tags":[13493,285,897,8106,14540,10066],"class_list":{"0":"post-94839","1":"post","2":"type-post","3":"status-publish","4":"format-standard","5":"has-post-thumbnail","7":"category-avellino","8":"category-regione","9":"category-serie-b","10":"category-serie-d-sport-avellino","11":"category-sport-avellino","12":"category-sport","13":"tag-angelo-ferullo","14":"tag-avellino","15":"tag-avellino-calcio","16":"tag-comune-di-avellino","17":"tag-michele-gubitosa","18":"tag-walter-taccone"},"yoast_head":"<!-- This site is optimized with the Yoast SEO plugin v26.8 - https:\/\/yoast.com\/product\/yoast-seo-wordpress\/ -->\n<title>Avellino, Taccone pronto al passo d&#039;addio ma Gubitosa chiede garanzie<\/title>\n<meta name=\"description\" content=\"Nessuna novit\u00e0 sul fronte societ\u00e0 per l&#039;Avellino. Tra Walter Taccone e Michele Gubitosa \u00e8 venuta fuori una fumata grigia a tratti nera.\" \/>\n<meta name=\"robots\" content=\"index, follow, max-snippet:-1, max-image-preview:large, max-video-preview:-1\" \/>\n<link rel=\"canonical\" href=\"https:\/\/www.anteprima24.it\/archivio\/avellino\/taccone-gubitosa\/\" \/>\n<meta property=\"og:locale\" content=\"it_IT\" \/>\n<meta property=\"og:type\" content=\"article\" \/>\n<meta property=\"og:title\" content=\"Avellino, Taccone pronto al passo d&#039;addio ma Gubitosa chiede garanzie\" \/>\n<meta property=\"og:description\" content=\"Nessuna novit\u00e0 sul fronte societ\u00e0 per l&#039;Avellino. Tra Walter Taccone e Michele Gubitosa \u00e8 venuta fuori una fumata grigia a tratti nera.\" \/>\n<meta property=\"og:url\" content=\"https:\/\/www.anteprima24.it\/archivio\/avellino\/taccone-gubitosa\/\" \/>\n<meta property=\"og:site_name\" content=\"Anteprima24.it\" \/>\n<meta property=\"article:published_time\" content=\"2017-12-04T21:01:33+00:00\" \/>\n<meta property=\"og:image\" content=\"https:\/\/www.anteprima24.it\/archivio\/wp-content\/uploads\/2017\/12\/Schermata-2017-12-04-alle-21.48.16.png\" \/>\n\t<meta property=\"og:image:width\" content=\"1024\" \/>\n\t<meta property=\"og:image:height\" content=\"476\" \/>\n\t<meta property=\"og:image:type\" content=\"image\/png\" \/>\n<meta name=\"author\" content=\"Antonio Tedeschi\" \/>\n<meta name=\"twitter:card\" content=\"summary_large_image\" \/>\n<meta name=\"twitter:label1\" content=\"Scritto da\" \/>\n\t<meta name=\"twitter:data1\" content=\"Antonio Tedeschi\" \/>\n\t<meta name=\"twitter:label2\" content=\"Tempo di lettura stimato\" \/>\n\t<meta name=\"twitter:data2\" content=\"1 minuto\" \/>\n<script type=\"application\/ld+json\" class=\"yoast-schema-graph\">{\"@context\":\"https:\/\/schema.org\",\"@graph\":[{\"@type\":\"Article\",\"@id\":\"https:\/\/www.anteprima24.it\/archivio\/avellino\/taccone-gubitosa\/#article\",\"isPartOf\":{\"@id\":\"https:\/\/www.anteprima24.it\/archivio\/avellino\/taccone-gubitosa\/\"},\"author\":{\"name\":\"Antonio Tedeschi\",\"@id\":\"https:\/\/www.anteprima24.it\/archivio\/#\/schema\/person\/30fcc8a4138521844ae98ad9d137afdf\"},\"headline\":\"Avellino, Taccone pronto al passo d&#8217;addio ma Gubitosa chiede garanzie\",\"datePublished\":\"2017-12-04T21:01:33+00:00\",\"mainEntityOfPage\":{\"@id\":\"https:\/\/www.anteprima24.it\/archivio\/avellino\/taccone-gubitosa\/\"},\"wordCount\":241,\"commentCount\":0,\"image\":{\"@id\":\"https:\/\/www.anteprima24.it\/archivio\/avellino\/taccone-gubitosa\/#primaryimage\"},\"thumbnailUrl\":\"https:\/\/www.anteprima24.it\/archivio\/wp-content\/uploads\/2017\/12\/Schermata-2017-12-04-alle-21.48.16.png\",\"keywords\":[\"Angelo Ferullo\",\"Avellino\",\"Avellino Calcio\",\"comune di avellino\",\"Michele Gubitosa\",\"Walter Taccone\"],\"articleSection\":[\"Avellino\",\"Regione\",\"Serie B Regione\",\"Serie C Avellino\",\"Sport Avellino\",\"Sport Regione\"],\"inLanguage\":\"it-IT\",\"potentialAction\":[{\"@type\":\"CommentAction\",\"name\":\"Comment\",\"target\":[\"https:\/\/www.anteprima24.it\/archivio\/avellino\/taccone-gubitosa\/#respond\"]}]},{\"@type\":\"WebPage\",\"@id\":\"https:\/\/www.anteprima24.it\/archivio\/avellino\/taccone-gubitosa\/\",\"url\":\"https:\/\/www.anteprima24.it\/archivio\/avellino\/taccone-gubitosa\/\",\"name\":\"Avellino, Taccone pronto al passo d'addio ma Gubitosa chiede garanzie\",\"isPartOf\":{\"@id\":\"https:\/\/www.anteprima24.it\/archivio\/#website\"},\"primaryImageOfPage\":{\"@id\":\"https:\/\/www.anteprima24.it\/archivio\/avellino\/taccone-gubitosa\/#primaryimage\"},\"image\":{\"@id\":\"https:\/\/www.anteprima24.it\/archivio\/avellino\/taccone-gubitosa\/#primaryimage\"},\"thumbnailUrl\":\"https:\/\/www.anteprima24.it\/archivio\/wp-content\/uploads\/2017\/12\/Schermata-2017-12-04-alle-21.48.16.png\",\"datePublished\":\"2017-12-04T21:01:33+00:00\",\"author\":{\"@id\":\"https:\/\/www.anteprima24.it\/archivio\/#\/schema\/person\/30fcc8a4138521844ae98ad9d137afdf\"},\"description\":\"Nessuna novit\u00e0 sul fronte societ\u00e0 per l'Avellino. Tra Walter Taccone e Michele Gubitosa \u00e8 venuta fuori una fumata grigia a tratti nera.\",\"breadcrumb\":{\"@id\":\"https:\/\/www.anteprima24.it\/archivio\/avellino\/taccone-gubitosa\/#breadcrumb\"},\"inLanguage\":\"it-IT\",\"potentialAction\":[{\"@type\":\"ReadAction\",\"target\":[\"https:\/\/www.anteprima24.it\/archivio\/avellino\/taccone-gubitosa\/\"]}]},{\"@type\":\"ImageObject\",\"inLanguage\":\"it-IT\",\"@id\":\"https:\/\/www.anteprima24.it\/archivio\/avellino\/taccone-gubitosa\/#primaryimage\",\"url\":\"https:\/\/www.anteprima24.it\/archivio\/wp-content\/uploads\/2017\/12\/Schermata-2017-12-04-alle-21.48.16.png\",\"contentUrl\":\"https:\/\/www.anteprima24.it\/archivio\/wp-content\/uploads\/2017\/12\/Schermata-2017-12-04-alle-21.48.16.png\",\"width\":1024,\"height\":476},{\"@type\":\"BreadcrumbList\",\"@id\":\"https:\/\/www.anteprima24.it\/archivio\/avellino\/taccone-gubitosa\/#breadcrumb\",\"itemListElement\":[{\"@type\":\"ListItem\",\"position\":1,\"name\":\"Home\",\"item\":\"https:\/\/www.anteprima24.it\/archivio\/\"},{\"@type\":\"ListItem\",\"position\":2,\"name\":\"Avellino, Taccone pronto al passo d&#8217;addio ma Gubitosa chiede garanzie\"}]},{\"@type\":\"WebSite\",\"@id\":\"https:\/\/www.anteprima24.it\/archivio\/#website\",\"url\":\"https:\/\/www.anteprima24.it\/archivio\/\",\"name\":\"Anteprima24.it\",\"description\":\"\",\"potentialAction\":[{\"@type\":\"SearchAction\",\"target\":{\"@type\":\"EntryPoint\",\"urlTemplate\":\"https:\/\/www.anteprima24.it\/archivio\/?s={search_term_string}\"},\"query-input\":{\"@type\":\"PropertyValueSpecification\",\"valueRequired\":true,\"valueName\":\"search_term_string\"}}],\"inLanguage\":\"it-IT\"},{\"@type\":\"Person\",\"@id\":\"https:\/\/www.anteprima24.it\/archivio\/#\/schema\/person\/30fcc8a4138521844ae98ad9d137afdf\",\"name\":\"Antonio Tedeschi\",\"image\":{\"@type\":\"ImageObject\",\"inLanguage\":\"it-IT\",\"@id\":\"https:\/\/www.anteprima24.it\/archivio\/#\/schema\/person\/image\/\",\"url\":\"https:\/\/secure.gravatar.com\/avatar\/45372818180df7341e181ce77faeeb16e07236ab151a43b41f99b910f3582b12?s=96&d=mm&r=g\",\"contentUrl\":\"https:\/\/secure.gravatar.com\/avatar\/45372818180df7341e181ce77faeeb16e07236ab151a43b41f99b910f3582b12?s=96&d=mm&r=g\",\"caption\":\"Antonio Tedeschi\"},\"url\":\"https:\/\/www.anteprima24.it\/archivio\/author\/antoniotedeschi\/\"}]}<\/script>\n<!-- \/ Yoast SEO plugin. -->","yoast_head_json":{"title":"Avellino, Taccone pronto al passo d'addio ma Gubitosa chiede garanzie","description":"Nessuna novit\u00e0 sul fronte societ\u00e0 per l'Avellino. Tra Walter Taccone e Michele Gubitosa \u00e8 venuta fuori una fumata grigia a tratti nera.","robots":{"index":"index","follow":"follow","max-snippet":"max-snippet:-1","max-image-preview":"max-image-preview:large","max-video-preview":"max-video-preview:-1"},"canonical":"https:\/\/www.anteprima24.it\/archivio\/avellino\/taccone-gubitosa\/","og_locale":"it_IT","og_type":"article","og_title":"Avellino, Taccone pronto al passo d'addio ma Gubitosa chiede garanzie","og_description":"Nessuna novit\u00e0 sul fronte societ\u00e0 per l'Avellino. Tra Walter Taccone e Michele Gubitosa \u00e8 venuta fuori una fumata grigia a tratti nera.","og_url":"https:\/\/www.anteprima24.it\/archivio\/avellino\/taccone-gubitosa\/","og_site_name":"Anteprima24.it","article_published_time":"2017-12-04T21:01:33+00:00","og_image":[{"width":1024,"height":476,"url":"https:\/\/www.anteprima24.it\/archivio\/wp-content\/uploads\/2017\/12\/Schermata-2017-12-04-alle-21.48.16.png","type":"image\/png"}],"author":"Antonio Tedeschi","twitter_card":"summary_large_image","twitter_misc":{"Scritto da":"Antonio Tedeschi","Tempo di lettura stimato":"1 minuto"},"schema":{"@context":"https:\/\/schema.org","@graph":[{"@type":"Article","@id":"https:\/\/www.anteprima24.it\/archivio\/avellino\/taccone-gubitosa\/#article","isPartOf":{"@id":"https:\/\/www.anteprima24.it\/archivio\/avellino\/taccone-gubitosa\/"},"author":{"name":"Antonio Tedeschi","@id":"https:\/\/www.anteprima24.it\/archivio\/#\/schema\/person\/30fcc8a4138521844ae98ad9d137afdf"},"headline":"Avellino, Taccone pronto al passo d&#8217;addio ma Gubitosa chiede garanzie","datePublished":"2017-12-04T21:01:33+00:00","mainEntityOfPage":{"@id":"https:\/\/www.anteprima24.it\/archivio\/avellino\/taccone-gubitosa\/"},"wordCount":241,"commentCount":0,"image":{"@id":"https:\/\/www.anteprima24.it\/archivio\/avellino\/taccone-gubitosa\/#primaryimage"},"thumbnailUrl":"https:\/\/www.anteprima24.it\/archivio\/wp-content\/uploads\/2017\/12\/Schermata-2017-12-04-alle-21.48.16.png","keywords":["Angelo Ferullo","Avellino","Avellino Calcio","comune di avellino","Michele Gubitosa","Walter Taccone"],"articleSection":["Avellino","Regione","Serie B Regione","Serie C Avellino","Sport Avellino","Sport Regione"],"inLanguage":"it-IT","potentialAction":[{"@type":"CommentAction","name":"Comment","target":["https:\/\/www.anteprima24.it\/archivio\/avellino\/taccone-gubitosa\/#respond"]}]},{"@type":"WebPage","@id":"https:\/\/www.anteprima24.it\/archivio\/avellino\/taccone-gubitosa\/","url":"https:\/\/www.anteprima24.it\/archivio\/avellino\/taccone-gubitosa\/","name":"Avellino, Taccone pronto al passo d'addio ma Gubitosa chiede garanzie","isPartOf":{"@id":"https:\/\/www.anteprima24.it\/archivio\/#website"},"primaryImageOfPage":{"@id":"https:\/\/www.anteprima24.it\/archivio\/avellino\/taccone-gubitosa\/#primaryimage"},"image":{"@id":"https:\/\/www.anteprima24.it\/archivio\/avellino\/taccone-gubitosa\/#primaryimage"},"thumbnailUrl":"https:\/\/www.anteprima24.it\/archivio\/wp-content\/uploads\/2017\/12\/Schermata-2017-12-04-alle-21.48.16.png","datePublished":"2017-12-04T21:01:33+00:00","author":{"@id":"https:\/\/www.anteprima24.it\/archivio\/#\/schema\/person\/30fcc8a4138521844ae98ad9d137afdf"},"description":"Nessuna novit\u00e0 sul fronte societ\u00e0 per l'Avellino. Tra Walter Taccone e Michele Gubitosa \u00e8 venuta fuori una fumata grigia a tratti nera.","breadcrumb":{"@id":"https:\/\/www.anteprima24.it\/archivio\/avellino\/taccone-gubitosa\/#breadcrumb"},"inLanguage":"it-IT","potentialAction":[{"@type":"ReadAction","target":["https:\/\/www.anteprima24.it\/archivio\/avellino\/taccone-gubitosa\/"]}]},{"@type":"ImageObject","inLanguage":"it-IT","@id":"https:\/\/www.anteprima24.it\/archivio\/avellino\/taccone-gubitosa\/#primaryimage","url":"https:\/\/www.anteprima24.it\/archivio\/wp-content\/uploads\/2017\/12\/Schermata-2017-12-04-alle-21.48.16.png","contentUrl":"https:\/\/www.anteprima24.it\/archivio\/wp-content\/uploads\/2017\/12\/Schermata-2017-12-04-alle-21.48.16.png","width":1024,"height":476},{"@type":"BreadcrumbList","@id":"https:\/\/www.anteprima24.it\/archivio\/avellino\/taccone-gubitosa\/#breadcrumb","itemListElement":[{"@type":"ListItem","position":1,"name":"Home","item":"https:\/\/www.anteprima24.it\/archivio\/"},{"@type":"ListItem","position":2,"name":"Avellino, Taccone pronto al passo d&#8217;addio ma Gubitosa chiede garanzie"}]},{"@type":"WebSite","@id":"https:\/\/www.anteprima24.it\/archivio\/#website","url":"https:\/\/www.anteprima24.it\/archivio\/","name":"Anteprima24.it","description":"","potentialAction":[{"@type":"SearchAction","target":{"@type":"EntryPoint","urlTemplate":"https:\/\/www.anteprima24.it\/archivio\/?s={search_term_string}"},"query-input":{"@type":"PropertyValueSpecification","valueRequired":true,"valueName":"search_term_string"}}],"inLanguage":"it-IT"},{"@type":"Person","@id":"https:\/\/www.anteprima24.it\/archivio\/#\/schema\/person\/30fcc8a4138521844ae98ad9d137afdf","name":"Antonio Tedeschi","image":{"@type":"ImageObject","inLanguage":"it-IT","@id":"https:\/\/www.anteprima24.it\/archivio\/#\/schema\/person\/image\/","url":"https:\/\/secure.gravatar.com\/avatar\/45372818180df7341e181ce77faeeb16e07236ab151a43b41f99b910f3582b12?s=96&d=mm&r=g","contentUrl":"https:\/\/secure.gravatar.com\/avatar\/45372818180df7341e181ce77faeeb16e07236ab151a43b41f99b910f3582b12?s=96&d=mm&r=g","caption":"Antonio Tedeschi"},"url":"https:\/\/www.anteprima24.it\/archivio\/author\/antoniotedeschi\/"}]}},"_links":{"self":[{"href":"https:\/\/www.anteprima24.it\/archivio\/wp-json\/wp\/v2\/posts\/94839","targetHints":{"allow":["GET"]}}],"collection":[{"href":"https:\/\/www.anteprima24.it\/archivio\/wp-json\/wp\/v2\/posts"}],"about":[{"href":"https:\/\/www.anteprima24.it\/archivio\/wp-json\/wp\/v2\/types\/post"}],"author":[{"embeddable":true,"href":"https:\/\/www.anteprima24.it\/archivio\/wp-json\/wp\/v2\/users\/24"}],"replies":[{"embeddable":true,"href":"https:\/\/www.anteprima24.it\/archivio\/wp-json\/wp\/v2\/comments?post=94839"}],"version-history":[{"count":0,"href":"https:\/\/www.anteprima24.it\/archivio\/wp-json\/wp\/v2\/posts\/94839\/revisions"}],"wp:featuredmedia":[{"embeddable":true,"href":"https:\/\/www.anteprima24.it\/archivio\/wp-json\/wp\/v2\/media\/94840"}],"wp:attachment":[{"href":"https:\/\/www.anteprima24.it\/archivio\/wp-json\/wp\/v2\/media?parent=94839"}],"wp:term":[{"taxonomy":"category","embeddable":true,"href":"https:\/\/www.anteprima24.it\/archivio\/wp-json\/wp\/v2\/categories?post=94839"},{"taxonomy":"post_tag","embeddable":true,"href":"https:\/\/www.anteprima24.it\/archivio\/wp-json\/wp\/v2\/tags?post=94839"}],"curies":[{"name":"wp","href":"https:\/\/api.w.org\/{rel}","templated":true}]}}