{"id":96119,"date":"2017-12-08T13:33:32","date_gmt":"2017-12-08T11:33:32","guid":{"rendered":"http:\/\/www.anteprima24.it\/?p=96119"},"modified":"2017-12-08T13:33:32","modified_gmt":"2017-12-08T11:33:32","slug":"avellino-novellino-4","status":"publish","type":"post","link":"https:\/\/www.anteprima24.it\/archivio\/avellino\/avellino-novellino-4\/","title":{"rendered":"Avellino, Novellino alla carica: &#8220;Contro il Cittadella bisogna fare risultato&#8221;"},"content":{"rendered":"<span class=\"span-reading-time rt-reading-time\" style=\"display: block;\"><span class=\"rt-label rt-prefix\">Tempo di lettura: <\/span> <span class=\"rt-time\"> &lt; 1<\/span> <span class=\"rt-label rt-postfix\">minuto<\/span><\/span><p style=\"text-align: justify\">Avellino &#8211; &#8220;<em>A me interessa l&#8217;Avellino sul campo<\/em>&#8221; cos\u00ec <strong>Walter Novellino<\/strong> alla vigilia del match di <strong>Cittadella<\/strong>. &#8220;<em>Andiamo in un campo difficile<\/em> &#8211; ammette &#8211;<em> Noi dobbiamo affrontare il Cittadella con la nostra mentalit\u00e0. Al di l\u00e0 delle difficolt\u00e0 interne abbiamo grande caratteristiche per fare bene lontano dalle mura amiche<\/em>&#8220;.<\/p>\n<p>&#8220;<em>E\u2019 ovvio che incontriamo una squadra che nelle ultime partite ha ottenuto grandi risultati<\/em> &#8211; continua Novellino &#8211; <em>Abbiamo giocatori che possono dare ampiezza e profondit\u00e0. Non potr\u00f2 contare su <strong>Marco Migliorini<\/strong>, che ha accusato un problema questa mattina. In quel reparto, per\u00f2, posso contare su grandi elementi da <strong>Kresic<\/strong> e <strong>Suagher<\/strong><\/em>&#8220;.<\/p>\n<p class=\"p1\">\u201c<em>Io credo che dobbiamo sfruttare al meglio gli inserimenti di<strong> D\u2019Angelo<\/strong> e <strong>Molina<\/strong>, abbiamo una potenza importante che possiamo sfruttare. <strong>Credo che stiamo superando il limite con Ardemagni<\/strong><\/em> &#8211; continua Novellino &#8211; <em>E\u2019 chiaro che \u00e8 uno dei pochi goleador che abbiamo in squadra, ma possiamo contare su giocatori del calibro di <strong>Castaldo<\/strong> e <strong>Asencio<\/strong><\/em>&#8220;.<\/p>\n<p>&#8220;<em>La squadra sta lavorando<\/em> &#8211; dichiara Novellino &#8211; <em>Il mio obiettivo \u00e8 uscire da questi venti punti. Io sono concentrato sulla partita. Per me interessa l\u2019Avellino sul campo. <strong>Noi dobbiamo ritrovarci per dare soddisfazione all\u2019ambiente, ma anche a noi stessi<\/strong><\/em>&#8220;.<\/p>\n","protected":false},"excerpt":{"rendered":"<p>Avellino &#8211; &#8220;A me interessa l&#8217;Avellino sul campo&#8221; cos\u00ec Walter Novellino alla vigilia del match di Cittadella. &#8220;Andiamo in un campo difficile &#8211; ammette &#8211; Noi dobbiamo affrontare il Cittadella con la nostra mentalit\u00e0. Al di l\u00e0 delle difficolt\u00e0 interne abbiamo grande caratteristiche per fare bene lontano dalle mura amiche&#8220;. &#8220;E\u2019 ovvio che incontriamo una [&hellip;]<\/p>\n","protected":false},"author":24,"featured_media":96120,"comment_status":"open","ping_status":"open","sticky":false,"template":"","format":"standard","meta":{"_monsterinsights_skip_tracking":false,"_monsterinsights_sitenote_active":false,"_monsterinsights_sitenote_note":"","_monsterinsights_sitenote_category":0,"ngg_post_thumbnail":0,"footnotes":""},"categories":[4,271,1200,1455,1384,275],"tags":[285,897,16011,16010],"class_list":{"0":"post-96119","1":"post","2":"type-post","3":"status-publish","4":"format-standard","5":"has-post-thumbnail","7":"category-avellino","8":"category-regione","9":"category-serie-b","10":"category-serie-d-sport-avellino","11":"category-sport-avellino","12":"category-sport","13":"tag-avellino","14":"tag-avellino-calcio","15":"tag-cittadella-avellino","16":"tag-walter-novellino-comune-di-avellino"},"yoast_head":"<!-- This site is optimized with the Yoast SEO plugin v26.8 - https:\/\/yoast.com\/product\/yoast-seo-wordpress\/ -->\n<title>Avellino, Novellino alla carica: &quot;Contro il Cittadella bisogna fare risultato&quot;<\/title>\n<meta name=\"description\" content=\"&quot;A me interessa l&#039;Avellino sul campo&quot; cos\u00ec il tecnico dell&#039;Avellino Walter Novellino alla vigilia del match di Cittadella.\" \/>\n<meta name=\"robots\" content=\"index, follow, max-snippet:-1, max-image-preview:large, max-video-preview:-1\" \/>\n<link rel=\"canonical\" href=\"https:\/\/www.anteprima24.it\/archivio\/avellino\/avellino-novellino-4\/\" \/>\n<meta property=\"og:locale\" content=\"it_IT\" \/>\n<meta property=\"og:type\" content=\"article\" \/>\n<meta property=\"og:title\" content=\"Avellino, Novellino alla carica: &quot;Contro il Cittadella bisogna fare risultato&quot;\" \/>\n<meta property=\"og:description\" content=\"&quot;A me interessa l&#039;Avellino sul campo&quot; cos\u00ec il tecnico dell&#039;Avellino Walter Novellino alla vigilia del match di Cittadella.\" \/>\n<meta property=\"og:url\" content=\"https:\/\/www.anteprima24.it\/archivio\/avellino\/avellino-novellino-4\/\" \/>\n<meta property=\"og:site_name\" content=\"Anteprima24.it\" \/>\n<meta property=\"article:published_time\" content=\"2017-12-08T11:33:32+00:00\" \/>\n<meta property=\"og:image\" content=\"https:\/\/www.anteprima24.it\/archivio\/wp-content\/uploads\/2017\/12\/24313098_2016987998514253_156683064785363909_o.jpg\" \/>\n\t<meta property=\"og:image:width\" content=\"1500\" \/>\n\t<meta property=\"og:image:height\" content=\"1000\" \/>\n\t<meta property=\"og:image:type\" content=\"image\/jpeg\" \/>\n<meta name=\"author\" content=\"Antonio Tedeschi\" \/>\n<meta name=\"twitter:card\" content=\"summary_large_image\" \/>\n<meta name=\"twitter:label1\" content=\"Scritto da\" \/>\n\t<meta name=\"twitter:data1\" content=\"Antonio Tedeschi\" \/>\n\t<meta name=\"twitter:label2\" content=\"Tempo di lettura stimato\" \/>\n\t<meta name=\"twitter:data2\" content=\"1 minuto\" \/>\n<script type=\"application\/ld+json\" class=\"yoast-schema-graph\">{\"@context\":\"https:\/\/schema.org\",\"@graph\":[{\"@type\":\"Article\",\"@id\":\"https:\/\/www.anteprima24.it\/archivio\/avellino\/avellino-novellino-4\/#article\",\"isPartOf\":{\"@id\":\"https:\/\/www.anteprima24.it\/archivio\/avellino\/avellino-novellino-4\/\"},\"author\":{\"name\":\"Antonio Tedeschi\",\"@id\":\"https:\/\/www.anteprima24.it\/archivio\/#\/schema\/person\/30fcc8a4138521844ae98ad9d137afdf\"},\"headline\":\"Avellino, Novellino alla carica: &#8220;Contro il Cittadella bisogna fare risultato&#8221;\",\"datePublished\":\"2017-12-08T11:33:32+00:00\",\"mainEntityOfPage\":{\"@id\":\"https:\/\/www.anteprima24.it\/archivio\/avellino\/avellino-novellino-4\/\"},\"wordCount\":209,\"commentCount\":0,\"image\":{\"@id\":\"https:\/\/www.anteprima24.it\/archivio\/avellino\/avellino-novellino-4\/#primaryimage\"},\"thumbnailUrl\":\"https:\/\/www.anteprima24.it\/archivio\/wp-content\/uploads\/2017\/12\/24313098_2016987998514253_156683064785363909_o.jpg\",\"keywords\":[\"Avellino\",\"Avellino Calcio\",\"Cittadella-Avellino\",\"Walter Novellino. Comune di Avellino\"],\"articleSection\":[\"Avellino\",\"Regione\",\"Serie B Regione\",\"Serie C Avellino\",\"Sport Avellino\",\"Sport Regione\"],\"inLanguage\":\"it-IT\",\"potentialAction\":[{\"@type\":\"CommentAction\",\"name\":\"Comment\",\"target\":[\"https:\/\/www.anteprima24.it\/archivio\/avellino\/avellino-novellino-4\/#respond\"]}]},{\"@type\":\"WebPage\",\"@id\":\"https:\/\/www.anteprima24.it\/archivio\/avellino\/avellino-novellino-4\/\",\"url\":\"https:\/\/www.anteprima24.it\/archivio\/avellino\/avellino-novellino-4\/\",\"name\":\"Avellino, Novellino alla carica: \\\"Contro il Cittadella bisogna fare risultato\\\"\",\"isPartOf\":{\"@id\":\"https:\/\/www.anteprima24.it\/archivio\/#website\"},\"primaryImageOfPage\":{\"@id\":\"https:\/\/www.anteprima24.it\/archivio\/avellino\/avellino-novellino-4\/#primaryimage\"},\"image\":{\"@id\":\"https:\/\/www.anteprima24.it\/archivio\/avellino\/avellino-novellino-4\/#primaryimage\"},\"thumbnailUrl\":\"https:\/\/www.anteprima24.it\/archivio\/wp-content\/uploads\/2017\/12\/24313098_2016987998514253_156683064785363909_o.jpg\",\"datePublished\":\"2017-12-08T11:33:32+00:00\",\"author\":{\"@id\":\"https:\/\/www.anteprima24.it\/archivio\/#\/schema\/person\/30fcc8a4138521844ae98ad9d137afdf\"},\"description\":\"\\\"A me interessa l'Avellino sul campo\\\" cos\u00ec il tecnico dell'Avellino Walter Novellino alla vigilia del match di Cittadella.\",\"breadcrumb\":{\"@id\":\"https:\/\/www.anteprima24.it\/archivio\/avellino\/avellino-novellino-4\/#breadcrumb\"},\"inLanguage\":\"it-IT\",\"potentialAction\":[{\"@type\":\"ReadAction\",\"target\":[\"https:\/\/www.anteprima24.it\/archivio\/avellino\/avellino-novellino-4\/\"]}]},{\"@type\":\"ImageObject\",\"inLanguage\":\"it-IT\",\"@id\":\"https:\/\/www.anteprima24.it\/archivio\/avellino\/avellino-novellino-4\/#primaryimage\",\"url\":\"https:\/\/www.anteprima24.it\/archivio\/wp-content\/uploads\/2017\/12\/24313098_2016987998514253_156683064785363909_o.jpg\",\"contentUrl\":\"https:\/\/www.anteprima24.it\/archivio\/wp-content\/uploads\/2017\/12\/24313098_2016987998514253_156683064785363909_o.jpg\",\"width\":1500,\"height\":1000},{\"@type\":\"BreadcrumbList\",\"@id\":\"https:\/\/www.anteprima24.it\/archivio\/avellino\/avellino-novellino-4\/#breadcrumb\",\"itemListElement\":[{\"@type\":\"ListItem\",\"position\":1,\"name\":\"Home\",\"item\":\"https:\/\/www.anteprima24.it\/archivio\/\"},{\"@type\":\"ListItem\",\"position\":2,\"name\":\"Avellino, Novellino alla carica: &#8220;Contro il Cittadella bisogna fare risultato&#8221;\"}]},{\"@type\":\"WebSite\",\"@id\":\"https:\/\/www.anteprima24.it\/archivio\/#website\",\"url\":\"https:\/\/www.anteprima24.it\/archivio\/\",\"name\":\"Anteprima24.it\",\"description\":\"\",\"potentialAction\":[{\"@type\":\"SearchAction\",\"target\":{\"@type\":\"EntryPoint\",\"urlTemplate\":\"https:\/\/www.anteprima24.it\/archivio\/?s={search_term_string}\"},\"query-input\":{\"@type\":\"PropertyValueSpecification\",\"valueRequired\":true,\"valueName\":\"search_term_string\"}}],\"inLanguage\":\"it-IT\"},{\"@type\":\"Person\",\"@id\":\"https:\/\/www.anteprima24.it\/archivio\/#\/schema\/person\/30fcc8a4138521844ae98ad9d137afdf\",\"name\":\"Antonio Tedeschi\",\"image\":{\"@type\":\"ImageObject\",\"inLanguage\":\"it-IT\",\"@id\":\"https:\/\/www.anteprima24.it\/archivio\/#\/schema\/person\/image\/\",\"url\":\"https:\/\/secure.gravatar.com\/avatar\/45372818180df7341e181ce77faeeb16e07236ab151a43b41f99b910f3582b12?s=96&d=mm&r=g\",\"contentUrl\":\"https:\/\/secure.gravatar.com\/avatar\/45372818180df7341e181ce77faeeb16e07236ab151a43b41f99b910f3582b12?s=96&d=mm&r=g\",\"caption\":\"Antonio Tedeschi\"},\"url\":\"https:\/\/www.anteprima24.it\/archivio\/author\/antoniotedeschi\/\"}]}<\/script>\n<!-- \/ Yoast SEO plugin. -->","yoast_head_json":{"title":"Avellino, Novellino alla carica: \"Contro il Cittadella bisogna fare risultato\"","description":"\"A me interessa l'Avellino sul campo\" cos\u00ec il tecnico dell'Avellino Walter Novellino alla vigilia del match di Cittadella.","robots":{"index":"index","follow":"follow","max-snippet":"max-snippet:-1","max-image-preview":"max-image-preview:large","max-video-preview":"max-video-preview:-1"},"canonical":"https:\/\/www.anteprima24.it\/archivio\/avellino\/avellino-novellino-4\/","og_locale":"it_IT","og_type":"article","og_title":"Avellino, Novellino alla carica: \"Contro il Cittadella bisogna fare risultato\"","og_description":"\"A me interessa l'Avellino sul campo\" cos\u00ec il tecnico dell'Avellino Walter Novellino alla vigilia del match di Cittadella.","og_url":"https:\/\/www.anteprima24.it\/archivio\/avellino\/avellino-novellino-4\/","og_site_name":"Anteprima24.it","article_published_time":"2017-12-08T11:33:32+00:00","og_image":[{"width":1500,"height":1000,"url":"https:\/\/www.anteprima24.it\/archivio\/wp-content\/uploads\/2017\/12\/24313098_2016987998514253_156683064785363909_o.jpg","type":"image\/jpeg"}],"author":"Antonio Tedeschi","twitter_card":"summary_large_image","twitter_misc":{"Scritto da":"Antonio Tedeschi","Tempo di lettura stimato":"1 minuto"},"schema":{"@context":"https:\/\/schema.org","@graph":[{"@type":"Article","@id":"https:\/\/www.anteprima24.it\/archivio\/avellino\/avellino-novellino-4\/#article","isPartOf":{"@id":"https:\/\/www.anteprima24.it\/archivio\/avellino\/avellino-novellino-4\/"},"author":{"name":"Antonio Tedeschi","@id":"https:\/\/www.anteprima24.it\/archivio\/#\/schema\/person\/30fcc8a4138521844ae98ad9d137afdf"},"headline":"Avellino, Novellino alla carica: &#8220;Contro il Cittadella bisogna fare risultato&#8221;","datePublished":"2017-12-08T11:33:32+00:00","mainEntityOfPage":{"@id":"https:\/\/www.anteprima24.it\/archivio\/avellino\/avellino-novellino-4\/"},"wordCount":209,"commentCount":0,"image":{"@id":"https:\/\/www.anteprima24.it\/archivio\/avellino\/avellino-novellino-4\/#primaryimage"},"thumbnailUrl":"https:\/\/www.anteprima24.it\/archivio\/wp-content\/uploads\/2017\/12\/24313098_2016987998514253_156683064785363909_o.jpg","keywords":["Avellino","Avellino Calcio","Cittadella-Avellino","Walter Novellino. Comune di Avellino"],"articleSection":["Avellino","Regione","Serie B Regione","Serie C Avellino","Sport Avellino","Sport Regione"],"inLanguage":"it-IT","potentialAction":[{"@type":"CommentAction","name":"Comment","target":["https:\/\/www.anteprima24.it\/archivio\/avellino\/avellino-novellino-4\/#respond"]}]},{"@type":"WebPage","@id":"https:\/\/www.anteprima24.it\/archivio\/avellino\/avellino-novellino-4\/","url":"https:\/\/www.anteprima24.it\/archivio\/avellino\/avellino-novellino-4\/","name":"Avellino, Novellino alla carica: \"Contro il Cittadella bisogna fare risultato\"","isPartOf":{"@id":"https:\/\/www.anteprima24.it\/archivio\/#website"},"primaryImageOfPage":{"@id":"https:\/\/www.anteprima24.it\/archivio\/avellino\/avellino-novellino-4\/#primaryimage"},"image":{"@id":"https:\/\/www.anteprima24.it\/archivio\/avellino\/avellino-novellino-4\/#primaryimage"},"thumbnailUrl":"https:\/\/www.anteprima24.it\/archivio\/wp-content\/uploads\/2017\/12\/24313098_2016987998514253_156683064785363909_o.jpg","datePublished":"2017-12-08T11:33:32+00:00","author":{"@id":"https:\/\/www.anteprima24.it\/archivio\/#\/schema\/person\/30fcc8a4138521844ae98ad9d137afdf"},"description":"\"A me interessa l'Avellino sul campo\" cos\u00ec il tecnico dell'Avellino Walter Novellino alla vigilia del match di Cittadella.","breadcrumb":{"@id":"https:\/\/www.anteprima24.it\/archivio\/avellino\/avellino-novellino-4\/#breadcrumb"},"inLanguage":"it-IT","potentialAction":[{"@type":"ReadAction","target":["https:\/\/www.anteprima24.it\/archivio\/avellino\/avellino-novellino-4\/"]}]},{"@type":"ImageObject","inLanguage":"it-IT","@id":"https:\/\/www.anteprima24.it\/archivio\/avellino\/avellino-novellino-4\/#primaryimage","url":"https:\/\/www.anteprima24.it\/archivio\/wp-content\/uploads\/2017\/12\/24313098_2016987998514253_156683064785363909_o.jpg","contentUrl":"https:\/\/www.anteprima24.it\/archivio\/wp-content\/uploads\/2017\/12\/24313098_2016987998514253_156683064785363909_o.jpg","width":1500,"height":1000},{"@type":"BreadcrumbList","@id":"https:\/\/www.anteprima24.it\/archivio\/avellino\/avellino-novellino-4\/#breadcrumb","itemListElement":[{"@type":"ListItem","position":1,"name":"Home","item":"https:\/\/www.anteprima24.it\/archivio\/"},{"@type":"ListItem","position":2,"name":"Avellino, Novellino alla carica: &#8220;Contro il Cittadella bisogna fare risultato&#8221;"}]},{"@type":"WebSite","@id":"https:\/\/www.anteprima24.it\/archivio\/#website","url":"https:\/\/www.anteprima24.it\/archivio\/","name":"Anteprima24.it","description":"","potentialAction":[{"@type":"SearchAction","target":{"@type":"EntryPoint","urlTemplate":"https:\/\/www.anteprima24.it\/archivio\/?s={search_term_string}"},"query-input":{"@type":"PropertyValueSpecification","valueRequired":true,"valueName":"search_term_string"}}],"inLanguage":"it-IT"},{"@type":"Person","@id":"https:\/\/www.anteprima24.it\/archivio\/#\/schema\/person\/30fcc8a4138521844ae98ad9d137afdf","name":"Antonio Tedeschi","image":{"@type":"ImageObject","inLanguage":"it-IT","@id":"https:\/\/www.anteprima24.it\/archivio\/#\/schema\/person\/image\/","url":"https:\/\/secure.gravatar.com\/avatar\/45372818180df7341e181ce77faeeb16e07236ab151a43b41f99b910f3582b12?s=96&d=mm&r=g","contentUrl":"https:\/\/secure.gravatar.com\/avatar\/45372818180df7341e181ce77faeeb16e07236ab151a43b41f99b910f3582b12?s=96&d=mm&r=g","caption":"Antonio Tedeschi"},"url":"https:\/\/www.anteprima24.it\/archivio\/author\/antoniotedeschi\/"}]}},"_links":{"self":[{"href":"https:\/\/www.anteprima24.it\/archivio\/wp-json\/wp\/v2\/posts\/96119","targetHints":{"allow":["GET"]}}],"collection":[{"href":"https:\/\/www.anteprima24.it\/archivio\/wp-json\/wp\/v2\/posts"}],"about":[{"href":"https:\/\/www.anteprima24.it\/archivio\/wp-json\/wp\/v2\/types\/post"}],"author":[{"embeddable":true,"href":"https:\/\/www.anteprima24.it\/archivio\/wp-json\/wp\/v2\/users\/24"}],"replies":[{"embeddable":true,"href":"https:\/\/www.anteprima24.it\/archivio\/wp-json\/wp\/v2\/comments?post=96119"}],"version-history":[{"count":0,"href":"https:\/\/www.anteprima24.it\/archivio\/wp-json\/wp\/v2\/posts\/96119\/revisions"}],"wp:featuredmedia":[{"embeddable":true,"href":"https:\/\/www.anteprima24.it\/archivio\/wp-json\/wp\/v2\/media\/96120"}],"wp:attachment":[{"href":"https:\/\/www.anteprima24.it\/archivio\/wp-json\/wp\/v2\/media?parent=96119"}],"wp:term":[{"taxonomy":"category","embeddable":true,"href":"https:\/\/www.anteprima24.it\/archivio\/wp-json\/wp\/v2\/categories?post=96119"},{"taxonomy":"post_tag","embeddable":true,"href":"https:\/\/www.anteprima24.it\/archivio\/wp-json\/wp\/v2\/tags?post=96119"}],"curies":[{"name":"wp","href":"https:\/\/api.w.org\/{rel}","templated":true}]}}