{"id":96147,"date":"2017-12-08T14:31:49","date_gmt":"2017-12-08T12:31:49","guid":{"rendered":"http:\/\/www.anteprima24.it\/?p=96147"},"modified":"2017-12-08T14:31:49","modified_gmt":"2017-12-08T12:31:49","slug":"sidigas-avellino-sacripanti-6","status":"publish","type":"post","link":"https:\/\/www.anteprima24.it\/archivio\/avellino\/sidigas-avellino-sacripanti-6\/","title":{"rendered":"Sidigas Avellino, Sacripanti: &#8220;A Cremona per confermarci nonostante gli infortuni&#8221;"},"content":{"rendered":"<span class=\"span-reading-time rt-reading-time\" style=\"display: block;\"><span class=\"rt-label rt-prefix\">Tempo di lettura: <\/span> <span class=\"rt-time\"> 2<\/span> <span class=\"rt-label rt-postfix\">minuti<\/span><\/span><p style=\"text-align: justify\">Avellino &#8211; La <strong>Sidigas Avellino<\/strong>, domenica mattina, affronter\u00e0 la <strong>Vanoli Cremona<\/strong>. All&#8217;antivigilia del match del &#8220;Pala Radi&#8221; coach <strong>Pino Sacripanti<\/strong> ha fatto il punto. Il tecnico canturino dovr\u00e0 fare i conti con qualche defezione di troppo. &#8220;<em>La Vanoli ha dei giocatori di grande talento: i primi cinque, in particolare, viaggiano con medie impressionanti<\/em>\u00a0&#8211; spiega il coach di Avellino &#8211;<em>\u00a0Johnson-Odom fece con me a Cant\u00f9 un campionato straordinario, alla sua prima stagione italiana; ci sono poi i due Diener, maestri della pallacanestro; inoltre hanno aggiunto un giocatore, Fontecchio, che quest\u2019estate bramava tutta l\u2019Italia, che pu\u00f2 giocare sia da 3 che da 4 ed \u00e8 in fase di completa maturazione: \u00e8 attualmente uno dei giocatori italiani pi\u00f9 interessanti, acquisto migliore non avrebbero potuto farlo. Dovremo contenere gli esterni, abili in situazioni di uno verso uno e di pick and roll. Sar\u00e0 molto importante non prendere dei parziali, lasciandogli il campo aperto in contropiede. <strong>Per noi sar\u00e0 una partita molto difficile ed impegnativa<\/strong>, che ci permetter\u00e0 di capire fin dove possiamo spingerci in questo campionato&#8221;.<\/em><\/p>\n<p>Il coach inoltre ne approfitta per fare un doveroso punto della situazione sugli infortuni della squadra: \u201c<em><strong>Leunen<\/strong> ha preso un colpo al ginocchio in allenamento: oggi e domani non si allener\u00e0, ma speriamo che sia disponibile domenica; anche <strong>D\u2019Ercole<\/strong> ha avuto un piccolo problema agli adduttori, ma il suo dovrebbe essere un problema meno grave di quello di Maarten; <strong>Fesenko<\/strong> oggi prover\u00e0 a fare una parte di allenamento con noi e valuteremo le sue condizioni: la settimana prossima avr\u00e0 un\u2019ulteriore visita specialistica per il ginocchio. Stiamo aspettando <strong>Rich<\/strong> di ritorno dall\u2019America e speriamo che possa allenarsi con noi, se non \u00e8 troppo stanco<\/em>\u201d.<\/p>\n","protected":false},"excerpt":{"rendered":"<p>Avellino &#8211; La Sidigas Avellino, domenica mattina, affronter\u00e0 la Vanoli Cremona. All&#8217;antivigilia del match del &#8220;Pala Radi&#8221; coach Pino Sacripanti ha fatto il punto. Il tecnico canturino dovr\u00e0 fare i conti con qualche defezione di troppo. &#8220;La Vanoli ha dei giocatori di grande talento: i primi cinque, in particolare, viaggiano con medie impressionanti\u00a0&#8211; spiega il [&hellip;]<\/p>\n","protected":false},"author":24,"featured_media":96148,"comment_status":"open","ping_status":"open","sticky":false,"template":"","format":"standard","meta":{"_monsterinsights_skip_tracking":false,"_monsterinsights_sitenote_active":false,"_monsterinsights_sitenote_note":"","_monsterinsights_sitenote_category":0,"ngg_post_thumbnail":0,"footnotes":""},"categories":[7839,1204,4,271,1384,275],"tags":[9754,966,6308,16013],"class_list":{"0":"post-96147","1":"post","2":"type-post","3":"status-publish","4":"format-standard","5":"has-post-thumbnail","7":"category-altri-sport-sport-avellino","8":"category-altri-sport","9":"category-avellino","10":"category-regione","11":"category-sport-avellino","12":"category-sport","13":"tag-pino-sacripanti","14":"tag-scandone","15":"tag-sidigas-avellino","16":"tag-vanoli-cremona"},"yoast_head":"<!-- This site is optimized with the Yoast SEO plugin v26.8 - https:\/\/yoast.com\/product\/yoast-seo-wordpress\/ -->\n<title>Sidigas Avellino, Sacripanti: &quot;A Cremona per confermarci nonostante gli infortuni&quot;<\/title>\n<meta name=\"description\" content=\"La Sidigas Avellino, domenica mattina, affronter\u00e0 la Vanoli Cremona. All&#039;antivigilia del match del &quot;Pala Radi&quot; coach Pino Sacripanti ha fatto il punto.\" \/>\n<meta name=\"robots\" content=\"index, follow, max-snippet:-1, max-image-preview:large, max-video-preview:-1\" \/>\n<link rel=\"canonical\" href=\"https:\/\/www.anteprima24.it\/archivio\/avellino\/sidigas-avellino-sacripanti-6\/\" \/>\n<meta property=\"og:locale\" content=\"it_IT\" \/>\n<meta property=\"og:type\" content=\"article\" \/>\n<meta property=\"og:title\" content=\"Sidigas Avellino, Sacripanti: &quot;A Cremona per confermarci nonostante gli infortuni&quot;\" \/>\n<meta property=\"og:description\" content=\"La Sidigas Avellino, domenica mattina, affronter\u00e0 la Vanoli Cremona. All&#039;antivigilia del match del &quot;Pala Radi&quot; coach Pino Sacripanti ha fatto il punto.\" \/>\n<meta property=\"og:url\" content=\"https:\/\/www.anteprima24.it\/archivio\/avellino\/sidigas-avellino-sacripanti-6\/\" \/>\n<meta property=\"og:site_name\" content=\"Anteprima24.it\" \/>\n<meta property=\"article:published_time\" content=\"2017-12-08T12:31:49+00:00\" \/>\n<meta property=\"og:image\" content=\"https:\/\/www.anteprima24.it\/archivio\/wp-content\/uploads\/2017\/12\/IMG_9810.jpg\" \/>\n\t<meta property=\"og:image:width\" content=\"1024\" \/>\n\t<meta property=\"og:image:height\" content=\"632\" \/>\n\t<meta property=\"og:image:type\" content=\"image\/jpeg\" \/>\n<meta name=\"author\" content=\"Antonio Tedeschi\" \/>\n<meta name=\"twitter:card\" content=\"summary_large_image\" \/>\n<meta name=\"twitter:label1\" content=\"Scritto da\" \/>\n\t<meta name=\"twitter:data1\" content=\"Antonio Tedeschi\" \/>\n\t<meta name=\"twitter:label2\" content=\"Tempo di lettura stimato\" \/>\n\t<meta name=\"twitter:data2\" content=\"1 minuto\" \/>\n<script type=\"application\/ld+json\" class=\"yoast-schema-graph\">{\"@context\":\"https:\/\/schema.org\",\"@graph\":[{\"@type\":\"Article\",\"@id\":\"https:\/\/www.anteprima24.it\/archivio\/avellino\/sidigas-avellino-sacripanti-6\/#article\",\"isPartOf\":{\"@id\":\"https:\/\/www.anteprima24.it\/archivio\/avellino\/sidigas-avellino-sacripanti-6\/\"},\"author\":{\"name\":\"Antonio Tedeschi\",\"@id\":\"https:\/\/www.anteprima24.it\/archivio\/#\/schema\/person\/30fcc8a4138521844ae98ad9d137afdf\"},\"headline\":\"Sidigas Avellino, Sacripanti: &#8220;A Cremona per confermarci nonostante gli infortuni&#8221;\",\"datePublished\":\"2017-12-08T12:31:49+00:00\",\"mainEntityOfPage\":{\"@id\":\"https:\/\/www.anteprima24.it\/archivio\/avellino\/sidigas-avellino-sacripanti-6\/\"},\"wordCount\":288,\"commentCount\":0,\"image\":{\"@id\":\"https:\/\/www.anteprima24.it\/archivio\/avellino\/sidigas-avellino-sacripanti-6\/#primaryimage\"},\"thumbnailUrl\":\"https:\/\/www.anteprima24.it\/archivio\/wp-content\/uploads\/2017\/12\/IMG_9810.jpg\",\"keywords\":[\"Pino Sacripanti\",\"Scandone\",\"Sidigas Avellino\",\"Vanoli Cremona\"],\"articleSection\":[\"Altri Sport Avellino\",\"Altri Sport Regione\",\"Avellino\",\"Regione\",\"Sport Avellino\",\"Sport Regione\"],\"inLanguage\":\"it-IT\",\"potentialAction\":[{\"@type\":\"CommentAction\",\"name\":\"Comment\",\"target\":[\"https:\/\/www.anteprima24.it\/archivio\/avellino\/sidigas-avellino-sacripanti-6\/#respond\"]}]},{\"@type\":\"WebPage\",\"@id\":\"https:\/\/www.anteprima24.it\/archivio\/avellino\/sidigas-avellino-sacripanti-6\/\",\"url\":\"https:\/\/www.anteprima24.it\/archivio\/avellino\/sidigas-avellino-sacripanti-6\/\",\"name\":\"Sidigas Avellino, Sacripanti: \\\"A Cremona per confermarci nonostante gli infortuni\\\"\",\"isPartOf\":{\"@id\":\"https:\/\/www.anteprima24.it\/archivio\/#website\"},\"primaryImageOfPage\":{\"@id\":\"https:\/\/www.anteprima24.it\/archivio\/avellino\/sidigas-avellino-sacripanti-6\/#primaryimage\"},\"image\":{\"@id\":\"https:\/\/www.anteprima24.it\/archivio\/avellino\/sidigas-avellino-sacripanti-6\/#primaryimage\"},\"thumbnailUrl\":\"https:\/\/www.anteprima24.it\/archivio\/wp-content\/uploads\/2017\/12\/IMG_9810.jpg\",\"datePublished\":\"2017-12-08T12:31:49+00:00\",\"author\":{\"@id\":\"https:\/\/www.anteprima24.it\/archivio\/#\/schema\/person\/30fcc8a4138521844ae98ad9d137afdf\"},\"description\":\"La Sidigas Avellino, domenica mattina, affronter\u00e0 la Vanoli Cremona. All'antivigilia del match del \\\"Pala Radi\\\" coach Pino Sacripanti ha fatto il punto.\",\"breadcrumb\":{\"@id\":\"https:\/\/www.anteprima24.it\/archivio\/avellino\/sidigas-avellino-sacripanti-6\/#breadcrumb\"},\"inLanguage\":\"it-IT\",\"potentialAction\":[{\"@type\":\"ReadAction\",\"target\":[\"https:\/\/www.anteprima24.it\/archivio\/avellino\/sidigas-avellino-sacripanti-6\/\"]}]},{\"@type\":\"ImageObject\",\"inLanguage\":\"it-IT\",\"@id\":\"https:\/\/www.anteprima24.it\/archivio\/avellino\/sidigas-avellino-sacripanti-6\/#primaryimage\",\"url\":\"https:\/\/www.anteprima24.it\/archivio\/wp-content\/uploads\/2017\/12\/IMG_9810.jpg\",\"contentUrl\":\"https:\/\/www.anteprima24.it\/archivio\/wp-content\/uploads\/2017\/12\/IMG_9810.jpg\",\"width\":1024,\"height\":632},{\"@type\":\"BreadcrumbList\",\"@id\":\"https:\/\/www.anteprima24.it\/archivio\/avellino\/sidigas-avellino-sacripanti-6\/#breadcrumb\",\"itemListElement\":[{\"@type\":\"ListItem\",\"position\":1,\"name\":\"Home\",\"item\":\"https:\/\/www.anteprima24.it\/archivio\/\"},{\"@type\":\"ListItem\",\"position\":2,\"name\":\"Sidigas Avellino, Sacripanti: &#8220;A Cremona per confermarci nonostante gli infortuni&#8221;\"}]},{\"@type\":\"WebSite\",\"@id\":\"https:\/\/www.anteprima24.it\/archivio\/#website\",\"url\":\"https:\/\/www.anteprima24.it\/archivio\/\",\"name\":\"Anteprima24.it\",\"description\":\"\",\"potentialAction\":[{\"@type\":\"SearchAction\",\"target\":{\"@type\":\"EntryPoint\",\"urlTemplate\":\"https:\/\/www.anteprima24.it\/archivio\/?s={search_term_string}\"},\"query-input\":{\"@type\":\"PropertyValueSpecification\",\"valueRequired\":true,\"valueName\":\"search_term_string\"}}],\"inLanguage\":\"it-IT\"},{\"@type\":\"Person\",\"@id\":\"https:\/\/www.anteprima24.it\/archivio\/#\/schema\/person\/30fcc8a4138521844ae98ad9d137afdf\",\"name\":\"Antonio Tedeschi\",\"image\":{\"@type\":\"ImageObject\",\"inLanguage\":\"it-IT\",\"@id\":\"https:\/\/www.anteprima24.it\/archivio\/#\/schema\/person\/image\/\",\"url\":\"https:\/\/secure.gravatar.com\/avatar\/45372818180df7341e181ce77faeeb16e07236ab151a43b41f99b910f3582b12?s=96&d=mm&r=g\",\"contentUrl\":\"https:\/\/secure.gravatar.com\/avatar\/45372818180df7341e181ce77faeeb16e07236ab151a43b41f99b910f3582b12?s=96&d=mm&r=g\",\"caption\":\"Antonio Tedeschi\"},\"url\":\"https:\/\/www.anteprima24.it\/archivio\/author\/antoniotedeschi\/\"}]}<\/script>\n<!-- \/ Yoast SEO plugin. -->","yoast_head_json":{"title":"Sidigas Avellino, Sacripanti: \"A Cremona per confermarci nonostante gli infortuni\"","description":"La Sidigas Avellino, domenica mattina, affronter\u00e0 la Vanoli Cremona. All'antivigilia del match del \"Pala Radi\" coach Pino Sacripanti ha fatto il punto.","robots":{"index":"index","follow":"follow","max-snippet":"max-snippet:-1","max-image-preview":"max-image-preview:large","max-video-preview":"max-video-preview:-1"},"canonical":"https:\/\/www.anteprima24.it\/archivio\/avellino\/sidigas-avellino-sacripanti-6\/","og_locale":"it_IT","og_type":"article","og_title":"Sidigas Avellino, Sacripanti: \"A Cremona per confermarci nonostante gli infortuni\"","og_description":"La Sidigas Avellino, domenica mattina, affronter\u00e0 la Vanoli Cremona. All'antivigilia del match del \"Pala Radi\" coach Pino Sacripanti ha fatto il punto.","og_url":"https:\/\/www.anteprima24.it\/archivio\/avellino\/sidigas-avellino-sacripanti-6\/","og_site_name":"Anteprima24.it","article_published_time":"2017-12-08T12:31:49+00:00","og_image":[{"width":1024,"height":632,"url":"https:\/\/www.anteprima24.it\/archivio\/wp-content\/uploads\/2017\/12\/IMG_9810.jpg","type":"image\/jpeg"}],"author":"Antonio Tedeschi","twitter_card":"summary_large_image","twitter_misc":{"Scritto da":"Antonio Tedeschi","Tempo di lettura stimato":"1 minuto"},"schema":{"@context":"https:\/\/schema.org","@graph":[{"@type":"Article","@id":"https:\/\/www.anteprima24.it\/archivio\/avellino\/sidigas-avellino-sacripanti-6\/#article","isPartOf":{"@id":"https:\/\/www.anteprima24.it\/archivio\/avellino\/sidigas-avellino-sacripanti-6\/"},"author":{"name":"Antonio Tedeschi","@id":"https:\/\/www.anteprima24.it\/archivio\/#\/schema\/person\/30fcc8a4138521844ae98ad9d137afdf"},"headline":"Sidigas Avellino, Sacripanti: &#8220;A Cremona per confermarci nonostante gli infortuni&#8221;","datePublished":"2017-12-08T12:31:49+00:00","mainEntityOfPage":{"@id":"https:\/\/www.anteprima24.it\/archivio\/avellino\/sidigas-avellino-sacripanti-6\/"},"wordCount":288,"commentCount":0,"image":{"@id":"https:\/\/www.anteprima24.it\/archivio\/avellino\/sidigas-avellino-sacripanti-6\/#primaryimage"},"thumbnailUrl":"https:\/\/www.anteprima24.it\/archivio\/wp-content\/uploads\/2017\/12\/IMG_9810.jpg","keywords":["Pino Sacripanti","Scandone","Sidigas Avellino","Vanoli Cremona"],"articleSection":["Altri Sport Avellino","Altri Sport Regione","Avellino","Regione","Sport Avellino","Sport Regione"],"inLanguage":"it-IT","potentialAction":[{"@type":"CommentAction","name":"Comment","target":["https:\/\/www.anteprima24.it\/archivio\/avellino\/sidigas-avellino-sacripanti-6\/#respond"]}]},{"@type":"WebPage","@id":"https:\/\/www.anteprima24.it\/archivio\/avellino\/sidigas-avellino-sacripanti-6\/","url":"https:\/\/www.anteprima24.it\/archivio\/avellino\/sidigas-avellino-sacripanti-6\/","name":"Sidigas Avellino, Sacripanti: \"A Cremona per confermarci nonostante gli infortuni\"","isPartOf":{"@id":"https:\/\/www.anteprima24.it\/archivio\/#website"},"primaryImageOfPage":{"@id":"https:\/\/www.anteprima24.it\/archivio\/avellino\/sidigas-avellino-sacripanti-6\/#primaryimage"},"image":{"@id":"https:\/\/www.anteprima24.it\/archivio\/avellino\/sidigas-avellino-sacripanti-6\/#primaryimage"},"thumbnailUrl":"https:\/\/www.anteprima24.it\/archivio\/wp-content\/uploads\/2017\/12\/IMG_9810.jpg","datePublished":"2017-12-08T12:31:49+00:00","author":{"@id":"https:\/\/www.anteprima24.it\/archivio\/#\/schema\/person\/30fcc8a4138521844ae98ad9d137afdf"},"description":"La Sidigas Avellino, domenica mattina, affronter\u00e0 la Vanoli Cremona. All'antivigilia del match del \"Pala Radi\" coach Pino Sacripanti ha fatto il punto.","breadcrumb":{"@id":"https:\/\/www.anteprima24.it\/archivio\/avellino\/sidigas-avellino-sacripanti-6\/#breadcrumb"},"inLanguage":"it-IT","potentialAction":[{"@type":"ReadAction","target":["https:\/\/www.anteprima24.it\/archivio\/avellino\/sidigas-avellino-sacripanti-6\/"]}]},{"@type":"ImageObject","inLanguage":"it-IT","@id":"https:\/\/www.anteprima24.it\/archivio\/avellino\/sidigas-avellino-sacripanti-6\/#primaryimage","url":"https:\/\/www.anteprima24.it\/archivio\/wp-content\/uploads\/2017\/12\/IMG_9810.jpg","contentUrl":"https:\/\/www.anteprima24.it\/archivio\/wp-content\/uploads\/2017\/12\/IMG_9810.jpg","width":1024,"height":632},{"@type":"BreadcrumbList","@id":"https:\/\/www.anteprima24.it\/archivio\/avellino\/sidigas-avellino-sacripanti-6\/#breadcrumb","itemListElement":[{"@type":"ListItem","position":1,"name":"Home","item":"https:\/\/www.anteprima24.it\/archivio\/"},{"@type":"ListItem","position":2,"name":"Sidigas Avellino, Sacripanti: &#8220;A Cremona per confermarci nonostante gli infortuni&#8221;"}]},{"@type":"WebSite","@id":"https:\/\/www.anteprima24.it\/archivio\/#website","url":"https:\/\/www.anteprima24.it\/archivio\/","name":"Anteprima24.it","description":"","potentialAction":[{"@type":"SearchAction","target":{"@type":"EntryPoint","urlTemplate":"https:\/\/www.anteprima24.it\/archivio\/?s={search_term_string}"},"query-input":{"@type":"PropertyValueSpecification","valueRequired":true,"valueName":"search_term_string"}}],"inLanguage":"it-IT"},{"@type":"Person","@id":"https:\/\/www.anteprima24.it\/archivio\/#\/schema\/person\/30fcc8a4138521844ae98ad9d137afdf","name":"Antonio Tedeschi","image":{"@type":"ImageObject","inLanguage":"it-IT","@id":"https:\/\/www.anteprima24.it\/archivio\/#\/schema\/person\/image\/","url":"https:\/\/secure.gravatar.com\/avatar\/45372818180df7341e181ce77faeeb16e07236ab151a43b41f99b910f3582b12?s=96&d=mm&r=g","contentUrl":"https:\/\/secure.gravatar.com\/avatar\/45372818180df7341e181ce77faeeb16e07236ab151a43b41f99b910f3582b12?s=96&d=mm&r=g","caption":"Antonio Tedeschi"},"url":"https:\/\/www.anteprima24.it\/archivio\/author\/antoniotedeschi\/"}]}},"_links":{"self":[{"href":"https:\/\/www.anteprima24.it\/archivio\/wp-json\/wp\/v2\/posts\/96147","targetHints":{"allow":["GET"]}}],"collection":[{"href":"https:\/\/www.anteprima24.it\/archivio\/wp-json\/wp\/v2\/posts"}],"about":[{"href":"https:\/\/www.anteprima24.it\/archivio\/wp-json\/wp\/v2\/types\/post"}],"author":[{"embeddable":true,"href":"https:\/\/www.anteprima24.it\/archivio\/wp-json\/wp\/v2\/users\/24"}],"replies":[{"embeddable":true,"href":"https:\/\/www.anteprima24.it\/archivio\/wp-json\/wp\/v2\/comments?post=96147"}],"version-history":[{"count":0,"href":"https:\/\/www.anteprima24.it\/archivio\/wp-json\/wp\/v2\/posts\/96147\/revisions"}],"wp:featuredmedia":[{"embeddable":true,"href":"https:\/\/www.anteprima24.it\/archivio\/wp-json\/wp\/v2\/media\/96148"}],"wp:attachment":[{"href":"https:\/\/www.anteprima24.it\/archivio\/wp-json\/wp\/v2\/media?parent=96147"}],"wp:term":[{"taxonomy":"category","embeddable":true,"href":"https:\/\/www.anteprima24.it\/archivio\/wp-json\/wp\/v2\/categories?post=96147"},{"taxonomy":"post_tag","embeddable":true,"href":"https:\/\/www.anteprima24.it\/archivio\/wp-json\/wp\/v2\/tags?post=96147"}],"curies":[{"name":"wp","href":"https:\/\/api.w.org\/{rel}","templated":true}]}}