{"id":96879,"date":"2017-12-09T19:43:31","date_gmt":"2017-12-09T17:43:31","guid":{"rendered":"http:\/\/www.anteprima24.it\/?p=96879"},"modified":"2017-12-09T19:43:31","modified_gmt":"2017-12-09T17:43:31","slug":"avellino-laverone","status":"publish","type":"post","link":"https:\/\/www.anteprima24.it\/archivio\/regione\/avellino-laverone\/","title":{"rendered":"Avellino, Laverone suona la carica: &#8220;Speriamo possa essere un nuovo inizio&#8221;"},"content":{"rendered":"<span class=\"span-reading-time rt-reading-time\" style=\"display: block;\"><span class=\"rt-label rt-prefix\">Tempo di lettura: <\/span> <span class=\"rt-time\"> &lt; 1<\/span> <span class=\"rt-label rt-postfix\">minuto<\/span><\/span><p style=\"text-align: justify\">Cittadella &#8211; &#8220;<em>Abbiamo ottenuto un risultato fondamentale, utile per recuperare sul piano mentale<\/em>&#8221; analizza cos\u00ec la gara il protagonista di giornata <strong>Lorenzo Laverone<\/strong>. &#8220;<em>Speriamo possa essere un nuovo inizio. All&#8217;inizio eravamo bloccati psicologicamente, qualche giovane sta pagando il periodo negativo<\/em> &#8211; ammette &#8211; <em>C&#8217;\u00e8 tanto da lavorare, stiamo uscendo dal tunnel, per\u00f2 tutto l&#8217;ambiente deve darci una mano. Le vicende esterne \u00e8 normale che influiscano, non sono situazioni facili da ignorare, ma la societ\u00e0 non ci ha fatto mai mancare nulla. <strong>I tifosi? Per noi sono fondamentali<\/strong>, speriamo di poterci ricompattare e che il brutto periodo svanisca facendo tornare l&#8217;entusiasmo di inizio stagione<\/em>&#8220;.<\/p>\n","protected":false},"excerpt":{"rendered":"<p>Cittadella &#8211; &#8220;Abbiamo ottenuto un risultato fondamentale, utile per recuperare sul piano mentale&#8221; analizza cos\u00ec la gara il protagonista di giornata Lorenzo Laverone. &#8220;Speriamo possa essere un nuovo inizio. All&#8217;inizio eravamo bloccati psicologicamente, qualche giovane sta pagando il periodo negativo &#8211; ammette &#8211; C&#8217;\u00e8 tanto da lavorare, stiamo uscendo dal tunnel, per\u00f2 tutto l&#8217;ambiente deve [&hellip;]<\/p>\n","protected":false},"author":24,"featured_media":96882,"comment_status":"open","ping_status":"open","sticky":false,"template":"","format":"standard","meta":{"_monsterinsights_skip_tracking":false,"_monsterinsights_sitenote_active":false,"_monsterinsights_sitenote_note":"","_monsterinsights_sitenote_category":0,"ngg_post_thumbnail":0,"footnotes":""},"categories":[4,271,1200,1455,1384,275],"tags":[285,897,16011,10587],"class_list":{"0":"post-96879","1":"post","2":"type-post","3":"status-publish","4":"format-standard","5":"has-post-thumbnail","7":"category-avellino","8":"category-regione","9":"category-serie-b","10":"category-serie-d-sport-avellino","11":"category-sport-avellino","12":"category-sport","13":"tag-avellino","14":"tag-avellino-calcio","15":"tag-cittadella-avellino","16":"tag-lorenzo-laverone"},"yoast_head":"<!-- This site is optimized with the Yoast SEO plugin v26.8 - https:\/\/yoast.com\/product\/yoast-seo-wordpress\/ -->\n<title>Avellino, Laverone suona la carica: &quot;Speriamo possa essere un nuovo inizio&quot;<\/title>\n<meta name=\"robots\" content=\"index, follow, max-snippet:-1, max-image-preview:large, max-video-preview:-1\" \/>\n<link rel=\"canonical\" href=\"https:\/\/www.anteprima24.it\/archivio\/regione\/avellino-laverone\/\" \/>\n<meta property=\"og:locale\" content=\"it_IT\" \/>\n<meta property=\"og:type\" content=\"article\" \/>\n<meta property=\"og:title\" content=\"Avellino, Laverone suona la carica: &quot;Speriamo possa essere un nuovo inizio&quot;\" \/>\n<meta property=\"og:description\" content=\"Cittadella &#8211; &#8220;Abbiamo ottenuto un risultato fondamentale, utile per recuperare sul piano mentale&#8221; analizza cos\u00ec la gara il protagonista di giornata Lorenzo Laverone. &#8220;Speriamo possa essere un nuovo inizio. All&#8217;inizio eravamo bloccati psicologicamente, qualche giovane sta pagando il periodo negativo &#8211; ammette &#8211; C&#8217;\u00e8 tanto da lavorare, stiamo uscendo dal tunnel, per\u00f2 tutto l&#8217;ambiente deve [&hellip;]\" \/>\n<meta property=\"og:url\" content=\"https:\/\/www.anteprima24.it\/archivio\/regione\/avellino-laverone\/\" \/>\n<meta property=\"og:site_name\" content=\"Anteprima24.it\" \/>\n<meta property=\"article:published_time\" content=\"2017-12-09T17:43:31+00:00\" \/>\n<meta property=\"og:image\" content=\"https:\/\/www.anteprima24.it\/archivio\/wp-content\/uploads\/2017\/12\/24883216_2019593981586988_1829101244829425402_o.jpg\" \/>\n\t<meta property=\"og:image:width\" content=\"2048\" \/>\n\t<meta property=\"og:image:height\" content=\"1365\" \/>\n\t<meta property=\"og:image:type\" content=\"image\/jpeg\" \/>\n<meta name=\"author\" content=\"Antonio Tedeschi\" \/>\n<meta name=\"twitter:card\" content=\"summary_large_image\" \/>\n<meta name=\"twitter:label1\" content=\"Scritto da\" \/>\n\t<meta name=\"twitter:data1\" content=\"Antonio Tedeschi\" \/>\n\t<meta name=\"twitter:label2\" content=\"Tempo di lettura stimato\" \/>\n\t<meta name=\"twitter:data2\" content=\"1 minuto\" \/>\n<script type=\"application\/ld+json\" class=\"yoast-schema-graph\">{\"@context\":\"https:\/\/schema.org\",\"@graph\":[{\"@type\":\"Article\",\"@id\":\"https:\/\/www.anteprima24.it\/archivio\/regione\/avellino-laverone\/#article\",\"isPartOf\":{\"@id\":\"https:\/\/www.anteprima24.it\/archivio\/regione\/avellino-laverone\/\"},\"author\":{\"name\":\"Antonio Tedeschi\",\"@id\":\"https:\/\/www.anteprima24.it\/archivio\/#\/schema\/person\/30fcc8a4138521844ae98ad9d137afdf\"},\"headline\":\"Avellino, Laverone suona la carica: &#8220;Speriamo possa essere un nuovo inizio&#8221;\",\"datePublished\":\"2017-12-09T17:43:31+00:00\",\"mainEntityOfPage\":{\"@id\":\"https:\/\/www.anteprima24.it\/archivio\/regione\/avellino-laverone\/\"},\"wordCount\":116,\"commentCount\":0,\"image\":{\"@id\":\"https:\/\/www.anteprima24.it\/archivio\/regione\/avellino-laverone\/#primaryimage\"},\"thumbnailUrl\":\"https:\/\/www.anteprima24.it\/archivio\/wp-content\/uploads\/2017\/12\/24883216_2019593981586988_1829101244829425402_o.jpg\",\"keywords\":[\"Avellino\",\"Avellino Calcio\",\"Cittadella-Avellino\",\"Lorenzo Laverone\"],\"articleSection\":[\"Avellino\",\"Regione\",\"Serie B Regione\",\"Serie C Avellino\",\"Sport Avellino\",\"Sport Regione\"],\"inLanguage\":\"it-IT\",\"potentialAction\":[{\"@type\":\"CommentAction\",\"name\":\"Comment\",\"target\":[\"https:\/\/www.anteprima24.it\/archivio\/regione\/avellino-laverone\/#respond\"]}]},{\"@type\":\"WebPage\",\"@id\":\"https:\/\/www.anteprima24.it\/archivio\/regione\/avellino-laverone\/\",\"url\":\"https:\/\/www.anteprima24.it\/archivio\/regione\/avellino-laverone\/\",\"name\":\"Avellino, Laverone suona la carica: \\\"Speriamo possa essere un nuovo inizio\\\"\",\"isPartOf\":{\"@id\":\"https:\/\/www.anteprima24.it\/archivio\/#website\"},\"primaryImageOfPage\":{\"@id\":\"https:\/\/www.anteprima24.it\/archivio\/regione\/avellino-laverone\/#primaryimage\"},\"image\":{\"@id\":\"https:\/\/www.anteprima24.it\/archivio\/regione\/avellino-laverone\/#primaryimage\"},\"thumbnailUrl\":\"https:\/\/www.anteprima24.it\/archivio\/wp-content\/uploads\/2017\/12\/24883216_2019593981586988_1829101244829425402_o.jpg\",\"datePublished\":\"2017-12-09T17:43:31+00:00\",\"author\":{\"@id\":\"https:\/\/www.anteprima24.it\/archivio\/#\/schema\/person\/30fcc8a4138521844ae98ad9d137afdf\"},\"breadcrumb\":{\"@id\":\"https:\/\/www.anteprima24.it\/archivio\/regione\/avellino-laverone\/#breadcrumb\"},\"inLanguage\":\"it-IT\",\"potentialAction\":[{\"@type\":\"ReadAction\",\"target\":[\"https:\/\/www.anteprima24.it\/archivio\/regione\/avellino-laverone\/\"]}]},{\"@type\":\"ImageObject\",\"inLanguage\":\"it-IT\",\"@id\":\"https:\/\/www.anteprima24.it\/archivio\/regione\/avellino-laverone\/#primaryimage\",\"url\":\"https:\/\/www.anteprima24.it\/archivio\/wp-content\/uploads\/2017\/12\/24883216_2019593981586988_1829101244829425402_o.jpg\",\"contentUrl\":\"https:\/\/www.anteprima24.it\/archivio\/wp-content\/uploads\/2017\/12\/24883216_2019593981586988_1829101244829425402_o.jpg\",\"width\":2048,\"height\":1365},{\"@type\":\"BreadcrumbList\",\"@id\":\"https:\/\/www.anteprima24.it\/archivio\/regione\/avellino-laverone\/#breadcrumb\",\"itemListElement\":[{\"@type\":\"ListItem\",\"position\":1,\"name\":\"Home\",\"item\":\"https:\/\/www.anteprima24.it\/archivio\/\"},{\"@type\":\"ListItem\",\"position\":2,\"name\":\"Avellino, Laverone suona la carica: &#8220;Speriamo possa essere un nuovo inizio&#8221;\"}]},{\"@type\":\"WebSite\",\"@id\":\"https:\/\/www.anteprima24.it\/archivio\/#website\",\"url\":\"https:\/\/www.anteprima24.it\/archivio\/\",\"name\":\"Anteprima24.it\",\"description\":\"\",\"potentialAction\":[{\"@type\":\"SearchAction\",\"target\":{\"@type\":\"EntryPoint\",\"urlTemplate\":\"https:\/\/www.anteprima24.it\/archivio\/?s={search_term_string}\"},\"query-input\":{\"@type\":\"PropertyValueSpecification\",\"valueRequired\":true,\"valueName\":\"search_term_string\"}}],\"inLanguage\":\"it-IT\"},{\"@type\":\"Person\",\"@id\":\"https:\/\/www.anteprima24.it\/archivio\/#\/schema\/person\/30fcc8a4138521844ae98ad9d137afdf\",\"name\":\"Antonio Tedeschi\",\"image\":{\"@type\":\"ImageObject\",\"inLanguage\":\"it-IT\",\"@id\":\"https:\/\/www.anteprima24.it\/archivio\/#\/schema\/person\/image\/\",\"url\":\"https:\/\/secure.gravatar.com\/avatar\/45372818180df7341e181ce77faeeb16e07236ab151a43b41f99b910f3582b12?s=96&d=mm&r=g\",\"contentUrl\":\"https:\/\/secure.gravatar.com\/avatar\/45372818180df7341e181ce77faeeb16e07236ab151a43b41f99b910f3582b12?s=96&d=mm&r=g\",\"caption\":\"Antonio Tedeschi\"},\"url\":\"https:\/\/www.anteprima24.it\/archivio\/author\/antoniotedeschi\/\"}]}<\/script>\n<!-- \/ Yoast SEO plugin. -->","yoast_head_json":{"title":"Avellino, Laverone suona la carica: \"Speriamo possa essere un nuovo inizio\"","robots":{"index":"index","follow":"follow","max-snippet":"max-snippet:-1","max-image-preview":"max-image-preview:large","max-video-preview":"max-video-preview:-1"},"canonical":"https:\/\/www.anteprima24.it\/archivio\/regione\/avellino-laverone\/","og_locale":"it_IT","og_type":"article","og_title":"Avellino, Laverone suona la carica: \"Speriamo possa essere un nuovo inizio\"","og_description":"Cittadella &#8211; &#8220;Abbiamo ottenuto un risultato fondamentale, utile per recuperare sul piano mentale&#8221; analizza cos\u00ec la gara il protagonista di giornata Lorenzo Laverone. &#8220;Speriamo possa essere un nuovo inizio. All&#8217;inizio eravamo bloccati psicologicamente, qualche giovane sta pagando il periodo negativo &#8211; ammette &#8211; C&#8217;\u00e8 tanto da lavorare, stiamo uscendo dal tunnel, per\u00f2 tutto l&#8217;ambiente deve [&hellip;]","og_url":"https:\/\/www.anteprima24.it\/archivio\/regione\/avellino-laverone\/","og_site_name":"Anteprima24.it","article_published_time":"2017-12-09T17:43:31+00:00","og_image":[{"width":2048,"height":1365,"url":"https:\/\/www.anteprima24.it\/archivio\/wp-content\/uploads\/2017\/12\/24883216_2019593981586988_1829101244829425402_o.jpg","type":"image\/jpeg"}],"author":"Antonio Tedeschi","twitter_card":"summary_large_image","twitter_misc":{"Scritto da":"Antonio Tedeschi","Tempo di lettura stimato":"1 minuto"},"schema":{"@context":"https:\/\/schema.org","@graph":[{"@type":"Article","@id":"https:\/\/www.anteprima24.it\/archivio\/regione\/avellino-laverone\/#article","isPartOf":{"@id":"https:\/\/www.anteprima24.it\/archivio\/regione\/avellino-laverone\/"},"author":{"name":"Antonio Tedeschi","@id":"https:\/\/www.anteprima24.it\/archivio\/#\/schema\/person\/30fcc8a4138521844ae98ad9d137afdf"},"headline":"Avellino, Laverone suona la carica: &#8220;Speriamo possa essere un nuovo inizio&#8221;","datePublished":"2017-12-09T17:43:31+00:00","mainEntityOfPage":{"@id":"https:\/\/www.anteprima24.it\/archivio\/regione\/avellino-laverone\/"},"wordCount":116,"commentCount":0,"image":{"@id":"https:\/\/www.anteprima24.it\/archivio\/regione\/avellino-laverone\/#primaryimage"},"thumbnailUrl":"https:\/\/www.anteprima24.it\/archivio\/wp-content\/uploads\/2017\/12\/24883216_2019593981586988_1829101244829425402_o.jpg","keywords":["Avellino","Avellino Calcio","Cittadella-Avellino","Lorenzo Laverone"],"articleSection":["Avellino","Regione","Serie B Regione","Serie C Avellino","Sport Avellino","Sport Regione"],"inLanguage":"it-IT","potentialAction":[{"@type":"CommentAction","name":"Comment","target":["https:\/\/www.anteprima24.it\/archivio\/regione\/avellino-laverone\/#respond"]}]},{"@type":"WebPage","@id":"https:\/\/www.anteprima24.it\/archivio\/regione\/avellino-laverone\/","url":"https:\/\/www.anteprima24.it\/archivio\/regione\/avellino-laverone\/","name":"Avellino, Laverone suona la carica: \"Speriamo possa essere un nuovo inizio\"","isPartOf":{"@id":"https:\/\/www.anteprima24.it\/archivio\/#website"},"primaryImageOfPage":{"@id":"https:\/\/www.anteprima24.it\/archivio\/regione\/avellino-laverone\/#primaryimage"},"image":{"@id":"https:\/\/www.anteprima24.it\/archivio\/regione\/avellino-laverone\/#primaryimage"},"thumbnailUrl":"https:\/\/www.anteprima24.it\/archivio\/wp-content\/uploads\/2017\/12\/24883216_2019593981586988_1829101244829425402_o.jpg","datePublished":"2017-12-09T17:43:31+00:00","author":{"@id":"https:\/\/www.anteprima24.it\/archivio\/#\/schema\/person\/30fcc8a4138521844ae98ad9d137afdf"},"breadcrumb":{"@id":"https:\/\/www.anteprima24.it\/archivio\/regione\/avellino-laverone\/#breadcrumb"},"inLanguage":"it-IT","potentialAction":[{"@type":"ReadAction","target":["https:\/\/www.anteprima24.it\/archivio\/regione\/avellino-laverone\/"]}]},{"@type":"ImageObject","inLanguage":"it-IT","@id":"https:\/\/www.anteprima24.it\/archivio\/regione\/avellino-laverone\/#primaryimage","url":"https:\/\/www.anteprima24.it\/archivio\/wp-content\/uploads\/2017\/12\/24883216_2019593981586988_1829101244829425402_o.jpg","contentUrl":"https:\/\/www.anteprima24.it\/archivio\/wp-content\/uploads\/2017\/12\/24883216_2019593981586988_1829101244829425402_o.jpg","width":2048,"height":1365},{"@type":"BreadcrumbList","@id":"https:\/\/www.anteprima24.it\/archivio\/regione\/avellino-laverone\/#breadcrumb","itemListElement":[{"@type":"ListItem","position":1,"name":"Home","item":"https:\/\/www.anteprima24.it\/archivio\/"},{"@type":"ListItem","position":2,"name":"Avellino, Laverone suona la carica: &#8220;Speriamo possa essere un nuovo inizio&#8221;"}]},{"@type":"WebSite","@id":"https:\/\/www.anteprima24.it\/archivio\/#website","url":"https:\/\/www.anteprima24.it\/archivio\/","name":"Anteprima24.it","description":"","potentialAction":[{"@type":"SearchAction","target":{"@type":"EntryPoint","urlTemplate":"https:\/\/www.anteprima24.it\/archivio\/?s={search_term_string}"},"query-input":{"@type":"PropertyValueSpecification","valueRequired":true,"valueName":"search_term_string"}}],"inLanguage":"it-IT"},{"@type":"Person","@id":"https:\/\/www.anteprima24.it\/archivio\/#\/schema\/person\/30fcc8a4138521844ae98ad9d137afdf","name":"Antonio Tedeschi","image":{"@type":"ImageObject","inLanguage":"it-IT","@id":"https:\/\/www.anteprima24.it\/archivio\/#\/schema\/person\/image\/","url":"https:\/\/secure.gravatar.com\/avatar\/45372818180df7341e181ce77faeeb16e07236ab151a43b41f99b910f3582b12?s=96&d=mm&r=g","contentUrl":"https:\/\/secure.gravatar.com\/avatar\/45372818180df7341e181ce77faeeb16e07236ab151a43b41f99b910f3582b12?s=96&d=mm&r=g","caption":"Antonio Tedeschi"},"url":"https:\/\/www.anteprima24.it\/archivio\/author\/antoniotedeschi\/"}]}},"_links":{"self":[{"href":"https:\/\/www.anteprima24.it\/archivio\/wp-json\/wp\/v2\/posts\/96879","targetHints":{"allow":["GET"]}}],"collection":[{"href":"https:\/\/www.anteprima24.it\/archivio\/wp-json\/wp\/v2\/posts"}],"about":[{"href":"https:\/\/www.anteprima24.it\/archivio\/wp-json\/wp\/v2\/types\/post"}],"author":[{"embeddable":true,"href":"https:\/\/www.anteprima24.it\/archivio\/wp-json\/wp\/v2\/users\/24"}],"replies":[{"embeddable":true,"href":"https:\/\/www.anteprima24.it\/archivio\/wp-json\/wp\/v2\/comments?post=96879"}],"version-history":[{"count":0,"href":"https:\/\/www.anteprima24.it\/archivio\/wp-json\/wp\/v2\/posts\/96879\/revisions"}],"wp:featuredmedia":[{"embeddable":true,"href":"https:\/\/www.anteprima24.it\/archivio\/wp-json\/wp\/v2\/media\/96882"}],"wp:attachment":[{"href":"https:\/\/www.anteprima24.it\/archivio\/wp-json\/wp\/v2\/media?parent=96879"}],"wp:term":[{"taxonomy":"category","embeddable":true,"href":"https:\/\/www.anteprima24.it\/archivio\/wp-json\/wp\/v2\/categories?post=96879"},{"taxonomy":"post_tag","embeddable":true,"href":"https:\/\/www.anteprima24.it\/archivio\/wp-json\/wp\/v2\/tags?post=96879"}],"curies":[{"name":"wp","href":"https:\/\/api.w.org\/{rel}","templated":true}]}}