{"id":97365,"date":"2017-12-11T11:27:22","date_gmt":"2017-12-11T09:27:22","guid":{"rendered":"http:\/\/www.anteprima24.it\/?p=97365"},"modified":"2017-12-11T11:27:22","modified_gmt":"2017-12-11T09:27:22","slug":"avellino-processo-sportivo","status":"publish","type":"post","link":"https:\/\/www.anteprima24.it\/archivio\/regione\/avellino-processo-sportivo\/","title":{"rendered":"Avellino, al via una settimana infernale: tra processo sportivo e campo"},"content":{"rendered":"<span class=\"span-reading-time rt-reading-time\" style=\"display: block;\"><span class=\"rt-label rt-prefix\">Tempo di lettura: <\/span> <span class=\"rt-time\"> 2<\/span> <span class=\"rt-label rt-postfix\">minuti<\/span><\/span><p style=\"text-align: justify\">Avellino &#8211; E&#8217; cominciata una settimana infernale per l&#8217;<strong>Avellino<\/strong>. Nella giornata di venerd\u00ec, a Roma, comincer\u00e0 il processo sportivo inerente alla presunta combine tra <strong>Catanzaro<\/strong> e <strong>Avellino<\/strong> del 5 maggio del 2013. La societ\u00e0 biancoverde \u00e8 chiamata a difendersi dalla <strong>responsabilit\u00e0 diretta<\/strong> addebitata dalla Procura Federale. Il tutto si svolger\u00e0 con la procedura d&#8217;urgenza. I tempi dovranno essere celeri. La sentenza dovrebbe arrivare prima dell&#8217;inizio del girone di ritorno. L&#8217;avvocato <strong>Eduardo Chiacchio<\/strong> nei giorni scorsi si \u00e8 detto fiducioso, ma l&#8217;ansia dei tifosi biancoverdi per un nuovo processo resta davvero alta. La sentenza del TFN sarebbe prevista per il prossimo 20 dicembre.<\/p>\n<p style=\"text-align: justify\">Dall&#8217;altra parte l&#8217;Avellino punta dritto alla sfida interna contro l&#8217;<strong>Ascoli<\/strong>. Match in programma sabato pomeriggio, alle ore 15, al Partenio-Lombardi. <strong>Walter Novellino<\/strong> oggi pomeriggio raduner\u00e0 i suoi uomini per la prima seduta della settimana. Saranno da verificare le condizioni di <strong>Marco Migliorini<\/strong>, che alla vigilia del match del Tombolato ha gettato la spugna per via di un risentimento muscolare al flessore della coscia sinistra. Oggi effettuer\u00e0 esami specifici per capire l&#8217;entit\u00e0 dell&#8217;infortunio. Saranno da verificare anche le condizioni di <strong>Pierre Ngawa<\/strong>, che ha lasciato il campo anzitempo sabato pomeriggio. Il tecnico di Montemarano potrebbe valutare anche un ritorno all&#8217;antico con il <strong>4-4-2<\/strong> accantonando per un p\u00f2 il<strong> 3-5-2<\/strong> visto nelle ultime settimane.<\/p>\n","protected":false},"excerpt":{"rendered":"<p>Avellino &#8211; E&#8217; cominciata una settimana infernale per l&#8217;Avellino. Nella giornata di venerd\u00ec, a Roma, comincer\u00e0 il processo sportivo inerente alla presunta combine tra Catanzaro e Avellino del 5 maggio del 2013. La societ\u00e0 biancoverde \u00e8 chiamata a difendersi dalla responsabilit\u00e0 diretta addebitata dalla Procura Federale. Il tutto si svolger\u00e0 con la procedura d&#8217;urgenza. I [&hellip;]<\/p>\n","protected":false},"author":24,"featured_media":33289,"comment_status":"open","ping_status":"open","sticky":false,"template":"","format":"standard","meta":{"_monsterinsights_skip_tracking":false,"_monsterinsights_sitenote_active":false,"_monsterinsights_sitenote_note":"","_monsterinsights_sitenote_category":0,"ngg_post_thumbnail":0,"footnotes":""},"categories":[4,271,1200,1455,1384],"tags":[285,897,16115,15459,16114,5693,7526],"class_list":{"0":"post-97365","1":"post","2":"type-post","3":"status-publish","4":"format-standard","5":"has-post-thumbnail","7":"category-avellino","8":"category-regione","9":"category-serie-b","10":"category-serie-d-sport-avellino","11":"category-sport-avellino","12":"tag-avellino","13":"tag-avellino-calcio","14":"tag-avellino-ascoli","15":"tag-catanzaro-avellino","16":"tag-eduardo-chiacchio","17":"tag-money-gate","18":"tag-walter-novellino"},"yoast_head":"<!-- This site is optimized with the Yoast SEO plugin v26.8 - https:\/\/yoast.com\/product\/yoast-seo-wordpress\/ -->\n<title>Avellino, al via una settimana infernale: tra processo sportivo e campo<\/title>\n<meta name=\"description\" content=\"E&#039; cominciata una settimana infernale per l&#039;Avellino. Venerd\u00ec \u00e8 atteso il processo mentre da oggi Novellino pensar\u00e0 alla sfida contro l&#039;Ascoli di sabato.\" \/>\n<meta name=\"robots\" content=\"index, follow, max-snippet:-1, max-image-preview:large, max-video-preview:-1\" \/>\n<link rel=\"canonical\" href=\"https:\/\/www.anteprima24.it\/archivio\/regione\/avellino-processo-sportivo\/\" \/>\n<meta property=\"og:locale\" content=\"it_IT\" \/>\n<meta property=\"og:type\" content=\"article\" \/>\n<meta property=\"og:title\" content=\"Avellino, al via una settimana infernale: tra processo sportivo e campo\" \/>\n<meta property=\"og:description\" content=\"E&#039; cominciata una settimana infernale per l&#039;Avellino. Venerd\u00ec \u00e8 atteso il processo mentre da oggi Novellino pensar\u00e0 alla sfida contro l&#039;Ascoli di sabato.\" \/>\n<meta property=\"og:url\" content=\"https:\/\/www.anteprima24.it\/archivio\/regione\/avellino-processo-sportivo\/\" \/>\n<meta property=\"og:site_name\" content=\"Anteprima24.it\" \/>\n<meta property=\"article:published_time\" content=\"2017-12-11T09:27:22+00:00\" \/>\n<meta property=\"og:image\" content=\"https:\/\/www.anteprima24.it\/archivio\/wp-content\/uploads\/2017\/08\/MG_9421_societa.jpg\" \/>\n\t<meta property=\"og:image:width\" content=\"1200\" \/>\n\t<meta property=\"og:image:height\" content=\"800\" \/>\n\t<meta property=\"og:image:type\" content=\"image\/jpeg\" \/>\n<meta name=\"author\" content=\"Antonio Tedeschi\" \/>\n<meta name=\"twitter:card\" content=\"summary_large_image\" \/>\n<meta name=\"twitter:label1\" content=\"Scritto da\" \/>\n\t<meta name=\"twitter:data1\" content=\"Antonio Tedeschi\" \/>\n\t<meta name=\"twitter:label2\" content=\"Tempo di lettura stimato\" \/>\n\t<meta name=\"twitter:data2\" content=\"1 minuto\" \/>\n<script type=\"application\/ld+json\" class=\"yoast-schema-graph\">{\"@context\":\"https:\/\/schema.org\",\"@graph\":[{\"@type\":\"Article\",\"@id\":\"https:\/\/www.anteprima24.it\/archivio\/regione\/avellino-processo-sportivo\/#article\",\"isPartOf\":{\"@id\":\"https:\/\/www.anteprima24.it\/archivio\/regione\/avellino-processo-sportivo\/\"},\"author\":{\"name\":\"Antonio Tedeschi\",\"@id\":\"https:\/\/www.anteprima24.it\/archivio\/#\/schema\/person\/30fcc8a4138521844ae98ad9d137afdf\"},\"headline\":\"Avellino, al via una settimana infernale: tra processo sportivo e campo\",\"datePublished\":\"2017-12-11T09:27:22+00:00\",\"mainEntityOfPage\":{\"@id\":\"https:\/\/www.anteprima24.it\/archivio\/regione\/avellino-processo-sportivo\/\"},\"wordCount\":232,\"commentCount\":0,\"image\":{\"@id\":\"https:\/\/www.anteprima24.it\/archivio\/regione\/avellino-processo-sportivo\/#primaryimage\"},\"thumbnailUrl\":\"https:\/\/www.anteprima24.it\/archivio\/wp-content\/uploads\/2017\/08\/MG_9421_societa.jpg\",\"keywords\":[\"Avellino\",\"Avellino Calcio\",\"Avellino-Ascoli\",\"Catanzaro-Avellino\",\"Eduardo Chiacchio\",\"Money Gate\",\"Walter Novellino\"],\"articleSection\":[\"Avellino\",\"Regione\",\"Serie B Regione\",\"Serie C Avellino\",\"Sport Avellino\"],\"inLanguage\":\"it-IT\",\"potentialAction\":[{\"@type\":\"CommentAction\",\"name\":\"Comment\",\"target\":[\"https:\/\/www.anteprima24.it\/archivio\/regione\/avellino-processo-sportivo\/#respond\"]}]},{\"@type\":\"WebPage\",\"@id\":\"https:\/\/www.anteprima24.it\/archivio\/regione\/avellino-processo-sportivo\/\",\"url\":\"https:\/\/www.anteprima24.it\/archivio\/regione\/avellino-processo-sportivo\/\",\"name\":\"Avellino, al via una settimana infernale: tra processo sportivo e campo\",\"isPartOf\":{\"@id\":\"https:\/\/www.anteprima24.it\/archivio\/#website\"},\"primaryImageOfPage\":{\"@id\":\"https:\/\/www.anteprima24.it\/archivio\/regione\/avellino-processo-sportivo\/#primaryimage\"},\"image\":{\"@id\":\"https:\/\/www.anteprima24.it\/archivio\/regione\/avellino-processo-sportivo\/#primaryimage\"},\"thumbnailUrl\":\"https:\/\/www.anteprima24.it\/archivio\/wp-content\/uploads\/2017\/08\/MG_9421_societa.jpg\",\"datePublished\":\"2017-12-11T09:27:22+00:00\",\"author\":{\"@id\":\"https:\/\/www.anteprima24.it\/archivio\/#\/schema\/person\/30fcc8a4138521844ae98ad9d137afdf\"},\"description\":\"E' cominciata una settimana infernale per l'Avellino. Venerd\u00ec \u00e8 atteso il processo mentre da oggi Novellino pensar\u00e0 alla sfida contro l'Ascoli di sabato.\",\"breadcrumb\":{\"@id\":\"https:\/\/www.anteprima24.it\/archivio\/regione\/avellino-processo-sportivo\/#breadcrumb\"},\"inLanguage\":\"it-IT\",\"potentialAction\":[{\"@type\":\"ReadAction\",\"target\":[\"https:\/\/www.anteprima24.it\/archivio\/regione\/avellino-processo-sportivo\/\"]}]},{\"@type\":\"ImageObject\",\"inLanguage\":\"it-IT\",\"@id\":\"https:\/\/www.anteprima24.it\/archivio\/regione\/avellino-processo-sportivo\/#primaryimage\",\"url\":\"https:\/\/www.anteprima24.it\/archivio\/wp-content\/uploads\/2017\/08\/MG_9421_societa.jpg\",\"contentUrl\":\"https:\/\/www.anteprima24.it\/archivio\/wp-content\/uploads\/2017\/08\/MG_9421_societa.jpg\",\"width\":1200,\"height\":800},{\"@type\":\"BreadcrumbList\",\"@id\":\"https:\/\/www.anteprima24.it\/archivio\/regione\/avellino-processo-sportivo\/#breadcrumb\",\"itemListElement\":[{\"@type\":\"ListItem\",\"position\":1,\"name\":\"Home\",\"item\":\"https:\/\/www.anteprima24.it\/archivio\/\"},{\"@type\":\"ListItem\",\"position\":2,\"name\":\"Avellino, al via una settimana infernale: tra processo sportivo e campo\"}]},{\"@type\":\"WebSite\",\"@id\":\"https:\/\/www.anteprima24.it\/archivio\/#website\",\"url\":\"https:\/\/www.anteprima24.it\/archivio\/\",\"name\":\"Anteprima24.it\",\"description\":\"\",\"potentialAction\":[{\"@type\":\"SearchAction\",\"target\":{\"@type\":\"EntryPoint\",\"urlTemplate\":\"https:\/\/www.anteprima24.it\/archivio\/?s={search_term_string}\"},\"query-input\":{\"@type\":\"PropertyValueSpecification\",\"valueRequired\":true,\"valueName\":\"search_term_string\"}}],\"inLanguage\":\"it-IT\"},{\"@type\":\"Person\",\"@id\":\"https:\/\/www.anteprima24.it\/archivio\/#\/schema\/person\/30fcc8a4138521844ae98ad9d137afdf\",\"name\":\"Antonio Tedeschi\",\"image\":{\"@type\":\"ImageObject\",\"inLanguage\":\"it-IT\",\"@id\":\"https:\/\/www.anteprima24.it\/archivio\/#\/schema\/person\/image\/\",\"url\":\"https:\/\/secure.gravatar.com\/avatar\/45372818180df7341e181ce77faeeb16e07236ab151a43b41f99b910f3582b12?s=96&d=mm&r=g\",\"contentUrl\":\"https:\/\/secure.gravatar.com\/avatar\/45372818180df7341e181ce77faeeb16e07236ab151a43b41f99b910f3582b12?s=96&d=mm&r=g\",\"caption\":\"Antonio Tedeschi\"},\"url\":\"https:\/\/www.anteprima24.it\/archivio\/author\/antoniotedeschi\/\"}]}<\/script>\n<!-- \/ Yoast SEO plugin. -->","yoast_head_json":{"title":"Avellino, al via una settimana infernale: tra processo sportivo e campo","description":"E' cominciata una settimana infernale per l'Avellino. Venerd\u00ec \u00e8 atteso il processo mentre da oggi Novellino pensar\u00e0 alla sfida contro l'Ascoli di sabato.","robots":{"index":"index","follow":"follow","max-snippet":"max-snippet:-1","max-image-preview":"max-image-preview:large","max-video-preview":"max-video-preview:-1"},"canonical":"https:\/\/www.anteprima24.it\/archivio\/regione\/avellino-processo-sportivo\/","og_locale":"it_IT","og_type":"article","og_title":"Avellino, al via una settimana infernale: tra processo sportivo e campo","og_description":"E' cominciata una settimana infernale per l'Avellino. Venerd\u00ec \u00e8 atteso il processo mentre da oggi Novellino pensar\u00e0 alla sfida contro l'Ascoli di sabato.","og_url":"https:\/\/www.anteprima24.it\/archivio\/regione\/avellino-processo-sportivo\/","og_site_name":"Anteprima24.it","article_published_time":"2017-12-11T09:27:22+00:00","og_image":[{"width":1200,"height":800,"url":"https:\/\/www.anteprima24.it\/archivio\/wp-content\/uploads\/2017\/08\/MG_9421_societa.jpg","type":"image\/jpeg"}],"author":"Antonio Tedeschi","twitter_card":"summary_large_image","twitter_misc":{"Scritto da":"Antonio Tedeschi","Tempo di lettura stimato":"1 minuto"},"schema":{"@context":"https:\/\/schema.org","@graph":[{"@type":"Article","@id":"https:\/\/www.anteprima24.it\/archivio\/regione\/avellino-processo-sportivo\/#article","isPartOf":{"@id":"https:\/\/www.anteprima24.it\/archivio\/regione\/avellino-processo-sportivo\/"},"author":{"name":"Antonio Tedeschi","@id":"https:\/\/www.anteprima24.it\/archivio\/#\/schema\/person\/30fcc8a4138521844ae98ad9d137afdf"},"headline":"Avellino, al via una settimana infernale: tra processo sportivo e campo","datePublished":"2017-12-11T09:27:22+00:00","mainEntityOfPage":{"@id":"https:\/\/www.anteprima24.it\/archivio\/regione\/avellino-processo-sportivo\/"},"wordCount":232,"commentCount":0,"image":{"@id":"https:\/\/www.anteprima24.it\/archivio\/regione\/avellino-processo-sportivo\/#primaryimage"},"thumbnailUrl":"https:\/\/www.anteprima24.it\/archivio\/wp-content\/uploads\/2017\/08\/MG_9421_societa.jpg","keywords":["Avellino","Avellino Calcio","Avellino-Ascoli","Catanzaro-Avellino","Eduardo Chiacchio","Money Gate","Walter Novellino"],"articleSection":["Avellino","Regione","Serie B Regione","Serie C Avellino","Sport Avellino"],"inLanguage":"it-IT","potentialAction":[{"@type":"CommentAction","name":"Comment","target":["https:\/\/www.anteprima24.it\/archivio\/regione\/avellino-processo-sportivo\/#respond"]}]},{"@type":"WebPage","@id":"https:\/\/www.anteprima24.it\/archivio\/regione\/avellino-processo-sportivo\/","url":"https:\/\/www.anteprima24.it\/archivio\/regione\/avellino-processo-sportivo\/","name":"Avellino, al via una settimana infernale: tra processo sportivo e campo","isPartOf":{"@id":"https:\/\/www.anteprima24.it\/archivio\/#website"},"primaryImageOfPage":{"@id":"https:\/\/www.anteprima24.it\/archivio\/regione\/avellino-processo-sportivo\/#primaryimage"},"image":{"@id":"https:\/\/www.anteprima24.it\/archivio\/regione\/avellino-processo-sportivo\/#primaryimage"},"thumbnailUrl":"https:\/\/www.anteprima24.it\/archivio\/wp-content\/uploads\/2017\/08\/MG_9421_societa.jpg","datePublished":"2017-12-11T09:27:22+00:00","author":{"@id":"https:\/\/www.anteprima24.it\/archivio\/#\/schema\/person\/30fcc8a4138521844ae98ad9d137afdf"},"description":"E' cominciata una settimana infernale per l'Avellino. Venerd\u00ec \u00e8 atteso il processo mentre da oggi Novellino pensar\u00e0 alla sfida contro l'Ascoli di sabato.","breadcrumb":{"@id":"https:\/\/www.anteprima24.it\/archivio\/regione\/avellino-processo-sportivo\/#breadcrumb"},"inLanguage":"it-IT","potentialAction":[{"@type":"ReadAction","target":["https:\/\/www.anteprima24.it\/archivio\/regione\/avellino-processo-sportivo\/"]}]},{"@type":"ImageObject","inLanguage":"it-IT","@id":"https:\/\/www.anteprima24.it\/archivio\/regione\/avellino-processo-sportivo\/#primaryimage","url":"https:\/\/www.anteprima24.it\/archivio\/wp-content\/uploads\/2017\/08\/MG_9421_societa.jpg","contentUrl":"https:\/\/www.anteprima24.it\/archivio\/wp-content\/uploads\/2017\/08\/MG_9421_societa.jpg","width":1200,"height":800},{"@type":"BreadcrumbList","@id":"https:\/\/www.anteprima24.it\/archivio\/regione\/avellino-processo-sportivo\/#breadcrumb","itemListElement":[{"@type":"ListItem","position":1,"name":"Home","item":"https:\/\/www.anteprima24.it\/archivio\/"},{"@type":"ListItem","position":2,"name":"Avellino, al via una settimana infernale: tra processo sportivo e campo"}]},{"@type":"WebSite","@id":"https:\/\/www.anteprima24.it\/archivio\/#website","url":"https:\/\/www.anteprima24.it\/archivio\/","name":"Anteprima24.it","description":"","potentialAction":[{"@type":"SearchAction","target":{"@type":"EntryPoint","urlTemplate":"https:\/\/www.anteprima24.it\/archivio\/?s={search_term_string}"},"query-input":{"@type":"PropertyValueSpecification","valueRequired":true,"valueName":"search_term_string"}}],"inLanguage":"it-IT"},{"@type":"Person","@id":"https:\/\/www.anteprima24.it\/archivio\/#\/schema\/person\/30fcc8a4138521844ae98ad9d137afdf","name":"Antonio Tedeschi","image":{"@type":"ImageObject","inLanguage":"it-IT","@id":"https:\/\/www.anteprima24.it\/archivio\/#\/schema\/person\/image\/","url":"https:\/\/secure.gravatar.com\/avatar\/45372818180df7341e181ce77faeeb16e07236ab151a43b41f99b910f3582b12?s=96&d=mm&r=g","contentUrl":"https:\/\/secure.gravatar.com\/avatar\/45372818180df7341e181ce77faeeb16e07236ab151a43b41f99b910f3582b12?s=96&d=mm&r=g","caption":"Antonio Tedeschi"},"url":"https:\/\/www.anteprima24.it\/archivio\/author\/antoniotedeschi\/"}]}},"_links":{"self":[{"href":"https:\/\/www.anteprima24.it\/archivio\/wp-json\/wp\/v2\/posts\/97365","targetHints":{"allow":["GET"]}}],"collection":[{"href":"https:\/\/www.anteprima24.it\/archivio\/wp-json\/wp\/v2\/posts"}],"about":[{"href":"https:\/\/www.anteprima24.it\/archivio\/wp-json\/wp\/v2\/types\/post"}],"author":[{"embeddable":true,"href":"https:\/\/www.anteprima24.it\/archivio\/wp-json\/wp\/v2\/users\/24"}],"replies":[{"embeddable":true,"href":"https:\/\/www.anteprima24.it\/archivio\/wp-json\/wp\/v2\/comments?post=97365"}],"version-history":[{"count":0,"href":"https:\/\/www.anteprima24.it\/archivio\/wp-json\/wp\/v2\/posts\/97365\/revisions"}],"wp:featuredmedia":[{"embeddable":true,"href":"https:\/\/www.anteprima24.it\/archivio\/wp-json\/wp\/v2\/media\/33289"}],"wp:attachment":[{"href":"https:\/\/www.anteprima24.it\/archivio\/wp-json\/wp\/v2\/media?parent=97365"}],"wp:term":[{"taxonomy":"category","embeddable":true,"href":"https:\/\/www.anteprima24.it\/archivio\/wp-json\/wp\/v2\/categories?post=97365"},{"taxonomy":"post_tag","embeddable":true,"href":"https:\/\/www.anteprima24.it\/archivio\/wp-json\/wp\/v2\/tags?post=97365"}],"curies":[{"name":"wp","href":"https:\/\/api.w.org\/{rel}","templated":true}]}}