{"id":98276,"date":"2017-12-13T19:09:40","date_gmt":"2017-12-13T17:09:40","guid":{"rendered":"http:\/\/www.anteprima24.it\/?p=98276"},"modified":"2017-12-13T19:09:40","modified_gmt":"2017-12-13T17:09:40","slug":"avellino-asencio","status":"publish","type":"post","link":"https:\/\/www.anteprima24.it\/archivio\/avellino\/avellino-asencio\/","title":{"rendered":"Avellino, Asencio chiede una maglia da titolare: tripletta nel test amichevole"},"content":{"rendered":"<span class=\"span-reading-time rt-reading-time\" style=\"display: block;\"><span class=\"rt-label rt-prefix\">Tempo di lettura: <\/span> <span class=\"rt-time\"> 2<\/span> <span class=\"rt-label rt-postfix\">minuti<\/span><\/span><p style=\"text-align: justify\">Avellino &#8211;\u00a0Con la testa per vincere, sempre e comunque. L&#8217;<strong>Avellino<\/strong> a grandi falcate si avvicina alla sfida contro l&#8217;<strong>Ascoli<\/strong>, in programma sabato pomeriggio al Partenio-Lombardi. Nel pomeriggio odierno, la truppa di <strong>Water Novellino<\/strong>, ha affrontato un test amichevole contro l&#8217;Under17. Nonostante le porte aperte il tecnico di Montemarano ha tenuto coperte le carte schierando diversi riserve.<\/p>\n<p style=\"text-align: justify\">Mattatore di giornata<strong> Raul Asencio<\/strong>. L&#8217;attaccante spagnolo si \u00e8 messo in luce realizzando una tripletta personale. L&#8217;attaccante spagnolo ha mandato chiari messaggi al tecnico di Montemarano. Vuole una maglia da titolare contro i marchigiani,\u00a0quella che non vuole pi\u00f9 togliersi. Contro il Cittadella ha dimostrato di essere uno degli attaccanti pi\u00f9 in palla di questo Avellino.<\/p>\n<p style=\"text-align: justify\">In tandem con il gioiellino scuola Genoa agir\u00e0 <strong>Matteo Ardemagni<\/strong>. L&#8217;attaccante milanese, quest&#8217;oggi, non ha preso parte al test in famiglia per via di un controllo di rito presso Villa Stuart. Nessun problema per il numero nove dei lupi, che sar\u00e0 regolarmente in campo sabato pomeriggio contro gli uomini di Cosmi.<\/p>\n<p style=\"text-align: justify\">Tralasciando il reparto avanzato, Novellino, dovr\u00e0 fare di necessit\u00e0 virt\u00f9 in difesa. <strong>Marco Migliorini<\/strong> e <strong>Pierre Ngawa<\/strong> non saranno della partita. Spazio al duo inedito formato da <strong>Anton Kresic<\/strong> e <strong>Riccardo Marchizza<\/strong>, quest&#8217;ultimo apparso in crescita nelle ultime partite. L&#8217;Avellino viaggia a vele spiegate verso la sfida contro l&#8217;Ascoli. L&#8217;obiettivo \u00e8 uscire, in maniera definitiva, dalla crisi di risultati.<\/p>\n<p>[<em>Foto: UsAvellino 1912<\/em>]<\/p>\n","protected":false},"excerpt":{"rendered":"<p>Avellino &#8211;\u00a0Con la testa per vincere, sempre e comunque. L&#8217;Avellino a grandi falcate si avvicina alla sfida contro l&#8217;Ascoli, in programma sabato pomeriggio al Partenio-Lombardi. Nel pomeriggio odierno, la truppa di Water Novellino, ha affrontato un test amichevole contro l&#8217;Under17. Nonostante le porte aperte il tecnico di Montemarano ha tenuto coperte le carte schierando diversi [&hellip;]<\/p>\n","protected":false},"author":24,"featured_media":98277,"comment_status":"open","ping_status":"open","sticky":false,"template":"","format":"standard","meta":{"_monsterinsights_skip_tracking":false,"_monsterinsights_sitenote_active":false,"_monsterinsights_sitenote_note":"","_monsterinsights_sitenote_category":0,"ngg_post_thumbnail":0,"footnotes":""},"categories":[4,271,1200,1455,1384,275],"tags":[16263,285,16115,8106,5579,281,7526],"class_list":{"0":"post-98276","1":"post","2":"type-post","3":"status-publish","4":"format-standard","5":"has-post-thumbnail","7":"category-avellino","8":"category-regione","9":"category-serie-b","10":"category-serie-d-sport-avellino","11":"category-sport-avellino","12":"category-sport","13":"tag-ascoli-picchio","14":"tag-avellino","15":"tag-avellino-ascoli","16":"tag-comune-di-avellino","17":"tag-raul-asencio","18":"tag-serie-b","19":"tag-walter-novellino"},"yoast_head":"<!-- This site is optimized with the Yoast SEO plugin v26.8 - https:\/\/yoast.com\/product\/yoast-seo-wordpress\/ -->\n<title>Avellino, Asencio chiede una maglia da titolare: tripletta nel test amichevole<\/title>\n<meta name=\"description\" content=\"Con la testa per vincere, sempre e comunque. L&#039;Avellino si avvicina alla sfida contro l&#039;Ascoli. Nel pomeriggio i lupi hanno effettuato un test amichevole.\" \/>\n<meta name=\"robots\" content=\"index, follow, max-snippet:-1, max-image-preview:large, max-video-preview:-1\" \/>\n<link rel=\"canonical\" href=\"https:\/\/www.anteprima24.it\/archivio\/avellino\/avellino-asencio\/\" \/>\n<meta property=\"og:locale\" content=\"it_IT\" \/>\n<meta property=\"og:type\" content=\"article\" \/>\n<meta property=\"og:title\" content=\"Avellino, Asencio chiede una maglia da titolare: tripletta nel test amichevole\" \/>\n<meta property=\"og:description\" content=\"Con la testa per vincere, sempre e comunque. L&#039;Avellino si avvicina alla sfida contro l&#039;Ascoli. Nel pomeriggio i lupi hanno effettuato un test amichevole.\" \/>\n<meta property=\"og:url\" content=\"https:\/\/www.anteprima24.it\/archivio\/avellino\/avellino-asencio\/\" \/>\n<meta property=\"og:site_name\" content=\"Anteprima24.it\" \/>\n<meta property=\"article:published_time\" content=\"2017-12-13T17:09:40+00:00\" \/>\n<meta property=\"og:image\" content=\"https:\/\/www.anteprima24.it\/archivio\/wp-content\/uploads\/2017\/12\/24993348_2021343674745352_2439084263367347740_n-e1513183513517.jpg\" \/>\n\t<meta property=\"og:image:width\" content=\"960\" \/>\n\t<meta property=\"og:image:height\" content=\"549\" \/>\n\t<meta property=\"og:image:type\" content=\"image\/jpeg\" \/>\n<meta name=\"author\" content=\"Antonio Tedeschi\" \/>\n<meta name=\"twitter:card\" content=\"summary_large_image\" \/>\n<meta name=\"twitter:label1\" content=\"Scritto da\" \/>\n\t<meta name=\"twitter:data1\" content=\"Antonio Tedeschi\" \/>\n\t<meta name=\"twitter:label2\" content=\"Tempo di lettura stimato\" \/>\n\t<meta name=\"twitter:data2\" content=\"1 minuto\" \/>\n<script type=\"application\/ld+json\" class=\"yoast-schema-graph\">{\"@context\":\"https:\/\/schema.org\",\"@graph\":[{\"@type\":\"Article\",\"@id\":\"https:\/\/www.anteprima24.it\/archivio\/avellino\/avellino-asencio\/#article\",\"isPartOf\":{\"@id\":\"https:\/\/www.anteprima24.it\/archivio\/avellino\/avellino-asencio\/\"},\"author\":{\"name\":\"Antonio Tedeschi\",\"@id\":\"https:\/\/www.anteprima24.it\/archivio\/#\/schema\/person\/30fcc8a4138521844ae98ad9d137afdf\"},\"headline\":\"Avellino, Asencio chiede una maglia da titolare: tripletta nel test amichevole\",\"datePublished\":\"2017-12-13T17:09:40+00:00\",\"mainEntityOfPage\":{\"@id\":\"https:\/\/www.anteprima24.it\/archivio\/avellino\/avellino-asencio\/\"},\"wordCount\":245,\"commentCount\":0,\"image\":{\"@id\":\"https:\/\/www.anteprima24.it\/archivio\/avellino\/avellino-asencio\/#primaryimage\"},\"thumbnailUrl\":\"https:\/\/www.anteprima24.it\/archivio\/wp-content\/uploads\/2017\/12\/24993348_2021343674745352_2439084263367347740_n-e1513183513517.jpg\",\"keywords\":[\"Ascoli Picchio\",\"Avellino\",\"Avellino-Ascoli\",\"comune di avellino\",\"Raul Asencio\",\"Serie B\",\"Walter Novellino\"],\"articleSection\":[\"Avellino\",\"Regione\",\"Serie B Regione\",\"Serie C Avellino\",\"Sport Avellino\",\"Sport Regione\"],\"inLanguage\":\"it-IT\",\"potentialAction\":[{\"@type\":\"CommentAction\",\"name\":\"Comment\",\"target\":[\"https:\/\/www.anteprima24.it\/archivio\/avellino\/avellino-asencio\/#respond\"]}]},{\"@type\":\"WebPage\",\"@id\":\"https:\/\/www.anteprima24.it\/archivio\/avellino\/avellino-asencio\/\",\"url\":\"https:\/\/www.anteprima24.it\/archivio\/avellino\/avellino-asencio\/\",\"name\":\"Avellino, Asencio chiede una maglia da titolare: tripletta nel test amichevole\",\"isPartOf\":{\"@id\":\"https:\/\/www.anteprima24.it\/archivio\/#website\"},\"primaryImageOfPage\":{\"@id\":\"https:\/\/www.anteprima24.it\/archivio\/avellino\/avellino-asencio\/#primaryimage\"},\"image\":{\"@id\":\"https:\/\/www.anteprima24.it\/archivio\/avellino\/avellino-asencio\/#primaryimage\"},\"thumbnailUrl\":\"https:\/\/www.anteprima24.it\/archivio\/wp-content\/uploads\/2017\/12\/24993348_2021343674745352_2439084263367347740_n-e1513183513517.jpg\",\"datePublished\":\"2017-12-13T17:09:40+00:00\",\"author\":{\"@id\":\"https:\/\/www.anteprima24.it\/archivio\/#\/schema\/person\/30fcc8a4138521844ae98ad9d137afdf\"},\"description\":\"Con la testa per vincere, sempre e comunque. L'Avellino si avvicina alla sfida contro l'Ascoli. Nel pomeriggio i lupi hanno effettuato un test amichevole.\",\"breadcrumb\":{\"@id\":\"https:\/\/www.anteprima24.it\/archivio\/avellino\/avellino-asencio\/#breadcrumb\"},\"inLanguage\":\"it-IT\",\"potentialAction\":[{\"@type\":\"ReadAction\",\"target\":[\"https:\/\/www.anteprima24.it\/archivio\/avellino\/avellino-asencio\/\"]}]},{\"@type\":\"ImageObject\",\"inLanguage\":\"it-IT\",\"@id\":\"https:\/\/www.anteprima24.it\/archivio\/avellino\/avellino-asencio\/#primaryimage\",\"url\":\"https:\/\/www.anteprima24.it\/archivio\/wp-content\/uploads\/2017\/12\/24993348_2021343674745352_2439084263367347740_n-e1513183513517.jpg\",\"contentUrl\":\"https:\/\/www.anteprima24.it\/archivio\/wp-content\/uploads\/2017\/12\/24993348_2021343674745352_2439084263367347740_n-e1513183513517.jpg\",\"width\":960,\"height\":549},{\"@type\":\"BreadcrumbList\",\"@id\":\"https:\/\/www.anteprima24.it\/archivio\/avellino\/avellino-asencio\/#breadcrumb\",\"itemListElement\":[{\"@type\":\"ListItem\",\"position\":1,\"name\":\"Home\",\"item\":\"https:\/\/www.anteprima24.it\/archivio\/\"},{\"@type\":\"ListItem\",\"position\":2,\"name\":\"Avellino, Asencio chiede una maglia da titolare: tripletta nel test amichevole\"}]},{\"@type\":\"WebSite\",\"@id\":\"https:\/\/www.anteprima24.it\/archivio\/#website\",\"url\":\"https:\/\/www.anteprima24.it\/archivio\/\",\"name\":\"Anteprima24.it\",\"description\":\"\",\"potentialAction\":[{\"@type\":\"SearchAction\",\"target\":{\"@type\":\"EntryPoint\",\"urlTemplate\":\"https:\/\/www.anteprima24.it\/archivio\/?s={search_term_string}\"},\"query-input\":{\"@type\":\"PropertyValueSpecification\",\"valueRequired\":true,\"valueName\":\"search_term_string\"}}],\"inLanguage\":\"it-IT\"},{\"@type\":\"Person\",\"@id\":\"https:\/\/www.anteprima24.it\/archivio\/#\/schema\/person\/30fcc8a4138521844ae98ad9d137afdf\",\"name\":\"Antonio Tedeschi\",\"image\":{\"@type\":\"ImageObject\",\"inLanguage\":\"it-IT\",\"@id\":\"https:\/\/www.anteprima24.it\/archivio\/#\/schema\/person\/image\/\",\"url\":\"https:\/\/secure.gravatar.com\/avatar\/45372818180df7341e181ce77faeeb16e07236ab151a43b41f99b910f3582b12?s=96&d=mm&r=g\",\"contentUrl\":\"https:\/\/secure.gravatar.com\/avatar\/45372818180df7341e181ce77faeeb16e07236ab151a43b41f99b910f3582b12?s=96&d=mm&r=g\",\"caption\":\"Antonio Tedeschi\"},\"url\":\"https:\/\/www.anteprima24.it\/archivio\/author\/antoniotedeschi\/\"}]}<\/script>\n<!-- \/ Yoast SEO plugin. -->","yoast_head_json":{"title":"Avellino, Asencio chiede una maglia da titolare: tripletta nel test amichevole","description":"Con la testa per vincere, sempre e comunque. L'Avellino si avvicina alla sfida contro l'Ascoli. Nel pomeriggio i lupi hanno effettuato un test amichevole.","robots":{"index":"index","follow":"follow","max-snippet":"max-snippet:-1","max-image-preview":"max-image-preview:large","max-video-preview":"max-video-preview:-1"},"canonical":"https:\/\/www.anteprima24.it\/archivio\/avellino\/avellino-asencio\/","og_locale":"it_IT","og_type":"article","og_title":"Avellino, Asencio chiede una maglia da titolare: tripletta nel test amichevole","og_description":"Con la testa per vincere, sempre e comunque. L'Avellino si avvicina alla sfida contro l'Ascoli. Nel pomeriggio i lupi hanno effettuato un test amichevole.","og_url":"https:\/\/www.anteprima24.it\/archivio\/avellino\/avellino-asencio\/","og_site_name":"Anteprima24.it","article_published_time":"2017-12-13T17:09:40+00:00","og_image":[{"width":960,"height":549,"url":"https:\/\/www.anteprima24.it\/archivio\/wp-content\/uploads\/2017\/12\/24993348_2021343674745352_2439084263367347740_n-e1513183513517.jpg","type":"image\/jpeg"}],"author":"Antonio Tedeschi","twitter_card":"summary_large_image","twitter_misc":{"Scritto da":"Antonio Tedeschi","Tempo di lettura stimato":"1 minuto"},"schema":{"@context":"https:\/\/schema.org","@graph":[{"@type":"Article","@id":"https:\/\/www.anteprima24.it\/archivio\/avellino\/avellino-asencio\/#article","isPartOf":{"@id":"https:\/\/www.anteprima24.it\/archivio\/avellino\/avellino-asencio\/"},"author":{"name":"Antonio Tedeschi","@id":"https:\/\/www.anteprima24.it\/archivio\/#\/schema\/person\/30fcc8a4138521844ae98ad9d137afdf"},"headline":"Avellino, Asencio chiede una maglia da titolare: tripletta nel test amichevole","datePublished":"2017-12-13T17:09:40+00:00","mainEntityOfPage":{"@id":"https:\/\/www.anteprima24.it\/archivio\/avellino\/avellino-asencio\/"},"wordCount":245,"commentCount":0,"image":{"@id":"https:\/\/www.anteprima24.it\/archivio\/avellino\/avellino-asencio\/#primaryimage"},"thumbnailUrl":"https:\/\/www.anteprima24.it\/archivio\/wp-content\/uploads\/2017\/12\/24993348_2021343674745352_2439084263367347740_n-e1513183513517.jpg","keywords":["Ascoli Picchio","Avellino","Avellino-Ascoli","comune di avellino","Raul Asencio","Serie B","Walter Novellino"],"articleSection":["Avellino","Regione","Serie B Regione","Serie C Avellino","Sport Avellino","Sport Regione"],"inLanguage":"it-IT","potentialAction":[{"@type":"CommentAction","name":"Comment","target":["https:\/\/www.anteprima24.it\/archivio\/avellino\/avellino-asencio\/#respond"]}]},{"@type":"WebPage","@id":"https:\/\/www.anteprima24.it\/archivio\/avellino\/avellino-asencio\/","url":"https:\/\/www.anteprima24.it\/archivio\/avellino\/avellino-asencio\/","name":"Avellino, Asencio chiede una maglia da titolare: tripletta nel test amichevole","isPartOf":{"@id":"https:\/\/www.anteprima24.it\/archivio\/#website"},"primaryImageOfPage":{"@id":"https:\/\/www.anteprima24.it\/archivio\/avellino\/avellino-asencio\/#primaryimage"},"image":{"@id":"https:\/\/www.anteprima24.it\/archivio\/avellino\/avellino-asencio\/#primaryimage"},"thumbnailUrl":"https:\/\/www.anteprima24.it\/archivio\/wp-content\/uploads\/2017\/12\/24993348_2021343674745352_2439084263367347740_n-e1513183513517.jpg","datePublished":"2017-12-13T17:09:40+00:00","author":{"@id":"https:\/\/www.anteprima24.it\/archivio\/#\/schema\/person\/30fcc8a4138521844ae98ad9d137afdf"},"description":"Con la testa per vincere, sempre e comunque. L'Avellino si avvicina alla sfida contro l'Ascoli. Nel pomeriggio i lupi hanno effettuato un test amichevole.","breadcrumb":{"@id":"https:\/\/www.anteprima24.it\/archivio\/avellino\/avellino-asencio\/#breadcrumb"},"inLanguage":"it-IT","potentialAction":[{"@type":"ReadAction","target":["https:\/\/www.anteprima24.it\/archivio\/avellino\/avellino-asencio\/"]}]},{"@type":"ImageObject","inLanguage":"it-IT","@id":"https:\/\/www.anteprima24.it\/archivio\/avellino\/avellino-asencio\/#primaryimage","url":"https:\/\/www.anteprima24.it\/archivio\/wp-content\/uploads\/2017\/12\/24993348_2021343674745352_2439084263367347740_n-e1513183513517.jpg","contentUrl":"https:\/\/www.anteprima24.it\/archivio\/wp-content\/uploads\/2017\/12\/24993348_2021343674745352_2439084263367347740_n-e1513183513517.jpg","width":960,"height":549},{"@type":"BreadcrumbList","@id":"https:\/\/www.anteprima24.it\/archivio\/avellino\/avellino-asencio\/#breadcrumb","itemListElement":[{"@type":"ListItem","position":1,"name":"Home","item":"https:\/\/www.anteprima24.it\/archivio\/"},{"@type":"ListItem","position":2,"name":"Avellino, Asencio chiede una maglia da titolare: tripletta nel test amichevole"}]},{"@type":"WebSite","@id":"https:\/\/www.anteprima24.it\/archivio\/#website","url":"https:\/\/www.anteprima24.it\/archivio\/","name":"Anteprima24.it","description":"","potentialAction":[{"@type":"SearchAction","target":{"@type":"EntryPoint","urlTemplate":"https:\/\/www.anteprima24.it\/archivio\/?s={search_term_string}"},"query-input":{"@type":"PropertyValueSpecification","valueRequired":true,"valueName":"search_term_string"}}],"inLanguage":"it-IT"},{"@type":"Person","@id":"https:\/\/www.anteprima24.it\/archivio\/#\/schema\/person\/30fcc8a4138521844ae98ad9d137afdf","name":"Antonio Tedeschi","image":{"@type":"ImageObject","inLanguage":"it-IT","@id":"https:\/\/www.anteprima24.it\/archivio\/#\/schema\/person\/image\/","url":"https:\/\/secure.gravatar.com\/avatar\/45372818180df7341e181ce77faeeb16e07236ab151a43b41f99b910f3582b12?s=96&d=mm&r=g","contentUrl":"https:\/\/secure.gravatar.com\/avatar\/45372818180df7341e181ce77faeeb16e07236ab151a43b41f99b910f3582b12?s=96&d=mm&r=g","caption":"Antonio Tedeschi"},"url":"https:\/\/www.anteprima24.it\/archivio\/author\/antoniotedeschi\/"}]}},"_links":{"self":[{"href":"https:\/\/www.anteprima24.it\/archivio\/wp-json\/wp\/v2\/posts\/98276","targetHints":{"allow":["GET"]}}],"collection":[{"href":"https:\/\/www.anteprima24.it\/archivio\/wp-json\/wp\/v2\/posts"}],"about":[{"href":"https:\/\/www.anteprima24.it\/archivio\/wp-json\/wp\/v2\/types\/post"}],"author":[{"embeddable":true,"href":"https:\/\/www.anteprima24.it\/archivio\/wp-json\/wp\/v2\/users\/24"}],"replies":[{"embeddable":true,"href":"https:\/\/www.anteprima24.it\/archivio\/wp-json\/wp\/v2\/comments?post=98276"}],"version-history":[{"count":0,"href":"https:\/\/www.anteprima24.it\/archivio\/wp-json\/wp\/v2\/posts\/98276\/revisions"}],"wp:featuredmedia":[{"embeddable":true,"href":"https:\/\/www.anteprima24.it\/archivio\/wp-json\/wp\/v2\/media\/98277"}],"wp:attachment":[{"href":"https:\/\/www.anteprima24.it\/archivio\/wp-json\/wp\/v2\/media?parent=98276"}],"wp:term":[{"taxonomy":"category","embeddable":true,"href":"https:\/\/www.anteprima24.it\/archivio\/wp-json\/wp\/v2\/categories?post=98276"},{"taxonomy":"post_tag","embeddable":true,"href":"https:\/\/www.anteprima24.it\/archivio\/wp-json\/wp\/v2\/tags?post=98276"}],"curies":[{"name":"wp","href":"https:\/\/api.w.org\/{rel}","templated":true}]}}