{"id":99772,"date":"2017-12-16T20:45:20","date_gmt":"2017-12-16T18:45:20","guid":{"rendered":"http:\/\/www.anteprima24.it\/?p=99772"},"modified":"2017-12-16T20:45:20","modified_gmt":"2017-12-16T18:45:20","slug":"novellino-avellino","status":"publish","type":"post","link":"https:\/\/www.anteprima24.it\/archivio\/avellino\/novellino-avellino\/","title":{"rendered":"Avellino, Novellino e Castaldo le reazioni dopo il pari con l&#8217;Ascoli"},"content":{"rendered":"<span class=\"span-reading-time rt-reading-time\" style=\"display: block;\"><span class=\"rt-label rt-prefix\">Tempo di lettura: <\/span> <span class=\"rt-time\"> &lt; 1<\/span> <span class=\"rt-label rt-postfix\">minuto<\/span><\/span><p style=\"text-align: justify\">Avellino &#8211; &#8220;Oggi abbiamo fatto di tutto per vincere, purtroppo non ci siamo riusciti, anche a causa della strepitosa giornata del portiere avversario. Siamo, per\u00f2, sulla strada giusta&#8221; cos\u00ec <strong>Walter Novellino<\/strong> al termine del match contro l&#8217;<strong>Ascoli<\/strong>. &#8220;Laverone non \u00e8 un terzino &#8211; ammette il tecnico biancoverde &#8211;\u00a0Falasco ha commesso un errore evitabile per\u00f2 non dimentichiamo che giocavamo con una difesa improvvisata. Non mi sento di condannare nessuno, dico che questa \u00e8 la strada giusta per andare avanti&#8221;. Novellino chiude con un pensiero sul processo <strong>Money Gate<\/strong>: &#8220;Sar\u00e0 una settimana normalissima, penso solo allo Spezia&#8221;.<\/p>\n<p style=\"text-align: justify\">Sulla stessa linea tracciata dal tecnico dei lupi ha commentato la gara il marcatore di giornata <strong>Luigi Castaldo<\/strong>: &#8220;E\u2019 un punto che muove la classifica &#8211; spiega il bomber &#8211; Sono partite strane per tutti, noi abbiamo creato tanto e loro sono passati in vantaggio. Potevamo fare qualcosina in pi\u00f9, ma buona la prestazione da parte nostra. Sicuramente c\u2019erano ampi margini per fare qualcosa in pi\u00f9. Faccio i complimenti al loro portiere, \u00e8 stato decisivo anche su Ardemagni nel finale. Probabilmente se continuiamo cos\u00ec possiamo dire la nostra, ma soprattutto conquistare delle belle vittorie&#8221;.<\/p>\n","protected":false},"excerpt":{"rendered":"<p>Avellino &#8211; &#8220;Oggi abbiamo fatto di tutto per vincere, purtroppo non ci siamo riusciti, anche a causa della strepitosa giornata del portiere avversario. Siamo, per\u00f2, sulla strada giusta&#8221; cos\u00ec Walter Novellino al termine del match contro l&#8217;Ascoli. &#8220;Laverone non \u00e8 un terzino &#8211; ammette il tecnico biancoverde &#8211;\u00a0Falasco ha commesso un errore evitabile per\u00f2 non [&hellip;]<\/p>\n","protected":false},"author":24,"featured_media":84207,"comment_status":"open","ping_status":"open","sticky":false,"template":"","format":"standard","meta":{"_monsterinsights_skip_tracking":false,"_monsterinsights_sitenote_active":false,"_monsterinsights_sitenote_note":"","_monsterinsights_sitenote_category":0,"ngg_post_thumbnail":0,"footnotes":""},"categories":[4,271,1200,1455,1384,275],"tags":[285,897,8328,7526],"class_list":{"0":"post-99772","1":"post","2":"type-post","3":"status-publish","4":"format-standard","5":"has-post-thumbnail","7":"category-avellino","8":"category-regione","9":"category-serie-b","10":"category-serie-d-sport-avellino","11":"category-sport-avellino","12":"category-sport","13":"tag-avellino","14":"tag-avellino-calcio","15":"tag-gigi-castaldo","16":"tag-walter-novellino"},"yoast_head":"<!-- This site is optimized with the Yoast SEO plugin v26.8 - https:\/\/yoast.com\/product\/yoast-seo-wordpress\/ -->\n<title>Avellino, Novellino e Castaldo le reazioni dopo il pari con l&#039;Ascoli<\/title>\n<meta name=\"description\" content=\"&quot;Siamo, per\u00f2, sulla strada giusta&quot; cos\u00ec Walter Novellino al termine del match contro l&#039;Ascoli. Sulla stesse linea anche Gigi Castaldo.\" \/>\n<meta name=\"robots\" content=\"index, follow, max-snippet:-1, max-image-preview:large, max-video-preview:-1\" \/>\n<link rel=\"canonical\" href=\"https:\/\/www.anteprima24.it\/archivio\/avellino\/novellino-avellino\/\" \/>\n<meta property=\"og:locale\" content=\"it_IT\" \/>\n<meta property=\"og:type\" content=\"article\" \/>\n<meta property=\"og:title\" content=\"Avellino, Novellino e Castaldo le reazioni dopo il pari con l&#039;Ascoli\" \/>\n<meta property=\"og:description\" content=\"&quot;Siamo, per\u00f2, sulla strada giusta&quot; cos\u00ec Walter Novellino al termine del match contro l&#039;Ascoli. Sulla stesse linea anche Gigi Castaldo.\" \/>\n<meta property=\"og:url\" content=\"https:\/\/www.anteprima24.it\/archivio\/avellino\/novellino-avellino\/\" \/>\n<meta property=\"og:site_name\" content=\"Anteprima24.it\" \/>\n<meta property=\"article:published_time\" content=\"2017-12-16T18:45:20+00:00\" \/>\n<meta property=\"og:image\" content=\"https:\/\/www.anteprima24.it\/archivio\/wp-content\/uploads\/2017\/11\/novellino_avellino_getty.jpg\" \/>\n\t<meta property=\"og:image:width\" content=\"738\" \/>\n\t<meta property=\"og:image:height\" content=\"462\" \/>\n\t<meta property=\"og:image:type\" content=\"image\/jpeg\" \/>\n<meta name=\"author\" content=\"Antonio Tedeschi\" \/>\n<meta name=\"twitter:card\" content=\"summary_large_image\" \/>\n<meta name=\"twitter:label1\" content=\"Scritto da\" \/>\n\t<meta name=\"twitter:data1\" content=\"Antonio Tedeschi\" \/>\n\t<meta name=\"twitter:label2\" content=\"Tempo di lettura stimato\" \/>\n\t<meta name=\"twitter:data2\" content=\"1 minuto\" \/>\n<script type=\"application\/ld+json\" class=\"yoast-schema-graph\">{\"@context\":\"https:\/\/schema.org\",\"@graph\":[{\"@type\":\"Article\",\"@id\":\"https:\/\/www.anteprima24.it\/archivio\/avellino\/novellino-avellino\/#article\",\"isPartOf\":{\"@id\":\"https:\/\/www.anteprima24.it\/archivio\/avellino\/novellino-avellino\/\"},\"author\":{\"name\":\"Antonio Tedeschi\",\"@id\":\"https:\/\/www.anteprima24.it\/archivio\/#\/schema\/person\/30fcc8a4138521844ae98ad9d137afdf\"},\"headline\":\"Avellino, Novellino e Castaldo le reazioni dopo il pari con l&#8217;Ascoli\",\"datePublished\":\"2017-12-16T18:45:20+00:00\",\"mainEntityOfPage\":{\"@id\":\"https:\/\/www.anteprima24.it\/archivio\/avellino\/novellino-avellino\/\"},\"wordCount\":201,\"commentCount\":0,\"image\":{\"@id\":\"https:\/\/www.anteprima24.it\/archivio\/avellino\/novellino-avellino\/#primaryimage\"},\"thumbnailUrl\":\"https:\/\/www.anteprima24.it\/archivio\/wp-content\/uploads\/2017\/11\/novellino_avellino_getty.jpg\",\"keywords\":[\"Avellino\",\"Avellino Calcio\",\"Gigi Castaldo\",\"Walter Novellino\"],\"articleSection\":[\"Avellino\",\"Regione\",\"Serie B Regione\",\"Serie C Avellino\",\"Sport Avellino\",\"Sport Regione\"],\"inLanguage\":\"it-IT\",\"potentialAction\":[{\"@type\":\"CommentAction\",\"name\":\"Comment\",\"target\":[\"https:\/\/www.anteprima24.it\/archivio\/avellino\/novellino-avellino\/#respond\"]}]},{\"@type\":\"WebPage\",\"@id\":\"https:\/\/www.anteprima24.it\/archivio\/avellino\/novellino-avellino\/\",\"url\":\"https:\/\/www.anteprima24.it\/archivio\/avellino\/novellino-avellino\/\",\"name\":\"Avellino, Novellino e Castaldo le reazioni dopo il pari con l'Ascoli\",\"isPartOf\":{\"@id\":\"https:\/\/www.anteprima24.it\/archivio\/#website\"},\"primaryImageOfPage\":{\"@id\":\"https:\/\/www.anteprima24.it\/archivio\/avellino\/novellino-avellino\/#primaryimage\"},\"image\":{\"@id\":\"https:\/\/www.anteprima24.it\/archivio\/avellino\/novellino-avellino\/#primaryimage\"},\"thumbnailUrl\":\"https:\/\/www.anteprima24.it\/archivio\/wp-content\/uploads\/2017\/11\/novellino_avellino_getty.jpg\",\"datePublished\":\"2017-12-16T18:45:20+00:00\",\"author\":{\"@id\":\"https:\/\/www.anteprima24.it\/archivio\/#\/schema\/person\/30fcc8a4138521844ae98ad9d137afdf\"},\"description\":\"\\\"Siamo, per\u00f2, sulla strada giusta\\\" cos\u00ec Walter Novellino al termine del match contro l'Ascoli. Sulla stesse linea anche Gigi Castaldo.\",\"breadcrumb\":{\"@id\":\"https:\/\/www.anteprima24.it\/archivio\/avellino\/novellino-avellino\/#breadcrumb\"},\"inLanguage\":\"it-IT\",\"potentialAction\":[{\"@type\":\"ReadAction\",\"target\":[\"https:\/\/www.anteprima24.it\/archivio\/avellino\/novellino-avellino\/\"]}]},{\"@type\":\"ImageObject\",\"inLanguage\":\"it-IT\",\"@id\":\"https:\/\/www.anteprima24.it\/archivio\/avellino\/novellino-avellino\/#primaryimage\",\"url\":\"https:\/\/www.anteprima24.it\/archivio\/wp-content\/uploads\/2017\/11\/novellino_avellino_getty.jpg\",\"contentUrl\":\"https:\/\/www.anteprima24.it\/archivio\/wp-content\/uploads\/2017\/11\/novellino_avellino_getty.jpg\",\"width\":738,\"height\":462},{\"@type\":\"BreadcrumbList\",\"@id\":\"https:\/\/www.anteprima24.it\/archivio\/avellino\/novellino-avellino\/#breadcrumb\",\"itemListElement\":[{\"@type\":\"ListItem\",\"position\":1,\"name\":\"Home\",\"item\":\"https:\/\/www.anteprima24.it\/archivio\/\"},{\"@type\":\"ListItem\",\"position\":2,\"name\":\"Avellino, Novellino e Castaldo le reazioni dopo il pari con l&#8217;Ascoli\"}]},{\"@type\":\"WebSite\",\"@id\":\"https:\/\/www.anteprima24.it\/archivio\/#website\",\"url\":\"https:\/\/www.anteprima24.it\/archivio\/\",\"name\":\"Anteprima24.it\",\"description\":\"\",\"potentialAction\":[{\"@type\":\"SearchAction\",\"target\":{\"@type\":\"EntryPoint\",\"urlTemplate\":\"https:\/\/www.anteprima24.it\/archivio\/?s={search_term_string}\"},\"query-input\":{\"@type\":\"PropertyValueSpecification\",\"valueRequired\":true,\"valueName\":\"search_term_string\"}}],\"inLanguage\":\"it-IT\"},{\"@type\":\"Person\",\"@id\":\"https:\/\/www.anteprima24.it\/archivio\/#\/schema\/person\/30fcc8a4138521844ae98ad9d137afdf\",\"name\":\"Antonio Tedeschi\",\"image\":{\"@type\":\"ImageObject\",\"inLanguage\":\"it-IT\",\"@id\":\"https:\/\/www.anteprima24.it\/archivio\/#\/schema\/person\/image\/\",\"url\":\"https:\/\/secure.gravatar.com\/avatar\/45372818180df7341e181ce77faeeb16e07236ab151a43b41f99b910f3582b12?s=96&d=mm&r=g\",\"contentUrl\":\"https:\/\/secure.gravatar.com\/avatar\/45372818180df7341e181ce77faeeb16e07236ab151a43b41f99b910f3582b12?s=96&d=mm&r=g\",\"caption\":\"Antonio Tedeschi\"},\"url\":\"https:\/\/www.anteprima24.it\/archivio\/author\/antoniotedeschi\/\"}]}<\/script>\n<!-- \/ Yoast SEO plugin. -->","yoast_head_json":{"title":"Avellino, Novellino e Castaldo le reazioni dopo il pari con l'Ascoli","description":"\"Siamo, per\u00f2, sulla strada giusta\" cos\u00ec Walter Novellino al termine del match contro l'Ascoli. Sulla stesse linea anche Gigi Castaldo.","robots":{"index":"index","follow":"follow","max-snippet":"max-snippet:-1","max-image-preview":"max-image-preview:large","max-video-preview":"max-video-preview:-1"},"canonical":"https:\/\/www.anteprima24.it\/archivio\/avellino\/novellino-avellino\/","og_locale":"it_IT","og_type":"article","og_title":"Avellino, Novellino e Castaldo le reazioni dopo il pari con l'Ascoli","og_description":"\"Siamo, per\u00f2, sulla strada giusta\" cos\u00ec Walter Novellino al termine del match contro l'Ascoli. Sulla stesse linea anche Gigi Castaldo.","og_url":"https:\/\/www.anteprima24.it\/archivio\/avellino\/novellino-avellino\/","og_site_name":"Anteprima24.it","article_published_time":"2017-12-16T18:45:20+00:00","og_image":[{"width":738,"height":462,"url":"https:\/\/www.anteprima24.it\/archivio\/wp-content\/uploads\/2017\/11\/novellino_avellino_getty.jpg","type":"image\/jpeg"}],"author":"Antonio Tedeschi","twitter_card":"summary_large_image","twitter_misc":{"Scritto da":"Antonio Tedeschi","Tempo di lettura stimato":"1 minuto"},"schema":{"@context":"https:\/\/schema.org","@graph":[{"@type":"Article","@id":"https:\/\/www.anteprima24.it\/archivio\/avellino\/novellino-avellino\/#article","isPartOf":{"@id":"https:\/\/www.anteprima24.it\/archivio\/avellino\/novellino-avellino\/"},"author":{"name":"Antonio Tedeschi","@id":"https:\/\/www.anteprima24.it\/archivio\/#\/schema\/person\/30fcc8a4138521844ae98ad9d137afdf"},"headline":"Avellino, Novellino e Castaldo le reazioni dopo il pari con l&#8217;Ascoli","datePublished":"2017-12-16T18:45:20+00:00","mainEntityOfPage":{"@id":"https:\/\/www.anteprima24.it\/archivio\/avellino\/novellino-avellino\/"},"wordCount":201,"commentCount":0,"image":{"@id":"https:\/\/www.anteprima24.it\/archivio\/avellino\/novellino-avellino\/#primaryimage"},"thumbnailUrl":"https:\/\/www.anteprima24.it\/archivio\/wp-content\/uploads\/2017\/11\/novellino_avellino_getty.jpg","keywords":["Avellino","Avellino Calcio","Gigi Castaldo","Walter Novellino"],"articleSection":["Avellino","Regione","Serie B Regione","Serie C Avellino","Sport Avellino","Sport Regione"],"inLanguage":"it-IT","potentialAction":[{"@type":"CommentAction","name":"Comment","target":["https:\/\/www.anteprima24.it\/archivio\/avellino\/novellino-avellino\/#respond"]}]},{"@type":"WebPage","@id":"https:\/\/www.anteprima24.it\/archivio\/avellino\/novellino-avellino\/","url":"https:\/\/www.anteprima24.it\/archivio\/avellino\/novellino-avellino\/","name":"Avellino, Novellino e Castaldo le reazioni dopo il pari con l'Ascoli","isPartOf":{"@id":"https:\/\/www.anteprima24.it\/archivio\/#website"},"primaryImageOfPage":{"@id":"https:\/\/www.anteprima24.it\/archivio\/avellino\/novellino-avellino\/#primaryimage"},"image":{"@id":"https:\/\/www.anteprima24.it\/archivio\/avellino\/novellino-avellino\/#primaryimage"},"thumbnailUrl":"https:\/\/www.anteprima24.it\/archivio\/wp-content\/uploads\/2017\/11\/novellino_avellino_getty.jpg","datePublished":"2017-12-16T18:45:20+00:00","author":{"@id":"https:\/\/www.anteprima24.it\/archivio\/#\/schema\/person\/30fcc8a4138521844ae98ad9d137afdf"},"description":"\"Siamo, per\u00f2, sulla strada giusta\" cos\u00ec Walter Novellino al termine del match contro l'Ascoli. Sulla stesse linea anche Gigi Castaldo.","breadcrumb":{"@id":"https:\/\/www.anteprima24.it\/archivio\/avellino\/novellino-avellino\/#breadcrumb"},"inLanguage":"it-IT","potentialAction":[{"@type":"ReadAction","target":["https:\/\/www.anteprima24.it\/archivio\/avellino\/novellino-avellino\/"]}]},{"@type":"ImageObject","inLanguage":"it-IT","@id":"https:\/\/www.anteprima24.it\/archivio\/avellino\/novellino-avellino\/#primaryimage","url":"https:\/\/www.anteprima24.it\/archivio\/wp-content\/uploads\/2017\/11\/novellino_avellino_getty.jpg","contentUrl":"https:\/\/www.anteprima24.it\/archivio\/wp-content\/uploads\/2017\/11\/novellino_avellino_getty.jpg","width":738,"height":462},{"@type":"BreadcrumbList","@id":"https:\/\/www.anteprima24.it\/archivio\/avellino\/novellino-avellino\/#breadcrumb","itemListElement":[{"@type":"ListItem","position":1,"name":"Home","item":"https:\/\/www.anteprima24.it\/archivio\/"},{"@type":"ListItem","position":2,"name":"Avellino, Novellino e Castaldo le reazioni dopo il pari con l&#8217;Ascoli"}]},{"@type":"WebSite","@id":"https:\/\/www.anteprima24.it\/archivio\/#website","url":"https:\/\/www.anteprima24.it\/archivio\/","name":"Anteprima24.it","description":"","potentialAction":[{"@type":"SearchAction","target":{"@type":"EntryPoint","urlTemplate":"https:\/\/www.anteprima24.it\/archivio\/?s={search_term_string}"},"query-input":{"@type":"PropertyValueSpecification","valueRequired":true,"valueName":"search_term_string"}}],"inLanguage":"it-IT"},{"@type":"Person","@id":"https:\/\/www.anteprima24.it\/archivio\/#\/schema\/person\/30fcc8a4138521844ae98ad9d137afdf","name":"Antonio Tedeschi","image":{"@type":"ImageObject","inLanguage":"it-IT","@id":"https:\/\/www.anteprima24.it\/archivio\/#\/schema\/person\/image\/","url":"https:\/\/secure.gravatar.com\/avatar\/45372818180df7341e181ce77faeeb16e07236ab151a43b41f99b910f3582b12?s=96&d=mm&r=g","contentUrl":"https:\/\/secure.gravatar.com\/avatar\/45372818180df7341e181ce77faeeb16e07236ab151a43b41f99b910f3582b12?s=96&d=mm&r=g","caption":"Antonio Tedeschi"},"url":"https:\/\/www.anteprima24.it\/archivio\/author\/antoniotedeschi\/"}]}},"_links":{"self":[{"href":"https:\/\/www.anteprima24.it\/archivio\/wp-json\/wp\/v2\/posts\/99772","targetHints":{"allow":["GET"]}}],"collection":[{"href":"https:\/\/www.anteprima24.it\/archivio\/wp-json\/wp\/v2\/posts"}],"about":[{"href":"https:\/\/www.anteprima24.it\/archivio\/wp-json\/wp\/v2\/types\/post"}],"author":[{"embeddable":true,"href":"https:\/\/www.anteprima24.it\/archivio\/wp-json\/wp\/v2\/users\/24"}],"replies":[{"embeddable":true,"href":"https:\/\/www.anteprima24.it\/archivio\/wp-json\/wp\/v2\/comments?post=99772"}],"version-history":[{"count":0,"href":"https:\/\/www.anteprima24.it\/archivio\/wp-json\/wp\/v2\/posts\/99772\/revisions"}],"wp:featuredmedia":[{"embeddable":true,"href":"https:\/\/www.anteprima24.it\/archivio\/wp-json\/wp\/v2\/media\/84207"}],"wp:attachment":[{"href":"https:\/\/www.anteprima24.it\/archivio\/wp-json\/wp\/v2\/media?parent=99772"}],"wp:term":[{"taxonomy":"category","embeddable":true,"href":"https:\/\/www.anteprima24.it\/archivio\/wp-json\/wp\/v2\/categories?post=99772"},{"taxonomy":"post_tag","embeddable":true,"href":"https:\/\/www.anteprima24.it\/archivio\/wp-json\/wp\/v2\/tags?post=99772"}],"curies":[{"name":"wp","href":"https:\/\/api.w.org\/{rel}","templated":true}]}}